{"id":87669,"date":"2025-12-20T01:00:00","date_gmt":"2025-12-20T04:00:00","guid":{"rendered":"https:\/\/portaltela.pt\/noticias\/2025\/12\/20\/massa-de-ar-polar-reduz-temperaturas-e-provoca-queda-de-neve\/"},"modified":"2025-12-20T01:00:00","modified_gmt":"2025-12-20T04:00:00","slug":"massa-de-ar-polar-reduz-temperaturas-e-provoca-queda-de-neve","status":"publish","type":"post","link":"https:\/\/portaltela.pt\/noticias\/2025\/12\/20\/massa-de-ar-polar-reduz-temperaturas-e-provoca-queda-de-neve\/","title":{"rendered":"Massa de ar polar reduz temperaturas e provoca queda de neve"},"content":{"rendered":"<p>O tempo em Portugal continental ficar\u00e1 marcado por uma massa de ar polar mar\u00edtima entre sexta-feira e domingo, com queda de neve a cotas mais baixas e temperaturas pr\u00f3ximas de zero grau no interior do Norte e Centro. O fen\u00f3meno resulta de uma vasta regi\u00e3o depression\u00e1ria entre a Isl\u00e2ndia e a Pen\u00ednsula Ib\u00e9rica.<\/p>\n<p>O IPMA explica que a frente fria ser\u00e1 seguida pelo transporte de ar polar mar\u00edtimo sobre o continente a partir da tarde de s\u00e1bado, elevando as probabilidades de precipita\u00e7\u00e3o. Inicialmente, h\u00e1 chuva moderada a forte na sexta, com melhoria gradual a partir da madrugada de s\u00e1bado no litoral oeste e no interior.<\/p>\n<h3>Previs\u00e3o principal e accumula\u00e7\u00f5es<\/h3>\n<p>A partir da tarde de s\u00e1bado, a precipita\u00e7\u00e3o torna-se fraca e mais dispersa, restringindo-se ao interior a leste. No litoral Norte e Centro prev\u00ea-se chuva que se estender\u00e1 ao resto do pa\u00eds, convertendo-se em aguaceiros. Nos dias 21, o regime de precipita\u00e7\u00e3o continua presente com eventual granizo.<\/p>\n<p>Os aguaceiros podem incluir neve acima de 1400\/1600 metros, com descida da cota para 800\/1000 metros no final da tarde de s\u00e1bado e at\u00e9 600 metros no domingo. A neve pode acumular entre 5 e 15 cm em serras do Norte e Centro, chegando a 20\u201330 cm nos pontos mais altos, como Serra da Estrela, Ger\u00eas, Larouco, Alv\u00e3o\/Mar\u00e3o e Montemuro.<\/p>\n<p>Temperaturas m\u00ednimas devem ficar perto de 0 \u00b0C ou abaixo no interior Norte e Centro, sendo mais altas na regi\u00e3o costeira do Centro e do Sul, entre 10 e 12 \u00b0C. As m\u00e1ximas variam entre 10 e 16 \u00b0C, com valores abaixo de 10 \u00b0C no interior Norte e Centro.<\/p>\n<h3>Condi\u00e7\u00f5es vi\u00e1rias e mar\u00edtimas<\/h3>\n<p>A forma\u00e7\u00e3o de gelo \u00e9 poss\u00edvel nas estradas das regi\u00f5es mais elevadas do Norte e Centro. A agita\u00e7\u00e3o mar\u00edtima ser\u00e1 forte na costa ocidental, com ondas de noroeste entre 4 e 6 metros. O IPMA recomenda cautela, sobretudo em \u00e1reas de serra e vias de grande investimento tur\u00edstico.<\/p>\n","protected":false},"excerpt":{"rendered":"<ul>\n<li>Entre 19 e 21 de dezembro, o IPMA antecipa uma massa de ar polar mar\u00edtima influenciar o continente, associada a uma regi\u00e3o depression\u00e1ria entre a Isl\u00e2ndia e a Pen\u00ednsula Ib\u00e9rica.<\/li>\n<li>A partir da tarde de s\u00e1bado, h\u00e1 passagem de massas de ar frio; neve acima de 1400\/1600 metros, descendo para 800\/1000 metros no final da tarde e 600 metros no domingo.<\/li>\n<li>Acumula\u00e7\u00e3o de neve entre 5 e 15 cent\u00edmetros em diversas serras do Norte e Centro, podendo chegar a 20 a 30 cent\u00edmetros nos picos mais altos (Serra da Estrela, Ger\u00eas, Larouco, Alv\u00e3o\/Mar\u00e3o e Montemuro).<\/li>\n<li>Temperaturas m\u00ednimas pr\u00f3ximas ou inferiores a 0.\u00baC no interior Norte e Centro; m\u00e1ximas entre 10 e 16.\u00baC, com valores menores no interior Norte e Centro e maiores junto \u00e0 costa Centro e Sul (10 a 12.\u00baC).<\/li>\n<li>Haver\u00e1 gelo nas estradas das zonas mais elevadas e agita\u00e7\u00e3o mar\u00edtima forte na costa ocidental, com ondas de noroeste entre 4 e 6 metros.<\/li>\n<\/ul>\n","protected":false},"author":2,"featured_media":87670,"comment_status":"closed","ping_status":"closed","sticky":false,"template":"","format":"standard","meta":{"footnotes":""},"categories":[1],"tags":[183,1309,1660,1662,1014,1658],"class_list":["post-87669","post","type-post","status-publish","format-standard","has-post-thumbnail","hentry","category-noticias","tag-agitacao-maritima","tag-centro","tag-geres","tag-montemuro","tag-portugal","tag-serra-da-estrela"],"yoast_head":"<!-- This site is optimized with the Yoast SEO plugin v27.2 - https:\/\/yoast.com\/product\/yoast-seo-wordpress\/ -->\n<title>Massa de ar polar reduz temperaturas e provoca queda de neve - Portal Tela Portugal<\/title>\n<meta name=\"robots\" content=\"index, follow, max-snippet:-1, max-image-preview:large, max-video-preview:-1\" \/>\n<meta property=\"og:locale\" content=\"pt_PT\" \/>\n<meta property=\"og:type\" content=\"article\" \/>\n<meta property=\"og:title\" content=\"Massa de ar polar reduz temperaturas e provoca queda de neve - Portal Tela Portugal\" \/>\n<meta property=\"og:description\" content=\"Entre 19 e 21 de dezembro, o IPMA antecipa uma massa de ar polar mar\u00edtima influenciar o continente, associada a uma regi\u00e3o depression\u00e1ria entre a Isl\u00e2ndia e a Pen\u00ednsula Ib\u00e9rica. A partir da tarde de s\u00e1bado, h\u00e1 passagem de massas de ar frio; neve acima de 1400\/1600 metros, descendo para 800\/1000 metros no final da tarde e 600 metros no domingo. Acumula\u00e7\u00e3o de neve entre 5 e 15 cent\u00edmetros em diversas serras do Norte e Centro, podendo chegar a 20 a 30 cent\u00edmetros nos picos mais altos (Serra da Estrela, Ger\u00eas, Larouco, Alv\u00e3o\/Mar\u00e3o e Montemuro). Temperaturas m\u00ednimas pr\u00f3ximas ou inferiores a 0.\u00baC no interior Norte e Centro; m\u00e1ximas entre 10 e 16.\u00baC, com valores menores no interior Norte e Centro e maiores junto \u00e0 costa Centro e Sul (10 a 12.\u00baC). Haver\u00e1 gelo nas estradas das zonas mais elevadas e agita\u00e7\u00e3o mar\u00edtima forte na costa ocidental, com ondas de noroeste entre 4 e 6 metros.\" \/>\n<meta property=\"og:url\" content=\"https:\/\/portaltela.pt\/noticias\/2025\/12\/20\/massa-de-ar-polar-reduz-temperaturas-e-provoca-queda-de-neve\/\" \/>\n<meta property=\"og:site_name\" content=\"Portal Tela Portugal\" \/>\n<meta property=\"article:published_time\" content=\"2025-12-20T04:00:00+00:00\" \/>\n<meta name=\"author\" content=\"Telinha\" \/>\n<meta name=\"twitter:card\" content=\"summary_large_image\" \/>\n<meta name=\"twitter:label1\" content=\"Escrito por\" \/>\n\t<meta name=\"twitter:data1\" content=\"Telinha\" \/>\n\t<meta name=\"twitter:label2\" content=\"Tempo estimado de leitura\" \/>\n\t<meta name=\"twitter:data2\" content=\"2 minutos\" \/>\n<script type=\"application\/ld+json\" class=\"yoast-schema-graph\">{\"@context\":\"https:\/\/schema.org\",\"@graph\":[{\"@type\":\"Article\",\"@id\":\"https:\/\/portaltela.pt\/noticias\/2025\/12\/20\/massa-de-ar-polar-reduz-temperaturas-e-provoca-queda-de-neve\/#article\",\"isPartOf\":{\"@id\":\"https:\/\/portaltela.pt\/noticias\/2025\/12\/20\/massa-de-ar-polar-reduz-temperaturas-e-provoca-queda-de-neve\/\"},\"author\":{\"name\":\"Telinha\",\"@id\":\"https:\/\/portaltela.pt\/#\/schema\/person\/c4278d4a6028830caff9ee44b42d32ed\"},\"headline\":\"Massa de ar polar reduz temperaturas e provoca queda de neve\",\"datePublished\":\"2025-12-20T04:00:00+00:00\",\"mainEntityOfPage\":{\"@id\":\"https:\/\/portaltela.pt\/noticias\/2025\/12\/20\/massa-de-ar-polar-reduz-temperaturas-e-provoca-queda-de-neve\/\"},\"wordCount\":349,\"image\":{\"@id\":\"https:\/\/portaltela.pt\/noticias\/2025\/12\/20\/massa-de-ar-polar-reduz-temperaturas-e-provoca-queda-de-neve\/#primaryimage\"},\"thumbnailUrl\":\"https:\/\/portaltela.pt\/s.01k8rhncp4jt1\/2025\/12\/unnamed-file-675.jpg\",\"keywords\":[\"agita\u00e7\u00e3o mar\u00edtima\",\"Centro\",\"Ger\u00eas\",\"Montemuro\",\"Portugal\",\"Serra da Estrela\"],\"articleSection\":[\"Not\u00edcias\"],\"inLanguage\":\"pt-PT\"},{\"@type\":\"WebPage\",\"@id\":\"https:\/\/portaltela.pt\/noticias\/2025\/12\/20\/massa-de-ar-polar-reduz-temperaturas-e-provoca-queda-de-neve\/\",\"url\":\"https:\/\/portaltela.pt\/noticias\/2025\/12\/20\/massa-de-ar-polar-reduz-temperaturas-e-provoca-queda-de-neve\/\",\"name\":\"Massa de ar polar reduz temperaturas e provoca queda de neve - Portal Tela Portugal\",\"isPartOf\":{\"@id\":\"https:\/\/portaltela.pt\/#website\"},\"primaryImageOfPage\":{\"@id\":\"https:\/\/portaltela.pt\/noticias\/2025\/12\/20\/massa-de-ar-polar-reduz-temperaturas-e-provoca-queda-de-neve\/#primaryimage\"},\"image\":{\"@id\":\"https:\/\/portaltela.pt\/noticias\/2025\/12\/20\/massa-de-ar-polar-reduz-temperaturas-e-provoca-queda-de-neve\/#primaryimage\"},\"thumbnailUrl\":\"https:\/\/portaltela.pt\/s.01k8rhncp4jt1\/2025\/12\/unnamed-file-675.jpg\",\"datePublished\":\"2025-12-20T04:00:00+00:00\",\"author\":{\"@id\":\"https:\/\/portaltela.pt\/#\/schema\/person\/c4278d4a6028830caff9ee44b42d32ed\"},\"breadcrumb\":{\"@id\":\"https:\/\/portaltela.pt\/noticias\/2025\/12\/20\/massa-de-ar-polar-reduz-temperaturas-e-provoca-queda-de-neve\/#breadcrumb\"},\"inLanguage\":\"pt-PT\",\"potentialAction\":[{\"@type\":\"ReadAction\",\"target\":[\"https:\/\/portaltela.pt\/noticias\/2025\/12\/20\/massa-de-ar-polar-reduz-temperaturas-e-provoca-queda-de-neve\/\"]}]},{\"@type\":\"ImageObject\",\"inLanguage\":\"pt-PT\",\"@id\":\"https:\/\/portaltela.pt\/noticias\/2025\/12\/20\/massa-de-ar-polar-reduz-temperaturas-e-provoca-queda-de-neve\/#primaryimage\",\"url\":\"https:\/\/portaltela.pt\/s.01k8rhncp4jt1\/2025\/12\/unnamed-file-675.jpg\",\"contentUrl\":\"https:\/\/portaltela.pt\/s.01k8rhncp4jt1\/2025\/12\/unnamed-file-675.jpg\",\"width\":796,\"height\":448,\"caption\":\"Massa de ar polar vai provocar queda de neve e descida das temperaturas\"},{\"@type\":\"BreadcrumbList\",\"@id\":\"https:\/\/portaltela.pt\/noticias\/2025\/12\/20\/massa-de-ar-polar-reduz-temperaturas-e-provoca-queda-de-neve\/#breadcrumb\",\"itemListElement\":[{\"@type\":\"ListItem\",\"position\":1,\"name\":\"In\u00edcio\",\"item\":\"https:\/\/portaltela.pt\/\"},{\"@type\":\"ListItem\",\"position\":2,\"name\":\"Massa de ar polar reduz temperaturas e provoca queda de neve\"}]},{\"@type\":\"WebSite\",\"@id\":\"https:\/\/portaltela.pt\/#website\",\"url\":\"https:\/\/portaltela.pt\/\",\"name\":\"Portal Tela Portugal\",\"description\":\"\",\"potentialAction\":[{\"@type\":\"SearchAction\",\"target\":{\"@type\":\"EntryPoint\",\"urlTemplate\":\"https:\/\/portaltela.pt\/?s={search_term_string}\"},\"query-input\":{\"@type\":\"PropertyValueSpecification\",\"valueRequired\":true,\"valueName\":\"search_term_string\"}}],\"inLanguage\":\"pt-PT\"},{\"@type\":\"Person\",\"@id\":\"https:\/\/portaltela.pt\/#\/schema\/person\/c4278d4a6028830caff9ee44b42d32ed\",\"name\":\"Telinha\",\"image\":{\"@type\":\"ImageObject\",\"inLanguage\":\"pt-PT\",\"@id\":\"https:\/\/portaltela.pt\/s.01k8rhncp4jt1\/2025\/11\/talking-bot-125x125.png\",\"url\":\"https:\/\/portaltela.pt\/s.01k8rhncp4jt1\/2025\/11\/talking-bot-125x125.png\",\"contentUrl\":\"https:\/\/portaltela.pt\/s.01k8rhncp4jt1\/2025\/11\/talking-bot-125x125.png\",\"caption\":\"Telinha\"},\"sameAs\":[\"https:\/\/portaltela.pt\/\"],\"url\":\"https:\/\/portaltela.pt\/por\/367410592786\/\"}]}<\/script>\n<!-- \/ Yoast SEO plugin. -->","yoast_head_json":{"title":"Massa de ar polar reduz temperaturas e provoca queda de neve - Portal Tela Portugal","robots":{"index":"index","follow":"follow","max-snippet":"max-snippet:-1","max-image-preview":"max-image-preview:large","max-video-preview":"max-video-preview:-1"},"og_locale":"pt_PT","og_type":"article","og_title":"Massa de ar polar reduz temperaturas e provoca queda de neve - Portal Tela Portugal","og_description":"Entre 19 e 21 de dezembro, o IPMA antecipa uma massa de ar polar mar\u00edtima influenciar o continente, associada a uma regi\u00e3o depression\u00e1ria entre a Isl\u00e2ndia e a Pen\u00ednsula Ib\u00e9rica. A partir da tarde de s\u00e1bado, h\u00e1 passagem de massas de ar frio; neve acima de 1400\/1600 metros, descendo para 800\/1000 metros no final da tarde e 600 metros no domingo. Acumula\u00e7\u00e3o de neve entre 5 e 15 cent\u00edmetros em diversas serras do Norte e Centro, podendo chegar a 20 a 30 cent\u00edmetros nos picos mais altos (Serra da Estrela, Ger\u00eas, Larouco, Alv\u00e3o\/Mar\u00e3o e Montemuro). Temperaturas m\u00ednimas pr\u00f3ximas ou inferiores a 0.\u00baC no interior Norte e Centro; m\u00e1ximas entre 10 e 16.\u00baC, com valores menores no interior Norte e Centro e maiores junto \u00e0 costa Centro e Sul (10 a 12.\u00baC). Haver\u00e1 gelo nas estradas das zonas mais elevadas e agita\u00e7\u00e3o mar\u00edtima forte na costa ocidental, com ondas de noroeste entre 4 e 6 metros.","og_url":"https:\/\/portaltela.pt\/noticias\/2025\/12\/20\/massa-de-ar-polar-reduz-temperaturas-e-provoca-queda-de-neve\/","og_site_name":"Portal Tela Portugal","article_published_time":"2025-12-20T04:00:00+00:00","author":"Telinha","twitter_card":"summary_large_image","twitter_misc":{"Escrito por":"Telinha","Tempo estimado de leitura":"2 minutos"},"schema":{"@context":"https:\/\/schema.org","@graph":[{"@type":"Article","@id":"https:\/\/portaltela.pt\/noticias\/2025\/12\/20\/massa-de-ar-polar-reduz-temperaturas-e-provoca-queda-de-neve\/#article","isPartOf":{"@id":"https:\/\/portaltela.pt\/noticias\/2025\/12\/20\/massa-de-ar-polar-reduz-temperaturas-e-provoca-queda-de-neve\/"},"author":{"name":"Telinha","@id":"https:\/\/portaltela.pt\/#\/schema\/person\/c4278d4a6028830caff9ee44b42d32ed"},"headline":"Massa de ar polar reduz temperaturas e provoca queda de neve","datePublished":"2025-12-20T04:00:00+00:00","mainEntityOfPage":{"@id":"https:\/\/portaltela.pt\/noticias\/2025\/12\/20\/massa-de-ar-polar-reduz-temperaturas-e-provoca-queda-de-neve\/"},"wordCount":349,"image":{"@id":"https:\/\/portaltela.pt\/noticias\/2025\/12\/20\/massa-de-ar-polar-reduz-temperaturas-e-provoca-queda-de-neve\/#primaryimage"},"thumbnailUrl":"https:\/\/portaltela.pt\/s.01k8rhncp4jt1\/2025\/12\/unnamed-file-675.jpg","keywords":["agita\u00e7\u00e3o mar\u00edtima","Centro","Ger\u00eas","Montemuro","Portugal","Serra da Estrela"],"articleSection":["Not\u00edcias"],"inLanguage":"pt-PT"},{"@type":"WebPage","@id":"https:\/\/portaltela.pt\/noticias\/2025\/12\/20\/massa-de-ar-polar-reduz-temperaturas-e-provoca-queda-de-neve\/","url":"https:\/\/portaltela.pt\/noticias\/2025\/12\/20\/massa-de-ar-polar-reduz-temperaturas-e-provoca-queda-de-neve\/","name":"Massa de ar polar reduz temperaturas e provoca queda de neve - Portal Tela Portugal","isPartOf":{"@id":"https:\/\/portaltela.pt\/#website"},"primaryImageOfPage":{"@id":"https:\/\/portaltela.pt\/noticias\/2025\/12\/20\/massa-de-ar-polar-reduz-temperaturas-e-provoca-queda-de-neve\/#primaryimage"},"image":{"@id":"https:\/\/portaltela.pt\/noticias\/2025\/12\/20\/massa-de-ar-polar-reduz-temperaturas-e-provoca-queda-de-neve\/#primaryimage"},"thumbnailUrl":"https:\/\/portaltela.pt\/s.01k8rhncp4jt1\/2025\/12\/unnamed-file-675.jpg","datePublished":"2025-12-20T04:00:00+00:00","author":{"@id":"https:\/\/portaltela.pt\/#\/schema\/person\/c4278d4a6028830caff9ee44b42d32ed"},"breadcrumb":{"@id":"https:\/\/portaltela.pt\/noticias\/2025\/12\/20\/massa-de-ar-polar-reduz-temperaturas-e-provoca-queda-de-neve\/#breadcrumb"},"inLanguage":"pt-PT","potentialAction":[{"@type":"ReadAction","target":["https:\/\/portaltela.pt\/noticias\/2025\/12\/20\/massa-de-ar-polar-reduz-temperaturas-e-provoca-queda-de-neve\/"]}]},{"@type":"ImageObject","inLanguage":"pt-PT","@id":"https:\/\/portaltela.pt\/noticias\/2025\/12\/20\/massa-de-ar-polar-reduz-temperaturas-e-provoca-queda-de-neve\/#primaryimage","url":"https:\/\/portaltela.pt\/s.01k8rhncp4jt1\/2025\/12\/unnamed-file-675.jpg","contentUrl":"https:\/\/portaltela.pt\/s.01k8rhncp4jt1\/2025\/12\/unnamed-file-675.jpg","width":796,"height":448,"caption":"Massa de ar polar vai provocar queda de neve e descida das temperaturas"},{"@type":"BreadcrumbList","@id":"https:\/\/portaltela.pt\/noticias\/2025\/12\/20\/massa-de-ar-polar-reduz-temperaturas-e-provoca-queda-de-neve\/#breadcrumb","itemListElement":[{"@type":"ListItem","position":1,"name":"In\u00edcio","item":"https:\/\/portaltela.pt\/"},{"@type":"ListItem","position":2,"name":"Massa de ar polar reduz temperaturas e provoca queda de neve"}]},{"@type":"WebSite","@id":"https:\/\/portaltela.pt\/#website","url":"https:\/\/portaltela.pt\/","name":"Portal Tela Portugal","description":"","potentialAction":[{"@type":"SearchAction","target":{"@type":"EntryPoint","urlTemplate":"https:\/\/portaltela.pt\/?s={search_term_string}"},"query-input":{"@type":"PropertyValueSpecification","valueRequired":true,"valueName":"search_term_string"}}],"inLanguage":"pt-PT"},{"@type":"Person","@id":"https:\/\/portaltela.pt\/#\/schema\/person\/c4278d4a6028830caff9ee44b42d32ed","name":"Telinha","image":{"@type":"ImageObject","inLanguage":"pt-PT","@id":"https:\/\/portaltela.pt\/s.01k8rhncp4jt1\/2025\/11\/talking-bot-125x125.png","url":"https:\/\/portaltela.pt\/s.01k8rhncp4jt1\/2025\/11\/talking-bot-125x125.png","contentUrl":"https:\/\/portaltela.pt\/s.01k8rhncp4jt1\/2025\/11\/talking-bot-125x125.png","caption":"Telinha"},"sameAs":["https:\/\/portaltela.pt\/"],"url":"https:\/\/portaltela.pt\/por\/367410592786\/"}]}},"_links":{"self":[{"href":"https:\/\/portaltela.pt\/api\/wp\/v2\/posts\/87669","targetHints":{"allow":["GET"]}}],"collection":[{"href":"https:\/\/portaltela.pt\/api\/wp\/v2\/posts"}],"about":[{"href":"https:\/\/portaltela.pt\/api\/wp\/v2\/types\/post"}],"author":[{"embeddable":true,"href":"https:\/\/portaltela.pt\/api\/wp\/v2\/users\/2"}],"replies":[{"embeddable":true,"href":"https:\/\/portaltela.pt\/api\/wp\/v2\/comments?post=87669"}],"version-history":[{"count":0,"href":"https:\/\/portaltela.pt\/api\/wp\/v2\/posts\/87669\/revisions"}],"wp:featuredmedia":[{"embeddable":true,"href":"https:\/\/portaltela.pt\/api\/wp\/v2\/media\/87670"}],"wp:attachment":[{"href":"https:\/\/portaltela.pt\/api\/wp\/v2\/media?parent=87669"}],"wp:term":[{"taxonomy":"category","embeddable":true,"href":"https:\/\/portaltela.pt\/api\/wp\/v2\/categories?post=87669"},{"taxonomy":"post_tag","embeddable":true,"href":"https:\/\/portaltela.pt\/api\/wp\/v2\/tags?post=87669"}],"curies":[{"name":"wp","href":"https:\/\/api.w.org\/{rel}","templated":true}]}}