{"id":86979,"date":"2025-12-19T16:34:02","date_gmt":"2025-12-19T19:34:02","guid":{"rendered":"https:\/\/portaltela.pt\/noticias\/2025\/12\/19\/internacional-sub-21-portugues-renova-com-o-az\/"},"modified":"2025-12-19T16:34:02","modified_gmt":"2025-12-19T19:34:02","slug":"internacional-sub-21-portugues-renova-com-o-az","status":"publish","type":"post","link":"https:\/\/portaltela.pt\/desporto\/futebol\/2025\/12\/19\/internacional-sub-21-portugues-renova-com-o-az\/","title":{"rendered":"Internacional sub-21 portugu\u00eas renova com o AZ"},"content":{"rendered":"<p>Alexandre Penetra renovou o contrato com o AZ Alkmaar at\u00e9 junho de 2029, anunciou o clube na sexta-feira. O defesa central portugu\u00eas continua na cidade de Alkmaar, onde \u00e9 pe\u00e7a-chave da equipa desde 2023.<\/p>\n<p>Desde a transfer\u00eancia proveniente do Famalic\u00e3o, Penetra tornou-se titular indiscut\u00edvel e soma 109 partidas em duas \u00e9pocas e meia, com dois golos marcados. O contrato atualiz\u200ba-se no \u00e2mbito da proje\u00e7\u00e3o europeia do AZ.<\/p>\n<p>A cerim\u00f3nia de renova\u00e7\u00e3o ocorreu na presen\u00e7a da companheira e da filha rec\u00e9m-nascida. O jogador destacou a satisfa\u00e7\u00e3o de continuar no AZ e o desejo de alcan\u00e7ar t\u00edtulos com o clube neerland\u00eas, antes de considerar outros passos no futuro.<\/p>\n<h3>Renova\u00e7\u00e3o e proje\u00e7\u00f5es<\/h3>\n<p>Penetra justificou a extens\u00e3o com o sentimento de ainda ter muito para oferecer ao AZ. O defesa enalteceu o clube pela sua organiza\u00e7\u00e3o e o n\u00edvel competitivo da Eredivisie, ressaltando o foco em evoluir a n\u00edvel coletivo e pessoal.<\/p>\n<p>Afirmou ainda que o AZ tem potencial para realizar objetivos relevantes a n\u00edvel europeu, mantendo-se determinado a cumprir o plano contratado. O an\u00fancio refor\u00e7a a continuidade de uma defesa central titular no plantel.<\/p>\n","protected":false},"excerpt":{"rendered":"<ul>\n<li>Alexandre Penetra renovou o contrato com o AZ Alkmaar at\u00e9 junho de 2029, an\u00fancio feito pelo clube na sexta-feira.<\/li>\n<li>O defesa central portugu\u00eas tem 24 anos, Internacional sub-21, e chegou ao AZ em 2023 vindo do Famalic\u00e3o.<\/li>\n<li>Em duas temporadas e meia, somou 109 partidas e marcou dois golos, destacando-se no plantel desde cedo.<\/li>\n<li>A assinatura aconteceu na presen\u00e7a da companheira e da filha rec\u00e9m-nascida; o jogador afirmou que ainda h\u00e1 trabalho a fazer no AZ.<\/li>\n<li>Penetra agradeceu ao AZ pelo projeto europeu e disse que pretende alcan\u00e7ar algo grande no clube antes de pensar noutro passo.<\/li>\n<\/ul>\n","protected":false},"author":2,"featured_media":86983,"comment_status":"closed","ping_status":"closed","sticky":false,"template":"","format":"standard","meta":{"footnotes":""},"categories":[21,24],"tags":[1231,152,32,81,242,1014],"class_list":["post-86979","post","type-post","status-publish","format-standard","has-post-thumbnail","hentry","category-desporto","category-futebol","tag-az-alkmaar","tag-desporto","tag-futebol","tag-internacionais","tag-jogadores","tag-portugal"],"yoast_head":"<!-- This site is optimized with the Yoast SEO plugin v27.2 - https:\/\/yoast.com\/product\/yoast-seo-wordpress\/ -->\n<title>Internacional sub-21 portugu\u00eas renova com o AZ - Portal Tela Portugal<\/title>\n<meta name=\"robots\" content=\"index, follow, max-snippet:-1, max-image-preview:large, max-video-preview:-1\" \/>\n<meta property=\"og:locale\" content=\"pt_PT\" \/>\n<meta property=\"og:type\" content=\"article\" \/>\n<meta property=\"og:title\" content=\"Internacional sub-21 portugu\u00eas renova com o AZ - Portal Tela Portugal\" \/>\n<meta property=\"og:description\" content=\"Alexandre Penetra renovou o contrato com o AZ Alkmaar at\u00e9 junho de 2029, an\u00fancio feito pelo clube na sexta-feira. O defesa central portugu\u00eas tem 24 anos, Internacional sub-21, e chegou ao AZ em 2023 vindo do Famalic\u00e3o. Em duas temporadas e meia, somou 109 partidas e marcou dois golos, destacando-se no plantel desde cedo. A assinatura aconteceu na presen\u00e7a da companheira e da filha rec\u00e9m-nascida; o jogador afirmou que ainda h\u00e1 trabalho a fazer no AZ. Penetra agradeceu ao AZ pelo projeto europeu e disse que pretende alcan\u00e7ar algo grande no clube antes de pensar noutro passo.\" \/>\n<meta property=\"og:url\" content=\"https:\/\/portaltela.pt\/noticias\/2025\/12\/19\/internacional-sub-21-portugues-renova-com-o-az\/\" \/>\n<meta property=\"og:site_name\" content=\"Portal Tela Portugal\" \/>\n<meta property=\"article:published_time\" content=\"2025-12-19T19:34:02+00:00\" \/>\n<meta name=\"author\" content=\"Telinha\" \/>\n<meta name=\"twitter:card\" content=\"summary_large_image\" \/>\n<meta name=\"twitter:label1\" content=\"Escrito por\" \/>\n\t<meta name=\"twitter:data1\" content=\"Telinha\" \/>\n\t<meta name=\"twitter:label2\" content=\"Tempo estimado de leitura\" \/>\n\t<meta name=\"twitter:data2\" content=\"1 minuto\" \/>\n<script type=\"application\/ld+json\" class=\"yoast-schema-graph\">{\"@context\":\"https:\/\/schema.org\",\"@graph\":[{\"@type\":\"Article\",\"@id\":\"https:\/\/portaltela.pt\/noticias\/2025\/12\/19\/internacional-sub-21-portugues-renova-com-o-az\/#article\",\"isPartOf\":{\"@id\":\"https:\/\/portaltela.pt\/noticias\/2025\/12\/19\/internacional-sub-21-portugues-renova-com-o-az\/\"},\"author\":{\"name\":\"Telinha\",\"@id\":\"https:\/\/portaltela.pt\/#\/schema\/person\/c4278d4a6028830caff9ee44b42d32ed\"},\"headline\":\"Internacional sub-21 portugu\u00eas renova com o AZ\",\"datePublished\":\"2025-12-19T19:34:02+00:00\",\"mainEntityOfPage\":{\"@id\":\"https:\/\/portaltela.pt\/noticias\/2025\/12\/19\/internacional-sub-21-portugues-renova-com-o-az\/\"},\"wordCount\":209,\"image\":{\"@id\":\"https:\/\/portaltela.pt\/noticias\/2025\/12\/19\/internacional-sub-21-portugues-renova-com-o-az\/#primaryimage\"},\"thumbnailUrl\":\"https:\/\/portaltela.pt\/s.01k8rhncp4jt1\/2025\/12\/b5c00bfb-992a-4560-96a7-0a26b98a422c.jpg\",\"keywords\":[\"AZ Alkmaar\",\"desporto\",\"futebol\",\"internacionais\",\"jogadores\",\"Portugal\"],\"articleSection\":[\"Desporto\",\"Futebol\"],\"inLanguage\":\"pt-PT\"},{\"@type\":\"WebPage\",\"@id\":\"https:\/\/portaltela.pt\/noticias\/2025\/12\/19\/internacional-sub-21-portugues-renova-com-o-az\/\",\"url\":\"https:\/\/portaltela.pt\/noticias\/2025\/12\/19\/internacional-sub-21-portugues-renova-com-o-az\/\",\"name\":\"Internacional sub-21 portugu\u00eas renova com o AZ - Portal Tela Portugal\",\"isPartOf\":{\"@id\":\"https:\/\/portaltela.pt\/#website\"},\"primaryImageOfPage\":{\"@id\":\"https:\/\/portaltela.pt\/noticias\/2025\/12\/19\/internacional-sub-21-portugues-renova-com-o-az\/#primaryimage\"},\"image\":{\"@id\":\"https:\/\/portaltela.pt\/noticias\/2025\/12\/19\/internacional-sub-21-portugues-renova-com-o-az\/#primaryimage\"},\"thumbnailUrl\":\"https:\/\/portaltela.pt\/s.01k8rhncp4jt1\/2025\/12\/b5c00bfb-992a-4560-96a7-0a26b98a422c.jpg\",\"datePublished\":\"2025-12-19T19:34:02+00:00\",\"author\":{\"@id\":\"https:\/\/portaltela.pt\/#\/schema\/person\/c4278d4a6028830caff9ee44b42d32ed\"},\"breadcrumb\":{\"@id\":\"https:\/\/portaltela.pt\/noticias\/2025\/12\/19\/internacional-sub-21-portugues-renova-com-o-az\/#breadcrumb\"},\"inLanguage\":\"pt-PT\",\"potentialAction\":[{\"@type\":\"ReadAction\",\"target\":[\"https:\/\/portaltela.pt\/noticias\/2025\/12\/19\/internacional-sub-21-portugues-renova-com-o-az\/\"]}]},{\"@type\":\"ImageObject\",\"inLanguage\":\"pt-PT\",\"@id\":\"https:\/\/portaltela.pt\/noticias\/2025\/12\/19\/internacional-sub-21-portugues-renova-com-o-az\/#primaryimage\",\"url\":\"https:\/\/portaltela.pt\/s.01k8rhncp4jt1\/2025\/12\/b5c00bfb-992a-4560-96a7-0a26b98a422c.jpg\",\"contentUrl\":\"https:\/\/portaltela.pt\/s.01k8rhncp4jt1\/2025\/12\/b5c00bfb-992a-4560-96a7-0a26b98a422c.jpg\",\"width\":796,\"height\":448,\"caption\":\"Alexandre Penetra firmou novo v\u00ednculo com o emblema neerland\u00eas at\u00e9 2029 - Foto: AZ Alkmaar\"},{\"@type\":\"BreadcrumbList\",\"@id\":\"https:\/\/portaltela.pt\/noticias\/2025\/12\/19\/internacional-sub-21-portugues-renova-com-o-az\/#breadcrumb\",\"itemListElement\":[{\"@type\":\"ListItem\",\"position\":1,\"name\":\"In\u00edcio\",\"item\":\"https:\/\/portaltela.pt\/\"},{\"@type\":\"ListItem\",\"position\":2,\"name\":\"Internacional sub-21 portugu\u00eas renova com o AZ\"}]},{\"@type\":\"WebSite\",\"@id\":\"https:\/\/portaltela.pt\/#website\",\"url\":\"https:\/\/portaltela.pt\/\",\"name\":\"Portal Tela Portugal\",\"description\":\"\",\"potentialAction\":[{\"@type\":\"SearchAction\",\"target\":{\"@type\":\"EntryPoint\",\"urlTemplate\":\"https:\/\/portaltela.pt\/?s={search_term_string}\"},\"query-input\":{\"@type\":\"PropertyValueSpecification\",\"valueRequired\":true,\"valueName\":\"search_term_string\"}}],\"inLanguage\":\"pt-PT\"},{\"@type\":\"Person\",\"@id\":\"https:\/\/portaltela.pt\/#\/schema\/person\/c4278d4a6028830caff9ee44b42d32ed\",\"name\":\"Telinha\",\"image\":{\"@type\":\"ImageObject\",\"inLanguage\":\"pt-PT\",\"@id\":\"https:\/\/portaltela.pt\/s.01k8rhncp4jt1\/2025\/11\/talking-bot-125x125.png\",\"url\":\"https:\/\/portaltela.pt\/s.01k8rhncp4jt1\/2025\/11\/talking-bot-125x125.png\",\"contentUrl\":\"https:\/\/portaltela.pt\/s.01k8rhncp4jt1\/2025\/11\/talking-bot-125x125.png\",\"caption\":\"Telinha\"},\"sameAs\":[\"https:\/\/portaltela.pt\/\"],\"url\":\"https:\/\/portaltela.pt\/por\/367410592786\/\"}]}<\/script>\n<!-- \/ Yoast SEO plugin. -->","yoast_head_json":{"title":"Internacional sub-21 portugu\u00eas renova com o AZ - Portal Tela Portugal","robots":{"index":"index","follow":"follow","max-snippet":"max-snippet:-1","max-image-preview":"max-image-preview:large","max-video-preview":"max-video-preview:-1"},"og_locale":"pt_PT","og_type":"article","og_title":"Internacional sub-21 portugu\u00eas renova com o AZ - Portal Tela Portugal","og_description":"Alexandre Penetra renovou o contrato com o AZ Alkmaar at\u00e9 junho de 2029, an\u00fancio feito pelo clube na sexta-feira. O defesa central portugu\u00eas tem 24 anos, Internacional sub-21, e chegou ao AZ em 2023 vindo do Famalic\u00e3o. Em duas temporadas e meia, somou 109 partidas e marcou dois golos, destacando-se no plantel desde cedo. A assinatura aconteceu na presen\u00e7a da companheira e da filha rec\u00e9m-nascida; o jogador afirmou que ainda h\u00e1 trabalho a fazer no AZ. Penetra agradeceu ao AZ pelo projeto europeu e disse que pretende alcan\u00e7ar algo grande no clube antes de pensar noutro passo.","og_url":"https:\/\/portaltela.pt\/noticias\/2025\/12\/19\/internacional-sub-21-portugues-renova-com-o-az\/","og_site_name":"Portal Tela Portugal","article_published_time":"2025-12-19T19:34:02+00:00","author":"Telinha","twitter_card":"summary_large_image","twitter_misc":{"Escrito por":"Telinha","Tempo estimado de leitura":"1 minuto"},"schema":{"@context":"https:\/\/schema.org","@graph":[{"@type":"Article","@id":"https:\/\/portaltela.pt\/noticias\/2025\/12\/19\/internacional-sub-21-portugues-renova-com-o-az\/#article","isPartOf":{"@id":"https:\/\/portaltela.pt\/noticias\/2025\/12\/19\/internacional-sub-21-portugues-renova-com-o-az\/"},"author":{"name":"Telinha","@id":"https:\/\/portaltela.pt\/#\/schema\/person\/c4278d4a6028830caff9ee44b42d32ed"},"headline":"Internacional sub-21 portugu\u00eas renova com o AZ","datePublished":"2025-12-19T19:34:02+00:00","mainEntityOfPage":{"@id":"https:\/\/portaltela.pt\/noticias\/2025\/12\/19\/internacional-sub-21-portugues-renova-com-o-az\/"},"wordCount":209,"image":{"@id":"https:\/\/portaltela.pt\/noticias\/2025\/12\/19\/internacional-sub-21-portugues-renova-com-o-az\/#primaryimage"},"thumbnailUrl":"https:\/\/portaltela.pt\/s.01k8rhncp4jt1\/2025\/12\/b5c00bfb-992a-4560-96a7-0a26b98a422c.jpg","keywords":["AZ Alkmaar","desporto","futebol","internacionais","jogadores","Portugal"],"articleSection":["Desporto","Futebol"],"inLanguage":"pt-PT"},{"@type":"WebPage","@id":"https:\/\/portaltela.pt\/noticias\/2025\/12\/19\/internacional-sub-21-portugues-renova-com-o-az\/","url":"https:\/\/portaltela.pt\/noticias\/2025\/12\/19\/internacional-sub-21-portugues-renova-com-o-az\/","name":"Internacional sub-21 portugu\u00eas renova com o AZ - Portal Tela Portugal","isPartOf":{"@id":"https:\/\/portaltela.pt\/#website"},"primaryImageOfPage":{"@id":"https:\/\/portaltela.pt\/noticias\/2025\/12\/19\/internacional-sub-21-portugues-renova-com-o-az\/#primaryimage"},"image":{"@id":"https:\/\/portaltela.pt\/noticias\/2025\/12\/19\/internacional-sub-21-portugues-renova-com-o-az\/#primaryimage"},"thumbnailUrl":"https:\/\/portaltela.pt\/s.01k8rhncp4jt1\/2025\/12\/b5c00bfb-992a-4560-96a7-0a26b98a422c.jpg","datePublished":"2025-12-19T19:34:02+00:00","author":{"@id":"https:\/\/portaltela.pt\/#\/schema\/person\/c4278d4a6028830caff9ee44b42d32ed"},"breadcrumb":{"@id":"https:\/\/portaltela.pt\/noticias\/2025\/12\/19\/internacional-sub-21-portugues-renova-com-o-az\/#breadcrumb"},"inLanguage":"pt-PT","potentialAction":[{"@type":"ReadAction","target":["https:\/\/portaltela.pt\/noticias\/2025\/12\/19\/internacional-sub-21-portugues-renova-com-o-az\/"]}]},{"@type":"ImageObject","inLanguage":"pt-PT","@id":"https:\/\/portaltela.pt\/noticias\/2025\/12\/19\/internacional-sub-21-portugues-renova-com-o-az\/#primaryimage","url":"https:\/\/portaltela.pt\/s.01k8rhncp4jt1\/2025\/12\/b5c00bfb-992a-4560-96a7-0a26b98a422c.jpg","contentUrl":"https:\/\/portaltela.pt\/s.01k8rhncp4jt1\/2025\/12\/b5c00bfb-992a-4560-96a7-0a26b98a422c.jpg","width":796,"height":448,"caption":"Alexandre Penetra firmou novo v\u00ednculo com o emblema neerland\u00eas at\u00e9 2029 - Foto: AZ Alkmaar"},{"@type":"BreadcrumbList","@id":"https:\/\/portaltela.pt\/noticias\/2025\/12\/19\/internacional-sub-21-portugues-renova-com-o-az\/#breadcrumb","itemListElement":[{"@type":"ListItem","position":1,"name":"In\u00edcio","item":"https:\/\/portaltela.pt\/"},{"@type":"ListItem","position":2,"name":"Internacional sub-21 portugu\u00eas renova com o AZ"}]},{"@type":"WebSite","@id":"https:\/\/portaltela.pt\/#website","url":"https:\/\/portaltela.pt\/","name":"Portal Tela Portugal","description":"","potentialAction":[{"@type":"SearchAction","target":{"@type":"EntryPoint","urlTemplate":"https:\/\/portaltela.pt\/?s={search_term_string}"},"query-input":{"@type":"PropertyValueSpecification","valueRequired":true,"valueName":"search_term_string"}}],"inLanguage":"pt-PT"},{"@type":"Person","@id":"https:\/\/portaltela.pt\/#\/schema\/person\/c4278d4a6028830caff9ee44b42d32ed","name":"Telinha","image":{"@type":"ImageObject","inLanguage":"pt-PT","@id":"https:\/\/portaltela.pt\/s.01k8rhncp4jt1\/2025\/11\/talking-bot-125x125.png","url":"https:\/\/portaltela.pt\/s.01k8rhncp4jt1\/2025\/11\/talking-bot-125x125.png","contentUrl":"https:\/\/portaltela.pt\/s.01k8rhncp4jt1\/2025\/11\/talking-bot-125x125.png","caption":"Telinha"},"sameAs":["https:\/\/portaltela.pt\/"],"url":"https:\/\/portaltela.pt\/por\/367410592786\/"}]}},"_links":{"self":[{"href":"https:\/\/portaltela.pt\/api\/wp\/v2\/posts\/86979","targetHints":{"allow":["GET"]}}],"collection":[{"href":"https:\/\/portaltela.pt\/api\/wp\/v2\/posts"}],"about":[{"href":"https:\/\/portaltela.pt\/api\/wp\/v2\/types\/post"}],"author":[{"embeddable":true,"href":"https:\/\/portaltela.pt\/api\/wp\/v2\/users\/2"}],"replies":[{"embeddable":true,"href":"https:\/\/portaltela.pt\/api\/wp\/v2\/comments?post=86979"}],"version-history":[{"count":0,"href":"https:\/\/portaltela.pt\/api\/wp\/v2\/posts\/86979\/revisions"}],"wp:featuredmedia":[{"embeddable":true,"href":"https:\/\/portaltela.pt\/api\/wp\/v2\/media\/86983"}],"wp:attachment":[{"href":"https:\/\/portaltela.pt\/api\/wp\/v2\/media?parent=86979"}],"wp:term":[{"taxonomy":"category","embeddable":true,"href":"https:\/\/portaltela.pt\/api\/wp\/v2\/categories?post=86979"},{"taxonomy":"post_tag","embeddable":true,"href":"https:\/\/portaltela.pt\/api\/wp\/v2\/tags?post=86979"}],"curies":[{"name":"wp","href":"https:\/\/api.w.org\/{rel}","templated":true}]}}