{"id":86572,"date":"2025-12-19T12:50:22","date_gmt":"2025-12-19T15:50:22","guid":{"rendered":"https:\/\/portaltela.pt\/noticias\/2025\/12\/19\/psp-efetua-oito-detencoes-em-coimbra-2\/"},"modified":"2025-12-19T12:50:22","modified_gmt":"2025-12-19T15:50:22","slug":"psp-efetua-oito-detencoes-em-coimbra-2","status":"publish","type":"post","link":"https:\/\/portaltela.pt\/noticias\/2025\/12\/19\/psp-efetua-oito-detencoes-em-coimbra-2\/","title":{"rendered":"PSP efetua oito deten\u00e7\u00f5es em Coimbra"},"content":{"rendered":"<p>A PSP de Coimbra efetuou oito deten\u00e7\u00f5es entre ontem, 18 de dezembro, e madrugada desta sexta-feira, 19 de dezembro. O foco foi furto em estabelecimentos e infra\u00e7\u00f5es rodovi\u00e1rias, no \u00e2mbito de a\u00e7\u00f5es de vigil\u00e2ncia urbana.<\/p>\n<p>Uma deten\u00e7\u00e3o ocorreu na zona de Santa Clara, \u00e0s 12h20 de ontem, quando uma mulher de 46 anos saiu de uma loja com artigos avaliados em 607 euros sem pagamento. Foi interceptada por um vigilante \u00e0 sa\u00edda.<\/p>\n<p>Outra deten\u00e7\u00e3o regista-se \u00e0s 09h20 de ontem na Rua Antero Quental, onde uma mulher de 20 anos conduzia sem habilita\u00e7\u00e3o legal. \u00c0s 18h45, na zona de Santo Ant\u00f3nio dos Olivais, um homem de 29 anos foi detido por condu\u00e7\u00e3o com 2,21 g\/L de \u00e1lcool no sangue.<\/p>\n<p>Durante a madrugada de hoje, no \u00e2mbito da opera\u00e7\u00e3o nacional Pol\u00edcias Sempre Presente \u2013 Festas em Seguran\u00e7a 2025-2026, a Divis\u00e3o Policial de Coimbra efetuou cinco deten\u00e7\u00f5es. Quatro homens, entre 22 e 28 anos, foram detidos por condu\u00e7\u00e3o sob influ\u00eancia de \u00e1lcool, com taxas entre 1,34 e 2,10 g\/L.<\/p>\n<p>Um homem de 18 anos foi detido por condu\u00e7\u00e3o sem habilita\u00e7\u00e3o legal e apresentou uma carta falsificada, que foi apreendida. A PSP ainda apreendeu a viatura por falta de seguro obrigat\u00f3rio de responsabilidade civil.<\/p>\n","protected":false},"excerpt":{"rendered":"<ul>\n<li>PSP de Coimbra deteve oito pessoas na cidade, entre ontem, 18 de dezembro, e a madrugada de sexta-feira, 19 de dezembro, por furto e infra\u00e7\u00f5es rodovi\u00e1rias.<\/li>\n<li>Mulher de 46 anos foi detida por furto em loja na zona de Santa Clara, com artigos avaliados em 607 euros, intercetada por vigilante \u00e0s 12h20 de ontem.<\/li>\n<li>Mulher de 20 anos foi detida na Rua Antero Quental, \u00e0s 09h20 de ontem, por conduzir sem habilita\u00e7\u00e3o legal.<\/li>\n<li>Homem de 29 anos foi detido na zona de Santo Ant\u00f3nio dos Olivais, \u00e0s 18h45 de ontem, com taxa de \u00e1lcool no sangue de 2,21 g\/L.<\/li>\n<li>Na madrugada de hoje, cinco deten\u00e7\u00f5es no \u00e2mbito da opera\u00e7\u00e3o nacional \u201cPol\u00edcia Sempre Presente \u2013 Festas em Seguran\u00e7a 2025-2026\u201d: quatro homens entre 22 e 28 anos com \u00e1lcool entre 1,34 e 2,10 g\/L; um homem de 18 anos detido por condu\u00e7\u00e3o sem habilita\u00e7\u00e3o, com carta falsificada apreendida \u00e0s 04h15 na Rua Figueira da Foz; viatura apreendida por falta de seguro obrigat\u00f3rio.<\/li>\n<\/ul>\n","protected":false},"author":2,"featured_media":86579,"comment_status":"closed","ping_status":"closed","sticky":false,"template":"","format":"standard","meta":{"footnotes":""},"categories":[1],"tags":[1070,583,1669,990,424,1381],"class_list":["post-86572","post","type-post","status-publish","format-standard","has-post-thumbnail","hentry","category-noticias","tag-coimbra","tag-conducao-sem-carta","tag-conducao-sob-o-efeito-do-alcool","tag-falta-de-seguro-de-responsabilidade-civil","tag-furto","tag-psp"],"yoast_head":"<!-- This site is optimized with the Yoast SEO plugin v27.2 - https:\/\/yoast.com\/product\/yoast-seo-wordpress\/ -->\n<title>PSP efetua oito deten\u00e7\u00f5es em Coimbra - Portal Tela Portugal<\/title>\n<meta name=\"robots\" content=\"index, follow, max-snippet:-1, max-image-preview:large, max-video-preview:-1\" \/>\n<meta property=\"og:locale\" content=\"pt_PT\" \/>\n<meta property=\"og:type\" content=\"article\" \/>\n<meta property=\"og:title\" content=\"PSP efetua oito deten\u00e7\u00f5es em Coimbra - Portal Tela Portugal\" \/>\n<meta property=\"og:description\" content=\"PSP de Coimbra deteve oito pessoas na cidade, entre ontem, 18 de dezembro, e a madrugada de sexta-feira, 19 de dezembro, por furto e infra\u00e7\u00f5es rodovi\u00e1rias. Mulher de 46 anos foi detida por furto em loja na zona de Santa Clara, com artigos avaliados em 607 euros, intercetada por vigilante \u00e0s 12h20 de ontem. Mulher de 20 anos foi detida na Rua Antero Quental, \u00e0s 09h20 de ontem, por conduzir sem habilita\u00e7\u00e3o legal. Homem de 29 anos foi detido na zona de Santo Ant\u00f3nio dos Olivais, \u00e0s 18h45 de ontem, com taxa de \u00e1lcool no sangue de 2,21 g\/L. Na madrugada de hoje, cinco deten\u00e7\u00f5es no \u00e2mbito da opera\u00e7\u00e3o nacional \u201cPol\u00edcia Sempre Presente \u2013 Festas em Seguran\u00e7a 2025-2026\u201d: quatro homens entre 22 e 28 anos com \u00e1lcool entre 1,34 e 2,10 g\/L; um homem de 18 anos detido por condu\u00e7\u00e3o sem habilita\u00e7\u00e3o, com carta falsificada apreendida \u00e0s 04h15 na Rua Figueira da Foz; viatura apreendida por falta de seguro obrigat\u00f3rio.\" \/>\n<meta property=\"og:url\" content=\"https:\/\/portaltela.pt\/noticias\/2025\/12\/19\/psp-efetua-oito-detencoes-em-coimbra-2\/\" \/>\n<meta property=\"og:site_name\" content=\"Portal Tela Portugal\" \/>\n<meta property=\"article:published_time\" content=\"2025-12-19T15:50:22+00:00\" \/>\n<meta name=\"author\" content=\"Telinha\" \/>\n<meta name=\"twitter:card\" content=\"summary_large_image\" \/>\n<meta name=\"twitter:label1\" content=\"Escrito por\" \/>\n\t<meta name=\"twitter:data1\" content=\"Telinha\" \/>\n\t<meta name=\"twitter:label2\" content=\"Tempo estimado de leitura\" \/>\n\t<meta name=\"twitter:data2\" content=\"1 minuto\" \/>\n<script type=\"application\/ld+json\" class=\"yoast-schema-graph\">{\"@context\":\"https:\/\/schema.org\",\"@graph\":[{\"@type\":\"Article\",\"@id\":\"https:\/\/portaltela.pt\/noticias\/2025\/12\/19\/psp-efetua-oito-detencoes-em-coimbra-2\/#article\",\"isPartOf\":{\"@id\":\"https:\/\/portaltela.pt\/noticias\/2025\/12\/19\/psp-efetua-oito-detencoes-em-coimbra-2\/\"},\"author\":{\"name\":\"Telinha\",\"@id\":\"https:\/\/portaltela.pt\/#\/schema\/person\/c4278d4a6028830caff9ee44b42d32ed\"},\"headline\":\"PSP efetua oito deten\u00e7\u00f5es em Coimbra\",\"datePublished\":\"2025-12-19T15:50:22+00:00\",\"mainEntityOfPage\":{\"@id\":\"https:\/\/portaltela.pt\/noticias\/2025\/12\/19\/psp-efetua-oito-detencoes-em-coimbra-2\/\"},\"wordCount\":216,\"image\":{\"@id\":\"https:\/\/portaltela.pt\/noticias\/2025\/12\/19\/psp-efetua-oito-detencoes-em-coimbra-2\/#primaryimage\"},\"thumbnailUrl\":\"https:\/\/portaltela.pt\/s.01k8rhncp4jt1\/2025\/12\/unnamed-file-567.jpg\",\"keywords\":[\"Coimbra\",\"condu\u00e7\u00e3o sem carta\",\"condu\u00e7\u00e3o sob o efeito do \u00e1lcool\",\"falta de seguro de responsabilidade civil\",\"furto\",\"PSP\"],\"articleSection\":[\"Not\u00edcias\"],\"inLanguage\":\"pt-PT\"},{\"@type\":\"WebPage\",\"@id\":\"https:\/\/portaltela.pt\/noticias\/2025\/12\/19\/psp-efetua-oito-detencoes-em-coimbra-2\/\",\"url\":\"https:\/\/portaltela.pt\/noticias\/2025\/12\/19\/psp-efetua-oito-detencoes-em-coimbra-2\/\",\"name\":\"PSP efetua oito deten\u00e7\u00f5es em Coimbra - Portal Tela Portugal\",\"isPartOf\":{\"@id\":\"https:\/\/portaltela.pt\/#website\"},\"primaryImageOfPage\":{\"@id\":\"https:\/\/portaltela.pt\/noticias\/2025\/12\/19\/psp-efetua-oito-detencoes-em-coimbra-2\/#primaryimage\"},\"image\":{\"@id\":\"https:\/\/portaltela.pt\/noticias\/2025\/12\/19\/psp-efetua-oito-detencoes-em-coimbra-2\/#primaryimage\"},\"thumbnailUrl\":\"https:\/\/portaltela.pt\/s.01k8rhncp4jt1\/2025\/12\/unnamed-file-567.jpg\",\"datePublished\":\"2025-12-19T15:50:22+00:00\",\"author\":{\"@id\":\"https:\/\/portaltela.pt\/#\/schema\/person\/c4278d4a6028830caff9ee44b42d32ed\"},\"breadcrumb\":{\"@id\":\"https:\/\/portaltela.pt\/noticias\/2025\/12\/19\/psp-efetua-oito-detencoes-em-coimbra-2\/#breadcrumb\"},\"inLanguage\":\"pt-PT\",\"potentialAction\":[{\"@type\":\"ReadAction\",\"target\":[\"https:\/\/portaltela.pt\/noticias\/2025\/12\/19\/psp-efetua-oito-detencoes-em-coimbra-2\/\"]}]},{\"@type\":\"ImageObject\",\"inLanguage\":\"pt-PT\",\"@id\":\"https:\/\/portaltela.pt\/noticias\/2025\/12\/19\/psp-efetua-oito-detencoes-em-coimbra-2\/#primaryimage\",\"url\":\"https:\/\/portaltela.pt\/s.01k8rhncp4jt1\/2025\/12\/unnamed-file-567.jpg\",\"contentUrl\":\"https:\/\/portaltela.pt\/s.01k8rhncp4jt1\/2025\/12\/unnamed-file-567.jpg\",\"width\":796,\"height\":448,\"caption\":\"Tr\u00eas homens detidos em Coimbra e na Figueira da Foz\"},{\"@type\":\"BreadcrumbList\",\"@id\":\"https:\/\/portaltela.pt\/noticias\/2025\/12\/19\/psp-efetua-oito-detencoes-em-coimbra-2\/#breadcrumb\",\"itemListElement\":[{\"@type\":\"ListItem\",\"position\":1,\"name\":\"In\u00edcio\",\"item\":\"https:\/\/portaltela.pt\/\"},{\"@type\":\"ListItem\",\"position\":2,\"name\":\"PSP efetua oito deten\u00e7\u00f5es em Coimbra\"}]},{\"@type\":\"WebSite\",\"@id\":\"https:\/\/portaltela.pt\/#website\",\"url\":\"https:\/\/portaltela.pt\/\",\"name\":\"Portal Tela Portugal\",\"description\":\"\",\"potentialAction\":[{\"@type\":\"SearchAction\",\"target\":{\"@type\":\"EntryPoint\",\"urlTemplate\":\"https:\/\/portaltela.pt\/?s={search_term_string}\"},\"query-input\":{\"@type\":\"PropertyValueSpecification\",\"valueRequired\":true,\"valueName\":\"search_term_string\"}}],\"inLanguage\":\"pt-PT\"},{\"@type\":\"Person\",\"@id\":\"https:\/\/portaltela.pt\/#\/schema\/person\/c4278d4a6028830caff9ee44b42d32ed\",\"name\":\"Telinha\",\"image\":{\"@type\":\"ImageObject\",\"inLanguage\":\"pt-PT\",\"@id\":\"https:\/\/portaltela.pt\/s.01k8rhncp4jt1\/2025\/11\/talking-bot-125x125.png\",\"url\":\"https:\/\/portaltela.pt\/s.01k8rhncp4jt1\/2025\/11\/talking-bot-125x125.png\",\"contentUrl\":\"https:\/\/portaltela.pt\/s.01k8rhncp4jt1\/2025\/11\/talking-bot-125x125.png\",\"caption\":\"Telinha\"},\"sameAs\":[\"https:\/\/portaltela.pt\/\"],\"url\":\"https:\/\/portaltela.pt\/por\/367410592786\/\"}]}<\/script>\n<!-- \/ Yoast SEO plugin. -->","yoast_head_json":{"title":"PSP efetua oito deten\u00e7\u00f5es em Coimbra - Portal Tela Portugal","robots":{"index":"index","follow":"follow","max-snippet":"max-snippet:-1","max-image-preview":"max-image-preview:large","max-video-preview":"max-video-preview:-1"},"og_locale":"pt_PT","og_type":"article","og_title":"PSP efetua oito deten\u00e7\u00f5es em Coimbra - Portal Tela Portugal","og_description":"PSP de Coimbra deteve oito pessoas na cidade, entre ontem, 18 de dezembro, e a madrugada de sexta-feira, 19 de dezembro, por furto e infra\u00e7\u00f5es rodovi\u00e1rias. Mulher de 46 anos foi detida por furto em loja na zona de Santa Clara, com artigos avaliados em 607 euros, intercetada por vigilante \u00e0s 12h20 de ontem. Mulher de 20 anos foi detida na Rua Antero Quental, \u00e0s 09h20 de ontem, por conduzir sem habilita\u00e7\u00e3o legal. Homem de 29 anos foi detido na zona de Santo Ant\u00f3nio dos Olivais, \u00e0s 18h45 de ontem, com taxa de \u00e1lcool no sangue de 2,21 g\/L. Na madrugada de hoje, cinco deten\u00e7\u00f5es no \u00e2mbito da opera\u00e7\u00e3o nacional \u201cPol\u00edcia Sempre Presente \u2013 Festas em Seguran\u00e7a 2025-2026\u201d: quatro homens entre 22 e 28 anos com \u00e1lcool entre 1,34 e 2,10 g\/L; um homem de 18 anos detido por condu\u00e7\u00e3o sem habilita\u00e7\u00e3o, com carta falsificada apreendida \u00e0s 04h15 na Rua Figueira da Foz; viatura apreendida por falta de seguro obrigat\u00f3rio.","og_url":"https:\/\/portaltela.pt\/noticias\/2025\/12\/19\/psp-efetua-oito-detencoes-em-coimbra-2\/","og_site_name":"Portal Tela Portugal","article_published_time":"2025-12-19T15:50:22+00:00","author":"Telinha","twitter_card":"summary_large_image","twitter_misc":{"Escrito por":"Telinha","Tempo estimado de leitura":"1 minuto"},"schema":{"@context":"https:\/\/schema.org","@graph":[{"@type":"Article","@id":"https:\/\/portaltela.pt\/noticias\/2025\/12\/19\/psp-efetua-oito-detencoes-em-coimbra-2\/#article","isPartOf":{"@id":"https:\/\/portaltela.pt\/noticias\/2025\/12\/19\/psp-efetua-oito-detencoes-em-coimbra-2\/"},"author":{"name":"Telinha","@id":"https:\/\/portaltela.pt\/#\/schema\/person\/c4278d4a6028830caff9ee44b42d32ed"},"headline":"PSP efetua oito deten\u00e7\u00f5es em Coimbra","datePublished":"2025-12-19T15:50:22+00:00","mainEntityOfPage":{"@id":"https:\/\/portaltela.pt\/noticias\/2025\/12\/19\/psp-efetua-oito-detencoes-em-coimbra-2\/"},"wordCount":216,"image":{"@id":"https:\/\/portaltela.pt\/noticias\/2025\/12\/19\/psp-efetua-oito-detencoes-em-coimbra-2\/#primaryimage"},"thumbnailUrl":"https:\/\/portaltela.pt\/s.01k8rhncp4jt1\/2025\/12\/unnamed-file-567.jpg","keywords":["Coimbra","condu\u00e7\u00e3o sem carta","condu\u00e7\u00e3o sob o efeito do \u00e1lcool","falta de seguro de responsabilidade civil","furto","PSP"],"articleSection":["Not\u00edcias"],"inLanguage":"pt-PT"},{"@type":"WebPage","@id":"https:\/\/portaltela.pt\/noticias\/2025\/12\/19\/psp-efetua-oito-detencoes-em-coimbra-2\/","url":"https:\/\/portaltela.pt\/noticias\/2025\/12\/19\/psp-efetua-oito-detencoes-em-coimbra-2\/","name":"PSP efetua oito deten\u00e7\u00f5es em Coimbra - Portal Tela Portugal","isPartOf":{"@id":"https:\/\/portaltela.pt\/#website"},"primaryImageOfPage":{"@id":"https:\/\/portaltela.pt\/noticias\/2025\/12\/19\/psp-efetua-oito-detencoes-em-coimbra-2\/#primaryimage"},"image":{"@id":"https:\/\/portaltela.pt\/noticias\/2025\/12\/19\/psp-efetua-oito-detencoes-em-coimbra-2\/#primaryimage"},"thumbnailUrl":"https:\/\/portaltela.pt\/s.01k8rhncp4jt1\/2025\/12\/unnamed-file-567.jpg","datePublished":"2025-12-19T15:50:22+00:00","author":{"@id":"https:\/\/portaltela.pt\/#\/schema\/person\/c4278d4a6028830caff9ee44b42d32ed"},"breadcrumb":{"@id":"https:\/\/portaltela.pt\/noticias\/2025\/12\/19\/psp-efetua-oito-detencoes-em-coimbra-2\/#breadcrumb"},"inLanguage":"pt-PT","potentialAction":[{"@type":"ReadAction","target":["https:\/\/portaltela.pt\/noticias\/2025\/12\/19\/psp-efetua-oito-detencoes-em-coimbra-2\/"]}]},{"@type":"ImageObject","inLanguage":"pt-PT","@id":"https:\/\/portaltela.pt\/noticias\/2025\/12\/19\/psp-efetua-oito-detencoes-em-coimbra-2\/#primaryimage","url":"https:\/\/portaltela.pt\/s.01k8rhncp4jt1\/2025\/12\/unnamed-file-567.jpg","contentUrl":"https:\/\/portaltela.pt\/s.01k8rhncp4jt1\/2025\/12\/unnamed-file-567.jpg","width":796,"height":448,"caption":"Tr\u00eas homens detidos em Coimbra e na Figueira da Foz"},{"@type":"BreadcrumbList","@id":"https:\/\/portaltela.pt\/noticias\/2025\/12\/19\/psp-efetua-oito-detencoes-em-coimbra-2\/#breadcrumb","itemListElement":[{"@type":"ListItem","position":1,"name":"In\u00edcio","item":"https:\/\/portaltela.pt\/"},{"@type":"ListItem","position":2,"name":"PSP efetua oito deten\u00e7\u00f5es em Coimbra"}]},{"@type":"WebSite","@id":"https:\/\/portaltela.pt\/#website","url":"https:\/\/portaltela.pt\/","name":"Portal Tela Portugal","description":"","potentialAction":[{"@type":"SearchAction","target":{"@type":"EntryPoint","urlTemplate":"https:\/\/portaltela.pt\/?s={search_term_string}"},"query-input":{"@type":"PropertyValueSpecification","valueRequired":true,"valueName":"search_term_string"}}],"inLanguage":"pt-PT"},{"@type":"Person","@id":"https:\/\/portaltela.pt\/#\/schema\/person\/c4278d4a6028830caff9ee44b42d32ed","name":"Telinha","image":{"@type":"ImageObject","inLanguage":"pt-PT","@id":"https:\/\/portaltela.pt\/s.01k8rhncp4jt1\/2025\/11\/talking-bot-125x125.png","url":"https:\/\/portaltela.pt\/s.01k8rhncp4jt1\/2025\/11\/talking-bot-125x125.png","contentUrl":"https:\/\/portaltela.pt\/s.01k8rhncp4jt1\/2025\/11\/talking-bot-125x125.png","caption":"Telinha"},"sameAs":["https:\/\/portaltela.pt\/"],"url":"https:\/\/portaltela.pt\/por\/367410592786\/"}]}},"_links":{"self":[{"href":"https:\/\/portaltela.pt\/api\/wp\/v2\/posts\/86572","targetHints":{"allow":["GET"]}}],"collection":[{"href":"https:\/\/portaltela.pt\/api\/wp\/v2\/posts"}],"about":[{"href":"https:\/\/portaltela.pt\/api\/wp\/v2\/types\/post"}],"author":[{"embeddable":true,"href":"https:\/\/portaltela.pt\/api\/wp\/v2\/users\/2"}],"replies":[{"embeddable":true,"href":"https:\/\/portaltela.pt\/api\/wp\/v2\/comments?post=86572"}],"version-history":[{"count":0,"href":"https:\/\/portaltela.pt\/api\/wp\/v2\/posts\/86572\/revisions"}],"wp:featuredmedia":[{"embeddable":true,"href":"https:\/\/portaltela.pt\/api\/wp\/v2\/media\/86579"}],"wp:attachment":[{"href":"https:\/\/portaltela.pt\/api\/wp\/v2\/media?parent=86572"}],"wp:term":[{"taxonomy":"category","embeddable":true,"href":"https:\/\/portaltela.pt\/api\/wp\/v2\/categories?post=86572"},{"taxonomy":"post_tag","embeddable":true,"href":"https:\/\/portaltela.pt\/api\/wp\/v2\/tags?post=86572"}],"curies":[{"name":"wp","href":"https:\/\/api.w.org\/{rel}","templated":true}]}}