{"id":86237,"date":"2025-12-19T10:04:03","date_gmt":"2025-12-19T13:04:03","guid":{"rendered":"https:\/\/portaltela.pt\/noticias\/2025\/12\/19\/alverca-condena-comentarios-racistas-contra-jogadores-da-equipa-b\/"},"modified":"2025-12-19T10:04:03","modified_gmt":"2025-12-19T13:04:03","slug":"alverca-condena-comentarios-racistas-contra-jogadores-da-equipa-b","status":"publish","type":"post","link":"https:\/\/portaltela.pt\/desporto\/futebol\/2025\/12\/19\/alverca-condena-comentarios-racistas-contra-jogadores-da-equipa-b\/","title":{"rendered":"Alverca condena coment\u00e1rios racistas contra jogadores da equipa B"},"content":{"rendered":"<p>O Alverca B denunciou publicamente, nesta sexta-feira, coment\u00e1rios de teor racista e discriminat\u00f3rio surgidos nas redes sociais dirigidos aos jogadores da equipa B, que compete na S\u00e9rie D do Campeonato de Portugal.<\/p>\n<p>A FC Alverca \u2013 Futebol, SAD afirmou o rep\u00fadio total a tais atitudes e garantiu apoio aos jogadores visados e a todas as v\u00edtimas. O clube afirma que o desporto deve ser espa\u00e7o de inclus\u00e3o e respeito.<\/p>\n<p>O comunicado explica que o emblema valoriza a diversidade e rejeita qualquer manifesta\u00e7\u00e3o de \u00f3dio, preconceito ou discrimina\u00e7\u00e3o. Refor\u00e7a ainda o compromisso com a luta contra o racismo e incentiva den\u00fancias.<\/p>\n<h3>Apoio aos jogadores e combate \u00e0 discrimina\u00e7\u00e3o<\/h3>\n<p>O clube afirma que continuar\u00e1 ao lado da comunidade na luta contra a discrimina\u00e7\u00e3o e ataques pessoais. Apela \u00e0s plataformas digitais, adeptos e sociedade para denuncia\u00e7\u00e3o de comportamentos abusivos.<\/p>\n<p>A FC Alverca refor\u00e7a a necessidade de uma sociedade mais justa e diversa, mantendo o foco no respeito entre culturas, origens e express\u00f5es. O objetivo \u00e9 promover conviv\u00eancia saud\u00e1vel no desporto.<\/p>\n","protected":false},"excerpt":{"rendered":"<ul>\n<li>O Alverca B disputa a S\u00e9rie D do Campeonato de Portugal e emitiu um comunicado contra coment\u00e1rios racistas nas redes sociais dirigidos aos seus jogadores.<\/li>\n<li>A FC Alverca \u2013 Futebol, SAD repudiou os conte\u00fados discriminat\u00f3rios e garantiu apoio total aos jogadores visados.<\/li>\n<li>O clube refor\u00e7ou que o desporto deve ser espa\u00e7o de inclus\u00e3o, respeito e diversidade, rejeitando qualquer forma de \u00f3dio ou discrimina\u00e7\u00e3o.<\/li>\n<li>Reafirmou o compromisso com a luta contra o racismo e apelou a plataformas digitais, adeptos e sociedade para denunciar e combater estes comportamentos.<\/li>\n<li>O comunicado termina com a promessa de continuar a trabalhar por uma sociedade mais justa, humana e diversa.<\/li>\n<\/ul>\n","protected":false},"author":2,"featured_media":86252,"comment_status":"closed","ping_status":"closed","sticky":false,"template":"","format":"standard","meta":{"footnotes":""},"categories":[21,24],"tags":[1230,1268,152,1614,32,1014],"class_list":["post-86237","post","type-post","status-publish","format-standard","has-post-thumbnail","hentry","category-desporto","category-futebol","tag-alverca","tag-campeonato-de-portugal","tag-desporto","tag-discriminacao-agravada","tag-futebol","tag-portugal"],"yoast_head":"<!-- This site is optimized with the Yoast SEO plugin v27.2 - https:\/\/yoast.com\/product\/yoast-seo-wordpress\/ -->\n<title>Alverca condena coment\u00e1rios racistas contra jogadores da equipa B - Portal Tela Portugal<\/title>\n<meta name=\"robots\" content=\"index, follow, max-snippet:-1, max-image-preview:large, max-video-preview:-1\" \/>\n<meta property=\"og:locale\" content=\"pt_PT\" \/>\n<meta property=\"og:type\" content=\"article\" \/>\n<meta property=\"og:title\" content=\"Alverca condena coment\u00e1rios racistas contra jogadores da equipa B - Portal Tela Portugal\" \/>\n<meta property=\"og:description\" content=\"O Alverca B disputa a S\u00e9rie D do Campeonato de Portugal e emitiu um comunicado contra coment\u00e1rios racistas nas redes sociais dirigidos aos seus jogadores. A FC Alverca \u2013 Futebol, SAD repudiou os conte\u00fados discriminat\u00f3rios e garantiu apoio total aos jogadores visados. O clube refor\u00e7ou que o desporto deve ser espa\u00e7o de inclus\u00e3o, respeito e diversidade, rejeitando qualquer forma de \u00f3dio ou discrimina\u00e7\u00e3o. Reafirmou o compromisso com a luta contra o racismo e apelou a plataformas digitais, adeptos e sociedade para denunciar e combater estes comportamentos. O comunicado termina com a promessa de continuar a trabalhar por uma sociedade mais justa, humana e diversa.\" \/>\n<meta property=\"og:url\" content=\"https:\/\/portaltela.pt\/noticias\/2025\/12\/19\/alverca-condena-comentarios-racistas-contra-jogadores-da-equipa-b\/\" \/>\n<meta property=\"og:site_name\" content=\"Portal Tela Portugal\" \/>\n<meta property=\"article:published_time\" content=\"2025-12-19T13:04:03+00:00\" \/>\n<meta name=\"author\" content=\"Telinha\" \/>\n<meta name=\"twitter:card\" content=\"summary_large_image\" \/>\n<meta name=\"twitter:label1\" content=\"Escrito por\" \/>\n\t<meta name=\"twitter:data1\" content=\"Telinha\" \/>\n\t<meta name=\"twitter:label2\" content=\"Tempo estimado de leitura\" \/>\n\t<meta name=\"twitter:data2\" content=\"1 minuto\" \/>\n<script type=\"application\/ld+json\" class=\"yoast-schema-graph\">{\"@context\":\"https:\/\/schema.org\",\"@graph\":[{\"@type\":\"Article\",\"@id\":\"https:\/\/portaltela.pt\/noticias\/2025\/12\/19\/alverca-condena-comentarios-racistas-contra-jogadores-da-equipa-b\/#article\",\"isPartOf\":{\"@id\":\"https:\/\/portaltela.pt\/noticias\/2025\/12\/19\/alverca-condena-comentarios-racistas-contra-jogadores-da-equipa-b\/\"},\"author\":{\"name\":\"Telinha\",\"@id\":\"https:\/\/portaltela.pt\/#\/schema\/person\/c4278d4a6028830caff9ee44b42d32ed\"},\"headline\":\"Alverca condena coment\u00e1rios racistas contra jogadores da equipa B\",\"datePublished\":\"2025-12-19T13:04:03+00:00\",\"mainEntityOfPage\":{\"@id\":\"https:\/\/portaltela.pt\/noticias\/2025\/12\/19\/alverca-condena-comentarios-racistas-contra-jogadores-da-equipa-b\/\"},\"wordCount\":192,\"image\":{\"@id\":\"https:\/\/portaltela.pt\/noticias\/2025\/12\/19\/alverca-condena-comentarios-racistas-contra-jogadores-da-equipa-b\/#primaryimage\"},\"thumbnailUrl\":\"https:\/\/portaltela.pt\/s.01k8rhncp4jt1\/2025\/12\/img_920x518uu2025-12-19-13-03-36-2410189.jpg\",\"keywords\":[\"Alverca\",\"Campeonato de Portugal\",\"desporto\",\"discrimina\u00e7\u00e3o agravada\",\"futebol\",\"Portugal\"],\"articleSection\":[\"Desporto\",\"Futebol\"],\"inLanguage\":\"pt-PT\"},{\"@type\":\"WebPage\",\"@id\":\"https:\/\/portaltela.pt\/noticias\/2025\/12\/19\/alverca-condena-comentarios-racistas-contra-jogadores-da-equipa-b\/\",\"url\":\"https:\/\/portaltela.pt\/noticias\/2025\/12\/19\/alverca-condena-comentarios-racistas-contra-jogadores-da-equipa-b\/\",\"name\":\"Alverca condena coment\u00e1rios racistas contra jogadores da equipa B - Portal Tela Portugal\",\"isPartOf\":{\"@id\":\"https:\/\/portaltela.pt\/#website\"},\"primaryImageOfPage\":{\"@id\":\"https:\/\/portaltela.pt\/noticias\/2025\/12\/19\/alverca-condena-comentarios-racistas-contra-jogadores-da-equipa-b\/#primaryimage\"},\"image\":{\"@id\":\"https:\/\/portaltela.pt\/noticias\/2025\/12\/19\/alverca-condena-comentarios-racistas-contra-jogadores-da-equipa-b\/#primaryimage\"},\"thumbnailUrl\":\"https:\/\/portaltela.pt\/s.01k8rhncp4jt1\/2025\/12\/img_920x518uu2025-12-19-13-03-36-2410189.jpg\",\"datePublished\":\"2025-12-19T13:04:03+00:00\",\"author\":{\"@id\":\"https:\/\/portaltela.pt\/#\/schema\/person\/c4278d4a6028830caff9ee44b42d32ed\"},\"breadcrumb\":{\"@id\":\"https:\/\/portaltela.pt\/noticias\/2025\/12\/19\/alverca-condena-comentarios-racistas-contra-jogadores-da-equipa-b\/#breadcrumb\"},\"inLanguage\":\"pt-PT\",\"potentialAction\":[{\"@type\":\"ReadAction\",\"target\":[\"https:\/\/portaltela.pt\/noticias\/2025\/12\/19\/alverca-condena-comentarios-racistas-contra-jogadores-da-equipa-b\/\"]}]},{\"@type\":\"ImageObject\",\"inLanguage\":\"pt-PT\",\"@id\":\"https:\/\/portaltela.pt\/noticias\/2025\/12\/19\/alverca-condena-comentarios-racistas-contra-jogadores-da-equipa-b\/#primaryimage\",\"url\":\"https:\/\/portaltela.pt\/s.01k8rhncp4jt1\/2025\/12\/img_920x518uu2025-12-19-13-03-36-2410189.jpg\",\"contentUrl\":\"https:\/\/portaltela.pt\/s.01k8rhncp4jt1\/2025\/12\/img_920x518uu2025-12-19-13-03-36-2410189.jpg\",\"width\":796,\"height\":448,\"caption\":\"Alverca divulgou comunicado\"},{\"@type\":\"BreadcrumbList\",\"@id\":\"https:\/\/portaltela.pt\/noticias\/2025\/12\/19\/alverca-condena-comentarios-racistas-contra-jogadores-da-equipa-b\/#breadcrumb\",\"itemListElement\":[{\"@type\":\"ListItem\",\"position\":1,\"name\":\"In\u00edcio\",\"item\":\"https:\/\/portaltela.pt\/\"},{\"@type\":\"ListItem\",\"position\":2,\"name\":\"Alverca condena coment\u00e1rios racistas contra jogadores da equipa B\"}]},{\"@type\":\"WebSite\",\"@id\":\"https:\/\/portaltela.pt\/#website\",\"url\":\"https:\/\/portaltela.pt\/\",\"name\":\"Portal Tela Portugal\",\"description\":\"\",\"potentialAction\":[{\"@type\":\"SearchAction\",\"target\":{\"@type\":\"EntryPoint\",\"urlTemplate\":\"https:\/\/portaltela.pt\/?s={search_term_string}\"},\"query-input\":{\"@type\":\"PropertyValueSpecification\",\"valueRequired\":true,\"valueName\":\"search_term_string\"}}],\"inLanguage\":\"pt-PT\"},{\"@type\":\"Person\",\"@id\":\"https:\/\/portaltela.pt\/#\/schema\/person\/c4278d4a6028830caff9ee44b42d32ed\",\"name\":\"Telinha\",\"image\":{\"@type\":\"ImageObject\",\"inLanguage\":\"pt-PT\",\"@id\":\"https:\/\/portaltela.pt\/s.01k8rhncp4jt1\/2025\/11\/talking-bot-125x125.png\",\"url\":\"https:\/\/portaltela.pt\/s.01k8rhncp4jt1\/2025\/11\/talking-bot-125x125.png\",\"contentUrl\":\"https:\/\/portaltela.pt\/s.01k8rhncp4jt1\/2025\/11\/talking-bot-125x125.png\",\"caption\":\"Telinha\"},\"sameAs\":[\"https:\/\/portaltela.pt\/\"],\"url\":\"https:\/\/portaltela.pt\/por\/367410592786\/\"}]}<\/script>\n<!-- \/ Yoast SEO plugin. -->","yoast_head_json":{"title":"Alverca condena coment\u00e1rios racistas contra jogadores da equipa B - Portal Tela Portugal","robots":{"index":"index","follow":"follow","max-snippet":"max-snippet:-1","max-image-preview":"max-image-preview:large","max-video-preview":"max-video-preview:-1"},"og_locale":"pt_PT","og_type":"article","og_title":"Alverca condena coment\u00e1rios racistas contra jogadores da equipa B - Portal Tela Portugal","og_description":"O Alverca B disputa a S\u00e9rie D do Campeonato de Portugal e emitiu um comunicado contra coment\u00e1rios racistas nas redes sociais dirigidos aos seus jogadores. A FC Alverca \u2013 Futebol, SAD repudiou os conte\u00fados discriminat\u00f3rios e garantiu apoio total aos jogadores visados. O clube refor\u00e7ou que o desporto deve ser espa\u00e7o de inclus\u00e3o, respeito e diversidade, rejeitando qualquer forma de \u00f3dio ou discrimina\u00e7\u00e3o. Reafirmou o compromisso com a luta contra o racismo e apelou a plataformas digitais, adeptos e sociedade para denunciar e combater estes comportamentos. O comunicado termina com a promessa de continuar a trabalhar por uma sociedade mais justa, humana e diversa.","og_url":"https:\/\/portaltela.pt\/noticias\/2025\/12\/19\/alverca-condena-comentarios-racistas-contra-jogadores-da-equipa-b\/","og_site_name":"Portal Tela Portugal","article_published_time":"2025-12-19T13:04:03+00:00","author":"Telinha","twitter_card":"summary_large_image","twitter_misc":{"Escrito por":"Telinha","Tempo estimado de leitura":"1 minuto"},"schema":{"@context":"https:\/\/schema.org","@graph":[{"@type":"Article","@id":"https:\/\/portaltela.pt\/noticias\/2025\/12\/19\/alverca-condena-comentarios-racistas-contra-jogadores-da-equipa-b\/#article","isPartOf":{"@id":"https:\/\/portaltela.pt\/noticias\/2025\/12\/19\/alverca-condena-comentarios-racistas-contra-jogadores-da-equipa-b\/"},"author":{"name":"Telinha","@id":"https:\/\/portaltela.pt\/#\/schema\/person\/c4278d4a6028830caff9ee44b42d32ed"},"headline":"Alverca condena coment\u00e1rios racistas contra jogadores da equipa B","datePublished":"2025-12-19T13:04:03+00:00","mainEntityOfPage":{"@id":"https:\/\/portaltela.pt\/noticias\/2025\/12\/19\/alverca-condena-comentarios-racistas-contra-jogadores-da-equipa-b\/"},"wordCount":192,"image":{"@id":"https:\/\/portaltela.pt\/noticias\/2025\/12\/19\/alverca-condena-comentarios-racistas-contra-jogadores-da-equipa-b\/#primaryimage"},"thumbnailUrl":"https:\/\/portaltela.pt\/s.01k8rhncp4jt1\/2025\/12\/img_920x518uu2025-12-19-13-03-36-2410189.jpg","keywords":["Alverca","Campeonato de Portugal","desporto","discrimina\u00e7\u00e3o agravada","futebol","Portugal"],"articleSection":["Desporto","Futebol"],"inLanguage":"pt-PT"},{"@type":"WebPage","@id":"https:\/\/portaltela.pt\/noticias\/2025\/12\/19\/alverca-condena-comentarios-racistas-contra-jogadores-da-equipa-b\/","url":"https:\/\/portaltela.pt\/noticias\/2025\/12\/19\/alverca-condena-comentarios-racistas-contra-jogadores-da-equipa-b\/","name":"Alverca condena coment\u00e1rios racistas contra jogadores da equipa B - Portal Tela Portugal","isPartOf":{"@id":"https:\/\/portaltela.pt\/#website"},"primaryImageOfPage":{"@id":"https:\/\/portaltela.pt\/noticias\/2025\/12\/19\/alverca-condena-comentarios-racistas-contra-jogadores-da-equipa-b\/#primaryimage"},"image":{"@id":"https:\/\/portaltela.pt\/noticias\/2025\/12\/19\/alverca-condena-comentarios-racistas-contra-jogadores-da-equipa-b\/#primaryimage"},"thumbnailUrl":"https:\/\/portaltela.pt\/s.01k8rhncp4jt1\/2025\/12\/img_920x518uu2025-12-19-13-03-36-2410189.jpg","datePublished":"2025-12-19T13:04:03+00:00","author":{"@id":"https:\/\/portaltela.pt\/#\/schema\/person\/c4278d4a6028830caff9ee44b42d32ed"},"breadcrumb":{"@id":"https:\/\/portaltela.pt\/noticias\/2025\/12\/19\/alverca-condena-comentarios-racistas-contra-jogadores-da-equipa-b\/#breadcrumb"},"inLanguage":"pt-PT","potentialAction":[{"@type":"ReadAction","target":["https:\/\/portaltela.pt\/noticias\/2025\/12\/19\/alverca-condena-comentarios-racistas-contra-jogadores-da-equipa-b\/"]}]},{"@type":"ImageObject","inLanguage":"pt-PT","@id":"https:\/\/portaltela.pt\/noticias\/2025\/12\/19\/alverca-condena-comentarios-racistas-contra-jogadores-da-equipa-b\/#primaryimage","url":"https:\/\/portaltela.pt\/s.01k8rhncp4jt1\/2025\/12\/img_920x518uu2025-12-19-13-03-36-2410189.jpg","contentUrl":"https:\/\/portaltela.pt\/s.01k8rhncp4jt1\/2025\/12\/img_920x518uu2025-12-19-13-03-36-2410189.jpg","width":796,"height":448,"caption":"Alverca divulgou comunicado"},{"@type":"BreadcrumbList","@id":"https:\/\/portaltela.pt\/noticias\/2025\/12\/19\/alverca-condena-comentarios-racistas-contra-jogadores-da-equipa-b\/#breadcrumb","itemListElement":[{"@type":"ListItem","position":1,"name":"In\u00edcio","item":"https:\/\/portaltela.pt\/"},{"@type":"ListItem","position":2,"name":"Alverca condena coment\u00e1rios racistas contra jogadores da equipa B"}]},{"@type":"WebSite","@id":"https:\/\/portaltela.pt\/#website","url":"https:\/\/portaltela.pt\/","name":"Portal Tela Portugal","description":"","potentialAction":[{"@type":"SearchAction","target":{"@type":"EntryPoint","urlTemplate":"https:\/\/portaltela.pt\/?s={search_term_string}"},"query-input":{"@type":"PropertyValueSpecification","valueRequired":true,"valueName":"search_term_string"}}],"inLanguage":"pt-PT"},{"@type":"Person","@id":"https:\/\/portaltela.pt\/#\/schema\/person\/c4278d4a6028830caff9ee44b42d32ed","name":"Telinha","image":{"@type":"ImageObject","inLanguage":"pt-PT","@id":"https:\/\/portaltela.pt\/s.01k8rhncp4jt1\/2025\/11\/talking-bot-125x125.png","url":"https:\/\/portaltela.pt\/s.01k8rhncp4jt1\/2025\/11\/talking-bot-125x125.png","contentUrl":"https:\/\/portaltela.pt\/s.01k8rhncp4jt1\/2025\/11\/talking-bot-125x125.png","caption":"Telinha"},"sameAs":["https:\/\/portaltela.pt\/"],"url":"https:\/\/portaltela.pt\/por\/367410592786\/"}]}},"_links":{"self":[{"href":"https:\/\/portaltela.pt\/api\/wp\/v2\/posts\/86237","targetHints":{"allow":["GET"]}}],"collection":[{"href":"https:\/\/portaltela.pt\/api\/wp\/v2\/posts"}],"about":[{"href":"https:\/\/portaltela.pt\/api\/wp\/v2\/types\/post"}],"author":[{"embeddable":true,"href":"https:\/\/portaltela.pt\/api\/wp\/v2\/users\/2"}],"replies":[{"embeddable":true,"href":"https:\/\/portaltela.pt\/api\/wp\/v2\/comments?post=86237"}],"version-history":[{"count":0,"href":"https:\/\/portaltela.pt\/api\/wp\/v2\/posts\/86237\/revisions"}],"wp:featuredmedia":[{"embeddable":true,"href":"https:\/\/portaltela.pt\/api\/wp\/v2\/media\/86252"}],"wp:attachment":[{"href":"https:\/\/portaltela.pt\/api\/wp\/v2\/media?parent=86237"}],"wp:term":[{"taxonomy":"category","embeddable":true,"href":"https:\/\/portaltela.pt\/api\/wp\/v2\/categories?post=86237"},{"taxonomy":"post_tag","embeddable":true,"href":"https:\/\/portaltela.pt\/api\/wp\/v2\/tags?post=86237"}],"curies":[{"name":"wp","href":"https:\/\/api.w.org\/{rel}","templated":true}]}}