{"id":85669,"date":"2025-12-19T05:49:00","date_gmt":"2025-12-19T08:49:00","guid":{"rendered":"https:\/\/portaltela.pt\/noticias\/2025\/12\/19\/gnr-detem-19-condutores-por-alcool-em-excesso-no-1o-dia-da-operacao-natal\/"},"modified":"2025-12-19T05:49:00","modified_gmt":"2025-12-19T08:49:00","slug":"gnr-detem-19-condutores-por-alcool-em-excesso-no-1o-dia-da-operacao-natal","status":"publish","type":"post","link":"https:\/\/portaltela.pt\/noticias\/2025\/12\/19\/gnr-detem-19-condutores-por-alcool-em-excesso-no-1o-dia-da-operacao-natal\/","title":{"rendered":"GNR det\u00e9m 19 condutores por \u00e1lcool em excesso no 1\u00ba dia da opera\u00e7\u00e3o Natal"},"content":{"rendered":"<p>A Guarda Nacional Republicana (GNR) deteve 19 condutores por excesso de \u00e1lcool no sangue, durante o primeiro dia da opera\u00e7\u00e3o Natal e Ano Novo 2025\/2026. A opera\u00e7\u00e3o arrancou na quinta-feira e j\u00e1 regista um morto. Em 2.347 fiscaliza\u00e7\u00f5es, 31 conduziam com excesso de \u00e1lcool.<\/p>\n<p>Da totalidade, 19 estavam com uma taxa igual ou superior a 1,2 g\/l, crime previsto. Ainda foram detidas 11 pessoas por condu\u00e7\u00e3o sem habilita\u00e7\u00e3o legal. No conjunto de contraordena\u00e7\u00f5es, a GNR contabilizou 578 infra\u00e7\u00f5es.<\/p>\n<p>Entre estas, 200 dizem respeito a excesso de velocidade, 12 a excesso de \u00e1lcool, 11 por falta\/incumprimento do cinto e cadeirinhas, e 11 por uso indevido do telem\u00f3vel. Registadas foram 60 contraordena\u00e7\u00f5es por falta de inspe\u00e7\u00e3o, 16 por falta de seguro obrigat\u00f3rio.<\/p>\n<p>Ao todo, no primeiro dia da opera\u00e7\u00e3o Natal e Ano Novo, a GNR registou 177 acidentes. Houve um morto, tr\u00eas feridos graves e 42 ligeiros. As autoridades refor\u00e7am o patrulhamento na \u00e1rea rodovi\u00e1ria e zonas comerciais.<\/p>\n<h3>Fases da opera\u00e7\u00e3o e foco de atua\u00e7\u00e3o<\/h3>\n<p>A opera\u00e7\u00e3o, que termina a 4 de janeiro, decorre em duas fases: Natal, entre 18 e 26 de dezembro, e Ano Novo, entre 27 de dezembro e 4 de janeiro. O refor\u00e7o da fiscaliza\u00e7\u00e3o incide na condu\u00e7\u00e3o sob \u00e1lcool e subst\u00e2ncias, velocidade, telem\u00f3vel e cinto de seguran\u00e7a.<\/p>\n<p>Durante a primeira fase, o patrulhamento foca as vias que conduzem \u00e0 regi\u00e3o norte; no Ano Novo, as a\u00e7\u00f5es intensificam-se nas estradas do sul. A GNR mant\u00e9m aten\u00e7\u00e3o especial a condutores sem habilita\u00e7\u00e3o, \u00e0s fiscaliza\u00e7\u00f5es a ve\u00edculos e ao cumprimento de inspe\u00e7\u00f5es obrigat\u00f3rias.<\/p>\n","protected":false},"excerpt":{"rendered":"<ul>\n<li>A GNR deteve 19 condutores por condu\u00e7\u00e3o com \u00e1lcool no sangue igual ou superior a 1,2 g\/l, no primeiro dia da opera\u00e7\u00e3o Natal e Ano Novo 2025\/2026.<\/li>\n<li>Foram fiscalizados 2.347 condutores; 31 conduziam com excesso de \u00e1lcool e 19 tinham taxa igual ou superior a 1,2 g\/l.<\/li>\n<li>Foram detidas 11 pessoas por condu\u00e7\u00e3o sem habilita\u00e7\u00e3o legal.<\/li>\n<li>No dia ocorreram 177 acidentes, com um morto, tr\u00eas feridos graves e 42 ligeiros.<\/li>\n<li>A opera\u00e7\u00e3o decorre at\u00e9 4 de janeiro, com Natal entre 18 e 26 de dezembro e Ano Novo entre 27 de dezembro e 4 de janeiro, com refor\u00e7o de patrulhamento e fiscaliza\u00e7\u00e3o rodovi\u00e1ria.<\/li>\n<\/ul>\n","protected":false},"author":2,"featured_media":85672,"comment_status":"closed","ping_status":"closed","sticky":false,"template":"","format":"standard","meta":{"footnotes":""},"categories":[1],"tags":[583,160,221,965,1663,1271],"class_list":["post-85669","post","type-post","status-publish","format-standard","has-post-thumbnail","hentry","category-noticias","tag-conducao-sem-carta","tag-conducao-sem-habilitacao","tag-excesso-de-alcool","tag-excesso-de-velocidade","tag-falta-incumprimento-do-cinto-e-cadeirinhas","tag-uso-indevido-do-telemovel"],"yoast_head":"<!-- This site is optimized with the Yoast SEO plugin v27.2 - https:\/\/yoast.com\/product\/yoast-seo-wordpress\/ -->\n<title>GNR det\u00e9m 19 condutores por \u00e1lcool em excesso no 1\u00ba dia da opera\u00e7\u00e3o Natal - Portal Tela Portugal<\/title>\n<meta name=\"robots\" content=\"index, follow, max-snippet:-1, max-image-preview:large, max-video-preview:-1\" \/>\n<meta property=\"og:locale\" content=\"pt_PT\" \/>\n<meta property=\"og:type\" content=\"article\" \/>\n<meta property=\"og:title\" content=\"GNR det\u00e9m 19 condutores por \u00e1lcool em excesso no 1\u00ba dia da opera\u00e7\u00e3o Natal - Portal Tela Portugal\" \/>\n<meta property=\"og:description\" content=\"A GNR deteve 19 condutores por condu\u00e7\u00e3o com \u00e1lcool no sangue igual ou superior a 1,2 g\/l, no primeiro dia da opera\u00e7\u00e3o Natal e Ano Novo 2025\/2026. Foram fiscalizados 2.347 condutores; 31 conduziam com excesso de \u00e1lcool e 19 tinham taxa igual ou superior a 1,2 g\/l. Foram detidas 11 pessoas por condu\u00e7\u00e3o sem habilita\u00e7\u00e3o legal. No dia ocorreram 177 acidentes, com um morto, tr\u00eas feridos graves e 42 ligeiros. A opera\u00e7\u00e3o decorre at\u00e9 4 de janeiro, com Natal entre 18 e 26 de dezembro e Ano Novo entre 27 de dezembro e 4 de janeiro, com refor\u00e7o de patrulhamento e fiscaliza\u00e7\u00e3o rodovi\u00e1ria.\" \/>\n<meta property=\"og:url\" content=\"https:\/\/portaltela.pt\/noticias\/2025\/12\/19\/gnr-detem-19-condutores-por-alcool-em-excesso-no-1o-dia-da-operacao-natal\/\" \/>\n<meta property=\"og:site_name\" content=\"Portal Tela Portugal\" \/>\n<meta property=\"article:published_time\" content=\"2025-12-19T08:49:00+00:00\" \/>\n<meta name=\"author\" content=\"Telinha\" \/>\n<meta name=\"twitter:card\" content=\"summary_large_image\" \/>\n<meta name=\"twitter:label1\" content=\"Escrito por\" \/>\n\t<meta name=\"twitter:data1\" content=\"Telinha\" \/>\n\t<meta name=\"twitter:label2\" content=\"Tempo estimado de leitura\" \/>\n\t<meta name=\"twitter:data2\" content=\"1 minuto\" \/>\n<script type=\"application\/ld+json\" class=\"yoast-schema-graph\">{\"@context\":\"https:\/\/schema.org\",\"@graph\":[{\"@type\":\"Article\",\"@id\":\"https:\/\/portaltela.pt\/noticias\/2025\/12\/19\/gnr-detem-19-condutores-por-alcool-em-excesso-no-1o-dia-da-operacao-natal\/#article\",\"isPartOf\":{\"@id\":\"https:\/\/portaltela.pt\/noticias\/2025\/12\/19\/gnr-detem-19-condutores-por-alcool-em-excesso-no-1o-dia-da-operacao-natal\/\"},\"author\":{\"name\":\"Telinha\",\"@id\":\"https:\/\/portaltela.pt\/#\/schema\/person\/c4278d4a6028830caff9ee44b42d32ed\"},\"headline\":\"GNR det\u00e9m 19 condutores por \u00e1lcool em excesso no 1\u00ba dia da opera\u00e7\u00e3o Natal\",\"datePublished\":\"2025-12-19T08:49:00+00:00\",\"mainEntityOfPage\":{\"@id\":\"https:\/\/portaltela.pt\/noticias\/2025\/12\/19\/gnr-detem-19-condutores-por-alcool-em-excesso-no-1o-dia-da-operacao-natal\/\"},\"wordCount\":280,\"image\":{\"@id\":\"https:\/\/portaltela.pt\/noticias\/2025\/12\/19\/gnr-detem-19-condutores-por-alcool-em-excesso-no-1o-dia-da-operacao-natal\/#primaryimage\"},\"thumbnailUrl\":\"https:\/\/portaltela.pt\/s.01k8rhncp4jt1\/2025\/12\/img_1500x1000uu2023-05-30-20-51-00-1361283.jpg\",\"keywords\":[\"condu\u00e7\u00e3o sem carta\",\"condu\u00e7\u00e3o sem habilita\u00e7\u00e3o\",\"excesso de \u00e1lcool\",\"excesso de velocidade\",\"falta\/incumprimento do cinto e cadeirinhas\",\"uso indevido do telem\u00f3vel\"],\"articleSection\":[\"Not\u00edcias\"],\"inLanguage\":\"pt-PT\"},{\"@type\":\"WebPage\",\"@id\":\"https:\/\/portaltela.pt\/noticias\/2025\/12\/19\/gnr-detem-19-condutores-por-alcool-em-excesso-no-1o-dia-da-operacao-natal\/\",\"url\":\"https:\/\/portaltela.pt\/noticias\/2025\/12\/19\/gnr-detem-19-condutores-por-alcool-em-excesso-no-1o-dia-da-operacao-natal\/\",\"name\":\"GNR det\u00e9m 19 condutores por \u00e1lcool em excesso no 1\u00ba dia da opera\u00e7\u00e3o Natal - Portal Tela Portugal\",\"isPartOf\":{\"@id\":\"https:\/\/portaltela.pt\/#website\"},\"primaryImageOfPage\":{\"@id\":\"https:\/\/portaltela.pt\/noticias\/2025\/12\/19\/gnr-detem-19-condutores-por-alcool-em-excesso-no-1o-dia-da-operacao-natal\/#primaryimage\"},\"image\":{\"@id\":\"https:\/\/portaltela.pt\/noticias\/2025\/12\/19\/gnr-detem-19-condutores-por-alcool-em-excesso-no-1o-dia-da-operacao-natal\/#primaryimage\"},\"thumbnailUrl\":\"https:\/\/portaltela.pt\/s.01k8rhncp4jt1\/2025\/12\/img_1500x1000uu2023-05-30-20-51-00-1361283.jpg\",\"datePublished\":\"2025-12-19T08:49:00+00:00\",\"author\":{\"@id\":\"https:\/\/portaltela.pt\/#\/schema\/person\/c4278d4a6028830caff9ee44b42d32ed\"},\"breadcrumb\":{\"@id\":\"https:\/\/portaltela.pt\/noticias\/2025\/12\/19\/gnr-detem-19-condutores-por-alcool-em-excesso-no-1o-dia-da-operacao-natal\/#breadcrumb\"},\"inLanguage\":\"pt-PT\",\"potentialAction\":[{\"@type\":\"ReadAction\",\"target\":[\"https:\/\/portaltela.pt\/noticias\/2025\/12\/19\/gnr-detem-19-condutores-por-alcool-em-excesso-no-1o-dia-da-operacao-natal\/\"]}]},{\"@type\":\"ImageObject\",\"inLanguage\":\"pt-PT\",\"@id\":\"https:\/\/portaltela.pt\/noticias\/2025\/12\/19\/gnr-detem-19-condutores-por-alcool-em-excesso-no-1o-dia-da-operacao-natal\/#primaryimage\",\"url\":\"https:\/\/portaltela.pt\/s.01k8rhncp4jt1\/2025\/12\/img_1500x1000uu2023-05-30-20-51-00-1361283.jpg\",\"contentUrl\":\"https:\/\/portaltela.pt\/s.01k8rhncp4jt1\/2025\/12\/img_1500x1000uu2023-05-30-20-51-00-1361283.jpg\",\"width\":796,\"height\":448,\"caption\":\"GNR\"},{\"@type\":\"BreadcrumbList\",\"@id\":\"https:\/\/portaltela.pt\/noticias\/2025\/12\/19\/gnr-detem-19-condutores-por-alcool-em-excesso-no-1o-dia-da-operacao-natal\/#breadcrumb\",\"itemListElement\":[{\"@type\":\"ListItem\",\"position\":1,\"name\":\"In\u00edcio\",\"item\":\"https:\/\/portaltela.pt\/\"},{\"@type\":\"ListItem\",\"position\":2,\"name\":\"GNR det\u00e9m 19 condutores por \u00e1lcool em excesso no 1\u00ba dia da opera\u00e7\u00e3o Natal\"}]},{\"@type\":\"WebSite\",\"@id\":\"https:\/\/portaltela.pt\/#website\",\"url\":\"https:\/\/portaltela.pt\/\",\"name\":\"Portal Tela Portugal\",\"description\":\"\",\"potentialAction\":[{\"@type\":\"SearchAction\",\"target\":{\"@type\":\"EntryPoint\",\"urlTemplate\":\"https:\/\/portaltela.pt\/?s={search_term_string}\"},\"query-input\":{\"@type\":\"PropertyValueSpecification\",\"valueRequired\":true,\"valueName\":\"search_term_string\"}}],\"inLanguage\":\"pt-PT\"},{\"@type\":\"Person\",\"@id\":\"https:\/\/portaltela.pt\/#\/schema\/person\/c4278d4a6028830caff9ee44b42d32ed\",\"name\":\"Telinha\",\"image\":{\"@type\":\"ImageObject\",\"inLanguage\":\"pt-PT\",\"@id\":\"https:\/\/portaltela.pt\/s.01k8rhncp4jt1\/2025\/11\/talking-bot-125x125.png\",\"url\":\"https:\/\/portaltela.pt\/s.01k8rhncp4jt1\/2025\/11\/talking-bot-125x125.png\",\"contentUrl\":\"https:\/\/portaltela.pt\/s.01k8rhncp4jt1\/2025\/11\/talking-bot-125x125.png\",\"caption\":\"Telinha\"},\"sameAs\":[\"https:\/\/portaltela.pt\/\"],\"url\":\"https:\/\/portaltela.pt\/por\/367410592786\/\"}]}<\/script>\n<!-- \/ Yoast SEO plugin. -->","yoast_head_json":{"title":"GNR det\u00e9m 19 condutores por \u00e1lcool em excesso no 1\u00ba dia da opera\u00e7\u00e3o Natal - Portal Tela Portugal","robots":{"index":"index","follow":"follow","max-snippet":"max-snippet:-1","max-image-preview":"max-image-preview:large","max-video-preview":"max-video-preview:-1"},"og_locale":"pt_PT","og_type":"article","og_title":"GNR det\u00e9m 19 condutores por \u00e1lcool em excesso no 1\u00ba dia da opera\u00e7\u00e3o Natal - Portal Tela Portugal","og_description":"A GNR deteve 19 condutores por condu\u00e7\u00e3o com \u00e1lcool no sangue igual ou superior a 1,2 g\/l, no primeiro dia da opera\u00e7\u00e3o Natal e Ano Novo 2025\/2026. Foram fiscalizados 2.347 condutores; 31 conduziam com excesso de \u00e1lcool e 19 tinham taxa igual ou superior a 1,2 g\/l. Foram detidas 11 pessoas por condu\u00e7\u00e3o sem habilita\u00e7\u00e3o legal. No dia ocorreram 177 acidentes, com um morto, tr\u00eas feridos graves e 42 ligeiros. A opera\u00e7\u00e3o decorre at\u00e9 4 de janeiro, com Natal entre 18 e 26 de dezembro e Ano Novo entre 27 de dezembro e 4 de janeiro, com refor\u00e7o de patrulhamento e fiscaliza\u00e7\u00e3o rodovi\u00e1ria.","og_url":"https:\/\/portaltela.pt\/noticias\/2025\/12\/19\/gnr-detem-19-condutores-por-alcool-em-excesso-no-1o-dia-da-operacao-natal\/","og_site_name":"Portal Tela Portugal","article_published_time":"2025-12-19T08:49:00+00:00","author":"Telinha","twitter_card":"summary_large_image","twitter_misc":{"Escrito por":"Telinha","Tempo estimado de leitura":"1 minuto"},"schema":{"@context":"https:\/\/schema.org","@graph":[{"@type":"Article","@id":"https:\/\/portaltela.pt\/noticias\/2025\/12\/19\/gnr-detem-19-condutores-por-alcool-em-excesso-no-1o-dia-da-operacao-natal\/#article","isPartOf":{"@id":"https:\/\/portaltela.pt\/noticias\/2025\/12\/19\/gnr-detem-19-condutores-por-alcool-em-excesso-no-1o-dia-da-operacao-natal\/"},"author":{"name":"Telinha","@id":"https:\/\/portaltela.pt\/#\/schema\/person\/c4278d4a6028830caff9ee44b42d32ed"},"headline":"GNR det\u00e9m 19 condutores por \u00e1lcool em excesso no 1\u00ba dia da opera\u00e7\u00e3o Natal","datePublished":"2025-12-19T08:49:00+00:00","mainEntityOfPage":{"@id":"https:\/\/portaltela.pt\/noticias\/2025\/12\/19\/gnr-detem-19-condutores-por-alcool-em-excesso-no-1o-dia-da-operacao-natal\/"},"wordCount":280,"image":{"@id":"https:\/\/portaltela.pt\/noticias\/2025\/12\/19\/gnr-detem-19-condutores-por-alcool-em-excesso-no-1o-dia-da-operacao-natal\/#primaryimage"},"thumbnailUrl":"https:\/\/portaltela.pt\/s.01k8rhncp4jt1\/2025\/12\/img_1500x1000uu2023-05-30-20-51-00-1361283.jpg","keywords":["condu\u00e7\u00e3o sem carta","condu\u00e7\u00e3o sem habilita\u00e7\u00e3o","excesso de \u00e1lcool","excesso de velocidade","falta\/incumprimento do cinto e cadeirinhas","uso indevido do telem\u00f3vel"],"articleSection":["Not\u00edcias"],"inLanguage":"pt-PT"},{"@type":"WebPage","@id":"https:\/\/portaltela.pt\/noticias\/2025\/12\/19\/gnr-detem-19-condutores-por-alcool-em-excesso-no-1o-dia-da-operacao-natal\/","url":"https:\/\/portaltela.pt\/noticias\/2025\/12\/19\/gnr-detem-19-condutores-por-alcool-em-excesso-no-1o-dia-da-operacao-natal\/","name":"GNR det\u00e9m 19 condutores por \u00e1lcool em excesso no 1\u00ba dia da opera\u00e7\u00e3o Natal - Portal Tela Portugal","isPartOf":{"@id":"https:\/\/portaltela.pt\/#website"},"primaryImageOfPage":{"@id":"https:\/\/portaltela.pt\/noticias\/2025\/12\/19\/gnr-detem-19-condutores-por-alcool-em-excesso-no-1o-dia-da-operacao-natal\/#primaryimage"},"image":{"@id":"https:\/\/portaltela.pt\/noticias\/2025\/12\/19\/gnr-detem-19-condutores-por-alcool-em-excesso-no-1o-dia-da-operacao-natal\/#primaryimage"},"thumbnailUrl":"https:\/\/portaltela.pt\/s.01k8rhncp4jt1\/2025\/12\/img_1500x1000uu2023-05-30-20-51-00-1361283.jpg","datePublished":"2025-12-19T08:49:00+00:00","author":{"@id":"https:\/\/portaltela.pt\/#\/schema\/person\/c4278d4a6028830caff9ee44b42d32ed"},"breadcrumb":{"@id":"https:\/\/portaltela.pt\/noticias\/2025\/12\/19\/gnr-detem-19-condutores-por-alcool-em-excesso-no-1o-dia-da-operacao-natal\/#breadcrumb"},"inLanguage":"pt-PT","potentialAction":[{"@type":"ReadAction","target":["https:\/\/portaltela.pt\/noticias\/2025\/12\/19\/gnr-detem-19-condutores-por-alcool-em-excesso-no-1o-dia-da-operacao-natal\/"]}]},{"@type":"ImageObject","inLanguage":"pt-PT","@id":"https:\/\/portaltela.pt\/noticias\/2025\/12\/19\/gnr-detem-19-condutores-por-alcool-em-excesso-no-1o-dia-da-operacao-natal\/#primaryimage","url":"https:\/\/portaltela.pt\/s.01k8rhncp4jt1\/2025\/12\/img_1500x1000uu2023-05-30-20-51-00-1361283.jpg","contentUrl":"https:\/\/portaltela.pt\/s.01k8rhncp4jt1\/2025\/12\/img_1500x1000uu2023-05-30-20-51-00-1361283.jpg","width":796,"height":448,"caption":"GNR"},{"@type":"BreadcrumbList","@id":"https:\/\/portaltela.pt\/noticias\/2025\/12\/19\/gnr-detem-19-condutores-por-alcool-em-excesso-no-1o-dia-da-operacao-natal\/#breadcrumb","itemListElement":[{"@type":"ListItem","position":1,"name":"In\u00edcio","item":"https:\/\/portaltela.pt\/"},{"@type":"ListItem","position":2,"name":"GNR det\u00e9m 19 condutores por \u00e1lcool em excesso no 1\u00ba dia da opera\u00e7\u00e3o Natal"}]},{"@type":"WebSite","@id":"https:\/\/portaltela.pt\/#website","url":"https:\/\/portaltela.pt\/","name":"Portal Tela Portugal","description":"","potentialAction":[{"@type":"SearchAction","target":{"@type":"EntryPoint","urlTemplate":"https:\/\/portaltela.pt\/?s={search_term_string}"},"query-input":{"@type":"PropertyValueSpecification","valueRequired":true,"valueName":"search_term_string"}}],"inLanguage":"pt-PT"},{"@type":"Person","@id":"https:\/\/portaltela.pt\/#\/schema\/person\/c4278d4a6028830caff9ee44b42d32ed","name":"Telinha","image":{"@type":"ImageObject","inLanguage":"pt-PT","@id":"https:\/\/portaltela.pt\/s.01k8rhncp4jt1\/2025\/11\/talking-bot-125x125.png","url":"https:\/\/portaltela.pt\/s.01k8rhncp4jt1\/2025\/11\/talking-bot-125x125.png","contentUrl":"https:\/\/portaltela.pt\/s.01k8rhncp4jt1\/2025\/11\/talking-bot-125x125.png","caption":"Telinha"},"sameAs":["https:\/\/portaltela.pt\/"],"url":"https:\/\/portaltela.pt\/por\/367410592786\/"}]}},"_links":{"self":[{"href":"https:\/\/portaltela.pt\/api\/wp\/v2\/posts\/85669","targetHints":{"allow":["GET"]}}],"collection":[{"href":"https:\/\/portaltela.pt\/api\/wp\/v2\/posts"}],"about":[{"href":"https:\/\/portaltela.pt\/api\/wp\/v2\/types\/post"}],"author":[{"embeddable":true,"href":"https:\/\/portaltela.pt\/api\/wp\/v2\/users\/2"}],"replies":[{"embeddable":true,"href":"https:\/\/portaltela.pt\/api\/wp\/v2\/comments?post=85669"}],"version-history":[{"count":0,"href":"https:\/\/portaltela.pt\/api\/wp\/v2\/posts\/85669\/revisions"}],"wp:featuredmedia":[{"embeddable":true,"href":"https:\/\/portaltela.pt\/api\/wp\/v2\/media\/85672"}],"wp:attachment":[{"href":"https:\/\/portaltela.pt\/api\/wp\/v2\/media?parent=85669"}],"wp:term":[{"taxonomy":"category","embeddable":true,"href":"https:\/\/portaltela.pt\/api\/wp\/v2\/categories?post=85669"},{"taxonomy":"post_tag","embeddable":true,"href":"https:\/\/portaltela.pt\/api\/wp\/v2\/tags?post=85669"}],"curies":[{"name":"wp","href":"https:\/\/api.w.org\/{rel}","templated":true}]}}