{"id":85663,"date":"2025-12-19T05:55:00","date_gmt":"2025-12-19T08:55:00","guid":{"rendered":"https:\/\/portaltela.pt\/noticias\/2025\/12\/19\/governo-trump-incentiva-homens-brancos-a-denunciar-discriminacao-no-trabalho\/"},"modified":"2025-12-19T05:55:00","modified_gmt":"2025-12-19T08:55:00","slug":"governo-trump-incentiva-homens-brancos-a-denunciar-discriminacao-no-trabalho","status":"publish","type":"post","link":"https:\/\/portaltela.pt\/noticias\/politica\/2025\/12\/19\/governo-trump-incentiva-homens-brancos-a-denunciar-discriminacao-no-trabalho\/","title":{"rendered":"Governo Trump incentiva homens brancos a denunciar discrimina\u00e7\u00e3o no trabalho"},"content":{"rendered":"<p>O governo de Donald Trump pediu aos homens brancos que aleguem discrimina\u00e7\u00e3o no trabalho que apresentem queixa junto da Comiss\u00e3o Federal para a Igualdade de Oportunidades no Emprego (EEOC), ag\u00eancia criada pela Lei dos Direitos Civis de 1964 para combater a segrega\u00e7\u00e3o. A medida foi anunciada atrav\u00e9s de um v\u00eddeo divulgado na rede social X e partilhado pelo vice-presidente, J. D. Vance.<\/p>\n<p>A presidente da EEOC, Andrea Lucas, explicou que a ag\u00eancia pode considerar casos em que haja discrimina\u00e7\u00e3o com base no sexo ou na ra\u00e7a, incluindo alega\u00e7\u00f5es em que o alvo seja um homem branco. A mensagem refor\u00e7ou o compromisso da EEOC em identificar, combater e eliminar todas as formas de discrimina\u00e7\u00e3o. A comunica\u00e7\u00e3o ocorreu num momento de debate p\u00fablico sobre pr\u00e1ticas de diversidade, equidade e inclus\u00e3o.<\/p>\n<p>Desde que retornou \u00e0 presid\u00eancia, em janeiro, o governo de Trump tem promovido uma revis\u00e3o de pol\u00edticas associadas a a\u00e7\u00f5es afirmativas, com foco em DEI (Diversidade, Equidade e Inclus\u00e3o). Cr\u00edticos do movimento apontam para a oposi\u00e7\u00e3o ao que chamam de ativismo identificado como woke, especialmente em ambientes institucionais e empresariais.<\/p>\n<p>O vice-presidente Vance destacou, numa publica\u00e7\u00e3o no X, que o DEI seria um sistema de discrimina\u00e7\u00e3o contra homens brancos. A presidente da EEOC respondeu, via rede social, que a discrimina\u00e7\u00e3o com base na ra\u00e7a ou no sexo n\u00e3o ser\u00e1 tolerada e que a ag\u00eancia n\u00e3o cessar\u00e1 a atua\u00e7\u00e3o at\u00e9 erradicar tais pr\u00e1ticas.<\/p>\n<p>Estudos e dados econ\u00f3micos s\u00e3o citados para contextualizar a conversa. Um estudo da Universidade de Massachusetts aponta que a propor\u00e7\u00e3o de funcion\u00e1rios afro-americanos que recorrem \u00e0 EEOC \u00e9 substancialmente maior do que a de funcion\u00e1rios brancos. Dados de 2020 mostram diferen\u00e7as de patrim\u00f3nio entre fam\u00edlias brancas e afro-americanas, conforme o Pew Research Center.<\/p>\n","protected":false},"excerpt":{"rendered":"<ul>\n<li>A Administra\u00e7\u00e3o de Donald Trump pediu aos homens brancos que apresentem queixas por discrimina\u00e7\u00e3o no local de trabalho junto da Comiss\u00e3o Federal para a Igualdade de Oportunidades no Emprego (EEOC), criada pela Lei dos Direitos Civis de 1964.<\/li>\n<li>Andrea Lucas, presidente da EEOC, afirmou num v\u00eddeo publicado na rede X que homens brancos podem ter direito a indemniza\u00e7\u00e3o por discrimina\u00e7\u00e3o com base no sexo ou na ra\u00e7a; o v\u00eddeo foi partilhado pelo vice-presidente J. D. Vance.<\/li>\n<li>A EEOC destacou no seu site o apoio a quem alegue discrimina\u00e7\u00e3o positiva ou antiamericana, dizendo que vai identificar, combater e eliminar todas as formas de discrimina\u00e7\u00e3o com base na ra\u00e7a e no sexo.<\/li>\n<li>O debate sobre Diversidade, Equidade e Inclus\u00e3o (DEI) ganha impulso entre conservadores, com J. D. Vance a descrever o movimento como discriminat\u00f3rio contra homens brancos; a presidente da EEOC reagiu a apoiar a elimina\u00e7\u00e3o dessa discrimina\u00e7\u00e3o.<\/li>\n<li>Estudos citados indicam que, segundo a Universidade de Massachusetts, a propor\u00e7\u00e3o de funcion\u00e1rios afro-americanos a apresentar queixas \u00e0 EEOC \u00e9 195 vezes superior \u00e0 de funcion\u00e1rios brancos; dados do Pew Research Center de 2020 mostram um patrim\u00f3nio l\u00edquido m\u00e9dio das fam\u00edlias brancas cerca de dez vezes superior ao das fam\u00edlias afro-americanas.<\/li>\n<\/ul>\n","protected":false},"author":2,"featured_media":85664,"comment_status":"closed","ping_status":"closed","sticky":false,"template":"","format":"standard","meta":{"footnotes":""},"categories":[1,5],"tags":[212,370,1428,1614,229,133],"class_list":["post-85663","post","type-post","status-publish","format-standard","has-post-thumbnail","hentry","category-noticias","category-politica","tag-abuso-de-poder","tag-cidadania","tag-direitos-publicos","tag-discriminacao-agravada","tag-politica-publica","tag-politicas-publicas"],"yoast_head":"<!-- This site is optimized with the Yoast SEO plugin v27.2 - https:\/\/yoast.com\/product\/yoast-seo-wordpress\/ -->\n<title>Governo Trump incentiva homens brancos a denunciar discrimina\u00e7\u00e3o no trabalho - Portal Tela Portugal<\/title>\n<meta name=\"robots\" content=\"index, follow, max-snippet:-1, max-image-preview:large, max-video-preview:-1\" \/>\n<meta property=\"og:locale\" content=\"pt_PT\" \/>\n<meta property=\"og:type\" content=\"article\" \/>\n<meta property=\"og:title\" content=\"Governo Trump incentiva homens brancos a denunciar discrimina\u00e7\u00e3o no trabalho - Portal Tela Portugal\" \/>\n<meta property=\"og:description\" content=\"A Administra\u00e7\u00e3o de Donald Trump pediu aos homens brancos que apresentem queixas por discrimina\u00e7\u00e3o no local de trabalho junto da Comiss\u00e3o Federal para a Igualdade de Oportunidades no Emprego (EEOC), criada pela Lei dos Direitos Civis de 1964. Andrea Lucas, presidente da EEOC, afirmou num v\u00eddeo publicado na rede X que homens brancos podem ter direito a indemniza\u00e7\u00e3o por discrimina\u00e7\u00e3o com base no sexo ou na ra\u00e7a; o v\u00eddeo foi partilhado pelo vice-presidente J. D. Vance. A EEOC destacou no seu site o apoio a quem alegue discrimina\u00e7\u00e3o positiva ou antiamericana, dizendo que vai identificar, combater e eliminar todas as formas de discrimina\u00e7\u00e3o com base na ra\u00e7a e no sexo. O debate sobre Diversidade, Equidade e Inclus\u00e3o (DEI) ganha impulso entre conservadores, com J. D. Vance a descrever o movimento como discriminat\u00f3rio contra homens brancos; a presidente da EEOC reagiu a apoiar a elimina\u00e7\u00e3o dessa discrimina\u00e7\u00e3o. Estudos citados indicam que, segundo a Universidade de Massachusetts, a propor\u00e7\u00e3o de funcion\u00e1rios afro-americanos a apresentar queixas \u00e0 EEOC \u00e9 195 vezes superior \u00e0 de funcion\u00e1rios brancos; dados do Pew Research Center de 2020 mostram um patrim\u00f3nio l\u00edquido m\u00e9dio das fam\u00edlias brancas cerca de dez vezes superior ao das fam\u00edlias afro-americanas.\" \/>\n<meta property=\"og:url\" content=\"https:\/\/portaltela.pt\/noticias\/2025\/12\/19\/governo-trump-incentiva-homens-brancos-a-denunciar-discriminacao-no-trabalho\/\" \/>\n<meta property=\"og:site_name\" content=\"Portal Tela Portugal\" \/>\n<meta property=\"article:published_time\" content=\"2025-12-19T08:55:00+00:00\" \/>\n<meta name=\"author\" content=\"Telinha\" \/>\n<meta name=\"twitter:card\" content=\"summary_large_image\" \/>\n<meta name=\"twitter:label1\" content=\"Escrito por\" \/>\n\t<meta name=\"twitter:data1\" content=\"Telinha\" \/>\n\t<meta name=\"twitter:label2\" content=\"Tempo estimado de leitura\" \/>\n\t<meta name=\"twitter:data2\" content=\"2 minutos\" \/>\n<script type=\"application\/ld+json\" class=\"yoast-schema-graph\">{\"@context\":\"https:\/\/schema.org\",\"@graph\":[{\"@type\":\"Article\",\"@id\":\"https:\/\/portaltela.pt\/noticias\/2025\/12\/19\/governo-trump-incentiva-homens-brancos-a-denunciar-discriminacao-no-trabalho\/#article\",\"isPartOf\":{\"@id\":\"https:\/\/portaltela.pt\/noticias\/2025\/12\/19\/governo-trump-incentiva-homens-brancos-a-denunciar-discriminacao-no-trabalho\/\"},\"author\":{\"name\":\"Telinha\",\"@id\":\"https:\/\/portaltela.pt\/#\/schema\/person\/c4278d4a6028830caff9ee44b42d32ed\"},\"headline\":\"Governo Trump incentiva homens brancos a denunciar discrimina\u00e7\u00e3o no trabalho\",\"datePublished\":\"2025-12-19T08:55:00+00:00\",\"mainEntityOfPage\":{\"@id\":\"https:\/\/portaltela.pt\/noticias\/2025\/12\/19\/governo-trump-incentiva-homens-brancos-a-denunciar-discriminacao-no-trabalho\/\"},\"wordCount\":329,\"image\":{\"@id\":\"https:\/\/portaltela.pt\/noticias\/2025\/12\/19\/governo-trump-incentiva-homens-brancos-a-denunciar-discriminacao-no-trabalho\/#primaryimage\"},\"thumbnailUrl\":\"https:\/\/portaltela.pt\/s.01k8rhncp4jt1\/2025\/12\/2053586.jpg\",\"keywords\":[\"abuso de poder\",\"cidadania\",\"direitos p\u00fablicos\",\"discrimina\u00e7\u00e3o agravada\",\"pol\u00edtica p\u00fablica\",\"pol\u00edticas p\u00fablicas\"],\"articleSection\":[\"Not\u00edcias\",\"Pol\u00edtica\"],\"inLanguage\":\"pt-PT\"},{\"@type\":\"WebPage\",\"@id\":\"https:\/\/portaltela.pt\/noticias\/2025\/12\/19\/governo-trump-incentiva-homens-brancos-a-denunciar-discriminacao-no-trabalho\/\",\"url\":\"https:\/\/portaltela.pt\/noticias\/2025\/12\/19\/governo-trump-incentiva-homens-brancos-a-denunciar-discriminacao-no-trabalho\/\",\"name\":\"Governo Trump incentiva homens brancos a denunciar discrimina\u00e7\u00e3o no trabalho - Portal Tela Portugal\",\"isPartOf\":{\"@id\":\"https:\/\/portaltela.pt\/#website\"},\"primaryImageOfPage\":{\"@id\":\"https:\/\/portaltela.pt\/noticias\/2025\/12\/19\/governo-trump-incentiva-homens-brancos-a-denunciar-discriminacao-no-trabalho\/#primaryimage\"},\"image\":{\"@id\":\"https:\/\/portaltela.pt\/noticias\/2025\/12\/19\/governo-trump-incentiva-homens-brancos-a-denunciar-discriminacao-no-trabalho\/#primaryimage\"},\"thumbnailUrl\":\"https:\/\/portaltela.pt\/s.01k8rhncp4jt1\/2025\/12\/2053586.jpg\",\"datePublished\":\"2025-12-19T08:55:00+00:00\",\"author\":{\"@id\":\"https:\/\/portaltela.pt\/#\/schema\/person\/c4278d4a6028830caff9ee44b42d32ed\"},\"breadcrumb\":{\"@id\":\"https:\/\/portaltela.pt\/noticias\/2025\/12\/19\/governo-trump-incentiva-homens-brancos-a-denunciar-discriminacao-no-trabalho\/#breadcrumb\"},\"inLanguage\":\"pt-PT\",\"potentialAction\":[{\"@type\":\"ReadAction\",\"target\":[\"https:\/\/portaltela.pt\/noticias\/2025\/12\/19\/governo-trump-incentiva-homens-brancos-a-denunciar-discriminacao-no-trabalho\/\"]}]},{\"@type\":\"ImageObject\",\"inLanguage\":\"pt-PT\",\"@id\":\"https:\/\/portaltela.pt\/noticias\/2025\/12\/19\/governo-trump-incentiva-homens-brancos-a-denunciar-discriminacao-no-trabalho\/#primaryimage\",\"url\":\"https:\/\/portaltela.pt\/s.01k8rhncp4jt1\/2025\/12\/2053586.jpg\",\"contentUrl\":\"https:\/\/portaltela.pt\/s.01k8rhncp4jt1\/2025\/12\/2053586.jpg\",\"width\":796,\"height\":448,\"caption\":\"J. D. Vance acha que as leis que existem causam \\\"discrimina\u00e7\u00e3o, especialmente contra os homens brancos\\\"\"},{\"@type\":\"BreadcrumbList\",\"@id\":\"https:\/\/portaltela.pt\/noticias\/2025\/12\/19\/governo-trump-incentiva-homens-brancos-a-denunciar-discriminacao-no-trabalho\/#breadcrumb\",\"itemListElement\":[{\"@type\":\"ListItem\",\"position\":1,\"name\":\"In\u00edcio\",\"item\":\"https:\/\/portaltela.pt\/\"},{\"@type\":\"ListItem\",\"position\":2,\"name\":\"Governo Trump incentiva homens brancos a denunciar discrimina\u00e7\u00e3o no trabalho\"}]},{\"@type\":\"WebSite\",\"@id\":\"https:\/\/portaltela.pt\/#website\",\"url\":\"https:\/\/portaltela.pt\/\",\"name\":\"Portal Tela Portugal\",\"description\":\"\",\"potentialAction\":[{\"@type\":\"SearchAction\",\"target\":{\"@type\":\"EntryPoint\",\"urlTemplate\":\"https:\/\/portaltela.pt\/?s={search_term_string}\"},\"query-input\":{\"@type\":\"PropertyValueSpecification\",\"valueRequired\":true,\"valueName\":\"search_term_string\"}}],\"inLanguage\":\"pt-PT\"},{\"@type\":\"Person\",\"@id\":\"https:\/\/portaltela.pt\/#\/schema\/person\/c4278d4a6028830caff9ee44b42d32ed\",\"name\":\"Telinha\",\"image\":{\"@type\":\"ImageObject\",\"inLanguage\":\"pt-PT\",\"@id\":\"https:\/\/portaltela.pt\/s.01k8rhncp4jt1\/2025\/11\/talking-bot-125x125.png\",\"url\":\"https:\/\/portaltela.pt\/s.01k8rhncp4jt1\/2025\/11\/talking-bot-125x125.png\",\"contentUrl\":\"https:\/\/portaltela.pt\/s.01k8rhncp4jt1\/2025\/11\/talking-bot-125x125.png\",\"caption\":\"Telinha\"},\"sameAs\":[\"https:\/\/portaltela.pt\/\"],\"url\":\"https:\/\/portaltela.pt\/por\/367410592786\/\"}]}<\/script>\n<!-- \/ Yoast SEO plugin. -->","yoast_head_json":{"title":"Governo Trump incentiva homens brancos a denunciar discrimina\u00e7\u00e3o no trabalho - Portal Tela Portugal","robots":{"index":"index","follow":"follow","max-snippet":"max-snippet:-1","max-image-preview":"max-image-preview:large","max-video-preview":"max-video-preview:-1"},"og_locale":"pt_PT","og_type":"article","og_title":"Governo Trump incentiva homens brancos a denunciar discrimina\u00e7\u00e3o no trabalho - Portal Tela Portugal","og_description":"A Administra\u00e7\u00e3o de Donald Trump pediu aos homens brancos que apresentem queixas por discrimina\u00e7\u00e3o no local de trabalho junto da Comiss\u00e3o Federal para a Igualdade de Oportunidades no Emprego (EEOC), criada pela Lei dos Direitos Civis de 1964. Andrea Lucas, presidente da EEOC, afirmou num v\u00eddeo publicado na rede X que homens brancos podem ter direito a indemniza\u00e7\u00e3o por discrimina\u00e7\u00e3o com base no sexo ou na ra\u00e7a; o v\u00eddeo foi partilhado pelo vice-presidente J. D. Vance. A EEOC destacou no seu site o apoio a quem alegue discrimina\u00e7\u00e3o positiva ou antiamericana, dizendo que vai identificar, combater e eliminar todas as formas de discrimina\u00e7\u00e3o com base na ra\u00e7a e no sexo. O debate sobre Diversidade, Equidade e Inclus\u00e3o (DEI) ganha impulso entre conservadores, com J. D. Vance a descrever o movimento como discriminat\u00f3rio contra homens brancos; a presidente da EEOC reagiu a apoiar a elimina\u00e7\u00e3o dessa discrimina\u00e7\u00e3o. Estudos citados indicam que, segundo a Universidade de Massachusetts, a propor\u00e7\u00e3o de funcion\u00e1rios afro-americanos a apresentar queixas \u00e0 EEOC \u00e9 195 vezes superior \u00e0 de funcion\u00e1rios brancos; dados do Pew Research Center de 2020 mostram um patrim\u00f3nio l\u00edquido m\u00e9dio das fam\u00edlias brancas cerca de dez vezes superior ao das fam\u00edlias afro-americanas.","og_url":"https:\/\/portaltela.pt\/noticias\/2025\/12\/19\/governo-trump-incentiva-homens-brancos-a-denunciar-discriminacao-no-trabalho\/","og_site_name":"Portal Tela Portugal","article_published_time":"2025-12-19T08:55:00+00:00","author":"Telinha","twitter_card":"summary_large_image","twitter_misc":{"Escrito por":"Telinha","Tempo estimado de leitura":"2 minutos"},"schema":{"@context":"https:\/\/schema.org","@graph":[{"@type":"Article","@id":"https:\/\/portaltela.pt\/noticias\/2025\/12\/19\/governo-trump-incentiva-homens-brancos-a-denunciar-discriminacao-no-trabalho\/#article","isPartOf":{"@id":"https:\/\/portaltela.pt\/noticias\/2025\/12\/19\/governo-trump-incentiva-homens-brancos-a-denunciar-discriminacao-no-trabalho\/"},"author":{"name":"Telinha","@id":"https:\/\/portaltela.pt\/#\/schema\/person\/c4278d4a6028830caff9ee44b42d32ed"},"headline":"Governo Trump incentiva homens brancos a denunciar discrimina\u00e7\u00e3o no trabalho","datePublished":"2025-12-19T08:55:00+00:00","mainEntityOfPage":{"@id":"https:\/\/portaltela.pt\/noticias\/2025\/12\/19\/governo-trump-incentiva-homens-brancos-a-denunciar-discriminacao-no-trabalho\/"},"wordCount":329,"image":{"@id":"https:\/\/portaltela.pt\/noticias\/2025\/12\/19\/governo-trump-incentiva-homens-brancos-a-denunciar-discriminacao-no-trabalho\/#primaryimage"},"thumbnailUrl":"https:\/\/portaltela.pt\/s.01k8rhncp4jt1\/2025\/12\/2053586.jpg","keywords":["abuso de poder","cidadania","direitos p\u00fablicos","discrimina\u00e7\u00e3o agravada","pol\u00edtica p\u00fablica","pol\u00edticas p\u00fablicas"],"articleSection":["Not\u00edcias","Pol\u00edtica"],"inLanguage":"pt-PT"},{"@type":"WebPage","@id":"https:\/\/portaltela.pt\/noticias\/2025\/12\/19\/governo-trump-incentiva-homens-brancos-a-denunciar-discriminacao-no-trabalho\/","url":"https:\/\/portaltela.pt\/noticias\/2025\/12\/19\/governo-trump-incentiva-homens-brancos-a-denunciar-discriminacao-no-trabalho\/","name":"Governo Trump incentiva homens brancos a denunciar discrimina\u00e7\u00e3o no trabalho - Portal Tela Portugal","isPartOf":{"@id":"https:\/\/portaltela.pt\/#website"},"primaryImageOfPage":{"@id":"https:\/\/portaltela.pt\/noticias\/2025\/12\/19\/governo-trump-incentiva-homens-brancos-a-denunciar-discriminacao-no-trabalho\/#primaryimage"},"image":{"@id":"https:\/\/portaltela.pt\/noticias\/2025\/12\/19\/governo-trump-incentiva-homens-brancos-a-denunciar-discriminacao-no-trabalho\/#primaryimage"},"thumbnailUrl":"https:\/\/portaltela.pt\/s.01k8rhncp4jt1\/2025\/12\/2053586.jpg","datePublished":"2025-12-19T08:55:00+00:00","author":{"@id":"https:\/\/portaltela.pt\/#\/schema\/person\/c4278d4a6028830caff9ee44b42d32ed"},"breadcrumb":{"@id":"https:\/\/portaltela.pt\/noticias\/2025\/12\/19\/governo-trump-incentiva-homens-brancos-a-denunciar-discriminacao-no-trabalho\/#breadcrumb"},"inLanguage":"pt-PT","potentialAction":[{"@type":"ReadAction","target":["https:\/\/portaltela.pt\/noticias\/2025\/12\/19\/governo-trump-incentiva-homens-brancos-a-denunciar-discriminacao-no-trabalho\/"]}]},{"@type":"ImageObject","inLanguage":"pt-PT","@id":"https:\/\/portaltela.pt\/noticias\/2025\/12\/19\/governo-trump-incentiva-homens-brancos-a-denunciar-discriminacao-no-trabalho\/#primaryimage","url":"https:\/\/portaltela.pt\/s.01k8rhncp4jt1\/2025\/12\/2053586.jpg","contentUrl":"https:\/\/portaltela.pt\/s.01k8rhncp4jt1\/2025\/12\/2053586.jpg","width":796,"height":448,"caption":"J. D. Vance acha que as leis que existem causam \"discrimina\u00e7\u00e3o, especialmente contra os homens brancos\""},{"@type":"BreadcrumbList","@id":"https:\/\/portaltela.pt\/noticias\/2025\/12\/19\/governo-trump-incentiva-homens-brancos-a-denunciar-discriminacao-no-trabalho\/#breadcrumb","itemListElement":[{"@type":"ListItem","position":1,"name":"In\u00edcio","item":"https:\/\/portaltela.pt\/"},{"@type":"ListItem","position":2,"name":"Governo Trump incentiva homens brancos a denunciar discrimina\u00e7\u00e3o no trabalho"}]},{"@type":"WebSite","@id":"https:\/\/portaltela.pt\/#website","url":"https:\/\/portaltela.pt\/","name":"Portal Tela Portugal","description":"","potentialAction":[{"@type":"SearchAction","target":{"@type":"EntryPoint","urlTemplate":"https:\/\/portaltela.pt\/?s={search_term_string}"},"query-input":{"@type":"PropertyValueSpecification","valueRequired":true,"valueName":"search_term_string"}}],"inLanguage":"pt-PT"},{"@type":"Person","@id":"https:\/\/portaltela.pt\/#\/schema\/person\/c4278d4a6028830caff9ee44b42d32ed","name":"Telinha","image":{"@type":"ImageObject","inLanguage":"pt-PT","@id":"https:\/\/portaltela.pt\/s.01k8rhncp4jt1\/2025\/11\/talking-bot-125x125.png","url":"https:\/\/portaltela.pt\/s.01k8rhncp4jt1\/2025\/11\/talking-bot-125x125.png","contentUrl":"https:\/\/portaltela.pt\/s.01k8rhncp4jt1\/2025\/11\/talking-bot-125x125.png","caption":"Telinha"},"sameAs":["https:\/\/portaltela.pt\/"],"url":"https:\/\/portaltela.pt\/por\/367410592786\/"}]}},"_links":{"self":[{"href":"https:\/\/portaltela.pt\/api\/wp\/v2\/posts\/85663","targetHints":{"allow":["GET"]}}],"collection":[{"href":"https:\/\/portaltela.pt\/api\/wp\/v2\/posts"}],"about":[{"href":"https:\/\/portaltela.pt\/api\/wp\/v2\/types\/post"}],"author":[{"embeddable":true,"href":"https:\/\/portaltela.pt\/api\/wp\/v2\/users\/2"}],"replies":[{"embeddable":true,"href":"https:\/\/portaltela.pt\/api\/wp\/v2\/comments?post=85663"}],"version-history":[{"count":0,"href":"https:\/\/portaltela.pt\/api\/wp\/v2\/posts\/85663\/revisions"}],"wp:featuredmedia":[{"embeddable":true,"href":"https:\/\/portaltela.pt\/api\/wp\/v2\/media\/85664"}],"wp:attachment":[{"href":"https:\/\/portaltela.pt\/api\/wp\/v2\/media?parent=85663"}],"wp:term":[{"taxonomy":"category","embeddable":true,"href":"https:\/\/portaltela.pt\/api\/wp\/v2\/categories?post=85663"},{"taxonomy":"post_tag","embeddable":true,"href":"https:\/\/portaltela.pt\/api\/wp\/v2\/tags?post=85663"}],"curies":[{"name":"wp","href":"https:\/\/api.w.org\/{rel}","templated":true}]}}