{"id":85609,"date":"2025-12-19T05:14:00","date_gmt":"2025-12-19T08:14:00","guid":{"rendered":"https:\/\/portaltela.pt\/noticias\/2025\/12\/19\/massa-de-ar-polar-provoca-queda-de-neve-e-temperaturas-no-fim-de-semana\/"},"modified":"2025-12-19T05:14:00","modified_gmt":"2025-12-19T08:14:00","slug":"massa-de-ar-polar-provoca-queda-de-neve-e-temperaturas-no-fim-de-semana","status":"publish","type":"post","link":"https:\/\/portaltela.pt\/noticias\/2025\/12\/19\/massa-de-ar-polar-provoca-queda-de-neve-e-temperaturas-no-fim-de-semana\/","title":{"rendered":"Massa de ar polar provoca queda de neve e temperaturas no fim de semana"},"content":{"rendered":"<p>Portugal continental dever\u00e1 enfrentar, este fim de semana, uma massa de ar polar mar\u00edtima entre Isl\u00e2ndia e Pen\u00ednsula Ib\u00e9rica. A chuva pode transformar-se em neve a cotas mais baixas, com temperaturas a descer perto de 0\u00b0C no interior Norte e Centro.<\/p>\n<p>O IPMA descreve uma depress\u00e3o extensa que abrange a \u00e1rea entre a Isl\u00e2ndia e a Pen\u00ednsula Ib\u00e9rica. A situa\u00e7\u00e3o implica passagem de frentes frias e transporte de ar polar sobre o territ\u00f3rio a partir da tarde de s\u00e1bado, com precipita\u00e7\u00e3o mais intensa no litoral a Oeste inicialmente.<\/p>\n<h3>Condi\u00e7\u00f5es previstas<\/h3>\n<p>A sexta-feira deve registar precipita\u00e7\u00e3o moderada a forte, com melhoria gradual a partir da madrugada de s\u00e1bado no litoral oeste para o interior. A partir da tarde, a precipita\u00e7\u00e3o torna-se fraca e pouco frequente, estendendo-se \u00e0s regi\u00f5es lim\u00edtrofes.<\/p>\n<h3>Detalhes da neve e temperaturas<\/h3>\n<p>A neve estar\u00e1 acima de 1400\/1600 metros na tarde de s\u00e1bado, com descida para 800\/1000 metros. No domingo, a cota pode descer a 600 metros. Entre 5 e 15 cm \u00e9 esperada nas serras, podendo exceder 20-30 cm nos picas mais altos como Serra da Estrela, Ger\u00eas, Larouco, Alv\u00e3o\/Mar\u00e3o e Montemuro.<\/p>\n<p>As temperaturas m\u00ednimas poder\u00e3o ficar pr\u00f3ximas ou abaixo de 0\u00b0C no interior Norte e Centro, com m\u00e1ximas entre 10 e 16\u00b0C. Em \u00e1reas costeiras do Centro e Sul, os valores m\u00e1ximos devem ser mais elevados. Condi\u00e7\u00f5es de gelo podem ocorrer nas estradas das regi\u00f5es montanhosas.<\/p>\n<h3>Emiss\u00f5es e agita\u00e7\u00e3o mar\u00edtima<\/h3>\n<p>A agita\u00e7\u00e3o mar\u00edtima ser\u00e1 forte na costa ocidental, com ondas de noroeste entre 4 e 6 metros. O IPMA alerta para a probabilidade de gelo em vias de alto cotovelo, especialmente no Norte e Centro. O cen\u00e1rio meteorol\u00f3gico mant\u00e9m-se est\u00e1vel at\u00e9 ao domingo.<\/p>\n","protected":false},"excerpt":{"rendered":"<ul>\n<li>O IPMA prev\u00ea neve acima de 1.400\/1.600 metros a partir da tarde de s\u00e1bado, descendo at\u00e9 cerca de 600 metros no domingo, com acumula\u00e7\u00f5es entre 5 e 15 cm e, nos pontos mais altos, acima de 20\u201330 cm.<\/li>\n<li>A situa\u00e7\u00e3o deve-se a uma vasta regi\u00e3o depress\u00e1ria entre a Isl\u00e2ndia e a Pen\u00ednsula Ib\u00e9rica, com transporte de massa de ar polar mar\u00edtima para o continente a partir de s\u00e1bado.<\/li>\n<li>As temperaturas m\u00ednimas devem ficar pr\u00f3ximas de 0\u00b0C ou abaixo no interior norte e centro; as m\u00e1ximas variam entre 10 e 16\u00b0C, sendo inferiores a 10\u00b0C no interior.<\/li>\n<li>Pode haver gelo nas estradas nas regi\u00f5es mais elevadas e haver\u00e1 agita\u00e7\u00e3o mar\u00edtima com ondas de noroeste entre 4 e 6 m.<\/li>\n<li>A precipita\u00e7\u00e3o inicia na sexta-feira com chuva no litoral, generalizando-se a partir de s\u00e1bado em aguaceiros; h\u00e1 possibilidade de granizo no Norte e Centro.<\/li>\n<\/ul>\n","protected":false},"author":2,"featured_media":85617,"comment_status":"closed","ping_status":"closed","sticky":false,"template":"","format":"standard","meta":{"footnotes":""},"categories":[1],"tags":[183,1661,1660,1662,1014,1658],"class_list":["post-85609","post","type-post","status-publish","format-standard","has-post-thumbnail","hentry","category-noticias","tag-agitacao-maritima","tag-alvao-marao","tag-geres","tag-montemuro","tag-portugal","tag-serra-da-estrela"],"yoast_head":"<!-- This site is optimized with the Yoast SEO plugin v27.2 - https:\/\/yoast.com\/product\/yoast-seo-wordpress\/ -->\n<title>Massa de ar polar provoca queda de neve e temperaturas no fim de semana - Portal Tela Portugal<\/title>\n<meta name=\"robots\" content=\"index, follow, max-snippet:-1, max-image-preview:large, max-video-preview:-1\" \/>\n<meta property=\"og:locale\" content=\"pt_PT\" \/>\n<meta property=\"og:type\" content=\"article\" \/>\n<meta property=\"og:title\" content=\"Massa de ar polar provoca queda de neve e temperaturas no fim de semana - Portal Tela Portugal\" \/>\n<meta property=\"og:description\" content=\"O IPMA prev\u00ea neve acima de 1.400\/1.600 metros a partir da tarde de s\u00e1bado, descendo at\u00e9 cerca de 600 metros no domingo, com acumula\u00e7\u00f5es entre 5 e 15 cm e, nos pontos mais altos, acima de 20\u201330 cm. A situa\u00e7\u00e3o deve-se a uma vasta regi\u00e3o depress\u00e1ria entre a Isl\u00e2ndia e a Pen\u00ednsula Ib\u00e9rica, com transporte de massa de ar polar mar\u00edtima para o continente a partir de s\u00e1bado. As temperaturas m\u00ednimas devem ficar pr\u00f3ximas de 0\u00b0C ou abaixo no interior norte e centro; as m\u00e1ximas variam entre 10 e 16\u00b0C, sendo inferiores a 10\u00b0C no interior. Pode haver gelo nas estradas nas regi\u00f5es mais elevadas e haver\u00e1 agita\u00e7\u00e3o mar\u00edtima com ondas de noroeste entre 4 e 6 m. A precipita\u00e7\u00e3o inicia na sexta-feira com chuva no litoral, generalizando-se a partir de s\u00e1bado em aguaceiros; h\u00e1 possibilidade de granizo no Norte e Centro.\" \/>\n<meta property=\"og:url\" content=\"https:\/\/portaltela.pt\/noticias\/2025\/12\/19\/massa-de-ar-polar-provoca-queda-de-neve-e-temperaturas-no-fim-de-semana\/\" \/>\n<meta property=\"og:site_name\" content=\"Portal Tela Portugal\" \/>\n<meta property=\"article:published_time\" content=\"2025-12-19T08:14:00+00:00\" \/>\n<meta name=\"author\" content=\"Telinha\" \/>\n<meta name=\"twitter:card\" content=\"summary_large_image\" \/>\n<meta name=\"twitter:label1\" content=\"Escrito por\" \/>\n\t<meta name=\"twitter:data1\" content=\"Telinha\" \/>\n\t<meta name=\"twitter:label2\" content=\"Tempo estimado de leitura\" \/>\n\t<meta name=\"twitter:data2\" content=\"2 minutos\" \/>\n<script type=\"application\/ld+json\" class=\"yoast-schema-graph\">{\"@context\":\"https:\/\/schema.org\",\"@graph\":[{\"@type\":\"Article\",\"@id\":\"https:\/\/portaltela.pt\/noticias\/2025\/12\/19\/massa-de-ar-polar-provoca-queda-de-neve-e-temperaturas-no-fim-de-semana\/#article\",\"isPartOf\":{\"@id\":\"https:\/\/portaltela.pt\/noticias\/2025\/12\/19\/massa-de-ar-polar-provoca-queda-de-neve-e-temperaturas-no-fim-de-semana\/\"},\"author\":{\"name\":\"Telinha\",\"@id\":\"https:\/\/portaltela.pt\/#\/schema\/person\/c4278d4a6028830caff9ee44b42d32ed\"},\"headline\":\"Massa de ar polar provoca queda de neve e temperaturas no fim de semana\",\"datePublished\":\"2025-12-19T08:14:00+00:00\",\"mainEntityOfPage\":{\"@id\":\"https:\/\/portaltela.pt\/noticias\/2025\/12\/19\/massa-de-ar-polar-provoca-queda-de-neve-e-temperaturas-no-fim-de-semana\/\"},\"wordCount\":320,\"image\":{\"@id\":\"https:\/\/portaltela.pt\/noticias\/2025\/12\/19\/massa-de-ar-polar-provoca-queda-de-neve-e-temperaturas-no-fim-de-semana\/#primaryimage\"},\"thumbnailUrl\":\"https:\/\/portaltela.pt\/s.01k8rhncp4jt1\/2025\/12\/Pessoas_Frio.jpg\",\"keywords\":[\"agita\u00e7\u00e3o mar\u00edtima\",\"Alv\u00e3o\/Mar\u00e3o\",\"Ger\u00eas\",\"Montemuro\",\"Portugal\",\"Serra da Estrela\"],\"articleSection\":[\"Not\u00edcias\"],\"inLanguage\":\"pt-PT\"},{\"@type\":\"WebPage\",\"@id\":\"https:\/\/portaltela.pt\/noticias\/2025\/12\/19\/massa-de-ar-polar-provoca-queda-de-neve-e-temperaturas-no-fim-de-semana\/\",\"url\":\"https:\/\/portaltela.pt\/noticias\/2025\/12\/19\/massa-de-ar-polar-provoca-queda-de-neve-e-temperaturas-no-fim-de-semana\/\",\"name\":\"Massa de ar polar provoca queda de neve e temperaturas no fim de semana - Portal Tela Portugal\",\"isPartOf\":{\"@id\":\"https:\/\/portaltela.pt\/#website\"},\"primaryImageOfPage\":{\"@id\":\"https:\/\/portaltela.pt\/noticias\/2025\/12\/19\/massa-de-ar-polar-provoca-queda-de-neve-e-temperaturas-no-fim-de-semana\/#primaryimage\"},\"image\":{\"@id\":\"https:\/\/portaltela.pt\/noticias\/2025\/12\/19\/massa-de-ar-polar-provoca-queda-de-neve-e-temperaturas-no-fim-de-semana\/#primaryimage\"},\"thumbnailUrl\":\"https:\/\/portaltela.pt\/s.01k8rhncp4jt1\/2025\/12\/Pessoas_Frio.jpg\",\"datePublished\":\"2025-12-19T08:14:00+00:00\",\"author\":{\"@id\":\"https:\/\/portaltela.pt\/#\/schema\/person\/c4278d4a6028830caff9ee44b42d32ed\"},\"breadcrumb\":{\"@id\":\"https:\/\/portaltela.pt\/noticias\/2025\/12\/19\/massa-de-ar-polar-provoca-queda-de-neve-e-temperaturas-no-fim-de-semana\/#breadcrumb\"},\"inLanguage\":\"pt-PT\",\"potentialAction\":[{\"@type\":\"ReadAction\",\"target\":[\"https:\/\/portaltela.pt\/noticias\/2025\/12\/19\/massa-de-ar-polar-provoca-queda-de-neve-e-temperaturas-no-fim-de-semana\/\"]}]},{\"@type\":\"ImageObject\",\"inLanguage\":\"pt-PT\",\"@id\":\"https:\/\/portaltela.pt\/noticias\/2025\/12\/19\/massa-de-ar-polar-provoca-queda-de-neve-e-temperaturas-no-fim-de-semana\/#primaryimage\",\"url\":\"https:\/\/portaltela.pt\/s.01k8rhncp4jt1\/2025\/12\/Pessoas_Frio.jpg\",\"contentUrl\":\"https:\/\/portaltela.pt\/s.01k8rhncp4jt1\/2025\/12\/Pessoas_Frio.jpg\",\"width\":796,\"height\":448,\"caption\":\"Temperaturas v\u00e3o come\u00e7ar a descer no fim de semana\"},{\"@type\":\"BreadcrumbList\",\"@id\":\"https:\/\/portaltela.pt\/noticias\/2025\/12\/19\/massa-de-ar-polar-provoca-queda-de-neve-e-temperaturas-no-fim-de-semana\/#breadcrumb\",\"itemListElement\":[{\"@type\":\"ListItem\",\"position\":1,\"name\":\"In\u00edcio\",\"item\":\"https:\/\/portaltela.pt\/\"},{\"@type\":\"ListItem\",\"position\":2,\"name\":\"Massa de ar polar provoca queda de neve e temperaturas no fim de semana\"}]},{\"@type\":\"WebSite\",\"@id\":\"https:\/\/portaltela.pt\/#website\",\"url\":\"https:\/\/portaltela.pt\/\",\"name\":\"Portal Tela Portugal\",\"description\":\"\",\"potentialAction\":[{\"@type\":\"SearchAction\",\"target\":{\"@type\":\"EntryPoint\",\"urlTemplate\":\"https:\/\/portaltela.pt\/?s={search_term_string}\"},\"query-input\":{\"@type\":\"PropertyValueSpecification\",\"valueRequired\":true,\"valueName\":\"search_term_string\"}}],\"inLanguage\":\"pt-PT\"},{\"@type\":\"Person\",\"@id\":\"https:\/\/portaltela.pt\/#\/schema\/person\/c4278d4a6028830caff9ee44b42d32ed\",\"name\":\"Telinha\",\"image\":{\"@type\":\"ImageObject\",\"inLanguage\":\"pt-PT\",\"@id\":\"https:\/\/portaltela.pt\/s.01k8rhncp4jt1\/2025\/11\/talking-bot-125x125.png\",\"url\":\"https:\/\/portaltela.pt\/s.01k8rhncp4jt1\/2025\/11\/talking-bot-125x125.png\",\"contentUrl\":\"https:\/\/portaltela.pt\/s.01k8rhncp4jt1\/2025\/11\/talking-bot-125x125.png\",\"caption\":\"Telinha\"},\"sameAs\":[\"https:\/\/portaltela.pt\/\"],\"url\":\"https:\/\/portaltela.pt\/por\/367410592786\/\"}]}<\/script>\n<!-- \/ Yoast SEO plugin. -->","yoast_head_json":{"title":"Massa de ar polar provoca queda de neve e temperaturas no fim de semana - Portal Tela Portugal","robots":{"index":"index","follow":"follow","max-snippet":"max-snippet:-1","max-image-preview":"max-image-preview:large","max-video-preview":"max-video-preview:-1"},"og_locale":"pt_PT","og_type":"article","og_title":"Massa de ar polar provoca queda de neve e temperaturas no fim de semana - Portal Tela Portugal","og_description":"O IPMA prev\u00ea neve acima de 1.400\/1.600 metros a partir da tarde de s\u00e1bado, descendo at\u00e9 cerca de 600 metros no domingo, com acumula\u00e7\u00f5es entre 5 e 15 cm e, nos pontos mais altos, acima de 20\u201330 cm. A situa\u00e7\u00e3o deve-se a uma vasta regi\u00e3o depress\u00e1ria entre a Isl\u00e2ndia e a Pen\u00ednsula Ib\u00e9rica, com transporte de massa de ar polar mar\u00edtima para o continente a partir de s\u00e1bado. As temperaturas m\u00ednimas devem ficar pr\u00f3ximas de 0\u00b0C ou abaixo no interior norte e centro; as m\u00e1ximas variam entre 10 e 16\u00b0C, sendo inferiores a 10\u00b0C no interior. Pode haver gelo nas estradas nas regi\u00f5es mais elevadas e haver\u00e1 agita\u00e7\u00e3o mar\u00edtima com ondas de noroeste entre 4 e 6 m. A precipita\u00e7\u00e3o inicia na sexta-feira com chuva no litoral, generalizando-se a partir de s\u00e1bado em aguaceiros; h\u00e1 possibilidade de granizo no Norte e Centro.","og_url":"https:\/\/portaltela.pt\/noticias\/2025\/12\/19\/massa-de-ar-polar-provoca-queda-de-neve-e-temperaturas-no-fim-de-semana\/","og_site_name":"Portal Tela Portugal","article_published_time":"2025-12-19T08:14:00+00:00","author":"Telinha","twitter_card":"summary_large_image","twitter_misc":{"Escrito por":"Telinha","Tempo estimado de leitura":"2 minutos"},"schema":{"@context":"https:\/\/schema.org","@graph":[{"@type":"Article","@id":"https:\/\/portaltela.pt\/noticias\/2025\/12\/19\/massa-de-ar-polar-provoca-queda-de-neve-e-temperaturas-no-fim-de-semana\/#article","isPartOf":{"@id":"https:\/\/portaltela.pt\/noticias\/2025\/12\/19\/massa-de-ar-polar-provoca-queda-de-neve-e-temperaturas-no-fim-de-semana\/"},"author":{"name":"Telinha","@id":"https:\/\/portaltela.pt\/#\/schema\/person\/c4278d4a6028830caff9ee44b42d32ed"},"headline":"Massa de ar polar provoca queda de neve e temperaturas no fim de semana","datePublished":"2025-12-19T08:14:00+00:00","mainEntityOfPage":{"@id":"https:\/\/portaltela.pt\/noticias\/2025\/12\/19\/massa-de-ar-polar-provoca-queda-de-neve-e-temperaturas-no-fim-de-semana\/"},"wordCount":320,"image":{"@id":"https:\/\/portaltela.pt\/noticias\/2025\/12\/19\/massa-de-ar-polar-provoca-queda-de-neve-e-temperaturas-no-fim-de-semana\/#primaryimage"},"thumbnailUrl":"https:\/\/portaltela.pt\/s.01k8rhncp4jt1\/2025\/12\/Pessoas_Frio.jpg","keywords":["agita\u00e7\u00e3o mar\u00edtima","Alv\u00e3o\/Mar\u00e3o","Ger\u00eas","Montemuro","Portugal","Serra da Estrela"],"articleSection":["Not\u00edcias"],"inLanguage":"pt-PT"},{"@type":"WebPage","@id":"https:\/\/portaltela.pt\/noticias\/2025\/12\/19\/massa-de-ar-polar-provoca-queda-de-neve-e-temperaturas-no-fim-de-semana\/","url":"https:\/\/portaltela.pt\/noticias\/2025\/12\/19\/massa-de-ar-polar-provoca-queda-de-neve-e-temperaturas-no-fim-de-semana\/","name":"Massa de ar polar provoca queda de neve e temperaturas no fim de semana - Portal Tela Portugal","isPartOf":{"@id":"https:\/\/portaltela.pt\/#website"},"primaryImageOfPage":{"@id":"https:\/\/portaltela.pt\/noticias\/2025\/12\/19\/massa-de-ar-polar-provoca-queda-de-neve-e-temperaturas-no-fim-de-semana\/#primaryimage"},"image":{"@id":"https:\/\/portaltela.pt\/noticias\/2025\/12\/19\/massa-de-ar-polar-provoca-queda-de-neve-e-temperaturas-no-fim-de-semana\/#primaryimage"},"thumbnailUrl":"https:\/\/portaltela.pt\/s.01k8rhncp4jt1\/2025\/12\/Pessoas_Frio.jpg","datePublished":"2025-12-19T08:14:00+00:00","author":{"@id":"https:\/\/portaltela.pt\/#\/schema\/person\/c4278d4a6028830caff9ee44b42d32ed"},"breadcrumb":{"@id":"https:\/\/portaltela.pt\/noticias\/2025\/12\/19\/massa-de-ar-polar-provoca-queda-de-neve-e-temperaturas-no-fim-de-semana\/#breadcrumb"},"inLanguage":"pt-PT","potentialAction":[{"@type":"ReadAction","target":["https:\/\/portaltela.pt\/noticias\/2025\/12\/19\/massa-de-ar-polar-provoca-queda-de-neve-e-temperaturas-no-fim-de-semana\/"]}]},{"@type":"ImageObject","inLanguage":"pt-PT","@id":"https:\/\/portaltela.pt\/noticias\/2025\/12\/19\/massa-de-ar-polar-provoca-queda-de-neve-e-temperaturas-no-fim-de-semana\/#primaryimage","url":"https:\/\/portaltela.pt\/s.01k8rhncp4jt1\/2025\/12\/Pessoas_Frio.jpg","contentUrl":"https:\/\/portaltela.pt\/s.01k8rhncp4jt1\/2025\/12\/Pessoas_Frio.jpg","width":796,"height":448,"caption":"Temperaturas v\u00e3o come\u00e7ar a descer no fim de semana"},{"@type":"BreadcrumbList","@id":"https:\/\/portaltela.pt\/noticias\/2025\/12\/19\/massa-de-ar-polar-provoca-queda-de-neve-e-temperaturas-no-fim-de-semana\/#breadcrumb","itemListElement":[{"@type":"ListItem","position":1,"name":"In\u00edcio","item":"https:\/\/portaltela.pt\/"},{"@type":"ListItem","position":2,"name":"Massa de ar polar provoca queda de neve e temperaturas no fim de semana"}]},{"@type":"WebSite","@id":"https:\/\/portaltela.pt\/#website","url":"https:\/\/portaltela.pt\/","name":"Portal Tela Portugal","description":"","potentialAction":[{"@type":"SearchAction","target":{"@type":"EntryPoint","urlTemplate":"https:\/\/portaltela.pt\/?s={search_term_string}"},"query-input":{"@type":"PropertyValueSpecification","valueRequired":true,"valueName":"search_term_string"}}],"inLanguage":"pt-PT"},{"@type":"Person","@id":"https:\/\/portaltela.pt\/#\/schema\/person\/c4278d4a6028830caff9ee44b42d32ed","name":"Telinha","image":{"@type":"ImageObject","inLanguage":"pt-PT","@id":"https:\/\/portaltela.pt\/s.01k8rhncp4jt1\/2025\/11\/talking-bot-125x125.png","url":"https:\/\/portaltela.pt\/s.01k8rhncp4jt1\/2025\/11\/talking-bot-125x125.png","contentUrl":"https:\/\/portaltela.pt\/s.01k8rhncp4jt1\/2025\/11\/talking-bot-125x125.png","caption":"Telinha"},"sameAs":["https:\/\/portaltela.pt\/"],"url":"https:\/\/portaltela.pt\/por\/367410592786\/"}]}},"_links":{"self":[{"href":"https:\/\/portaltela.pt\/api\/wp\/v2\/posts\/85609","targetHints":{"allow":["GET"]}}],"collection":[{"href":"https:\/\/portaltela.pt\/api\/wp\/v2\/posts"}],"about":[{"href":"https:\/\/portaltela.pt\/api\/wp\/v2\/types\/post"}],"author":[{"embeddable":true,"href":"https:\/\/portaltela.pt\/api\/wp\/v2\/users\/2"}],"replies":[{"embeddable":true,"href":"https:\/\/portaltela.pt\/api\/wp\/v2\/comments?post=85609"}],"version-history":[{"count":0,"href":"https:\/\/portaltela.pt\/api\/wp\/v2\/posts\/85609\/revisions"}],"wp:featuredmedia":[{"embeddable":true,"href":"https:\/\/portaltela.pt\/api\/wp\/v2\/media\/85617"}],"wp:attachment":[{"href":"https:\/\/portaltela.pt\/api\/wp\/v2\/media?parent=85609"}],"wp:term":[{"taxonomy":"category","embeddable":true,"href":"https:\/\/portaltela.pt\/api\/wp\/v2\/categories?post=85609"},{"taxonomy":"post_tag","embeddable":true,"href":"https:\/\/portaltela.pt\/api\/wp\/v2\/tags?post=85609"}],"curies":[{"name":"wp","href":"https:\/\/api.w.org\/{rel}","templated":true}]}}