{"id":85472,"date":"2025-12-19T04:01:00","date_gmt":"2025-12-19T07:01:00","guid":{"rendered":"https:\/\/portaltela.pt\/noticias\/2025\/12\/19\/trump-incentiva-homens-brancos-a-denunciarem-discriminacao-no-trabalho\/"},"modified":"2025-12-19T04:01:00","modified_gmt":"2025-12-19T07:01:00","slug":"trump-incentiva-homens-brancos-a-denunciarem-discriminacao-no-trabalho","status":"publish","type":"post","link":"https:\/\/portaltela.pt\/noticias\/internacional\/2025\/12\/19\/trump-incentiva-homens-brancos-a-denunciarem-discriminacao-no-trabalho\/","title":{"rendered":"Trump incentiva homens brancos a denunciarem discrimina\u00e7\u00e3o no trabalho"},"content":{"rendered":"<p>O governo deDonald Trump apelou a homens brancos que alegam discrimina\u00e7\u00e3o no trabalho para apresentar queixas junto da EEOC, a Comiss\u00e3o Federal para a Igualdade de Oportunidades no Emprego. A mensagem foi veiculada por v\u00eddeo na rede X.<\/p>\n<p>A presidente da EEOC, Andrea Lucas, afirmou que homens brancos que sofrerem discrimina\u00e7\u00e3o por sexo ou ra\u00e7a podem ter direito a indemniza\u00e7\u00e3o. O v\u00eddeo foi partilhado pelo vice-presidente JD Vance na quarta-feira.<\/p>\n<p>A EEOC, criada pela Lei dos Direitos Civis de 1964, destaca no seu site o apoio a casos de discrimina\u00e7\u00e3o positiva ou antiamericana. A ag\u00eancia afirma estar empenhada em combater todas as formas de discrimina\u00e7\u00e3o.<\/p>\n<h3>Contexto institucional e contexto pol\u00edtico<\/h3>\n<p>Desde a tomada de posse de Trump, a administra\u00e7\u00e3o tem mostrado posicionamentos cr\u00edticos face \u00e0s pr\u00e1ticas de DEI, associadas a Diversidade, Equidade e Inclus\u00e3o. O movimento denuncia o que considera ativismo excessivo e woke.<\/p>\n<p>JD Vance publicou um artigo no X envolvendo um caso de discrimina\u00e7\u00e3o contra um jovem branco, refor\u00e7ando o argumento de que as pol\u00edticas DEI incidiriam de forma desigual. A resposta de Lucas refor\u00e7ou a den\u00fancia de discrimina\u00e7\u00e3o generalizada contra homens brancos.<\/p>\n<p>Estudos e dados relevantes s\u00e3o citados para sustentar o debate. Um estudo da Universidade de Massachusetts aponta que a propor\u00e7\u00e3o de queixas de afro-americanos na EEOC \u00e9 significativamente superior \u00e0 de brancos. Dados do Pew Research Center mostram diferen\u00e7as de patrim\u00f3nio entre fam\u00edlias brancas e afro-americanas.<\/p>\n<p>Leia tamb\u00e9m: Trump classifica a marijuana como droga menos perigosa.<\/p>\n","protected":false},"excerpt":{"rendered":"<ul>\n<li>A administra\u00e7\u00e3o de Donald Trump pediu aos homens brancos que se sintam discriminados no trabalho que apresentem queixas \u00e0 Comiss\u00e3o Federal para a Igualdade de Oportunidades no Emprego (EEOC).<\/li>\n<li>Andrea Lucas, presidente da EEOC, disse num v\u00eddeo publicado na X que homens brancos podem ter direito a indemniza\u00e7\u00e3o se forem alvo de discrimina\u00e7\u00e3o por sexo ou ra\u00e7a, e o v\u00eddeo foi partilhado pelo vice-presidente, JD Vance.<\/li>\n<li>A EEOC destaca no seu site o apoio a quem alegue discrimina\u00e7\u00e3o positiva ou \u201canti-americana\u201d e afirma estar empenhada em combater discrimina\u00e7\u00e3o com base na ra\u00e7a e no sexo, incluindo contra homens brancos.<\/li>\n<li>JD Vance associou-se ao tema, citando um artigo na X em que um argumentista de Hollywood afirma ter sido recusado num projeto por ser branco jovem, refor\u00e7ando cr\u00edticas ao movimento DEI (Diversidade, Equidade e Inclus\u00e3o).<\/li>\n<li>Dados citados incluem um estudo da Universidade de Massachusetts que indica que a propor\u00e7\u00e3o de queixas de funcion\u00e1rios afro-americanos \u00e9 195 vezes superior \u00e0 de funcion\u00e1rios brancos; e de 2020, o patrim\u00f3nio l\u00edquido m\u00e9dio das fam\u00edlias brancas era cerca de 10 vezes o das afro-americanas, segundo o Pew Research Center.<\/li>\n<\/ul>\n","protected":false},"author":2,"featured_media":85474,"comment_status":"closed","ping_status":"closed","sticky":false,"template":"","format":"standard","meta":{"footnotes":""},"categories":[4,1],"tags":[1428,1614,1600,34,803,229],"class_list":["post-85472","post","type-post","status-publish","format-standard","has-post-thumbnail","hentry","category-internacional","category-noticias","tag-direitos-publicos","tag-discriminacao-agravada","tag-estados-unidos","tag-governo","tag-justica","tag-politica-publica"],"yoast_head":"<!-- This site is optimized with the Yoast SEO plugin v27.2 - https:\/\/yoast.com\/product\/yoast-seo-wordpress\/ -->\n<title>Trump incentiva homens brancos a denunciarem discrimina\u00e7\u00e3o no trabalho - Portal Tela Portugal<\/title>\n<meta name=\"robots\" content=\"index, follow, max-snippet:-1, max-image-preview:large, max-video-preview:-1\" \/>\n<meta property=\"og:locale\" content=\"pt_PT\" \/>\n<meta property=\"og:type\" content=\"article\" \/>\n<meta property=\"og:title\" content=\"Trump incentiva homens brancos a denunciarem discrimina\u00e7\u00e3o no trabalho - Portal Tela Portugal\" \/>\n<meta property=\"og:description\" content=\"A administra\u00e7\u00e3o de Donald Trump pediu aos homens brancos que se sintam discriminados no trabalho que apresentem queixas \u00e0 Comiss\u00e3o Federal para a Igualdade de Oportunidades no Emprego (EEOC). Andrea Lucas, presidente da EEOC, disse num v\u00eddeo publicado na X que homens brancos podem ter direito a indemniza\u00e7\u00e3o se forem alvo de discrimina\u00e7\u00e3o por sexo ou ra\u00e7a, e o v\u00eddeo foi partilhado pelo vice-presidente, JD Vance. A EEOC destaca no seu site o apoio a quem alegue discrimina\u00e7\u00e3o positiva ou \u201canti-americana\u201d e afirma estar empenhada em combater discrimina\u00e7\u00e3o com base na ra\u00e7a e no sexo, incluindo contra homens brancos. JD Vance associou-se ao tema, citando um artigo na X em que um argumentista de Hollywood afirma ter sido recusado num projeto por ser branco jovem, refor\u00e7ando cr\u00edticas ao movimento DEI (Diversidade, Equidade e Inclus\u00e3o). Dados citados incluem um estudo da Universidade de Massachusetts que indica que a propor\u00e7\u00e3o de queixas de funcion\u00e1rios afro-americanos \u00e9 195 vezes superior \u00e0 de funcion\u00e1rios brancos; e de 2020, o patrim\u00f3nio l\u00edquido m\u00e9dio das fam\u00edlias brancas era cerca de 10 vezes o das afro-americanas, segundo o Pew Research Center.\" \/>\n<meta property=\"og:url\" content=\"https:\/\/portaltela.pt\/noticias\/2025\/12\/19\/trump-incentiva-homens-brancos-a-denunciarem-discriminacao-no-trabalho\/\" \/>\n<meta property=\"og:site_name\" content=\"Portal Tela Portugal\" \/>\n<meta property=\"article:published_time\" content=\"2025-12-19T07:01:00+00:00\" \/>\n<meta name=\"author\" content=\"Telinha\" \/>\n<meta name=\"twitter:card\" content=\"summary_large_image\" \/>\n<meta name=\"twitter:label1\" content=\"Escrito por\" \/>\n\t<meta name=\"twitter:data1\" content=\"Telinha\" \/>\n\t<meta name=\"twitter:label2\" content=\"Tempo estimado de leitura\" \/>\n\t<meta name=\"twitter:data2\" content=\"1 minuto\" \/>\n<script type=\"application\/ld+json\" class=\"yoast-schema-graph\">{\"@context\":\"https:\/\/schema.org\",\"@graph\":[{\"@type\":\"Article\",\"@id\":\"https:\/\/portaltela.pt\/noticias\/2025\/12\/19\/trump-incentiva-homens-brancos-a-denunciarem-discriminacao-no-trabalho\/#article\",\"isPartOf\":{\"@id\":\"https:\/\/portaltela.pt\/noticias\/2025\/12\/19\/trump-incentiva-homens-brancos-a-denunciarem-discriminacao-no-trabalho\/\"},\"author\":{\"name\":\"Telinha\",\"@id\":\"https:\/\/portaltela.pt\/#\/schema\/person\/c4278d4a6028830caff9ee44b42d32ed\"},\"headline\":\"Trump incentiva homens brancos a denunciarem discrimina\u00e7\u00e3o no trabalho\",\"datePublished\":\"2025-12-19T07:01:00+00:00\",\"mainEntityOfPage\":{\"@id\":\"https:\/\/portaltela.pt\/noticias\/2025\/12\/19\/trump-incentiva-homens-brancos-a-denunciarem-discriminacao-no-trabalho\/\"},\"wordCount\":275,\"image\":{\"@id\":\"https:\/\/portaltela.pt\/noticias\/2025\/12\/19\/trump-incentiva-homens-brancos-a-denunciarem-discriminacao-no-trabalho\/#primaryimage\"},\"thumbnailUrl\":\"https:\/\/portaltela.pt\/s.01k8rhncp4jt1\/2025\/12\/unnamed-file-465.jpg\",\"keywords\":[\"direitos p\u00fablicos\",\"discrimina\u00e7\u00e3o agravada\",\"Estados Unidos\",\"governo\",\"justi\u00e7a\",\"pol\u00edtica p\u00fablica\"],\"articleSection\":[\"Internacional\",\"Not\u00edcias\"],\"inLanguage\":\"pt-PT\"},{\"@type\":\"WebPage\",\"@id\":\"https:\/\/portaltela.pt\/noticias\/2025\/12\/19\/trump-incentiva-homens-brancos-a-denunciarem-discriminacao-no-trabalho\/\",\"url\":\"https:\/\/portaltela.pt\/noticias\/2025\/12\/19\/trump-incentiva-homens-brancos-a-denunciarem-discriminacao-no-trabalho\/\",\"name\":\"Trump incentiva homens brancos a denunciarem discrimina\u00e7\u00e3o no trabalho - Portal Tela Portugal\",\"isPartOf\":{\"@id\":\"https:\/\/portaltela.pt\/#website\"},\"primaryImageOfPage\":{\"@id\":\"https:\/\/portaltela.pt\/noticias\/2025\/12\/19\/trump-incentiva-homens-brancos-a-denunciarem-discriminacao-no-trabalho\/#primaryimage\"},\"image\":{\"@id\":\"https:\/\/portaltela.pt\/noticias\/2025\/12\/19\/trump-incentiva-homens-brancos-a-denunciarem-discriminacao-no-trabalho\/#primaryimage\"},\"thumbnailUrl\":\"https:\/\/portaltela.pt\/s.01k8rhncp4jt1\/2025\/12\/unnamed-file-465.jpg\",\"datePublished\":\"2025-12-19T07:01:00+00:00\",\"author\":{\"@id\":\"https:\/\/portaltela.pt\/#\/schema\/person\/c4278d4a6028830caff9ee44b42d32ed\"},\"breadcrumb\":{\"@id\":\"https:\/\/portaltela.pt\/noticias\/2025\/12\/19\/trump-incentiva-homens-brancos-a-denunciarem-discriminacao-no-trabalho\/#breadcrumb\"},\"inLanguage\":\"pt-PT\",\"potentialAction\":[{\"@type\":\"ReadAction\",\"target\":[\"https:\/\/portaltela.pt\/noticias\/2025\/12\/19\/trump-incentiva-homens-brancos-a-denunciarem-discriminacao-no-trabalho\/\"]}]},{\"@type\":\"ImageObject\",\"inLanguage\":\"pt-PT\",\"@id\":\"https:\/\/portaltela.pt\/noticias\/2025\/12\/19\/trump-incentiva-homens-brancos-a-denunciarem-discriminacao-no-trabalho\/#primaryimage\",\"url\":\"https:\/\/portaltela.pt\/s.01k8rhncp4jt1\/2025\/12\/unnamed-file-465.jpg\",\"contentUrl\":\"https:\/\/portaltela.pt\/s.01k8rhncp4jt1\/2025\/12\/unnamed-file-465.jpg\",\"width\":796,\"height\":448,\"caption\":\"Trump insta homens brancos a denunciaram discrimina\u00e7\u00e3o no trabalho\"},{\"@type\":\"BreadcrumbList\",\"@id\":\"https:\/\/portaltela.pt\/noticias\/2025\/12\/19\/trump-incentiva-homens-brancos-a-denunciarem-discriminacao-no-trabalho\/#breadcrumb\",\"itemListElement\":[{\"@type\":\"ListItem\",\"position\":1,\"name\":\"In\u00edcio\",\"item\":\"https:\/\/portaltela.pt\/\"},{\"@type\":\"ListItem\",\"position\":2,\"name\":\"Trump incentiva homens brancos a denunciarem discrimina\u00e7\u00e3o no trabalho\"}]},{\"@type\":\"WebSite\",\"@id\":\"https:\/\/portaltela.pt\/#website\",\"url\":\"https:\/\/portaltela.pt\/\",\"name\":\"Portal Tela Portugal\",\"description\":\"\",\"potentialAction\":[{\"@type\":\"SearchAction\",\"target\":{\"@type\":\"EntryPoint\",\"urlTemplate\":\"https:\/\/portaltela.pt\/?s={search_term_string}\"},\"query-input\":{\"@type\":\"PropertyValueSpecification\",\"valueRequired\":true,\"valueName\":\"search_term_string\"}}],\"inLanguage\":\"pt-PT\"},{\"@type\":\"Person\",\"@id\":\"https:\/\/portaltela.pt\/#\/schema\/person\/c4278d4a6028830caff9ee44b42d32ed\",\"name\":\"Telinha\",\"image\":{\"@type\":\"ImageObject\",\"inLanguage\":\"pt-PT\",\"@id\":\"https:\/\/portaltela.pt\/s.01k8rhncp4jt1\/2025\/11\/talking-bot-125x125.png\",\"url\":\"https:\/\/portaltela.pt\/s.01k8rhncp4jt1\/2025\/11\/talking-bot-125x125.png\",\"contentUrl\":\"https:\/\/portaltela.pt\/s.01k8rhncp4jt1\/2025\/11\/talking-bot-125x125.png\",\"caption\":\"Telinha\"},\"sameAs\":[\"https:\/\/portaltela.pt\/\"],\"url\":\"https:\/\/portaltela.pt\/por\/367410592786\/\"}]}<\/script>\n<!-- \/ Yoast SEO plugin. -->","yoast_head_json":{"title":"Trump incentiva homens brancos a denunciarem discrimina\u00e7\u00e3o no trabalho - Portal Tela Portugal","robots":{"index":"index","follow":"follow","max-snippet":"max-snippet:-1","max-image-preview":"max-image-preview:large","max-video-preview":"max-video-preview:-1"},"og_locale":"pt_PT","og_type":"article","og_title":"Trump incentiva homens brancos a denunciarem discrimina\u00e7\u00e3o no trabalho - Portal Tela Portugal","og_description":"A administra\u00e7\u00e3o de Donald Trump pediu aos homens brancos que se sintam discriminados no trabalho que apresentem queixas \u00e0 Comiss\u00e3o Federal para a Igualdade de Oportunidades no Emprego (EEOC). Andrea Lucas, presidente da EEOC, disse num v\u00eddeo publicado na X que homens brancos podem ter direito a indemniza\u00e7\u00e3o se forem alvo de discrimina\u00e7\u00e3o por sexo ou ra\u00e7a, e o v\u00eddeo foi partilhado pelo vice-presidente, JD Vance. A EEOC destaca no seu site o apoio a quem alegue discrimina\u00e7\u00e3o positiva ou \u201canti-americana\u201d e afirma estar empenhada em combater discrimina\u00e7\u00e3o com base na ra\u00e7a e no sexo, incluindo contra homens brancos. JD Vance associou-se ao tema, citando um artigo na X em que um argumentista de Hollywood afirma ter sido recusado num projeto por ser branco jovem, refor\u00e7ando cr\u00edticas ao movimento DEI (Diversidade, Equidade e Inclus\u00e3o). Dados citados incluem um estudo da Universidade de Massachusetts que indica que a propor\u00e7\u00e3o de queixas de funcion\u00e1rios afro-americanos \u00e9 195 vezes superior \u00e0 de funcion\u00e1rios brancos; e de 2020, o patrim\u00f3nio l\u00edquido m\u00e9dio das fam\u00edlias brancas era cerca de 10 vezes o das afro-americanas, segundo o Pew Research Center.","og_url":"https:\/\/portaltela.pt\/noticias\/2025\/12\/19\/trump-incentiva-homens-brancos-a-denunciarem-discriminacao-no-trabalho\/","og_site_name":"Portal Tela Portugal","article_published_time":"2025-12-19T07:01:00+00:00","author":"Telinha","twitter_card":"summary_large_image","twitter_misc":{"Escrito por":"Telinha","Tempo estimado de leitura":"1 minuto"},"schema":{"@context":"https:\/\/schema.org","@graph":[{"@type":"Article","@id":"https:\/\/portaltela.pt\/noticias\/2025\/12\/19\/trump-incentiva-homens-brancos-a-denunciarem-discriminacao-no-trabalho\/#article","isPartOf":{"@id":"https:\/\/portaltela.pt\/noticias\/2025\/12\/19\/trump-incentiva-homens-brancos-a-denunciarem-discriminacao-no-trabalho\/"},"author":{"name":"Telinha","@id":"https:\/\/portaltela.pt\/#\/schema\/person\/c4278d4a6028830caff9ee44b42d32ed"},"headline":"Trump incentiva homens brancos a denunciarem discrimina\u00e7\u00e3o no trabalho","datePublished":"2025-12-19T07:01:00+00:00","mainEntityOfPage":{"@id":"https:\/\/portaltela.pt\/noticias\/2025\/12\/19\/trump-incentiva-homens-brancos-a-denunciarem-discriminacao-no-trabalho\/"},"wordCount":275,"image":{"@id":"https:\/\/portaltela.pt\/noticias\/2025\/12\/19\/trump-incentiva-homens-brancos-a-denunciarem-discriminacao-no-trabalho\/#primaryimage"},"thumbnailUrl":"https:\/\/portaltela.pt\/s.01k8rhncp4jt1\/2025\/12\/unnamed-file-465.jpg","keywords":["direitos p\u00fablicos","discrimina\u00e7\u00e3o agravada","Estados Unidos","governo","justi\u00e7a","pol\u00edtica p\u00fablica"],"articleSection":["Internacional","Not\u00edcias"],"inLanguage":"pt-PT"},{"@type":"WebPage","@id":"https:\/\/portaltela.pt\/noticias\/2025\/12\/19\/trump-incentiva-homens-brancos-a-denunciarem-discriminacao-no-trabalho\/","url":"https:\/\/portaltela.pt\/noticias\/2025\/12\/19\/trump-incentiva-homens-brancos-a-denunciarem-discriminacao-no-trabalho\/","name":"Trump incentiva homens brancos a denunciarem discrimina\u00e7\u00e3o no trabalho - Portal Tela Portugal","isPartOf":{"@id":"https:\/\/portaltela.pt\/#website"},"primaryImageOfPage":{"@id":"https:\/\/portaltela.pt\/noticias\/2025\/12\/19\/trump-incentiva-homens-brancos-a-denunciarem-discriminacao-no-trabalho\/#primaryimage"},"image":{"@id":"https:\/\/portaltela.pt\/noticias\/2025\/12\/19\/trump-incentiva-homens-brancos-a-denunciarem-discriminacao-no-trabalho\/#primaryimage"},"thumbnailUrl":"https:\/\/portaltela.pt\/s.01k8rhncp4jt1\/2025\/12\/unnamed-file-465.jpg","datePublished":"2025-12-19T07:01:00+00:00","author":{"@id":"https:\/\/portaltela.pt\/#\/schema\/person\/c4278d4a6028830caff9ee44b42d32ed"},"breadcrumb":{"@id":"https:\/\/portaltela.pt\/noticias\/2025\/12\/19\/trump-incentiva-homens-brancos-a-denunciarem-discriminacao-no-trabalho\/#breadcrumb"},"inLanguage":"pt-PT","potentialAction":[{"@type":"ReadAction","target":["https:\/\/portaltela.pt\/noticias\/2025\/12\/19\/trump-incentiva-homens-brancos-a-denunciarem-discriminacao-no-trabalho\/"]}]},{"@type":"ImageObject","inLanguage":"pt-PT","@id":"https:\/\/portaltela.pt\/noticias\/2025\/12\/19\/trump-incentiva-homens-brancos-a-denunciarem-discriminacao-no-trabalho\/#primaryimage","url":"https:\/\/portaltela.pt\/s.01k8rhncp4jt1\/2025\/12\/unnamed-file-465.jpg","contentUrl":"https:\/\/portaltela.pt\/s.01k8rhncp4jt1\/2025\/12\/unnamed-file-465.jpg","width":796,"height":448,"caption":"Trump insta homens brancos a denunciaram discrimina\u00e7\u00e3o no trabalho"},{"@type":"BreadcrumbList","@id":"https:\/\/portaltela.pt\/noticias\/2025\/12\/19\/trump-incentiva-homens-brancos-a-denunciarem-discriminacao-no-trabalho\/#breadcrumb","itemListElement":[{"@type":"ListItem","position":1,"name":"In\u00edcio","item":"https:\/\/portaltela.pt\/"},{"@type":"ListItem","position":2,"name":"Trump incentiva homens brancos a denunciarem discrimina\u00e7\u00e3o no trabalho"}]},{"@type":"WebSite","@id":"https:\/\/portaltela.pt\/#website","url":"https:\/\/portaltela.pt\/","name":"Portal Tela Portugal","description":"","potentialAction":[{"@type":"SearchAction","target":{"@type":"EntryPoint","urlTemplate":"https:\/\/portaltela.pt\/?s={search_term_string}"},"query-input":{"@type":"PropertyValueSpecification","valueRequired":true,"valueName":"search_term_string"}}],"inLanguage":"pt-PT"},{"@type":"Person","@id":"https:\/\/portaltela.pt\/#\/schema\/person\/c4278d4a6028830caff9ee44b42d32ed","name":"Telinha","image":{"@type":"ImageObject","inLanguage":"pt-PT","@id":"https:\/\/portaltela.pt\/s.01k8rhncp4jt1\/2025\/11\/talking-bot-125x125.png","url":"https:\/\/portaltela.pt\/s.01k8rhncp4jt1\/2025\/11\/talking-bot-125x125.png","contentUrl":"https:\/\/portaltela.pt\/s.01k8rhncp4jt1\/2025\/11\/talking-bot-125x125.png","caption":"Telinha"},"sameAs":["https:\/\/portaltela.pt\/"],"url":"https:\/\/portaltela.pt\/por\/367410592786\/"}]}},"_links":{"self":[{"href":"https:\/\/portaltela.pt\/api\/wp\/v2\/posts\/85472","targetHints":{"allow":["GET"]}}],"collection":[{"href":"https:\/\/portaltela.pt\/api\/wp\/v2\/posts"}],"about":[{"href":"https:\/\/portaltela.pt\/api\/wp\/v2\/types\/post"}],"author":[{"embeddable":true,"href":"https:\/\/portaltela.pt\/api\/wp\/v2\/users\/2"}],"replies":[{"embeddable":true,"href":"https:\/\/portaltela.pt\/api\/wp\/v2\/comments?post=85472"}],"version-history":[{"count":0,"href":"https:\/\/portaltela.pt\/api\/wp\/v2\/posts\/85472\/revisions"}],"wp:featuredmedia":[{"embeddable":true,"href":"https:\/\/portaltela.pt\/api\/wp\/v2\/media\/85474"}],"wp:attachment":[{"href":"https:\/\/portaltela.pt\/api\/wp\/v2\/media?parent=85472"}],"wp:term":[{"taxonomy":"category","embeddable":true,"href":"https:\/\/portaltela.pt\/api\/wp\/v2\/categories?post=85472"},{"taxonomy":"post_tag","embeddable":true,"href":"https:\/\/portaltela.pt\/api\/wp\/v2\/tags?post=85472"}],"curies":[{"name":"wp","href":"https:\/\/api.w.org\/{rel}","templated":true}]}}