{"id":85421,"date":"2025-12-19T03:01:00","date_gmt":"2025-12-19T06:01:00","guid":{"rendered":"https:\/\/portaltela.pt\/noticias\/2025\/12\/19\/governo-trump-incentiva-homens-brancos-a-denunciarem-discriminacao-no-trabalho\/"},"modified":"2025-12-19T03:01:00","modified_gmt":"2025-12-19T06:01:00","slug":"governo-trump-incentiva-homens-brancos-a-denunciarem-discriminacao-no-trabalho","status":"publish","type":"post","link":"https:\/\/portaltela.pt\/noticias\/2025\/12\/19\/governo-trump-incentiva-homens-brancos-a-denunciarem-discriminacao-no-trabalho\/","title":{"rendered":"Governo Trump incentiva homens brancos a denunciarem discrimina\u00e7\u00e3o no trabalho"},"content":{"rendered":"<p>O governo dos EUA, sob a presid\u00eancia de Donald Trump, pediu aos homens brancos que aleguem discrimina\u00e7\u00e3o no trabalho que apresentem queixa junto da EEOC, a ag\u00eancia federal criada na d\u00e9cada de 1960 para combater a segrega\u00e7\u00e3o. A chamada ocorre num momento de contesta\u00e7\u00e3o \u00e0s pol\u00edticas de diversidade.<\/p>\n<p>A presidente da EEOC, Andrea Lucas, destacou num v\u00eddeo publicado na rede X que homens brancos que enfrentem discrimina\u00e7\u00e3o por sexo ou ra\u00e7a podem ter direito a indemniza\u00e7\u00e3o. O an\u00fancio foi partilhado pelo vice-presidente, JD Vance, na quarta-feira.<\/p>\n<h3>A EEOC e o debate sobre diversidade<\/h3>\n<p>A EEOC, criada pela Lei dos Direitos Civis de 1964, afirma estar empenhada em eliminar todas as formas de discrimina\u00e7\u00e3o com base na ra\u00e7a e no sexo, incluindo sociedades que envolvam homens brancos. O objetivo declarado \u00e9 combater abusos de quotas de inclus\u00e3o.<\/p>\n<p>Desde o regresso de Trump \u00e0 Casa Branca, o governo tem promovido uma revis\u00e3o das pol\u00edticas de diversidade, equidade e inclus\u00e3o, amplamente conhecidas pela sigla DEI. Os cr\u00edticos associam o movimento a uma agenda woke.<\/p>\n<p>JD Vance publicou na mesma dia um artigo em X, relatando alegadas discrimina\u00e7\u00f5es vividas por jovens brancos em projetos de Hollywood, como exemplo de discrimina\u00e7\u00e3o percebida. A resposta da EEOC foi defender a igualdade de oportunidades.<\/p>\n<p>Estudos indicam discrep\u00e2ncias no acesso a queixas formais: uma avalia\u00e7\u00e3o da Universidade de Massachusetts sugere que a propor\u00e7\u00e3o de queixas por afro-americanos \u00e9 muito superior \u00e0 de brancos. Dados de cultura e renda tamb\u00e9m s\u00e3o citados em an\u00e1lises.<\/p>\n<p>De acordo com o Pew Research Center, em 2020 o patrim\u00f3nio l\u00edquido m\u00e9dio das fam\u00edlias brancas era significativamente superior ao das fam\u00edlias afro-brasileiras, com v\u00e1rias fontes a apontar diferen\u00e7as hist\u00f3ricas de renda. As fontes citadas ajudam a contextualizar o debate.<\/p>\n","protected":false},"excerpt":{"rendered":"<ul>\n<li>A Administra\u00e7\u00e3o de Donald Trump pediu a homens brancos que se sentirem discriminados no trabalho que apresentem queixa \u00e0 Comiss\u00e3o Federal para a Igualdade de Oportunidades no Emprego (EEOC).<\/li>\n<li>Andrea Lucas, presidente da EEOC, afirmou numa publica\u00e7\u00e3o no X que um homem branco pode ter direito a indemniza\u00e7\u00e3o por discrimina\u00e7\u00e3o com base no sexo ou ra\u00e7a.<\/li>\n<li>A EEOC destacou no seu site o apoio a alega\u00e7\u00f5es de discrimina\u00e7\u00e3o positiva ou anti-americana, incluindo contra homens brancos, candidatos a emprego ou trabalhadores.<\/li>\n<li>O vice-presidente JD Vance partilhou a interven\u00e7\u00e3o da ag\u00eancia, associando a DEI (Diversidade, Equidade e Inclus\u00e3o) a discrimina\u00e7\u00e3o contra homens brancos.<\/li>\n<li>Estudos citados mencionam que, segundo a Universidade de Massachusetts, a propor\u00e7\u00e3o de queixas de afro-americanos \u00e0 EEOC \u00e9 muito maior do que a de brancos, e dados do Pew Research Center indicam disparidades de riqueza entre brancos e afro-americanos.<\/li>\n<\/ul>\n","protected":false},"author":2,"featured_media":85423,"comment_status":"closed","ping_status":"closed","sticky":false,"template":"","format":"standard","meta":{"footnotes":""},"categories":[1],"tags":[370,1428,1614,1600,34,133],"class_list":["post-85421","post","type-post","status-publish","format-standard","has-post-thumbnail","hentry","category-noticias","tag-cidadania","tag-direitos-publicos","tag-discriminacao-agravada","tag-estados-unidos","tag-governo","tag-politicas-publicas"],"yoast_head":"<!-- This site is optimized with the Yoast SEO plugin v27.2 - https:\/\/yoast.com\/product\/yoast-seo-wordpress\/ -->\n<title>Governo Trump incentiva homens brancos a denunciarem discrimina\u00e7\u00e3o no trabalho - Portal Tela Portugal<\/title>\n<meta name=\"robots\" content=\"index, follow, max-snippet:-1, max-image-preview:large, max-video-preview:-1\" \/>\n<meta property=\"og:locale\" content=\"pt_PT\" \/>\n<meta property=\"og:type\" content=\"article\" \/>\n<meta property=\"og:title\" content=\"Governo Trump incentiva homens brancos a denunciarem discrimina\u00e7\u00e3o no trabalho - Portal Tela Portugal\" \/>\n<meta property=\"og:description\" content=\"A Administra\u00e7\u00e3o de Donald Trump pediu a homens brancos que se sentirem discriminados no trabalho que apresentem queixa \u00e0 Comiss\u00e3o Federal para a Igualdade de Oportunidades no Emprego (EEOC). Andrea Lucas, presidente da EEOC, afirmou numa publica\u00e7\u00e3o no X que um homem branco pode ter direito a indemniza\u00e7\u00e3o por discrimina\u00e7\u00e3o com base no sexo ou ra\u00e7a. A EEOC destacou no seu site o apoio a alega\u00e7\u00f5es de discrimina\u00e7\u00e3o positiva ou anti-americana, incluindo contra homens brancos, candidatos a emprego ou trabalhadores. O vice-presidente JD Vance partilhou a interven\u00e7\u00e3o da ag\u00eancia, associando a DEI (Diversidade, Equidade e Inclus\u00e3o) a discrimina\u00e7\u00e3o contra homens brancos. Estudos citados mencionam que, segundo a Universidade de Massachusetts, a propor\u00e7\u00e3o de queixas de afro-americanos \u00e0 EEOC \u00e9 muito maior do que a de brancos, e dados do Pew Research Center indicam disparidades de riqueza entre brancos e afro-americanos.\" \/>\n<meta property=\"og:url\" content=\"https:\/\/portaltela.pt\/noticias\/2025\/12\/19\/governo-trump-incentiva-homens-brancos-a-denunciarem-discriminacao-no-trabalho\/\" \/>\n<meta property=\"og:site_name\" content=\"Portal Tela Portugal\" \/>\n<meta property=\"article:published_time\" content=\"2025-12-19T06:01:00+00:00\" \/>\n<meta name=\"author\" content=\"Telinha\" \/>\n<meta name=\"twitter:card\" content=\"summary_large_image\" \/>\n<meta name=\"twitter:label1\" content=\"Escrito por\" \/>\n\t<meta name=\"twitter:data1\" content=\"Telinha\" \/>\n\t<meta name=\"twitter:label2\" content=\"Tempo estimado de leitura\" \/>\n\t<meta name=\"twitter:data2\" content=\"2 minutos\" \/>\n<script type=\"application\/ld+json\" class=\"yoast-schema-graph\">{\"@context\":\"https:\/\/schema.org\",\"@graph\":[{\"@type\":\"Article\",\"@id\":\"https:\/\/portaltela.pt\/noticias\/2025\/12\/19\/governo-trump-incentiva-homens-brancos-a-denunciarem-discriminacao-no-trabalho\/#article\",\"isPartOf\":{\"@id\":\"https:\/\/portaltela.pt\/noticias\/2025\/12\/19\/governo-trump-incentiva-homens-brancos-a-denunciarem-discriminacao-no-trabalho\/\"},\"author\":{\"name\":\"Telinha\",\"@id\":\"https:\/\/portaltela.pt\/#\/schema\/person\/c4278d4a6028830caff9ee44b42d32ed\"},\"headline\":\"Governo Trump incentiva homens brancos a denunciarem discrimina\u00e7\u00e3o no trabalho\",\"datePublished\":\"2025-12-19T06:01:00+00:00\",\"mainEntityOfPage\":{\"@id\":\"https:\/\/portaltela.pt\/noticias\/2025\/12\/19\/governo-trump-incentiva-homens-brancos-a-denunciarem-discriminacao-no-trabalho\/\"},\"wordCount\":324,\"image\":{\"@id\":\"https:\/\/portaltela.pt\/noticias\/2025\/12\/19\/governo-trump-incentiva-homens-brancos-a-denunciarem-discriminacao-no-trabalho\/#primaryimage\"},\"thumbnailUrl\":\"https:\/\/portaltela.pt\/s.01k8rhncp4jt1\/2025\/12\/unnamed-file-458.jpg\",\"keywords\":[\"cidadania\",\"direitos p\u00fablicos\",\"discrimina\u00e7\u00e3o agravada\",\"Estados Unidos\",\"governo\",\"pol\u00edticas p\u00fablicas\"],\"articleSection\":[\"Not\u00edcias\"],\"inLanguage\":\"pt-PT\"},{\"@type\":\"WebPage\",\"@id\":\"https:\/\/portaltela.pt\/noticias\/2025\/12\/19\/governo-trump-incentiva-homens-brancos-a-denunciarem-discriminacao-no-trabalho\/\",\"url\":\"https:\/\/portaltela.pt\/noticias\/2025\/12\/19\/governo-trump-incentiva-homens-brancos-a-denunciarem-discriminacao-no-trabalho\/\",\"name\":\"Governo Trump incentiva homens brancos a denunciarem discrimina\u00e7\u00e3o no trabalho - Portal Tela Portugal\",\"isPartOf\":{\"@id\":\"https:\/\/portaltela.pt\/#website\"},\"primaryImageOfPage\":{\"@id\":\"https:\/\/portaltela.pt\/noticias\/2025\/12\/19\/governo-trump-incentiva-homens-brancos-a-denunciarem-discriminacao-no-trabalho\/#primaryimage\"},\"image\":{\"@id\":\"https:\/\/portaltela.pt\/noticias\/2025\/12\/19\/governo-trump-incentiva-homens-brancos-a-denunciarem-discriminacao-no-trabalho\/#primaryimage\"},\"thumbnailUrl\":\"https:\/\/portaltela.pt\/s.01k8rhncp4jt1\/2025\/12\/unnamed-file-458.jpg\",\"datePublished\":\"2025-12-19T06:01:00+00:00\",\"author\":{\"@id\":\"https:\/\/portaltela.pt\/#\/schema\/person\/c4278d4a6028830caff9ee44b42d32ed\"},\"breadcrumb\":{\"@id\":\"https:\/\/portaltela.pt\/noticias\/2025\/12\/19\/governo-trump-incentiva-homens-brancos-a-denunciarem-discriminacao-no-trabalho\/#breadcrumb\"},\"inLanguage\":\"pt-PT\",\"potentialAction\":[{\"@type\":\"ReadAction\",\"target\":[\"https:\/\/portaltela.pt\/noticias\/2025\/12\/19\/governo-trump-incentiva-homens-brancos-a-denunciarem-discriminacao-no-trabalho\/\"]}]},{\"@type\":\"ImageObject\",\"inLanguage\":\"pt-PT\",\"@id\":\"https:\/\/portaltela.pt\/noticias\/2025\/12\/19\/governo-trump-incentiva-homens-brancos-a-denunciarem-discriminacao-no-trabalho\/#primaryimage\",\"url\":\"https:\/\/portaltela.pt\/s.01k8rhncp4jt1\/2025\/12\/unnamed-file-458.jpg\",\"contentUrl\":\"https:\/\/portaltela.pt\/s.01k8rhncp4jt1\/2025\/12\/unnamed-file-458.jpg\",\"width\":796,\"height\":448,\"caption\":\"Governo Trump insta homens brancos a denunciaram discrimina\u00e7\u00e3o no local de trabalho\"},{\"@type\":\"BreadcrumbList\",\"@id\":\"https:\/\/portaltela.pt\/noticias\/2025\/12\/19\/governo-trump-incentiva-homens-brancos-a-denunciarem-discriminacao-no-trabalho\/#breadcrumb\",\"itemListElement\":[{\"@type\":\"ListItem\",\"position\":1,\"name\":\"In\u00edcio\",\"item\":\"https:\/\/portaltela.pt\/\"},{\"@type\":\"ListItem\",\"position\":2,\"name\":\"Governo Trump incentiva homens brancos a denunciarem discrimina\u00e7\u00e3o no trabalho\"}]},{\"@type\":\"WebSite\",\"@id\":\"https:\/\/portaltela.pt\/#website\",\"url\":\"https:\/\/portaltela.pt\/\",\"name\":\"Portal Tela Portugal\",\"description\":\"\",\"potentialAction\":[{\"@type\":\"SearchAction\",\"target\":{\"@type\":\"EntryPoint\",\"urlTemplate\":\"https:\/\/portaltela.pt\/?s={search_term_string}\"},\"query-input\":{\"@type\":\"PropertyValueSpecification\",\"valueRequired\":true,\"valueName\":\"search_term_string\"}}],\"inLanguage\":\"pt-PT\"},{\"@type\":\"Person\",\"@id\":\"https:\/\/portaltela.pt\/#\/schema\/person\/c4278d4a6028830caff9ee44b42d32ed\",\"name\":\"Telinha\",\"image\":{\"@type\":\"ImageObject\",\"inLanguage\":\"pt-PT\",\"@id\":\"https:\/\/portaltela.pt\/s.01k8rhncp4jt1\/2025\/11\/talking-bot-125x125.png\",\"url\":\"https:\/\/portaltela.pt\/s.01k8rhncp4jt1\/2025\/11\/talking-bot-125x125.png\",\"contentUrl\":\"https:\/\/portaltela.pt\/s.01k8rhncp4jt1\/2025\/11\/talking-bot-125x125.png\",\"caption\":\"Telinha\"},\"sameAs\":[\"https:\/\/portaltela.pt\/\"],\"url\":\"https:\/\/portaltela.pt\/por\/367410592786\/\"}]}<\/script>\n<!-- \/ Yoast SEO plugin. -->","yoast_head_json":{"title":"Governo Trump incentiva homens brancos a denunciarem discrimina\u00e7\u00e3o no trabalho - Portal Tela Portugal","robots":{"index":"index","follow":"follow","max-snippet":"max-snippet:-1","max-image-preview":"max-image-preview:large","max-video-preview":"max-video-preview:-1"},"og_locale":"pt_PT","og_type":"article","og_title":"Governo Trump incentiva homens brancos a denunciarem discrimina\u00e7\u00e3o no trabalho - Portal Tela Portugal","og_description":"A Administra\u00e7\u00e3o de Donald Trump pediu a homens brancos que se sentirem discriminados no trabalho que apresentem queixa \u00e0 Comiss\u00e3o Federal para a Igualdade de Oportunidades no Emprego (EEOC). Andrea Lucas, presidente da EEOC, afirmou numa publica\u00e7\u00e3o no X que um homem branco pode ter direito a indemniza\u00e7\u00e3o por discrimina\u00e7\u00e3o com base no sexo ou ra\u00e7a. A EEOC destacou no seu site o apoio a alega\u00e7\u00f5es de discrimina\u00e7\u00e3o positiva ou anti-americana, incluindo contra homens brancos, candidatos a emprego ou trabalhadores. O vice-presidente JD Vance partilhou a interven\u00e7\u00e3o da ag\u00eancia, associando a DEI (Diversidade, Equidade e Inclus\u00e3o) a discrimina\u00e7\u00e3o contra homens brancos. Estudos citados mencionam que, segundo a Universidade de Massachusetts, a propor\u00e7\u00e3o de queixas de afro-americanos \u00e0 EEOC \u00e9 muito maior do que a de brancos, e dados do Pew Research Center indicam disparidades de riqueza entre brancos e afro-americanos.","og_url":"https:\/\/portaltela.pt\/noticias\/2025\/12\/19\/governo-trump-incentiva-homens-brancos-a-denunciarem-discriminacao-no-trabalho\/","og_site_name":"Portal Tela Portugal","article_published_time":"2025-12-19T06:01:00+00:00","author":"Telinha","twitter_card":"summary_large_image","twitter_misc":{"Escrito por":"Telinha","Tempo estimado de leitura":"2 minutos"},"schema":{"@context":"https:\/\/schema.org","@graph":[{"@type":"Article","@id":"https:\/\/portaltela.pt\/noticias\/2025\/12\/19\/governo-trump-incentiva-homens-brancos-a-denunciarem-discriminacao-no-trabalho\/#article","isPartOf":{"@id":"https:\/\/portaltela.pt\/noticias\/2025\/12\/19\/governo-trump-incentiva-homens-brancos-a-denunciarem-discriminacao-no-trabalho\/"},"author":{"name":"Telinha","@id":"https:\/\/portaltela.pt\/#\/schema\/person\/c4278d4a6028830caff9ee44b42d32ed"},"headline":"Governo Trump incentiva homens brancos a denunciarem discrimina\u00e7\u00e3o no trabalho","datePublished":"2025-12-19T06:01:00+00:00","mainEntityOfPage":{"@id":"https:\/\/portaltela.pt\/noticias\/2025\/12\/19\/governo-trump-incentiva-homens-brancos-a-denunciarem-discriminacao-no-trabalho\/"},"wordCount":324,"image":{"@id":"https:\/\/portaltela.pt\/noticias\/2025\/12\/19\/governo-trump-incentiva-homens-brancos-a-denunciarem-discriminacao-no-trabalho\/#primaryimage"},"thumbnailUrl":"https:\/\/portaltela.pt\/s.01k8rhncp4jt1\/2025\/12\/unnamed-file-458.jpg","keywords":["cidadania","direitos p\u00fablicos","discrimina\u00e7\u00e3o agravada","Estados Unidos","governo","pol\u00edticas p\u00fablicas"],"articleSection":["Not\u00edcias"],"inLanguage":"pt-PT"},{"@type":"WebPage","@id":"https:\/\/portaltela.pt\/noticias\/2025\/12\/19\/governo-trump-incentiva-homens-brancos-a-denunciarem-discriminacao-no-trabalho\/","url":"https:\/\/portaltela.pt\/noticias\/2025\/12\/19\/governo-trump-incentiva-homens-brancos-a-denunciarem-discriminacao-no-trabalho\/","name":"Governo Trump incentiva homens brancos a denunciarem discrimina\u00e7\u00e3o no trabalho - Portal Tela Portugal","isPartOf":{"@id":"https:\/\/portaltela.pt\/#website"},"primaryImageOfPage":{"@id":"https:\/\/portaltela.pt\/noticias\/2025\/12\/19\/governo-trump-incentiva-homens-brancos-a-denunciarem-discriminacao-no-trabalho\/#primaryimage"},"image":{"@id":"https:\/\/portaltela.pt\/noticias\/2025\/12\/19\/governo-trump-incentiva-homens-brancos-a-denunciarem-discriminacao-no-trabalho\/#primaryimage"},"thumbnailUrl":"https:\/\/portaltela.pt\/s.01k8rhncp4jt1\/2025\/12\/unnamed-file-458.jpg","datePublished":"2025-12-19T06:01:00+00:00","author":{"@id":"https:\/\/portaltela.pt\/#\/schema\/person\/c4278d4a6028830caff9ee44b42d32ed"},"breadcrumb":{"@id":"https:\/\/portaltela.pt\/noticias\/2025\/12\/19\/governo-trump-incentiva-homens-brancos-a-denunciarem-discriminacao-no-trabalho\/#breadcrumb"},"inLanguage":"pt-PT","potentialAction":[{"@type":"ReadAction","target":["https:\/\/portaltela.pt\/noticias\/2025\/12\/19\/governo-trump-incentiva-homens-brancos-a-denunciarem-discriminacao-no-trabalho\/"]}]},{"@type":"ImageObject","inLanguage":"pt-PT","@id":"https:\/\/portaltela.pt\/noticias\/2025\/12\/19\/governo-trump-incentiva-homens-brancos-a-denunciarem-discriminacao-no-trabalho\/#primaryimage","url":"https:\/\/portaltela.pt\/s.01k8rhncp4jt1\/2025\/12\/unnamed-file-458.jpg","contentUrl":"https:\/\/portaltela.pt\/s.01k8rhncp4jt1\/2025\/12\/unnamed-file-458.jpg","width":796,"height":448,"caption":"Governo Trump insta homens brancos a denunciaram discrimina\u00e7\u00e3o no local de trabalho"},{"@type":"BreadcrumbList","@id":"https:\/\/portaltela.pt\/noticias\/2025\/12\/19\/governo-trump-incentiva-homens-brancos-a-denunciarem-discriminacao-no-trabalho\/#breadcrumb","itemListElement":[{"@type":"ListItem","position":1,"name":"In\u00edcio","item":"https:\/\/portaltela.pt\/"},{"@type":"ListItem","position":2,"name":"Governo Trump incentiva homens brancos a denunciarem discrimina\u00e7\u00e3o no trabalho"}]},{"@type":"WebSite","@id":"https:\/\/portaltela.pt\/#website","url":"https:\/\/portaltela.pt\/","name":"Portal Tela Portugal","description":"","potentialAction":[{"@type":"SearchAction","target":{"@type":"EntryPoint","urlTemplate":"https:\/\/portaltela.pt\/?s={search_term_string}"},"query-input":{"@type":"PropertyValueSpecification","valueRequired":true,"valueName":"search_term_string"}}],"inLanguage":"pt-PT"},{"@type":"Person","@id":"https:\/\/portaltela.pt\/#\/schema\/person\/c4278d4a6028830caff9ee44b42d32ed","name":"Telinha","image":{"@type":"ImageObject","inLanguage":"pt-PT","@id":"https:\/\/portaltela.pt\/s.01k8rhncp4jt1\/2025\/11\/talking-bot-125x125.png","url":"https:\/\/portaltela.pt\/s.01k8rhncp4jt1\/2025\/11\/talking-bot-125x125.png","contentUrl":"https:\/\/portaltela.pt\/s.01k8rhncp4jt1\/2025\/11\/talking-bot-125x125.png","caption":"Telinha"},"sameAs":["https:\/\/portaltela.pt\/"],"url":"https:\/\/portaltela.pt\/por\/367410592786\/"}]}},"_links":{"self":[{"href":"https:\/\/portaltela.pt\/api\/wp\/v2\/posts\/85421","targetHints":{"allow":["GET"]}}],"collection":[{"href":"https:\/\/portaltela.pt\/api\/wp\/v2\/posts"}],"about":[{"href":"https:\/\/portaltela.pt\/api\/wp\/v2\/types\/post"}],"author":[{"embeddable":true,"href":"https:\/\/portaltela.pt\/api\/wp\/v2\/users\/2"}],"replies":[{"embeddable":true,"href":"https:\/\/portaltela.pt\/api\/wp\/v2\/comments?post=85421"}],"version-history":[{"count":0,"href":"https:\/\/portaltela.pt\/api\/wp\/v2\/posts\/85421\/revisions"}],"wp:featuredmedia":[{"embeddable":true,"href":"https:\/\/portaltela.pt\/api\/wp\/v2\/media\/85423"}],"wp:attachment":[{"href":"https:\/\/portaltela.pt\/api\/wp\/v2\/media?parent=85421"}],"wp:term":[{"taxonomy":"category","embeddable":true,"href":"https:\/\/portaltela.pt\/api\/wp\/v2\/categories?post=85421"},{"taxonomy":"post_tag","embeddable":true,"href":"https:\/\/portaltela.pt\/api\/wp\/v2\/tags?post=85421"}],"curies":[{"name":"wp","href":"https:\/\/api.w.org\/{rel}","templated":true}]}}