{"id":84085,"date":"2025-12-18T12:28:00","date_gmt":"2025-12-18T15:28:00","guid":{"rendered":"https:\/\/portaltela.pt\/noticias\/2025\/12\/18\/vinhos-que-se-estreiam-nas-mesas-de-natal-e-ano-novo\/"},"modified":"2025-12-18T12:28:00","modified_gmt":"2025-12-18T15:28:00","slug":"vinhos-que-se-estreiam-nas-mesas-de-natal-e-ano-novo","status":"publish","type":"post","link":"https:\/\/portaltela.pt\/noticias\/2025\/12\/18\/vinhos-que-se-estreiam-nas-mesas-de-natal-e-ano-novo\/","title":{"rendered":"Vinhos que se estreiam nas mesas de Natal e Ano Novo"},"content":{"rendered":"<p>A \u00e9poca festiva aproxima-se e o final do ano volta a trazer novidades v\u00ednicas. R\u00f3tulos de marcas tradicionais e emergentes destacam-se nas regi\u00f5es de Vinhos Verdes, Douro, Beira Interior e Alentejo.<\/p>\n<p>A grande novidade \u00e9 a estreia de vinhos nas mesas de Natal e de Ano Novo. Os r\u00f3tulos s\u00e3o apresentados pela Evas\u00f5es e a edi\u00e7\u00e3o \u00e9 publicada gratuitamente no Jornal de Not\u00edcias.<\/p>\n<p>A cobertura enfoca as novidades que chegam \u00e0s mesas festivas, com foco nas escolhas dispon\u00edveis para este per\u00edodo.<\/p>\n<h3>Novidades que chegam \u00e0s mesas<\/h3>\n<ul>\n<li>Vinhos das regi\u00f5es hist\u00f3ricas s\u00e3o apresentados pela Evas\u00f5es na edi\u00e7\u00e3o de amanh\u00e3.<\/li>\n<li>A publica\u00e7\u00e3o gratuita no Jornal de Not\u00edcias facilita acesso \u00e0s sugest\u00f5es para as celebra\u00e7\u00f5es.<\/li>\n<\/ul>\n","protected":false},"excerpt":{"rendered":"<ul>\n<li>A not\u00edcia destaca a estreia de vinhos nas mesas de Natal e Ano Novo, com os r\u00f3tulos apresentados pela Evas\u00f5es.<\/li>\n<li>A publica\u00e7\u00e3o \u00e9 gratuita e ser\u00e1 distribu\u00edda pelo Jornal de Not\u00edcias, com foco nas novidades que chegam \u00e0s mesas festivas.<\/li>\n<li>O tema de capa refor\u00e7a que o final de ano traz boas novas v\u00ednicas, de marcas hist\u00f3ricas e de produtores emergentes.<\/li>\n<li>As regi\u00f5es mencionadas s\u00e3o Vinhos Verdes, Douro, Beira Interior e Alentejo.<\/li>\n<li>A edi\u00e7\u00e3o de amanh\u00e3 da Evas\u00f5es chega \u00e0s bancas gratuitamente com o Jornal de Not\u00edcias.<\/li>\n<\/ul>\n","protected":false},"author":2,"featured_media":84090,"comment_status":"closed","ping_status":"closed","sticky":false,"template":"","format":"standard","meta":{"footnotes":""},"categories":[1],"tags":[883,778,1194,219,779,385],"class_list":["post-84085","post","type-post","status-publish","format-standard","has-post-thumbnail","hentry","category-noticias","tag-alentejo","tag-comida","tag-douro","tag-gastronomia","tag-vinhos","tag-vinhos-verdes"],"yoast_head":"<!-- This site is optimized with the Yoast SEO plugin v27.2 - https:\/\/yoast.com\/product\/yoast-seo-wordpress\/ -->\n<title>Vinhos que se estreiam nas mesas de Natal e Ano Novo - Portal Tela Portugal<\/title>\n<meta name=\"robots\" content=\"index, follow, max-snippet:-1, max-image-preview:large, max-video-preview:-1\" \/>\n<meta property=\"og:locale\" content=\"pt_PT\" \/>\n<meta property=\"og:type\" content=\"article\" \/>\n<meta property=\"og:title\" content=\"Vinhos que se estreiam nas mesas de Natal e Ano Novo - Portal Tela Portugal\" \/>\n<meta property=\"og:description\" content=\"A not\u00edcia destaca a estreia de vinhos nas mesas de Natal e Ano Novo, com os r\u00f3tulos apresentados pela Evas\u00f5es. A publica\u00e7\u00e3o \u00e9 gratuita e ser\u00e1 distribu\u00edda pelo Jornal de Not\u00edcias, com foco nas novidades que chegam \u00e0s mesas festivas. O tema de capa refor\u00e7a que o final de ano traz boas novas v\u00ednicas, de marcas hist\u00f3ricas e de produtores emergentes. As regi\u00f5es mencionadas s\u00e3o Vinhos Verdes, Douro, Beira Interior e Alentejo. A edi\u00e7\u00e3o de amanh\u00e3 da Evas\u00f5es chega \u00e0s bancas gratuitamente com o Jornal de Not\u00edcias.\" \/>\n<meta property=\"og:url\" content=\"https:\/\/portaltela.pt\/noticias\/2025\/12\/18\/vinhos-que-se-estreiam-nas-mesas-de-natal-e-ano-novo\/\" \/>\n<meta property=\"og:site_name\" content=\"Portal Tela Portugal\" \/>\n<meta property=\"article:published_time\" content=\"2025-12-18T15:28:00+00:00\" \/>\n<meta name=\"author\" content=\"Telinha\" \/>\n<meta name=\"twitter:card\" content=\"summary_large_image\" \/>\n<meta name=\"twitter:label1\" content=\"Escrito por\" \/>\n\t<meta name=\"twitter:data1\" content=\"Telinha\" \/>\n\t<meta name=\"twitter:label2\" content=\"Tempo estimado de leitura\" \/>\n\t<meta name=\"twitter:data2\" content=\"1 minuto\" \/>\n<script type=\"application\/ld+json\" class=\"yoast-schema-graph\">{\"@context\":\"https:\/\/schema.org\",\"@graph\":[{\"@type\":\"Article\",\"@id\":\"https:\/\/portaltela.pt\/noticias\/2025\/12\/18\/vinhos-que-se-estreiam-nas-mesas-de-natal-e-ano-novo\/#article\",\"isPartOf\":{\"@id\":\"https:\/\/portaltela.pt\/noticias\/2025\/12\/18\/vinhos-que-se-estreiam-nas-mesas-de-natal-e-ano-novo\/\"},\"author\":{\"name\":\"Telinha\",\"@id\":\"https:\/\/portaltela.pt\/#\/schema\/person\/c4278d4a6028830caff9ee44b42d32ed\"},\"headline\":\"Vinhos que se estreiam nas mesas de Natal e Ano Novo\",\"datePublished\":\"2025-12-18T15:28:00+00:00\",\"mainEntityOfPage\":{\"@id\":\"https:\/\/portaltela.pt\/noticias\/2025\/12\/18\/vinhos-que-se-estreiam-nas-mesas-de-natal-e-ano-novo\/\"},\"wordCount\":140,\"image\":{\"@id\":\"https:\/\/portaltela.pt\/noticias\/2025\/12\/18\/vinhos-que-se-estreiam-nas-mesas-de-natal-e-ano-novo\/#primaryimage\"},\"thumbnailUrl\":\"https:\/\/portaltela.pt\/s.01k8rhncp4jt1\/2025\/12\/image-618.jpg\",\"keywords\":[\"Alentejo\",\"comida\",\"Douro\",\"gastronomia\",\"vinhos\",\"vinhos verdes\"],\"articleSection\":[\"Not\u00edcias\"],\"inLanguage\":\"pt-PT\"},{\"@type\":\"WebPage\",\"@id\":\"https:\/\/portaltela.pt\/noticias\/2025\/12\/18\/vinhos-que-se-estreiam-nas-mesas-de-natal-e-ano-novo\/\",\"url\":\"https:\/\/portaltela.pt\/noticias\/2025\/12\/18\/vinhos-que-se-estreiam-nas-mesas-de-natal-e-ano-novo\/\",\"name\":\"Vinhos que se estreiam nas mesas de Natal e Ano Novo - Portal Tela Portugal\",\"isPartOf\":{\"@id\":\"https:\/\/portaltela.pt\/#website\"},\"primaryImageOfPage\":{\"@id\":\"https:\/\/portaltela.pt\/noticias\/2025\/12\/18\/vinhos-que-se-estreiam-nas-mesas-de-natal-e-ano-novo\/#primaryimage\"},\"image\":{\"@id\":\"https:\/\/portaltela.pt\/noticias\/2025\/12\/18\/vinhos-que-se-estreiam-nas-mesas-de-natal-e-ano-novo\/#primaryimage\"},\"thumbnailUrl\":\"https:\/\/portaltela.pt\/s.01k8rhncp4jt1\/2025\/12\/image-618.jpg\",\"datePublished\":\"2025-12-18T15:28:00+00:00\",\"author\":{\"@id\":\"https:\/\/portaltela.pt\/#\/schema\/person\/c4278d4a6028830caff9ee44b42d32ed\"},\"breadcrumb\":{\"@id\":\"https:\/\/portaltela.pt\/noticias\/2025\/12\/18\/vinhos-que-se-estreiam-nas-mesas-de-natal-e-ano-novo\/#breadcrumb\"},\"inLanguage\":\"pt-PT\",\"potentialAction\":[{\"@type\":\"ReadAction\",\"target\":[\"https:\/\/portaltela.pt\/noticias\/2025\/12\/18\/vinhos-que-se-estreiam-nas-mesas-de-natal-e-ano-novo\/\"]}]},{\"@type\":\"ImageObject\",\"inLanguage\":\"pt-PT\",\"@id\":\"https:\/\/portaltela.pt\/noticias\/2025\/12\/18\/vinhos-que-se-estreiam-nas-mesas-de-natal-e-ano-novo\/#primaryimage\",\"url\":\"https:\/\/portaltela.pt\/s.01k8rhncp4jt1\/2025\/12\/image-618.jpg\",\"contentUrl\":\"https:\/\/portaltela.pt\/s.01k8rhncp4jt1\/2025\/12\/image-618.jpg\",\"width\":796,\"height\":448,\"caption\":\"Imagem de contexto do artigo Evas\u00f5es \u00e0 sexta: vinhos que se estreiam nas mesas de Natal e Ano Novo\"},{\"@type\":\"BreadcrumbList\",\"@id\":\"https:\/\/portaltela.pt\/noticias\/2025\/12\/18\/vinhos-que-se-estreiam-nas-mesas-de-natal-e-ano-novo\/#breadcrumb\",\"itemListElement\":[{\"@type\":\"ListItem\",\"position\":1,\"name\":\"In\u00edcio\",\"item\":\"https:\/\/portaltela.pt\/\"},{\"@type\":\"ListItem\",\"position\":2,\"name\":\"Vinhos que se estreiam nas mesas de Natal e Ano Novo\"}]},{\"@type\":\"WebSite\",\"@id\":\"https:\/\/portaltela.pt\/#website\",\"url\":\"https:\/\/portaltela.pt\/\",\"name\":\"Portal Tela Portugal\",\"description\":\"\",\"potentialAction\":[{\"@type\":\"SearchAction\",\"target\":{\"@type\":\"EntryPoint\",\"urlTemplate\":\"https:\/\/portaltela.pt\/?s={search_term_string}\"},\"query-input\":{\"@type\":\"PropertyValueSpecification\",\"valueRequired\":true,\"valueName\":\"search_term_string\"}}],\"inLanguage\":\"pt-PT\"},{\"@type\":\"Person\",\"@id\":\"https:\/\/portaltela.pt\/#\/schema\/person\/c4278d4a6028830caff9ee44b42d32ed\",\"name\":\"Telinha\",\"image\":{\"@type\":\"ImageObject\",\"inLanguage\":\"pt-PT\",\"@id\":\"https:\/\/portaltela.pt\/s.01k8rhncp4jt1\/2025\/11\/talking-bot-125x125.png\",\"url\":\"https:\/\/portaltela.pt\/s.01k8rhncp4jt1\/2025\/11\/talking-bot-125x125.png\",\"contentUrl\":\"https:\/\/portaltela.pt\/s.01k8rhncp4jt1\/2025\/11\/talking-bot-125x125.png\",\"caption\":\"Telinha\"},\"sameAs\":[\"https:\/\/portaltela.pt\/\"],\"url\":\"https:\/\/portaltela.pt\/por\/367410592786\/\"}]}<\/script>\n<!-- \/ Yoast SEO plugin. -->","yoast_head_json":{"title":"Vinhos que se estreiam nas mesas de Natal e Ano Novo - Portal Tela Portugal","robots":{"index":"index","follow":"follow","max-snippet":"max-snippet:-1","max-image-preview":"max-image-preview:large","max-video-preview":"max-video-preview:-1"},"og_locale":"pt_PT","og_type":"article","og_title":"Vinhos que se estreiam nas mesas de Natal e Ano Novo - Portal Tela Portugal","og_description":"A not\u00edcia destaca a estreia de vinhos nas mesas de Natal e Ano Novo, com os r\u00f3tulos apresentados pela Evas\u00f5es. A publica\u00e7\u00e3o \u00e9 gratuita e ser\u00e1 distribu\u00edda pelo Jornal de Not\u00edcias, com foco nas novidades que chegam \u00e0s mesas festivas. O tema de capa refor\u00e7a que o final de ano traz boas novas v\u00ednicas, de marcas hist\u00f3ricas e de produtores emergentes. As regi\u00f5es mencionadas s\u00e3o Vinhos Verdes, Douro, Beira Interior e Alentejo. A edi\u00e7\u00e3o de amanh\u00e3 da Evas\u00f5es chega \u00e0s bancas gratuitamente com o Jornal de Not\u00edcias.","og_url":"https:\/\/portaltela.pt\/noticias\/2025\/12\/18\/vinhos-que-se-estreiam-nas-mesas-de-natal-e-ano-novo\/","og_site_name":"Portal Tela Portugal","article_published_time":"2025-12-18T15:28:00+00:00","author":"Telinha","twitter_card":"summary_large_image","twitter_misc":{"Escrito por":"Telinha","Tempo estimado de leitura":"1 minuto"},"schema":{"@context":"https:\/\/schema.org","@graph":[{"@type":"Article","@id":"https:\/\/portaltela.pt\/noticias\/2025\/12\/18\/vinhos-que-se-estreiam-nas-mesas-de-natal-e-ano-novo\/#article","isPartOf":{"@id":"https:\/\/portaltela.pt\/noticias\/2025\/12\/18\/vinhos-que-se-estreiam-nas-mesas-de-natal-e-ano-novo\/"},"author":{"name":"Telinha","@id":"https:\/\/portaltela.pt\/#\/schema\/person\/c4278d4a6028830caff9ee44b42d32ed"},"headline":"Vinhos que se estreiam nas mesas de Natal e Ano Novo","datePublished":"2025-12-18T15:28:00+00:00","mainEntityOfPage":{"@id":"https:\/\/portaltela.pt\/noticias\/2025\/12\/18\/vinhos-que-se-estreiam-nas-mesas-de-natal-e-ano-novo\/"},"wordCount":140,"image":{"@id":"https:\/\/portaltela.pt\/noticias\/2025\/12\/18\/vinhos-que-se-estreiam-nas-mesas-de-natal-e-ano-novo\/#primaryimage"},"thumbnailUrl":"https:\/\/portaltela.pt\/s.01k8rhncp4jt1\/2025\/12\/image-618.jpg","keywords":["Alentejo","comida","Douro","gastronomia","vinhos","vinhos verdes"],"articleSection":["Not\u00edcias"],"inLanguage":"pt-PT"},{"@type":"WebPage","@id":"https:\/\/portaltela.pt\/noticias\/2025\/12\/18\/vinhos-que-se-estreiam-nas-mesas-de-natal-e-ano-novo\/","url":"https:\/\/portaltela.pt\/noticias\/2025\/12\/18\/vinhos-que-se-estreiam-nas-mesas-de-natal-e-ano-novo\/","name":"Vinhos que se estreiam nas mesas de Natal e Ano Novo - Portal Tela Portugal","isPartOf":{"@id":"https:\/\/portaltela.pt\/#website"},"primaryImageOfPage":{"@id":"https:\/\/portaltela.pt\/noticias\/2025\/12\/18\/vinhos-que-se-estreiam-nas-mesas-de-natal-e-ano-novo\/#primaryimage"},"image":{"@id":"https:\/\/portaltela.pt\/noticias\/2025\/12\/18\/vinhos-que-se-estreiam-nas-mesas-de-natal-e-ano-novo\/#primaryimage"},"thumbnailUrl":"https:\/\/portaltela.pt\/s.01k8rhncp4jt1\/2025\/12\/image-618.jpg","datePublished":"2025-12-18T15:28:00+00:00","author":{"@id":"https:\/\/portaltela.pt\/#\/schema\/person\/c4278d4a6028830caff9ee44b42d32ed"},"breadcrumb":{"@id":"https:\/\/portaltela.pt\/noticias\/2025\/12\/18\/vinhos-que-se-estreiam-nas-mesas-de-natal-e-ano-novo\/#breadcrumb"},"inLanguage":"pt-PT","potentialAction":[{"@type":"ReadAction","target":["https:\/\/portaltela.pt\/noticias\/2025\/12\/18\/vinhos-que-se-estreiam-nas-mesas-de-natal-e-ano-novo\/"]}]},{"@type":"ImageObject","inLanguage":"pt-PT","@id":"https:\/\/portaltela.pt\/noticias\/2025\/12\/18\/vinhos-que-se-estreiam-nas-mesas-de-natal-e-ano-novo\/#primaryimage","url":"https:\/\/portaltela.pt\/s.01k8rhncp4jt1\/2025\/12\/image-618.jpg","contentUrl":"https:\/\/portaltela.pt\/s.01k8rhncp4jt1\/2025\/12\/image-618.jpg","width":796,"height":448,"caption":"Imagem de contexto do artigo Evas\u00f5es \u00e0 sexta: vinhos que se estreiam nas mesas de Natal e Ano Novo"},{"@type":"BreadcrumbList","@id":"https:\/\/portaltela.pt\/noticias\/2025\/12\/18\/vinhos-que-se-estreiam-nas-mesas-de-natal-e-ano-novo\/#breadcrumb","itemListElement":[{"@type":"ListItem","position":1,"name":"In\u00edcio","item":"https:\/\/portaltela.pt\/"},{"@type":"ListItem","position":2,"name":"Vinhos que se estreiam nas mesas de Natal e Ano Novo"}]},{"@type":"WebSite","@id":"https:\/\/portaltela.pt\/#website","url":"https:\/\/portaltela.pt\/","name":"Portal Tela Portugal","description":"","potentialAction":[{"@type":"SearchAction","target":{"@type":"EntryPoint","urlTemplate":"https:\/\/portaltela.pt\/?s={search_term_string}"},"query-input":{"@type":"PropertyValueSpecification","valueRequired":true,"valueName":"search_term_string"}}],"inLanguage":"pt-PT"},{"@type":"Person","@id":"https:\/\/portaltela.pt\/#\/schema\/person\/c4278d4a6028830caff9ee44b42d32ed","name":"Telinha","image":{"@type":"ImageObject","inLanguage":"pt-PT","@id":"https:\/\/portaltela.pt\/s.01k8rhncp4jt1\/2025\/11\/talking-bot-125x125.png","url":"https:\/\/portaltela.pt\/s.01k8rhncp4jt1\/2025\/11\/talking-bot-125x125.png","contentUrl":"https:\/\/portaltela.pt\/s.01k8rhncp4jt1\/2025\/11\/talking-bot-125x125.png","caption":"Telinha"},"sameAs":["https:\/\/portaltela.pt\/"],"url":"https:\/\/portaltela.pt\/por\/367410592786\/"}]}},"_links":{"self":[{"href":"https:\/\/portaltela.pt\/api\/wp\/v2\/posts\/84085","targetHints":{"allow":["GET"]}}],"collection":[{"href":"https:\/\/portaltela.pt\/api\/wp\/v2\/posts"}],"about":[{"href":"https:\/\/portaltela.pt\/api\/wp\/v2\/types\/post"}],"author":[{"embeddable":true,"href":"https:\/\/portaltela.pt\/api\/wp\/v2\/users\/2"}],"replies":[{"embeddable":true,"href":"https:\/\/portaltela.pt\/api\/wp\/v2\/comments?post=84085"}],"version-history":[{"count":0,"href":"https:\/\/portaltela.pt\/api\/wp\/v2\/posts\/84085\/revisions"}],"wp:featuredmedia":[{"embeddable":true,"href":"https:\/\/portaltela.pt\/api\/wp\/v2\/media\/84090"}],"wp:attachment":[{"href":"https:\/\/portaltela.pt\/api\/wp\/v2\/media?parent=84085"}],"wp:term":[{"taxonomy":"category","embeddable":true,"href":"https:\/\/portaltela.pt\/api\/wp\/v2\/categories?post=84085"},{"taxonomy":"post_tag","embeddable":true,"href":"https:\/\/portaltela.pt\/api\/wp\/v2\/tags?post=84085"}],"curies":[{"name":"wp","href":"https:\/\/api.w.org\/{rel}","templated":true}]}}