{"id":83641,"date":"2025-12-18T08:32:00","date_gmt":"2025-12-18T11:32:00","guid":{"rendered":"https:\/\/portaltela.pt\/noticias\/2025\/12\/18\/seis-portugueses-entre-os-finalistas-dos-globe-soccer-awards\/"},"modified":"2025-12-18T08:32:00","modified_gmt":"2025-12-18T11:32:00","slug":"seis-portugueses-entre-os-finalistas-dos-globe-soccer-awards","status":"publish","type":"post","link":"https:\/\/portaltela.pt\/desporto\/futebol\/2025\/12\/18\/seis-portugueses-entre-os-finalistas-dos-globe-soccer-awards\/","title":{"rendered":"Seis portugueses entre os finalistas dos Globe Soccer Awards"},"content":{"rendered":"<p>Seis portugueses integram a lista de finalistas dos Globe Soccer Awards, cuja cerim\u00f3nia se realiza no dia 28 no Atlantis The Royal, em Dubai. O lote final inclui Vitinha, Jo\u00e3o Neves, Cristiano Ronaldo, Jorge Mendes, Deco e Lu\u00eds Campos. Nuno Mendes, Mora e o Sporting sa\u00edram da lista de finalistas desde novembro.<\/p>\n<p>Vitinha disputa as categorias de Melhor Jogador e Melhor M\u00e9dio, isto \u00faltimo com Jo\u00e3o Neves nomeado tamb\u00e9m. Ronaldo figura como finalista na categoria de Melhor Jogador do M\u00e9dio Oriente. Mendes aparece como Melhor Agente, enquanto Deco e Campos competem em Melhor Diretor Desportivo.<\/p>\n<p>Da lista de nomeados de novembro, ca\u00edram Nuno Mendes (Melhor Avan\u00e7ado) e Mora (Melhor M\u00e9dio); o Sporting funcionava na categoria de Melhor Clube, mas ficou de fora da final. Mant\u00eam-se apenas os seis portugueses finalistas, entre nomes de peso no panorama desportivo.<\/p>\n<h3>As categorias em que surgem os portugueses<\/h3>\n<p>Vitinha aparece em Melhor M\u00e9dio e Melhor Jogador, ao passo que Jo\u00e3o Neves compete em Melhor M\u00e9dio e Jogador Emergente. Cristiano Ronaldo est\u00e1 entre os finalistas de Melhor Jogador do M\u00e9dio Oriente. Jorge Mendes consta em Melhor Agente, e Deco e Lu\u00eds Campos em Melhor Diretor Desportivo.<\/p>\n<h3>Contexto adicional<\/h3>\n<p>Entre os nomeados totais, destacam-se jogadores como Mbapp\u00e9, Demb\u00e9l\u00e9 e Yamal, al\u00e9m de clubes de renome como Barcelona, PSG e Chelsea. A lista contempla categorias pr\u00f3prias para treino, gest\u00e3o e dire\u00e7\u00e3o desportiva, mantendo o foco em resultados e influ\u00eancia no futebol moderno.<\/p>\n","protected":false},"excerpt":{"rendered":"<ul>\n<li>Seis portugueses s\u00e3o finalistas nos Globe Soccer Awards, cuja cerim\u00f3nia acontece no dia 28 no Atlantis The Royal, em Dubai.<\/li>\n<li>Vitinha est\u00e1 nomeado para Melhor Jogador e Melhor M\u00e9dio, e Jo\u00e3o Neves tamb\u00e9m compete na categoria de Melhor M\u00e9dio, al\u00e9m de estar na corrida para Jogador Emergente.<\/li>\n<li>Cristiano Ronaldo \u00e9 finalista na categoria de Melhor Jogador do M\u00e9dio Oriente.<\/li>\n<li>Jorge Mendes aparece entre os nomeados para Melhor Agente, enquanto Lu\u00eds Campos e Deco entram na lista de Melhor Diretor Desportivo.<\/li>\n<li>Saem da lista de finalistas Nuno Mendes, Mora e o Sporting, que constavam na nomea\u00e7\u00e3o de novembro.<\/li>\n<\/ul>\n","protected":false},"author":2,"featured_media":83646,"comment_status":"closed","ping_status":"closed","sticky":false,"template":"","format":"standard","meta":{"footnotes":""},"categories":[21,24],"tags":[152,32,242,1608,1609,1014],"class_list":["post-83641","post","type-post","status-publish","format-standard","has-post-thumbnail","hentry","category-desporto","category-futebol","tag-desporto","tag-futebol","tag-jogadores","tag-melhor-agente","tag-melhor-diretor-desportivo","tag-portugal"],"yoast_head":"<!-- This site is optimized with the Yoast SEO plugin v27.2 - https:\/\/yoast.com\/product\/yoast-seo-wordpress\/ -->\n<title>Seis portugueses entre os finalistas dos Globe Soccer Awards - Portal Tela Portugal<\/title>\n<meta name=\"robots\" content=\"index, follow, max-snippet:-1, max-image-preview:large, max-video-preview:-1\" \/>\n<meta property=\"og:locale\" content=\"pt_PT\" \/>\n<meta property=\"og:type\" content=\"article\" \/>\n<meta property=\"og:title\" content=\"Seis portugueses entre os finalistas dos Globe Soccer Awards - Portal Tela Portugal\" \/>\n<meta property=\"og:description\" content=\"Seis portugueses s\u00e3o finalistas nos Globe Soccer Awards, cuja cerim\u00f3nia acontece no dia 28 no Atlantis The Royal, em Dubai. Vitinha est\u00e1 nomeado para Melhor Jogador e Melhor M\u00e9dio, e Jo\u00e3o Neves tamb\u00e9m compete na categoria de Melhor M\u00e9dio, al\u00e9m de estar na corrida para Jogador Emergente. Cristiano Ronaldo \u00e9 finalista na categoria de Melhor Jogador do M\u00e9dio Oriente. Jorge Mendes aparece entre os nomeados para Melhor Agente, enquanto Lu\u00eds Campos e Deco entram na lista de Melhor Diretor Desportivo. Saem da lista de finalistas Nuno Mendes, Mora e o Sporting, que constavam na nomea\u00e7\u00e3o de novembro.\" \/>\n<meta property=\"og:url\" content=\"https:\/\/portaltela.pt\/noticias\/2025\/12\/18\/seis-portugueses-entre-os-finalistas-dos-globe-soccer-awards\/\" \/>\n<meta property=\"og:site_name\" content=\"Portal Tela Portugal\" \/>\n<meta property=\"article:published_time\" content=\"2025-12-18T11:32:00+00:00\" \/>\n<meta name=\"author\" content=\"Telinha\" \/>\n<meta name=\"twitter:card\" content=\"summary_large_image\" \/>\n<meta name=\"twitter:label1\" content=\"Escrito por\" \/>\n\t<meta name=\"twitter:data1\" content=\"Telinha\" \/>\n\t<meta name=\"twitter:label2\" content=\"Tempo estimado de leitura\" \/>\n\t<meta name=\"twitter:data2\" content=\"1 minuto\" \/>\n<script type=\"application\/ld+json\" class=\"yoast-schema-graph\">{\"@context\":\"https:\/\/schema.org\",\"@graph\":[{\"@type\":\"Article\",\"@id\":\"https:\/\/portaltela.pt\/noticias\/2025\/12\/18\/seis-portugueses-entre-os-finalistas-dos-globe-soccer-awards\/#article\",\"isPartOf\":{\"@id\":\"https:\/\/portaltela.pt\/noticias\/2025\/12\/18\/seis-portugueses-entre-os-finalistas-dos-globe-soccer-awards\/\"},\"author\":{\"name\":\"Telinha\",\"@id\":\"https:\/\/portaltela.pt\/#\/schema\/person\/c4278d4a6028830caff9ee44b42d32ed\"},\"headline\":\"Seis portugueses entre os finalistas dos Globe Soccer Awards\",\"datePublished\":\"2025-12-18T11:32:00+00:00\",\"mainEntityOfPage\":{\"@id\":\"https:\/\/portaltela.pt\/noticias\/2025\/12\/18\/seis-portugueses-entre-os-finalistas-dos-globe-soccer-awards\/\"},\"wordCount\":266,\"image\":{\"@id\":\"https:\/\/portaltela.pt\/noticias\/2025\/12\/18\/seis-portugueses-entre-os-finalistas-dos-globe-soccer-awards\/#primaryimage\"},\"thumbnailUrl\":\"https:\/\/portaltela.pt\/s.01k8rhncp4jt1\/2025\/12\/img_920x518uu2025-12-18-11-29-23-2409926-im-639016541805501607.jpg\",\"keywords\":[\"desporto\",\"futebol\",\"jogadores\",\"Melhor Agente\",\"Melhor Diretor Desportivo\",\"Portugal\"],\"articleSection\":[\"Desporto\",\"Futebol\"],\"inLanguage\":\"pt-PT\"},{\"@type\":\"WebPage\",\"@id\":\"https:\/\/portaltela.pt\/noticias\/2025\/12\/18\/seis-portugueses-entre-os-finalistas-dos-globe-soccer-awards\/\",\"url\":\"https:\/\/portaltela.pt\/noticias\/2025\/12\/18\/seis-portugueses-entre-os-finalistas-dos-globe-soccer-awards\/\",\"name\":\"Seis portugueses entre os finalistas dos Globe Soccer Awards - Portal Tela Portugal\",\"isPartOf\":{\"@id\":\"https:\/\/portaltela.pt\/#website\"},\"primaryImageOfPage\":{\"@id\":\"https:\/\/portaltela.pt\/noticias\/2025\/12\/18\/seis-portugueses-entre-os-finalistas-dos-globe-soccer-awards\/#primaryimage\"},\"image\":{\"@id\":\"https:\/\/portaltela.pt\/noticias\/2025\/12\/18\/seis-portugueses-entre-os-finalistas-dos-globe-soccer-awards\/#primaryimage\"},\"thumbnailUrl\":\"https:\/\/portaltela.pt\/s.01k8rhncp4jt1\/2025\/12\/img_920x518uu2025-12-18-11-29-23-2409926-im-639016541805501607.jpg\",\"datePublished\":\"2025-12-18T11:32:00+00:00\",\"author\":{\"@id\":\"https:\/\/portaltela.pt\/#\/schema\/person\/c4278d4a6028830caff9ee44b42d32ed\"},\"breadcrumb\":{\"@id\":\"https:\/\/portaltela.pt\/noticias\/2025\/12\/18\/seis-portugueses-entre-os-finalistas-dos-globe-soccer-awards\/#breadcrumb\"},\"inLanguage\":\"pt-PT\",\"potentialAction\":[{\"@type\":\"ReadAction\",\"target\":[\"https:\/\/portaltela.pt\/noticias\/2025\/12\/18\/seis-portugueses-entre-os-finalistas-dos-globe-soccer-awards\/\"]}]},{\"@type\":\"ImageObject\",\"inLanguage\":\"pt-PT\",\"@id\":\"https:\/\/portaltela.pt\/noticias\/2025\/12\/18\/seis-portugueses-entre-os-finalistas-dos-globe-soccer-awards\/#primaryimage\",\"url\":\"https:\/\/portaltela.pt\/s.01k8rhncp4jt1\/2025\/12\/img_920x518uu2025-12-18-11-29-23-2409926-im-639016541805501607.jpg\",\"contentUrl\":\"https:\/\/portaltela.pt\/s.01k8rhncp4jt1\/2025\/12\/img_920x518uu2025-12-18-11-29-23-2409926-im-639016541805501607.jpg\",\"width\":796,\"height\":448,\"caption\":\"Vitinha\"},{\"@type\":\"BreadcrumbList\",\"@id\":\"https:\/\/portaltela.pt\/noticias\/2025\/12\/18\/seis-portugueses-entre-os-finalistas-dos-globe-soccer-awards\/#breadcrumb\",\"itemListElement\":[{\"@type\":\"ListItem\",\"position\":1,\"name\":\"In\u00edcio\",\"item\":\"https:\/\/portaltela.pt\/\"},{\"@type\":\"ListItem\",\"position\":2,\"name\":\"Seis portugueses entre os finalistas dos Globe Soccer Awards\"}]},{\"@type\":\"WebSite\",\"@id\":\"https:\/\/portaltela.pt\/#website\",\"url\":\"https:\/\/portaltela.pt\/\",\"name\":\"Portal Tela Portugal\",\"description\":\"\",\"potentialAction\":[{\"@type\":\"SearchAction\",\"target\":{\"@type\":\"EntryPoint\",\"urlTemplate\":\"https:\/\/portaltela.pt\/?s={search_term_string}\"},\"query-input\":{\"@type\":\"PropertyValueSpecification\",\"valueRequired\":true,\"valueName\":\"search_term_string\"}}],\"inLanguage\":\"pt-PT\"},{\"@type\":\"Person\",\"@id\":\"https:\/\/portaltela.pt\/#\/schema\/person\/c4278d4a6028830caff9ee44b42d32ed\",\"name\":\"Telinha\",\"image\":{\"@type\":\"ImageObject\",\"inLanguage\":\"pt-PT\",\"@id\":\"https:\/\/portaltela.pt\/s.01k8rhncp4jt1\/2025\/11\/talking-bot-125x125.png\",\"url\":\"https:\/\/portaltela.pt\/s.01k8rhncp4jt1\/2025\/11\/talking-bot-125x125.png\",\"contentUrl\":\"https:\/\/portaltela.pt\/s.01k8rhncp4jt1\/2025\/11\/talking-bot-125x125.png\",\"caption\":\"Telinha\"},\"sameAs\":[\"https:\/\/portaltela.pt\/\"],\"url\":\"https:\/\/portaltela.pt\/por\/367410592786\/\"}]}<\/script>\n<!-- \/ Yoast SEO plugin. -->","yoast_head_json":{"title":"Seis portugueses entre os finalistas dos Globe Soccer Awards - Portal Tela Portugal","robots":{"index":"index","follow":"follow","max-snippet":"max-snippet:-1","max-image-preview":"max-image-preview:large","max-video-preview":"max-video-preview:-1"},"og_locale":"pt_PT","og_type":"article","og_title":"Seis portugueses entre os finalistas dos Globe Soccer Awards - Portal Tela Portugal","og_description":"Seis portugueses s\u00e3o finalistas nos Globe Soccer Awards, cuja cerim\u00f3nia acontece no dia 28 no Atlantis The Royal, em Dubai. Vitinha est\u00e1 nomeado para Melhor Jogador e Melhor M\u00e9dio, e Jo\u00e3o Neves tamb\u00e9m compete na categoria de Melhor M\u00e9dio, al\u00e9m de estar na corrida para Jogador Emergente. Cristiano Ronaldo \u00e9 finalista na categoria de Melhor Jogador do M\u00e9dio Oriente. Jorge Mendes aparece entre os nomeados para Melhor Agente, enquanto Lu\u00eds Campos e Deco entram na lista de Melhor Diretor Desportivo. Saem da lista de finalistas Nuno Mendes, Mora e o Sporting, que constavam na nomea\u00e7\u00e3o de novembro.","og_url":"https:\/\/portaltela.pt\/noticias\/2025\/12\/18\/seis-portugueses-entre-os-finalistas-dos-globe-soccer-awards\/","og_site_name":"Portal Tela Portugal","article_published_time":"2025-12-18T11:32:00+00:00","author":"Telinha","twitter_card":"summary_large_image","twitter_misc":{"Escrito por":"Telinha","Tempo estimado de leitura":"1 minuto"},"schema":{"@context":"https:\/\/schema.org","@graph":[{"@type":"Article","@id":"https:\/\/portaltela.pt\/noticias\/2025\/12\/18\/seis-portugueses-entre-os-finalistas-dos-globe-soccer-awards\/#article","isPartOf":{"@id":"https:\/\/portaltela.pt\/noticias\/2025\/12\/18\/seis-portugueses-entre-os-finalistas-dos-globe-soccer-awards\/"},"author":{"name":"Telinha","@id":"https:\/\/portaltela.pt\/#\/schema\/person\/c4278d4a6028830caff9ee44b42d32ed"},"headline":"Seis portugueses entre os finalistas dos Globe Soccer Awards","datePublished":"2025-12-18T11:32:00+00:00","mainEntityOfPage":{"@id":"https:\/\/portaltela.pt\/noticias\/2025\/12\/18\/seis-portugueses-entre-os-finalistas-dos-globe-soccer-awards\/"},"wordCount":266,"image":{"@id":"https:\/\/portaltela.pt\/noticias\/2025\/12\/18\/seis-portugueses-entre-os-finalistas-dos-globe-soccer-awards\/#primaryimage"},"thumbnailUrl":"https:\/\/portaltela.pt\/s.01k8rhncp4jt1\/2025\/12\/img_920x518uu2025-12-18-11-29-23-2409926-im-639016541805501607.jpg","keywords":["desporto","futebol","jogadores","Melhor Agente","Melhor Diretor Desportivo","Portugal"],"articleSection":["Desporto","Futebol"],"inLanguage":"pt-PT"},{"@type":"WebPage","@id":"https:\/\/portaltela.pt\/noticias\/2025\/12\/18\/seis-portugueses-entre-os-finalistas-dos-globe-soccer-awards\/","url":"https:\/\/portaltela.pt\/noticias\/2025\/12\/18\/seis-portugueses-entre-os-finalistas-dos-globe-soccer-awards\/","name":"Seis portugueses entre os finalistas dos Globe Soccer Awards - Portal Tela Portugal","isPartOf":{"@id":"https:\/\/portaltela.pt\/#website"},"primaryImageOfPage":{"@id":"https:\/\/portaltela.pt\/noticias\/2025\/12\/18\/seis-portugueses-entre-os-finalistas-dos-globe-soccer-awards\/#primaryimage"},"image":{"@id":"https:\/\/portaltela.pt\/noticias\/2025\/12\/18\/seis-portugueses-entre-os-finalistas-dos-globe-soccer-awards\/#primaryimage"},"thumbnailUrl":"https:\/\/portaltela.pt\/s.01k8rhncp4jt1\/2025\/12\/img_920x518uu2025-12-18-11-29-23-2409926-im-639016541805501607.jpg","datePublished":"2025-12-18T11:32:00+00:00","author":{"@id":"https:\/\/portaltela.pt\/#\/schema\/person\/c4278d4a6028830caff9ee44b42d32ed"},"breadcrumb":{"@id":"https:\/\/portaltela.pt\/noticias\/2025\/12\/18\/seis-portugueses-entre-os-finalistas-dos-globe-soccer-awards\/#breadcrumb"},"inLanguage":"pt-PT","potentialAction":[{"@type":"ReadAction","target":["https:\/\/portaltela.pt\/noticias\/2025\/12\/18\/seis-portugueses-entre-os-finalistas-dos-globe-soccer-awards\/"]}]},{"@type":"ImageObject","inLanguage":"pt-PT","@id":"https:\/\/portaltela.pt\/noticias\/2025\/12\/18\/seis-portugueses-entre-os-finalistas-dos-globe-soccer-awards\/#primaryimage","url":"https:\/\/portaltela.pt\/s.01k8rhncp4jt1\/2025\/12\/img_920x518uu2025-12-18-11-29-23-2409926-im-639016541805501607.jpg","contentUrl":"https:\/\/portaltela.pt\/s.01k8rhncp4jt1\/2025\/12\/img_920x518uu2025-12-18-11-29-23-2409926-im-639016541805501607.jpg","width":796,"height":448,"caption":"Vitinha"},{"@type":"BreadcrumbList","@id":"https:\/\/portaltela.pt\/noticias\/2025\/12\/18\/seis-portugueses-entre-os-finalistas-dos-globe-soccer-awards\/#breadcrumb","itemListElement":[{"@type":"ListItem","position":1,"name":"In\u00edcio","item":"https:\/\/portaltela.pt\/"},{"@type":"ListItem","position":2,"name":"Seis portugueses entre os finalistas dos Globe Soccer Awards"}]},{"@type":"WebSite","@id":"https:\/\/portaltela.pt\/#website","url":"https:\/\/portaltela.pt\/","name":"Portal Tela Portugal","description":"","potentialAction":[{"@type":"SearchAction","target":{"@type":"EntryPoint","urlTemplate":"https:\/\/portaltela.pt\/?s={search_term_string}"},"query-input":{"@type":"PropertyValueSpecification","valueRequired":true,"valueName":"search_term_string"}}],"inLanguage":"pt-PT"},{"@type":"Person","@id":"https:\/\/portaltela.pt\/#\/schema\/person\/c4278d4a6028830caff9ee44b42d32ed","name":"Telinha","image":{"@type":"ImageObject","inLanguage":"pt-PT","@id":"https:\/\/portaltela.pt\/s.01k8rhncp4jt1\/2025\/11\/talking-bot-125x125.png","url":"https:\/\/portaltela.pt\/s.01k8rhncp4jt1\/2025\/11\/talking-bot-125x125.png","contentUrl":"https:\/\/portaltela.pt\/s.01k8rhncp4jt1\/2025\/11\/talking-bot-125x125.png","caption":"Telinha"},"sameAs":["https:\/\/portaltela.pt\/"],"url":"https:\/\/portaltela.pt\/por\/367410592786\/"}]}},"_links":{"self":[{"href":"https:\/\/portaltela.pt\/api\/wp\/v2\/posts\/83641","targetHints":{"allow":["GET"]}}],"collection":[{"href":"https:\/\/portaltela.pt\/api\/wp\/v2\/posts"}],"about":[{"href":"https:\/\/portaltela.pt\/api\/wp\/v2\/types\/post"}],"author":[{"embeddable":true,"href":"https:\/\/portaltela.pt\/api\/wp\/v2\/users\/2"}],"replies":[{"embeddable":true,"href":"https:\/\/portaltela.pt\/api\/wp\/v2\/comments?post=83641"}],"version-history":[{"count":0,"href":"https:\/\/portaltela.pt\/api\/wp\/v2\/posts\/83641\/revisions"}],"wp:featuredmedia":[{"embeddable":true,"href":"https:\/\/portaltela.pt\/api\/wp\/v2\/media\/83646"}],"wp:attachment":[{"href":"https:\/\/portaltela.pt\/api\/wp\/v2\/media?parent=83641"}],"wp:term":[{"taxonomy":"category","embeddable":true,"href":"https:\/\/portaltela.pt\/api\/wp\/v2\/categories?post=83641"},{"taxonomy":"post_tag","embeddable":true,"href":"https:\/\/portaltela.pt\/api\/wp\/v2\/tags?post=83641"}],"curies":[{"name":"wp","href":"https:\/\/api.w.org\/{rel}","templated":true}]}}