{"id":83066,"date":"2025-12-17T22:42:00","date_gmt":"2025-12-18T01:42:00","guid":{"rendered":"https:\/\/portaltela.pt\/noticias\/2025\/12\/17\/chega-aprova-orcamento-inicial-no-novo-mandato-de-carlos-moedas\/"},"modified":"2025-12-17T22:42:00","modified_gmt":"2025-12-18T01:42:00","slug":"chega-aprova-orcamento-inicial-no-novo-mandato-de-carlos-moedas","status":"publish","type":"post","link":"https:\/\/portaltela.pt\/noticias\/economia\/2025\/12\/17\/chega-aprova-orcamento-inicial-no-novo-mandato-de-carlos-moedas\/","title":{"rendered":"Chega aprova or\u00e7amento inicial no novo mandato de Carlos Moedas"},"content":{"rendered":"<p>A C\u00e2mara de Lisboa aprovou o or\u00e7amento municipal para 2026, no valor de 1.345 milh\u00f5es de euros, com o apoio do Chega. A vota\u00e7\u00e3o ocorreu em reuni\u00e3o privada e contou com 10 votos a favor e 7 contra. A oposi\u00e7\u00e3o de PS, Livre, BE e PCP votou contra.<\/p>\n<p>A proposta, apresentada pela atual maioria PSD\/CDS-PP\/IL, \u00e9 financiada pela vis\u00e3o de um executivo que governa sem maioria e dependeu do apoio de elementos do Chega para viabilizar o documento. O processo fica agora sujeito \u00e0 Assembleia Municipal, que marcar\u00e1 a vota\u00e7\u00e3o para 13 de janeiro.<\/p>\n<p>Para 2026, o executivo destacou 410 milh\u00f5es de euros em investimento priorit\u00e1rio. O foco \u00e9 habita\u00e7\u00e3o, higiene urbana, seguran\u00e7a, espa\u00e7os verdes e pavimenta\u00e7\u00e3o de ruas. O objetivo \u00e9 refor\u00e7ar servi\u00e7os p\u00fablicos e qualidade de vida na cidade.<\/p>\n<p>Carlos Moedas, presidente da C\u00e2mara, descreveu o or\u00e7amento como equilibrado, respons\u00e1vel e inovador. Disse que o montante visa intervir nas \u00e1reas mais relevantes para os lisboetas, mantendo o investimento est\u00e1vel ao longo do mandato.<\/p>\n<p>A verea\u00e7\u00e3o do Chega reconheceu aspetos positivos, incluindo melhorias no licenciamento urban\u00edstico, que alinham-se com as pol\u00edticas do partido. A posi\u00e7\u00e3o foi anunciada antes do sentido de voto final na Assembleia Municipal.<\/p>\n<p>A oposi\u00e7\u00e3o municipal considerou o or\u00e7amento inadequado. O PS apontou que a proposta reduz o investimento na habita\u00e7\u00e3o e adia servi\u00e7os como educa\u00e7\u00e3o, sa\u00fade e equipamentos sociais. PCP, Livre e BE tamb\u00e9m criticaram a aposta de financiamento.<\/p>\n<p>Entre os itens de investimento, o documento reserva 12 milh\u00f5es de euros para higiene urbana, 35 milh\u00f5es para nova frota da Carris, 10 milh\u00f5es para ilumina\u00e7\u00e3o p\u00fablica e 14,6 milh\u00f5es para pavimenta\u00e7\u00f5es. Tamb\u00e9m constam 38 milh\u00f5es para obras em escolas.<\/p>\n<p>Foram aprovadas as grandes op\u00e7\u00f5es do plano 2026-2030, incluindo 13 novas infraestruturas municipais e projetos de habita\u00e7\u00e3o, parques verdes e mobilidade. A conjun\u00e7\u00e3o de planos refletiu o programa eleitoral da coliga\u00e7\u00e3o.<\/p>\n<p>Enquadradas nestes blocos, as empresas municipais apresentaram or\u00e7amentos para 2026: Carris (250,3 milh\u00f5es), Lisboa Ocidental SRU (96,3 milh\u00f5es), EMEL (68,3 milh\u00f5es), Gebalis (64,9 milh\u00f5es) e EGEAC (49,3 milh\u00f5es). O Chega votou a favor de alguns pontos.<\/p>\n<p>A viabiliza\u00e7\u00e3o do pacote or\u00e7amental ocorreu com o apoio do Chega, que votou a favor de algumas propostas da SRU e Gebalis, abstendo-se noutros pontos da Carris, EMEL e EGEAC. PS, Livre, BE e PCP votaram contra os documentos.<\/p>\n","protected":false},"excerpt":{"rendered":"<ul>\n<li>A C\u00e2mara de Lisboa aprovou o or\u00e7amento municipal para 2026 no valor de 1.345 milh\u00f5es de euros, viabilizado pela maioria PSD\/CDS-PP\/IL com o apoio do Chega (10 votos a favor, 7 contra).<\/li>\n<li>A proposta vai ser votada pela Assembleia Municipal de Lisboa a 13 de janeiro.<\/li>\n<li>O executivo destacou 410 milh\u00f5es de euros para investimento priorit\u00e1rio em habita\u00e7\u00e3o, higiene urbana, seguran\u00e7a, espa\u00e7os verdes e pavimenta\u00e7\u00e3o.<\/li>\n<li>Os votos contr\u00e1rios vieram de PS, Livre, BE e PCP; o Chega votou a favor na C\u00e2mara e teve posi\u00e7\u00f5es diversificadas nos demais pontos.<\/li>\n<li>Este \u00e9 o primeiro or\u00e7amento do mandato 2025-2029 da gest\u00e3o PSD\/CDS-PP\/IL, cuja despesa \u00e9 ligeiramente inferior ao or\u00e7amento previsto para este ano (1.359 milh\u00f5es).<\/li>\n<\/ul>\n","protected":false},"author":2,"featured_media":83069,"comment_status":"closed","ping_status":"closed","sticky":false,"template":"","format":"standard","meta":{"footnotes":""},"categories":[2,1],"tags":[798,1585,150,672,735,981],"class_list":["post-83066","post","type-post","status-publish","format-standard","has-post-thumbnail","hentry","category-economia","category-noticias","tag-carris-metropolitana","tag-gebalis","tag-habitacao","tag-higiene-urbana","tag-iluminacao-publica","tag-lisboa"],"yoast_head":"<!-- This site is optimized with the Yoast SEO plugin v27.2 - https:\/\/yoast.com\/product\/yoast-seo-wordpress\/ -->\n<title>Chega aprova or\u00e7amento inicial no novo mandato de Carlos Moedas - Portal Tela Portugal<\/title>\n<meta name=\"robots\" content=\"index, follow, max-snippet:-1, max-image-preview:large, max-video-preview:-1\" \/>\n<meta property=\"og:locale\" content=\"pt_PT\" \/>\n<meta property=\"og:type\" content=\"article\" \/>\n<meta property=\"og:title\" content=\"Chega aprova or\u00e7amento inicial no novo mandato de Carlos Moedas - Portal Tela Portugal\" \/>\n<meta property=\"og:description\" content=\"A C\u00e2mara de Lisboa aprovou o or\u00e7amento municipal para 2026 no valor de 1.345 milh\u00f5es de euros, viabilizado pela maioria PSD\/CDS-PP\/IL com o apoio do Chega (10 votos a favor, 7 contra). A proposta vai ser votada pela Assembleia Municipal de Lisboa a 13 de janeiro. O executivo destacou 410 milh\u00f5es de euros para investimento priorit\u00e1rio em habita\u00e7\u00e3o, higiene urbana, seguran\u00e7a, espa\u00e7os verdes e pavimenta\u00e7\u00e3o. Os votos contr\u00e1rios vieram de PS, Livre, BE e PCP; o Chega votou a favor na C\u00e2mara e teve posi\u00e7\u00f5es diversificadas nos demais pontos. Este \u00e9 o primeiro or\u00e7amento do mandato 2025-2029 da gest\u00e3o PSD\/CDS-PP\/IL, cuja despesa \u00e9 ligeiramente inferior ao or\u00e7amento previsto para este ano (1.359 milh\u00f5es).\" \/>\n<meta property=\"og:url\" content=\"https:\/\/portaltela.pt\/noticias\/2025\/12\/17\/chega-aprova-orcamento-inicial-no-novo-mandato-de-carlos-moedas\/\" \/>\n<meta property=\"og:site_name\" content=\"Portal Tela Portugal\" \/>\n<meta property=\"article:published_time\" content=\"2025-12-18T01:42:00+00:00\" \/>\n<meta name=\"author\" content=\"Telinha\" \/>\n<meta name=\"twitter:card\" content=\"summary_large_image\" \/>\n<meta name=\"twitter:label1\" content=\"Escrito por\" \/>\n\t<meta name=\"twitter:data1\" content=\"Telinha\" \/>\n\t<meta name=\"twitter:label2\" content=\"Tempo estimado de leitura\" \/>\n\t<meta name=\"twitter:data2\" content=\"2 minutos\" \/>\n<script type=\"application\/ld+json\" class=\"yoast-schema-graph\">{\"@context\":\"https:\/\/schema.org\",\"@graph\":[{\"@type\":\"Article\",\"@id\":\"https:\/\/portaltela.pt\/noticias\/2025\/12\/17\/chega-aprova-orcamento-inicial-no-novo-mandato-de-carlos-moedas\/#article\",\"isPartOf\":{\"@id\":\"https:\/\/portaltela.pt\/noticias\/2025\/12\/17\/chega-aprova-orcamento-inicial-no-novo-mandato-de-carlos-moedas\/\"},\"author\":{\"name\":\"Telinha\",\"@id\":\"https:\/\/portaltela.pt\/#\/schema\/person\/c4278d4a6028830caff9ee44b42d32ed\"},\"headline\":\"Chega aprova or\u00e7amento inicial no novo mandato de Carlos Moedas\",\"datePublished\":\"2025-12-18T01:42:00+00:00\",\"mainEntityOfPage\":{\"@id\":\"https:\/\/portaltela.pt\/noticias\/2025\/12\/17\/chega-aprova-orcamento-inicial-no-novo-mandato-de-carlos-moedas\/\"},\"wordCount\":423,\"image\":{\"@id\":\"https:\/\/portaltela.pt\/noticias\/2025\/12\/17\/chega-aprova-orcamento-inicial-no-novo-mandato-de-carlos-moedas\/#primaryimage\"},\"thumbnailUrl\":\"https:\/\/portaltela.pt\/s.01k8rhncp4jt1\/2025\/12\/unnamed-file-256.jpg\",\"keywords\":[\"Carris Metropolitana\",\"Gebalis\",\"habita\u00e7\u00e3o\",\"higiene urbana\",\"ilumina\u00e7\u00e3o p\u00fablica\",\"Lisboa\"],\"articleSection\":[\"Economia\",\"Not\u00edcias\"],\"inLanguage\":\"pt-PT\"},{\"@type\":\"WebPage\",\"@id\":\"https:\/\/portaltela.pt\/noticias\/2025\/12\/17\/chega-aprova-orcamento-inicial-no-novo-mandato-de-carlos-moedas\/\",\"url\":\"https:\/\/portaltela.pt\/noticias\/2025\/12\/17\/chega-aprova-orcamento-inicial-no-novo-mandato-de-carlos-moedas\/\",\"name\":\"Chega aprova or\u00e7amento inicial no novo mandato de Carlos Moedas - Portal Tela Portugal\",\"isPartOf\":{\"@id\":\"https:\/\/portaltela.pt\/#website\"},\"primaryImageOfPage\":{\"@id\":\"https:\/\/portaltela.pt\/noticias\/2025\/12\/17\/chega-aprova-orcamento-inicial-no-novo-mandato-de-carlos-moedas\/#primaryimage\"},\"image\":{\"@id\":\"https:\/\/portaltela.pt\/noticias\/2025\/12\/17\/chega-aprova-orcamento-inicial-no-novo-mandato-de-carlos-moedas\/#primaryimage\"},\"thumbnailUrl\":\"https:\/\/portaltela.pt\/s.01k8rhncp4jt1\/2025\/12\/unnamed-file-256.jpg\",\"datePublished\":\"2025-12-18T01:42:00+00:00\",\"author\":{\"@id\":\"https:\/\/portaltela.pt\/#\/schema\/person\/c4278d4a6028830caff9ee44b42d32ed\"},\"breadcrumb\":{\"@id\":\"https:\/\/portaltela.pt\/noticias\/2025\/12\/17\/chega-aprova-orcamento-inicial-no-novo-mandato-de-carlos-moedas\/#breadcrumb\"},\"inLanguage\":\"pt-PT\",\"potentialAction\":[{\"@type\":\"ReadAction\",\"target\":[\"https:\/\/portaltela.pt\/noticias\/2025\/12\/17\/chega-aprova-orcamento-inicial-no-novo-mandato-de-carlos-moedas\/\"]}]},{\"@type\":\"ImageObject\",\"inLanguage\":\"pt-PT\",\"@id\":\"https:\/\/portaltela.pt\/noticias\/2025\/12\/17\/chega-aprova-orcamento-inicial-no-novo-mandato-de-carlos-moedas\/#primaryimage\",\"url\":\"https:\/\/portaltela.pt\/s.01k8rhncp4jt1\/2025\/12\/unnamed-file-256.jpg\",\"contentUrl\":\"https:\/\/portaltela.pt\/s.01k8rhncp4jt1\/2025\/12\/unnamed-file-256.jpg\",\"width\":796,\"height\":448,\"caption\":\"Chega aprova primeiro or\u00e7amento do novo mandato de Carlos Moedas\"},{\"@type\":\"BreadcrumbList\",\"@id\":\"https:\/\/portaltela.pt\/noticias\/2025\/12\/17\/chega-aprova-orcamento-inicial-no-novo-mandato-de-carlos-moedas\/#breadcrumb\",\"itemListElement\":[{\"@type\":\"ListItem\",\"position\":1,\"name\":\"In\u00edcio\",\"item\":\"https:\/\/portaltela.pt\/\"},{\"@type\":\"ListItem\",\"position\":2,\"name\":\"Chega aprova or\u00e7amento inicial no novo mandato de Carlos Moedas\"}]},{\"@type\":\"WebSite\",\"@id\":\"https:\/\/portaltela.pt\/#website\",\"url\":\"https:\/\/portaltela.pt\/\",\"name\":\"Portal Tela Portugal\",\"description\":\"\",\"potentialAction\":[{\"@type\":\"SearchAction\",\"target\":{\"@type\":\"EntryPoint\",\"urlTemplate\":\"https:\/\/portaltela.pt\/?s={search_term_string}\"},\"query-input\":{\"@type\":\"PropertyValueSpecification\",\"valueRequired\":true,\"valueName\":\"search_term_string\"}}],\"inLanguage\":\"pt-PT\"},{\"@type\":\"Person\",\"@id\":\"https:\/\/portaltela.pt\/#\/schema\/person\/c4278d4a6028830caff9ee44b42d32ed\",\"name\":\"Telinha\",\"image\":{\"@type\":\"ImageObject\",\"inLanguage\":\"pt-PT\",\"@id\":\"https:\/\/portaltela.pt\/s.01k8rhncp4jt1\/2025\/11\/talking-bot-125x125.png\",\"url\":\"https:\/\/portaltela.pt\/s.01k8rhncp4jt1\/2025\/11\/talking-bot-125x125.png\",\"contentUrl\":\"https:\/\/portaltela.pt\/s.01k8rhncp4jt1\/2025\/11\/talking-bot-125x125.png\",\"caption\":\"Telinha\"},\"sameAs\":[\"https:\/\/portaltela.pt\/\"],\"url\":\"https:\/\/portaltela.pt\/por\/367410592786\/\"}]}<\/script>\n<!-- \/ Yoast SEO plugin. -->","yoast_head_json":{"title":"Chega aprova or\u00e7amento inicial no novo mandato de Carlos Moedas - Portal Tela Portugal","robots":{"index":"index","follow":"follow","max-snippet":"max-snippet:-1","max-image-preview":"max-image-preview:large","max-video-preview":"max-video-preview:-1"},"og_locale":"pt_PT","og_type":"article","og_title":"Chega aprova or\u00e7amento inicial no novo mandato de Carlos Moedas - Portal Tela Portugal","og_description":"A C\u00e2mara de Lisboa aprovou o or\u00e7amento municipal para 2026 no valor de 1.345 milh\u00f5es de euros, viabilizado pela maioria PSD\/CDS-PP\/IL com o apoio do Chega (10 votos a favor, 7 contra). A proposta vai ser votada pela Assembleia Municipal de Lisboa a 13 de janeiro. O executivo destacou 410 milh\u00f5es de euros para investimento priorit\u00e1rio em habita\u00e7\u00e3o, higiene urbana, seguran\u00e7a, espa\u00e7os verdes e pavimenta\u00e7\u00e3o. Os votos contr\u00e1rios vieram de PS, Livre, BE e PCP; o Chega votou a favor na C\u00e2mara e teve posi\u00e7\u00f5es diversificadas nos demais pontos. Este \u00e9 o primeiro or\u00e7amento do mandato 2025-2029 da gest\u00e3o PSD\/CDS-PP\/IL, cuja despesa \u00e9 ligeiramente inferior ao or\u00e7amento previsto para este ano (1.359 milh\u00f5es).","og_url":"https:\/\/portaltela.pt\/noticias\/2025\/12\/17\/chega-aprova-orcamento-inicial-no-novo-mandato-de-carlos-moedas\/","og_site_name":"Portal Tela Portugal","article_published_time":"2025-12-18T01:42:00+00:00","author":"Telinha","twitter_card":"summary_large_image","twitter_misc":{"Escrito por":"Telinha","Tempo estimado de leitura":"2 minutos"},"schema":{"@context":"https:\/\/schema.org","@graph":[{"@type":"Article","@id":"https:\/\/portaltela.pt\/noticias\/2025\/12\/17\/chega-aprova-orcamento-inicial-no-novo-mandato-de-carlos-moedas\/#article","isPartOf":{"@id":"https:\/\/portaltela.pt\/noticias\/2025\/12\/17\/chega-aprova-orcamento-inicial-no-novo-mandato-de-carlos-moedas\/"},"author":{"name":"Telinha","@id":"https:\/\/portaltela.pt\/#\/schema\/person\/c4278d4a6028830caff9ee44b42d32ed"},"headline":"Chega aprova or\u00e7amento inicial no novo mandato de Carlos Moedas","datePublished":"2025-12-18T01:42:00+00:00","mainEntityOfPage":{"@id":"https:\/\/portaltela.pt\/noticias\/2025\/12\/17\/chega-aprova-orcamento-inicial-no-novo-mandato-de-carlos-moedas\/"},"wordCount":423,"image":{"@id":"https:\/\/portaltela.pt\/noticias\/2025\/12\/17\/chega-aprova-orcamento-inicial-no-novo-mandato-de-carlos-moedas\/#primaryimage"},"thumbnailUrl":"https:\/\/portaltela.pt\/s.01k8rhncp4jt1\/2025\/12\/unnamed-file-256.jpg","keywords":["Carris Metropolitana","Gebalis","habita\u00e7\u00e3o","higiene urbana","ilumina\u00e7\u00e3o p\u00fablica","Lisboa"],"articleSection":["Economia","Not\u00edcias"],"inLanguage":"pt-PT"},{"@type":"WebPage","@id":"https:\/\/portaltela.pt\/noticias\/2025\/12\/17\/chega-aprova-orcamento-inicial-no-novo-mandato-de-carlos-moedas\/","url":"https:\/\/portaltela.pt\/noticias\/2025\/12\/17\/chega-aprova-orcamento-inicial-no-novo-mandato-de-carlos-moedas\/","name":"Chega aprova or\u00e7amento inicial no novo mandato de Carlos Moedas - Portal Tela Portugal","isPartOf":{"@id":"https:\/\/portaltela.pt\/#website"},"primaryImageOfPage":{"@id":"https:\/\/portaltela.pt\/noticias\/2025\/12\/17\/chega-aprova-orcamento-inicial-no-novo-mandato-de-carlos-moedas\/#primaryimage"},"image":{"@id":"https:\/\/portaltela.pt\/noticias\/2025\/12\/17\/chega-aprova-orcamento-inicial-no-novo-mandato-de-carlos-moedas\/#primaryimage"},"thumbnailUrl":"https:\/\/portaltela.pt\/s.01k8rhncp4jt1\/2025\/12\/unnamed-file-256.jpg","datePublished":"2025-12-18T01:42:00+00:00","author":{"@id":"https:\/\/portaltela.pt\/#\/schema\/person\/c4278d4a6028830caff9ee44b42d32ed"},"breadcrumb":{"@id":"https:\/\/portaltela.pt\/noticias\/2025\/12\/17\/chega-aprova-orcamento-inicial-no-novo-mandato-de-carlos-moedas\/#breadcrumb"},"inLanguage":"pt-PT","potentialAction":[{"@type":"ReadAction","target":["https:\/\/portaltela.pt\/noticias\/2025\/12\/17\/chega-aprova-orcamento-inicial-no-novo-mandato-de-carlos-moedas\/"]}]},{"@type":"ImageObject","inLanguage":"pt-PT","@id":"https:\/\/portaltela.pt\/noticias\/2025\/12\/17\/chega-aprova-orcamento-inicial-no-novo-mandato-de-carlos-moedas\/#primaryimage","url":"https:\/\/portaltela.pt\/s.01k8rhncp4jt1\/2025\/12\/unnamed-file-256.jpg","contentUrl":"https:\/\/portaltela.pt\/s.01k8rhncp4jt1\/2025\/12\/unnamed-file-256.jpg","width":796,"height":448,"caption":"Chega aprova primeiro or\u00e7amento do novo mandato de Carlos Moedas"},{"@type":"BreadcrumbList","@id":"https:\/\/portaltela.pt\/noticias\/2025\/12\/17\/chega-aprova-orcamento-inicial-no-novo-mandato-de-carlos-moedas\/#breadcrumb","itemListElement":[{"@type":"ListItem","position":1,"name":"In\u00edcio","item":"https:\/\/portaltela.pt\/"},{"@type":"ListItem","position":2,"name":"Chega aprova or\u00e7amento inicial no novo mandato de Carlos Moedas"}]},{"@type":"WebSite","@id":"https:\/\/portaltela.pt\/#website","url":"https:\/\/portaltela.pt\/","name":"Portal Tela Portugal","description":"","potentialAction":[{"@type":"SearchAction","target":{"@type":"EntryPoint","urlTemplate":"https:\/\/portaltela.pt\/?s={search_term_string}"},"query-input":{"@type":"PropertyValueSpecification","valueRequired":true,"valueName":"search_term_string"}}],"inLanguage":"pt-PT"},{"@type":"Person","@id":"https:\/\/portaltela.pt\/#\/schema\/person\/c4278d4a6028830caff9ee44b42d32ed","name":"Telinha","image":{"@type":"ImageObject","inLanguage":"pt-PT","@id":"https:\/\/portaltela.pt\/s.01k8rhncp4jt1\/2025\/11\/talking-bot-125x125.png","url":"https:\/\/portaltela.pt\/s.01k8rhncp4jt1\/2025\/11\/talking-bot-125x125.png","contentUrl":"https:\/\/portaltela.pt\/s.01k8rhncp4jt1\/2025\/11\/talking-bot-125x125.png","caption":"Telinha"},"sameAs":["https:\/\/portaltela.pt\/"],"url":"https:\/\/portaltela.pt\/por\/367410592786\/"}]}},"_links":{"self":[{"href":"https:\/\/portaltela.pt\/api\/wp\/v2\/posts\/83066","targetHints":{"allow":["GET"]}}],"collection":[{"href":"https:\/\/portaltela.pt\/api\/wp\/v2\/posts"}],"about":[{"href":"https:\/\/portaltela.pt\/api\/wp\/v2\/types\/post"}],"author":[{"embeddable":true,"href":"https:\/\/portaltela.pt\/api\/wp\/v2\/users\/2"}],"replies":[{"embeddable":true,"href":"https:\/\/portaltela.pt\/api\/wp\/v2\/comments?post=83066"}],"version-history":[{"count":0,"href":"https:\/\/portaltela.pt\/api\/wp\/v2\/posts\/83066\/revisions"}],"wp:featuredmedia":[{"embeddable":true,"href":"https:\/\/portaltela.pt\/api\/wp\/v2\/media\/83069"}],"wp:attachment":[{"href":"https:\/\/portaltela.pt\/api\/wp\/v2\/media?parent=83066"}],"wp:term":[{"taxonomy":"category","embeddable":true,"href":"https:\/\/portaltela.pt\/api\/wp\/v2\/categories?post=83066"},{"taxonomy":"post_tag","embeddable":true,"href":"https:\/\/portaltela.pt\/api\/wp\/v2\/tags?post=83066"}],"curies":[{"name":"wp","href":"https:\/\/api.w.org\/{rel}","templated":true}]}}