{"id":82894,"date":"2025-12-17T21:06:00","date_gmt":"2025-12-18T00:06:00","guid":{"rendered":"https:\/\/portaltela.pt\/noticias\/2025\/12\/17\/hospital-conde-ferreira-tera-centro-de-criacao-artistica\/"},"modified":"2025-12-17T21:06:00","modified_gmt":"2025-12-18T00:06:00","slug":"hospital-conde-ferreira-tera-centro-de-criacao-artistica","status":"publish","type":"post","link":"https:\/\/portaltela.pt\/noticias\/2025\/12\/17\/hospital-conde-ferreira-tera-centro-de-criacao-artistica\/","title":{"rendered":"Hospital Conde Ferreira ter\u00e1 centro de cria\u00e7\u00e3o art\u00edstica"},"content":{"rendered":"<p>O Centro Hospitalar Conde Ferreira, no Porto, vai acolher o Centro de Cria\u00e7\u00e3o Art\u00edstica BSP, criado no espa\u00e7o de uma antiga oficina dentro do hospital. A iniciativa \u00e9 promovida pela Santa Casa da Miseric\u00f3rdia do Porto, em protocolo com a BSP.<\/p>\n<p>O projeto surge para criar um espa\u00e7o permanente para a Banda Sinf\u00f3nica Portuguesa e para outros criadores. O objetivo \u00e9 revitalizar um espa\u00e7o arquitet\u00f3nico e simb\u00f3lico da cidade, juntando cultura, m\u00fasica e comunidade.<\/p>\n<p>O Centro de Cria\u00e7\u00e3o Art\u00edstica BSP visa promover a cria\u00e7\u00e3o art\u00edstica e permitir ensaios, grava\u00e7\u00f5es, resid\u00eancias e projetos multidisciplinares. O centro abrir\u00e1 \u00e0 comunidade, escolas e institui\u00e7\u00f5es de solidariedade.<\/p>\n<p>Al\u00e9m de apoiar m\u00fasicos, o projeto valoriza a sa\u00fade mental, aproximando p\u00fablicos hospitalares do universo criativo. A ideia \u00e9 ligar arte, bem-estar e desenvolvimento humano.<\/p>\n<h3>Estrutura do espa\u00e7o e arquitetura<\/h3>\n<p>A obra \u00e9 da responsabilidade do arquiteto Hugo Igrejas. O espa\u00e7o incluir\u00e1 um est\u00fadio de grava\u00e7\u00e3o, salas t\u00e9cnicas e \u00e1reas de trabalho para experimenting.<\/p>\n<p>Haver\u00e1 uma sala polivalente para ensaios, concertos, cinema e confer\u00eancias, bem como zonas de conv\u00edvio e cria\u00e7\u00e3o colaborativa. O centro contar\u00e1 com \u00e1reas de apoio para a BSP.<\/p>\n<p>A apresenta\u00e7\u00e3o formal do projeto est\u00e1 marcada para este s\u00e1bado, \u00e0s 11h00, no Centro Hospitalar de Conde Ferreira, na Rua de Costa Cabral.<\/p>\n","protected":false},"excerpt":{"rendered":"<ul>\n<li>O Hospital Conde Ferreira, no Porto, vai acolher o Centro de Cria\u00e7\u00e3o Art\u00edstica BSP, instalado numa antiga oficina dentro do recinto hospitalar.<\/li>\n<li>O projeto \u00e9 proposto pela Banda Sinf\u00f3nica Portuguesa (BSP) em protocolo com a Santa Casa da Miseric\u00f3rdia do Porto, para criar um espa\u00e7o permanente de cria\u00e7\u00e3o, forma\u00e7\u00e3o e desenvolvimento art\u00edstico.<\/li>\n<li>O espa\u00e7o, desenhado pelo arquiteto Hugo Igrejas, inclui est\u00fadio de grava\u00e7\u00e3o, salas t\u00e9cnicas, \u00e1reas de trabalho e uma sala polivalente para ensaios, cinema e confer\u00eancias.<\/li>\n<li>A iniciativa procura ligar cultura, m\u00fasica e comunidade, com abertura \u00e0 comunidade, escolas, institui\u00e7\u00f5es de solidariedade e parcerias empresariais, valorizando tamb\u00e9m a sa\u00fade mental.<\/li>\n<li>A apresenta\u00e7\u00e3o do Centro de Cria\u00e7\u00e3o Art\u00edstica ocorre este s\u00e1bado, \u00e0s 11h00, no Centro Hospitalar de Conde Ferreira, na Rua de Costa Cabral.<\/li>\n<\/ul>\n","protected":false},"author":2,"featured_media":82898,"comment_status":"closed","ping_status":"closed","sticky":false,"template":"","format":"standard","meta":{"footnotes":""},"categories":[1],"tags":[70,1259,145,633,982,55],"class_list":["post-82894","post","type-post","status-publish","format-standard","has-post-thumbnail","hentry","category-noticias","tag-arte","tag-banda-sinfonica-portuguesa","tag-cultura","tag-hospital","tag-porto","tag-saude-mental"],"yoast_head":"<!-- This site is optimized with the Yoast SEO plugin v27.2 - https:\/\/yoast.com\/product\/yoast-seo-wordpress\/ -->\n<title>Hospital Conde Ferreira ter\u00e1 centro de cria\u00e7\u00e3o art\u00edstica - Portal Tela Portugal<\/title>\n<meta name=\"robots\" content=\"index, follow, max-snippet:-1, max-image-preview:large, max-video-preview:-1\" \/>\n<meta property=\"og:locale\" content=\"pt_PT\" \/>\n<meta property=\"og:type\" content=\"article\" \/>\n<meta property=\"og:title\" content=\"Hospital Conde Ferreira ter\u00e1 centro de cria\u00e7\u00e3o art\u00edstica - Portal Tela Portugal\" \/>\n<meta property=\"og:description\" content=\"O Hospital Conde Ferreira, no Porto, vai acolher o Centro de Cria\u00e7\u00e3o Art\u00edstica BSP, instalado numa antiga oficina dentro do recinto hospitalar. O projeto \u00e9 proposto pela Banda Sinf\u00f3nica Portuguesa (BSP) em protocolo com a Santa Casa da Miseric\u00f3rdia do Porto, para criar um espa\u00e7o permanente de cria\u00e7\u00e3o, forma\u00e7\u00e3o e desenvolvimento art\u00edstico. O espa\u00e7o, desenhado pelo arquiteto Hugo Igrejas, inclui est\u00fadio de grava\u00e7\u00e3o, salas t\u00e9cnicas, \u00e1reas de trabalho e uma sala polivalente para ensaios, cinema e confer\u00eancias. A iniciativa procura ligar cultura, m\u00fasica e comunidade, com abertura \u00e0 comunidade, escolas, institui\u00e7\u00f5es de solidariedade e parcerias empresariais, valorizando tamb\u00e9m a sa\u00fade mental. A apresenta\u00e7\u00e3o do Centro de Cria\u00e7\u00e3o Art\u00edstica ocorre este s\u00e1bado, \u00e0s 11h00, no Centro Hospitalar de Conde Ferreira, na Rua de Costa Cabral.\" \/>\n<meta property=\"og:url\" content=\"https:\/\/portaltela.pt\/noticias\/2025\/12\/17\/hospital-conde-ferreira-tera-centro-de-criacao-artistica\/\" \/>\n<meta property=\"og:site_name\" content=\"Portal Tela Portugal\" \/>\n<meta property=\"article:published_time\" content=\"2025-12-18T00:06:00+00:00\" \/>\n<meta name=\"author\" content=\"Telinha\" \/>\n<meta name=\"twitter:card\" content=\"summary_large_image\" \/>\n<meta name=\"twitter:label1\" content=\"Escrito por\" \/>\n\t<meta name=\"twitter:data1\" content=\"Telinha\" \/>\n\t<meta name=\"twitter:label2\" content=\"Tempo estimado de leitura\" \/>\n\t<meta name=\"twitter:data2\" content=\"1 minuto\" \/>\n<script type=\"application\/ld+json\" class=\"yoast-schema-graph\">{\"@context\":\"https:\/\/schema.org\",\"@graph\":[{\"@type\":\"Article\",\"@id\":\"https:\/\/portaltela.pt\/noticias\/2025\/12\/17\/hospital-conde-ferreira-tera-centro-de-criacao-artistica\/#article\",\"isPartOf\":{\"@id\":\"https:\/\/portaltela.pt\/noticias\/2025\/12\/17\/hospital-conde-ferreira-tera-centro-de-criacao-artistica\/\"},\"author\":{\"name\":\"Telinha\",\"@id\":\"https:\/\/portaltela.pt\/#\/schema\/person\/c4278d4a6028830caff9ee44b42d32ed\"},\"headline\":\"Hospital Conde Ferreira ter\u00e1 centro de cria\u00e7\u00e3o art\u00edstica\",\"datePublished\":\"2025-12-18T00:06:00+00:00\",\"mainEntityOfPage\":{\"@id\":\"https:\/\/portaltela.pt\/noticias\/2025\/12\/17\/hospital-conde-ferreira-tera-centro-de-criacao-artistica\/\"},\"wordCount\":244,\"image\":{\"@id\":\"https:\/\/portaltela.pt\/noticias\/2025\/12\/17\/hospital-conde-ferreira-tera-centro-de-criacao-artistica\/#primaryimage\"},\"thumbnailUrl\":\"https:\/\/portaltela.pt\/s.01k8rhncp4jt1\/2025\/12\/39953796.jpg\",\"keywords\":[\"arte\",\"Banda Sinf\u00f3nica Portuguesa\",\"cultura\",\"hospital\",\"Porto\",\"sa\u00fade mental\"],\"articleSection\":[\"Not\u00edcias\"],\"inLanguage\":\"pt-PT\"},{\"@type\":\"WebPage\",\"@id\":\"https:\/\/portaltela.pt\/noticias\/2025\/12\/17\/hospital-conde-ferreira-tera-centro-de-criacao-artistica\/\",\"url\":\"https:\/\/portaltela.pt\/noticias\/2025\/12\/17\/hospital-conde-ferreira-tera-centro-de-criacao-artistica\/\",\"name\":\"Hospital Conde Ferreira ter\u00e1 centro de cria\u00e7\u00e3o art\u00edstica - Portal Tela Portugal\",\"isPartOf\":{\"@id\":\"https:\/\/portaltela.pt\/#website\"},\"primaryImageOfPage\":{\"@id\":\"https:\/\/portaltela.pt\/noticias\/2025\/12\/17\/hospital-conde-ferreira-tera-centro-de-criacao-artistica\/#primaryimage\"},\"image\":{\"@id\":\"https:\/\/portaltela.pt\/noticias\/2025\/12\/17\/hospital-conde-ferreira-tera-centro-de-criacao-artistica\/#primaryimage\"},\"thumbnailUrl\":\"https:\/\/portaltela.pt\/s.01k8rhncp4jt1\/2025\/12\/39953796.jpg\",\"datePublished\":\"2025-12-18T00:06:00+00:00\",\"author\":{\"@id\":\"https:\/\/portaltela.pt\/#\/schema\/person\/c4278d4a6028830caff9ee44b42d32ed\"},\"breadcrumb\":{\"@id\":\"https:\/\/portaltela.pt\/noticias\/2025\/12\/17\/hospital-conde-ferreira-tera-centro-de-criacao-artistica\/#breadcrumb\"},\"inLanguage\":\"pt-PT\",\"potentialAction\":[{\"@type\":\"ReadAction\",\"target\":[\"https:\/\/portaltela.pt\/noticias\/2025\/12\/17\/hospital-conde-ferreira-tera-centro-de-criacao-artistica\/\"]}]},{\"@type\":\"ImageObject\",\"inLanguage\":\"pt-PT\",\"@id\":\"https:\/\/portaltela.pt\/noticias\/2025\/12\/17\/hospital-conde-ferreira-tera-centro-de-criacao-artistica\/#primaryimage\",\"url\":\"https:\/\/portaltela.pt\/s.01k8rhncp4jt1\/2025\/12\/39953796.jpg\",\"contentUrl\":\"https:\/\/portaltela.pt\/s.01k8rhncp4jt1\/2025\/12\/39953796.jpg\",\"width\":796,\"height\":448,\"caption\":\"O metro passa a ponte D. Lu\u00eds no Porto, 5 de dezembro de 2022. O Metro do Porto celebra este m\u00eas o seu 20\u00ba Anivers\u00e1rio. (ACOMPANHA TEXTO DE 06 DE DEZEMBRO DE 2022). JOS\u00c9 COELHO\/LUSA\"},{\"@type\":\"BreadcrumbList\",\"@id\":\"https:\/\/portaltela.pt\/noticias\/2025\/12\/17\/hospital-conde-ferreira-tera-centro-de-criacao-artistica\/#breadcrumb\",\"itemListElement\":[{\"@type\":\"ListItem\",\"position\":1,\"name\":\"In\u00edcio\",\"item\":\"https:\/\/portaltela.pt\/\"},{\"@type\":\"ListItem\",\"position\":2,\"name\":\"Hospital Conde Ferreira ter\u00e1 centro de cria\u00e7\u00e3o art\u00edstica\"}]},{\"@type\":\"WebSite\",\"@id\":\"https:\/\/portaltela.pt\/#website\",\"url\":\"https:\/\/portaltela.pt\/\",\"name\":\"Portal Tela Portugal\",\"description\":\"\",\"potentialAction\":[{\"@type\":\"SearchAction\",\"target\":{\"@type\":\"EntryPoint\",\"urlTemplate\":\"https:\/\/portaltela.pt\/?s={search_term_string}\"},\"query-input\":{\"@type\":\"PropertyValueSpecification\",\"valueRequired\":true,\"valueName\":\"search_term_string\"}}],\"inLanguage\":\"pt-PT\"},{\"@type\":\"Person\",\"@id\":\"https:\/\/portaltela.pt\/#\/schema\/person\/c4278d4a6028830caff9ee44b42d32ed\",\"name\":\"Telinha\",\"image\":{\"@type\":\"ImageObject\",\"inLanguage\":\"pt-PT\",\"@id\":\"https:\/\/portaltela.pt\/s.01k8rhncp4jt1\/2025\/11\/talking-bot-125x125.png\",\"url\":\"https:\/\/portaltela.pt\/s.01k8rhncp4jt1\/2025\/11\/talking-bot-125x125.png\",\"contentUrl\":\"https:\/\/portaltela.pt\/s.01k8rhncp4jt1\/2025\/11\/talking-bot-125x125.png\",\"caption\":\"Telinha\"},\"sameAs\":[\"https:\/\/portaltela.pt\/\"],\"url\":\"https:\/\/portaltela.pt\/por\/367410592786\/\"}]}<\/script>\n<!-- \/ Yoast SEO plugin. -->","yoast_head_json":{"title":"Hospital Conde Ferreira ter\u00e1 centro de cria\u00e7\u00e3o art\u00edstica - Portal Tela Portugal","robots":{"index":"index","follow":"follow","max-snippet":"max-snippet:-1","max-image-preview":"max-image-preview:large","max-video-preview":"max-video-preview:-1"},"og_locale":"pt_PT","og_type":"article","og_title":"Hospital Conde Ferreira ter\u00e1 centro de cria\u00e7\u00e3o art\u00edstica - Portal Tela Portugal","og_description":"O Hospital Conde Ferreira, no Porto, vai acolher o Centro de Cria\u00e7\u00e3o Art\u00edstica BSP, instalado numa antiga oficina dentro do recinto hospitalar. O projeto \u00e9 proposto pela Banda Sinf\u00f3nica Portuguesa (BSP) em protocolo com a Santa Casa da Miseric\u00f3rdia do Porto, para criar um espa\u00e7o permanente de cria\u00e7\u00e3o, forma\u00e7\u00e3o e desenvolvimento art\u00edstico. O espa\u00e7o, desenhado pelo arquiteto Hugo Igrejas, inclui est\u00fadio de grava\u00e7\u00e3o, salas t\u00e9cnicas, \u00e1reas de trabalho e uma sala polivalente para ensaios, cinema e confer\u00eancias. A iniciativa procura ligar cultura, m\u00fasica e comunidade, com abertura \u00e0 comunidade, escolas, institui\u00e7\u00f5es de solidariedade e parcerias empresariais, valorizando tamb\u00e9m a sa\u00fade mental. A apresenta\u00e7\u00e3o do Centro de Cria\u00e7\u00e3o Art\u00edstica ocorre este s\u00e1bado, \u00e0s 11h00, no Centro Hospitalar de Conde Ferreira, na Rua de Costa Cabral.","og_url":"https:\/\/portaltela.pt\/noticias\/2025\/12\/17\/hospital-conde-ferreira-tera-centro-de-criacao-artistica\/","og_site_name":"Portal Tela Portugal","article_published_time":"2025-12-18T00:06:00+00:00","author":"Telinha","twitter_card":"summary_large_image","twitter_misc":{"Escrito por":"Telinha","Tempo estimado de leitura":"1 minuto"},"schema":{"@context":"https:\/\/schema.org","@graph":[{"@type":"Article","@id":"https:\/\/portaltela.pt\/noticias\/2025\/12\/17\/hospital-conde-ferreira-tera-centro-de-criacao-artistica\/#article","isPartOf":{"@id":"https:\/\/portaltela.pt\/noticias\/2025\/12\/17\/hospital-conde-ferreira-tera-centro-de-criacao-artistica\/"},"author":{"name":"Telinha","@id":"https:\/\/portaltela.pt\/#\/schema\/person\/c4278d4a6028830caff9ee44b42d32ed"},"headline":"Hospital Conde Ferreira ter\u00e1 centro de cria\u00e7\u00e3o art\u00edstica","datePublished":"2025-12-18T00:06:00+00:00","mainEntityOfPage":{"@id":"https:\/\/portaltela.pt\/noticias\/2025\/12\/17\/hospital-conde-ferreira-tera-centro-de-criacao-artistica\/"},"wordCount":244,"image":{"@id":"https:\/\/portaltela.pt\/noticias\/2025\/12\/17\/hospital-conde-ferreira-tera-centro-de-criacao-artistica\/#primaryimage"},"thumbnailUrl":"https:\/\/portaltela.pt\/s.01k8rhncp4jt1\/2025\/12\/39953796.jpg","keywords":["arte","Banda Sinf\u00f3nica Portuguesa","cultura","hospital","Porto","sa\u00fade mental"],"articleSection":["Not\u00edcias"],"inLanguage":"pt-PT"},{"@type":"WebPage","@id":"https:\/\/portaltela.pt\/noticias\/2025\/12\/17\/hospital-conde-ferreira-tera-centro-de-criacao-artistica\/","url":"https:\/\/portaltela.pt\/noticias\/2025\/12\/17\/hospital-conde-ferreira-tera-centro-de-criacao-artistica\/","name":"Hospital Conde Ferreira ter\u00e1 centro de cria\u00e7\u00e3o art\u00edstica - Portal Tela Portugal","isPartOf":{"@id":"https:\/\/portaltela.pt\/#website"},"primaryImageOfPage":{"@id":"https:\/\/portaltela.pt\/noticias\/2025\/12\/17\/hospital-conde-ferreira-tera-centro-de-criacao-artistica\/#primaryimage"},"image":{"@id":"https:\/\/portaltela.pt\/noticias\/2025\/12\/17\/hospital-conde-ferreira-tera-centro-de-criacao-artistica\/#primaryimage"},"thumbnailUrl":"https:\/\/portaltela.pt\/s.01k8rhncp4jt1\/2025\/12\/39953796.jpg","datePublished":"2025-12-18T00:06:00+00:00","author":{"@id":"https:\/\/portaltela.pt\/#\/schema\/person\/c4278d4a6028830caff9ee44b42d32ed"},"breadcrumb":{"@id":"https:\/\/portaltela.pt\/noticias\/2025\/12\/17\/hospital-conde-ferreira-tera-centro-de-criacao-artistica\/#breadcrumb"},"inLanguage":"pt-PT","potentialAction":[{"@type":"ReadAction","target":["https:\/\/portaltela.pt\/noticias\/2025\/12\/17\/hospital-conde-ferreira-tera-centro-de-criacao-artistica\/"]}]},{"@type":"ImageObject","inLanguage":"pt-PT","@id":"https:\/\/portaltela.pt\/noticias\/2025\/12\/17\/hospital-conde-ferreira-tera-centro-de-criacao-artistica\/#primaryimage","url":"https:\/\/portaltela.pt\/s.01k8rhncp4jt1\/2025\/12\/39953796.jpg","contentUrl":"https:\/\/portaltela.pt\/s.01k8rhncp4jt1\/2025\/12\/39953796.jpg","width":796,"height":448,"caption":"O metro passa a ponte D. Lu\u00eds no Porto, 5 de dezembro de 2022. O Metro do Porto celebra este m\u00eas o seu 20\u00ba Anivers\u00e1rio. (ACOMPANHA TEXTO DE 06 DE DEZEMBRO DE 2022). JOS\u00c9 COELHO\/LUSA"},{"@type":"BreadcrumbList","@id":"https:\/\/portaltela.pt\/noticias\/2025\/12\/17\/hospital-conde-ferreira-tera-centro-de-criacao-artistica\/#breadcrumb","itemListElement":[{"@type":"ListItem","position":1,"name":"In\u00edcio","item":"https:\/\/portaltela.pt\/"},{"@type":"ListItem","position":2,"name":"Hospital Conde Ferreira ter\u00e1 centro de cria\u00e7\u00e3o art\u00edstica"}]},{"@type":"WebSite","@id":"https:\/\/portaltela.pt\/#website","url":"https:\/\/portaltela.pt\/","name":"Portal Tela Portugal","description":"","potentialAction":[{"@type":"SearchAction","target":{"@type":"EntryPoint","urlTemplate":"https:\/\/portaltela.pt\/?s={search_term_string}"},"query-input":{"@type":"PropertyValueSpecification","valueRequired":true,"valueName":"search_term_string"}}],"inLanguage":"pt-PT"},{"@type":"Person","@id":"https:\/\/portaltela.pt\/#\/schema\/person\/c4278d4a6028830caff9ee44b42d32ed","name":"Telinha","image":{"@type":"ImageObject","inLanguage":"pt-PT","@id":"https:\/\/portaltela.pt\/s.01k8rhncp4jt1\/2025\/11\/talking-bot-125x125.png","url":"https:\/\/portaltela.pt\/s.01k8rhncp4jt1\/2025\/11\/talking-bot-125x125.png","contentUrl":"https:\/\/portaltela.pt\/s.01k8rhncp4jt1\/2025\/11\/talking-bot-125x125.png","caption":"Telinha"},"sameAs":["https:\/\/portaltela.pt\/"],"url":"https:\/\/portaltela.pt\/por\/367410592786\/"}]}},"_links":{"self":[{"href":"https:\/\/portaltela.pt\/api\/wp\/v2\/posts\/82894","targetHints":{"allow":["GET"]}}],"collection":[{"href":"https:\/\/portaltela.pt\/api\/wp\/v2\/posts"}],"about":[{"href":"https:\/\/portaltela.pt\/api\/wp\/v2\/types\/post"}],"author":[{"embeddable":true,"href":"https:\/\/portaltela.pt\/api\/wp\/v2\/users\/2"}],"replies":[{"embeddable":true,"href":"https:\/\/portaltela.pt\/api\/wp\/v2\/comments?post=82894"}],"version-history":[{"count":0,"href":"https:\/\/portaltela.pt\/api\/wp\/v2\/posts\/82894\/revisions"}],"wp:featuredmedia":[{"embeddable":true,"href":"https:\/\/portaltela.pt\/api\/wp\/v2\/media\/82898"}],"wp:attachment":[{"href":"https:\/\/portaltela.pt\/api\/wp\/v2\/media?parent=82894"}],"wp:term":[{"taxonomy":"category","embeddable":true,"href":"https:\/\/portaltela.pt\/api\/wp\/v2\/categories?post=82894"},{"taxonomy":"post_tag","embeddable":true,"href":"https:\/\/portaltela.pt\/api\/wp\/v2\/tags?post=82894"}],"curies":[{"name":"wp","href":"https:\/\/api.w.org\/{rel}","templated":true}]}}