{"id":82284,"date":"2025-12-17T15:25:00","date_gmt":"2025-12-17T18:25:00","guid":{"rendered":"https:\/\/portaltela.pt\/noticias\/2025\/12\/17\/banco-de-portugal-reforca-vigilancia-de-candidatos-a-residencia-para-investimento\/"},"modified":"2025-12-17T15:25:00","modified_gmt":"2025-12-17T18:25:00","slug":"banco-de-portugal-reforca-vigilancia-de-candidatos-a-residencia-para-investimento","status":"publish","type":"post","link":"https:\/\/portaltela.pt\/noticias\/2025\/12\/17\/banco-de-portugal-reforca-vigilancia-de-candidatos-a-residencia-para-investimento\/","title":{"rendered":"Banco de Portugal refor\u00e7a vigil\u00e2ncia de candidatos a resid\u00eancia para investimento"},"content":{"rendered":"<p>O Banco de Portugal vai instruir as institui\u00e7\u00f5es financeiras que operam em Portugal a refor\u00e7arem os mecanismos de preven\u00e7\u00e3o do branqueamento de capitais nas rela\u00e7\u00f5es de neg\u00f3cio ou em transa\u00e7\u00f5es com clientes candidatos ou benefici\u00e1rios de autoriza\u00e7\u00f5es de resid\u00eancia para atividade de investimento.<\/p>\n<p>A decis\u00e3o foi anunciada num comunicado do supervisor, que relembra a realiza\u00e7\u00e3o, no passado dia 12 de dezembro, da quinta reuni\u00e3o do F\u00f3rum do Banco de Portugal para a Preven\u00e7\u00e3o do Branqueamento de Capitais e do Financiamento do Terrorismo.<\/p>\n<p>O f\u00f3rum \u00e9 presidido pelo governador \u00c1lvaro Santos Pereira e contou com a presen\u00e7a do vice-governador Lu\u00eds M\u00e1ximo dos Santos. Dois anos ap\u00f3s a cria\u00e7\u00e3o, o governador destacou a import\u00e2ncia do f\u00f3rum para refor\u00e7ar a preven\u00e7\u00e3o no setor financeiro, prioridade para o banco nos pr\u00f3ximos anos.<\/p>\n","protected":false},"excerpt":{"rendered":"<ul>\n<li>O Banco de Portugal vai instruir institui\u00e7\u00f5es financeiras a refor\u00e7arem os mecanismos de preven\u00e7\u00e3o do branqueamento de capitais em rela\u00e7\u00f5es de neg\u00f3cio ou em transa\u00e7\u00f5es com candidatos ou benefici\u00e1rios de autoriza\u00e7\u00f5es de resid\u00eancia para atividade de investimento.<\/li>\n<li>A decis\u00e3o foi anunciada num comunicado do supervisor.<\/li>\n<li>O comunicado refere a realiza\u00e7\u00e3o, no passado dia 12 de dezembro, da quinta reuni\u00e3o do F\u00f3rum do Banco de Portugal para a Preven\u00e7\u00e3o do Branqueamento de Capitais e do Financiamento do Terrorismo.<\/li>\n<li>O F\u00f3rum \u00e9 presidido pelo governador, \u00c1lvaro Santos Pereira, e contou com a presen\u00e7a do vice-governador, Lu\u00eds M\u00e1ximo dos Santos.<\/li>\n<li>Dois anos ap\u00f3s a constitui\u00e7\u00e3o do F\u00f3rum, o governador destacou a sua import\u00e2ncia e afirmou que a preven\u00e7\u00e3o do branqueamento de capitais e do financiamento do terrorismo permanecer\u00e1 como prioridade do Banco de Portugal nos pr\u00f3ximos anos.<\/li>\n<\/ul>\n","protected":false},"author":2,"featured_media":82286,"comment_status":"closed","ping_status":"closed","sticky":false,"template":"","format":"standard","meta":{"footnotes":""},"categories":[1],"tags":[1460,695,316,769,1014,74],"class_list":["post-82284","post","type-post","status-publish","format-standard","has-post-thumbnail","hentry","category-noticias","tag-financiamento-do-terrorismo","tag-fiscalizacao","tag-investimento","tag-lavagem-de-capitais","tag-portugal","tag-prevencao"],"yoast_head":"<!-- This site is optimized with the Yoast SEO plugin v27.2 - https:\/\/yoast.com\/product\/yoast-seo-wordpress\/ -->\n<title>Banco de Portugal refor\u00e7a vigil\u00e2ncia de candidatos a resid\u00eancia para investimento - Portal Tela Portugal<\/title>\n<meta name=\"robots\" content=\"index, follow, max-snippet:-1, max-image-preview:large, max-video-preview:-1\" \/>\n<meta property=\"og:locale\" content=\"pt_PT\" \/>\n<meta property=\"og:type\" content=\"article\" \/>\n<meta property=\"og:title\" content=\"Banco de Portugal refor\u00e7a vigil\u00e2ncia de candidatos a resid\u00eancia para investimento - Portal Tela Portugal\" \/>\n<meta property=\"og:description\" content=\"O Banco de Portugal vai instruir institui\u00e7\u00f5es financeiras a refor\u00e7arem os mecanismos de preven\u00e7\u00e3o do branqueamento de capitais em rela\u00e7\u00f5es de neg\u00f3cio ou em transa\u00e7\u00f5es com candidatos ou benefici\u00e1rios de autoriza\u00e7\u00f5es de resid\u00eancia para atividade de investimento. A decis\u00e3o foi anunciada num comunicado do supervisor. O comunicado refere a realiza\u00e7\u00e3o, no passado dia 12 de dezembro, da quinta reuni\u00e3o do F\u00f3rum do Banco de Portugal para a Preven\u00e7\u00e3o do Branqueamento de Capitais e do Financiamento do Terrorismo. O F\u00f3rum \u00e9 presidido pelo governador, \u00c1lvaro Santos Pereira, e contou com a presen\u00e7a do vice-governador, Lu\u00eds M\u00e1ximo dos Santos. Dois anos ap\u00f3s a constitui\u00e7\u00e3o do F\u00f3rum, o governador destacou a sua import\u00e2ncia e afirmou que a preven\u00e7\u00e3o do branqueamento de capitais e do financiamento do terrorismo permanecer\u00e1 como prioridade do Banco de Portugal nos pr\u00f3ximos anos.\" \/>\n<meta property=\"og:url\" content=\"https:\/\/portaltela.pt\/noticias\/2025\/12\/17\/banco-de-portugal-reforca-vigilancia-de-candidatos-a-residencia-para-investimento\/\" \/>\n<meta property=\"og:site_name\" content=\"Portal Tela Portugal\" \/>\n<meta property=\"article:published_time\" content=\"2025-12-17T18:25:00+00:00\" \/>\n<meta name=\"author\" content=\"Telinha\" \/>\n<meta name=\"twitter:card\" content=\"summary_large_image\" \/>\n<meta name=\"twitter:label1\" content=\"Escrito por\" \/>\n\t<meta name=\"twitter:data1\" content=\"Telinha\" \/>\n\t<meta name=\"twitter:label2\" content=\"Tempo estimado de leitura\" \/>\n\t<meta name=\"twitter:data2\" content=\"1 minuto\" \/>\n<script type=\"application\/ld+json\" class=\"yoast-schema-graph\">{\"@context\":\"https:\/\/schema.org\",\"@graph\":[{\"@type\":\"Article\",\"@id\":\"https:\/\/portaltela.pt\/noticias\/2025\/12\/17\/banco-de-portugal-reforca-vigilancia-de-candidatos-a-residencia-para-investimento\/#article\",\"isPartOf\":{\"@id\":\"https:\/\/portaltela.pt\/noticias\/2025\/12\/17\/banco-de-portugal-reforca-vigilancia-de-candidatos-a-residencia-para-investimento\/\"},\"author\":{\"name\":\"Telinha\",\"@id\":\"https:\/\/portaltela.pt\/#\/schema\/person\/c4278d4a6028830caff9ee44b42d32ed\"},\"headline\":\"Banco de Portugal refor\u00e7a vigil\u00e2ncia de candidatos a resid\u00eancia para investimento\",\"datePublished\":\"2025-12-17T18:25:00+00:00\",\"mainEntityOfPage\":{\"@id\":\"https:\/\/portaltela.pt\/noticias\/2025\/12\/17\/banco-de-portugal-reforca-vigilancia-de-candidatos-a-residencia-para-investimento\/\"},\"wordCount\":165,\"image\":{\"@id\":\"https:\/\/portaltela.pt\/noticias\/2025\/12\/17\/banco-de-portugal-reforca-vigilancia-de-candidatos-a-residencia-para-investimento\/#primaryimage\"},\"thumbnailUrl\":\"https:\/\/portaltela.pt\/s.01k8rhncp4jt1\/2025\/12\/0a1020cde468bc69aa679ececbe1365471a20fc8-62.jpg\",\"keywords\":[\"financiamento do terrorismo\",\"fiscaliza\u00e7\u00e3o\",\"investimento\",\"lavagem de capitais\",\"Portugal\",\"preven\u00e7\u00e3o\"],\"articleSection\":[\"Not\u00edcias\"],\"inLanguage\":\"pt-PT\"},{\"@type\":\"WebPage\",\"@id\":\"https:\/\/portaltela.pt\/noticias\/2025\/12\/17\/banco-de-portugal-reforca-vigilancia-de-candidatos-a-residencia-para-investimento\/\",\"url\":\"https:\/\/portaltela.pt\/noticias\/2025\/12\/17\/banco-de-portugal-reforca-vigilancia-de-candidatos-a-residencia-para-investimento\/\",\"name\":\"Banco de Portugal refor\u00e7a vigil\u00e2ncia de candidatos a resid\u00eancia para investimento - Portal Tela Portugal\",\"isPartOf\":{\"@id\":\"https:\/\/portaltela.pt\/#website\"},\"primaryImageOfPage\":{\"@id\":\"https:\/\/portaltela.pt\/noticias\/2025\/12\/17\/banco-de-portugal-reforca-vigilancia-de-candidatos-a-residencia-para-investimento\/#primaryimage\"},\"image\":{\"@id\":\"https:\/\/portaltela.pt\/noticias\/2025\/12\/17\/banco-de-portugal-reforca-vigilancia-de-candidatos-a-residencia-para-investimento\/#primaryimage\"},\"thumbnailUrl\":\"https:\/\/portaltela.pt\/s.01k8rhncp4jt1\/2025\/12\/0a1020cde468bc69aa679ececbe1365471a20fc8-62.jpg\",\"datePublished\":\"2025-12-17T18:25:00+00:00\",\"author\":{\"@id\":\"https:\/\/portaltela.pt\/#\/schema\/person\/c4278d4a6028830caff9ee44b42d32ed\"},\"breadcrumb\":{\"@id\":\"https:\/\/portaltela.pt\/noticias\/2025\/12\/17\/banco-de-portugal-reforca-vigilancia-de-candidatos-a-residencia-para-investimento\/#breadcrumb\"},\"inLanguage\":\"pt-PT\",\"potentialAction\":[{\"@type\":\"ReadAction\",\"target\":[\"https:\/\/portaltela.pt\/noticias\/2025\/12\/17\/banco-de-portugal-reforca-vigilancia-de-candidatos-a-residencia-para-investimento\/\"]}]},{\"@type\":\"ImageObject\",\"inLanguage\":\"pt-PT\",\"@id\":\"https:\/\/portaltela.pt\/noticias\/2025\/12\/17\/banco-de-portugal-reforca-vigilancia-de-candidatos-a-residencia-para-investimento\/#primaryimage\",\"url\":\"https:\/\/portaltela.pt\/s.01k8rhncp4jt1\/2025\/12\/0a1020cde468bc69aa679ececbe1365471a20fc8-62.jpg\",\"contentUrl\":\"https:\/\/portaltela.pt\/s.01k8rhncp4jt1\/2025\/12\/0a1020cde468bc69aa679ececbe1365471a20fc8-62.jpg\",\"width\":796,\"height\":448,\"caption\":\"Jornal PT50\"},{\"@type\":\"BreadcrumbList\",\"@id\":\"https:\/\/portaltela.pt\/noticias\/2025\/12\/17\/banco-de-portugal-reforca-vigilancia-de-candidatos-a-residencia-para-investimento\/#breadcrumb\",\"itemListElement\":[{\"@type\":\"ListItem\",\"position\":1,\"name\":\"In\u00edcio\",\"item\":\"https:\/\/portaltela.pt\/\"},{\"@type\":\"ListItem\",\"position\":2,\"name\":\"Banco de Portugal refor\u00e7a vigil\u00e2ncia de candidatos a resid\u00eancia para investimento\"}]},{\"@type\":\"WebSite\",\"@id\":\"https:\/\/portaltela.pt\/#website\",\"url\":\"https:\/\/portaltela.pt\/\",\"name\":\"Portal Tela Portugal\",\"description\":\"\",\"potentialAction\":[{\"@type\":\"SearchAction\",\"target\":{\"@type\":\"EntryPoint\",\"urlTemplate\":\"https:\/\/portaltela.pt\/?s={search_term_string}\"},\"query-input\":{\"@type\":\"PropertyValueSpecification\",\"valueRequired\":true,\"valueName\":\"search_term_string\"}}],\"inLanguage\":\"pt-PT\"},{\"@type\":\"Person\",\"@id\":\"https:\/\/portaltela.pt\/#\/schema\/person\/c4278d4a6028830caff9ee44b42d32ed\",\"name\":\"Telinha\",\"image\":{\"@type\":\"ImageObject\",\"inLanguage\":\"pt-PT\",\"@id\":\"https:\/\/portaltela.pt\/s.01k8rhncp4jt1\/2025\/11\/talking-bot-125x125.png\",\"url\":\"https:\/\/portaltela.pt\/s.01k8rhncp4jt1\/2025\/11\/talking-bot-125x125.png\",\"contentUrl\":\"https:\/\/portaltela.pt\/s.01k8rhncp4jt1\/2025\/11\/talking-bot-125x125.png\",\"caption\":\"Telinha\"},\"sameAs\":[\"https:\/\/portaltela.pt\/\"],\"url\":\"https:\/\/portaltela.pt\/por\/367410592786\/\"}]}<\/script>\n<!-- \/ Yoast SEO plugin. -->","yoast_head_json":{"title":"Banco de Portugal refor\u00e7a vigil\u00e2ncia de candidatos a resid\u00eancia para investimento - Portal Tela Portugal","robots":{"index":"index","follow":"follow","max-snippet":"max-snippet:-1","max-image-preview":"max-image-preview:large","max-video-preview":"max-video-preview:-1"},"og_locale":"pt_PT","og_type":"article","og_title":"Banco de Portugal refor\u00e7a vigil\u00e2ncia de candidatos a resid\u00eancia para investimento - Portal Tela Portugal","og_description":"O Banco de Portugal vai instruir institui\u00e7\u00f5es financeiras a refor\u00e7arem os mecanismos de preven\u00e7\u00e3o do branqueamento de capitais em rela\u00e7\u00f5es de neg\u00f3cio ou em transa\u00e7\u00f5es com candidatos ou benefici\u00e1rios de autoriza\u00e7\u00f5es de resid\u00eancia para atividade de investimento. A decis\u00e3o foi anunciada num comunicado do supervisor. O comunicado refere a realiza\u00e7\u00e3o, no passado dia 12 de dezembro, da quinta reuni\u00e3o do F\u00f3rum do Banco de Portugal para a Preven\u00e7\u00e3o do Branqueamento de Capitais e do Financiamento do Terrorismo. O F\u00f3rum \u00e9 presidido pelo governador, \u00c1lvaro Santos Pereira, e contou com a presen\u00e7a do vice-governador, Lu\u00eds M\u00e1ximo dos Santos. Dois anos ap\u00f3s a constitui\u00e7\u00e3o do F\u00f3rum, o governador destacou a sua import\u00e2ncia e afirmou que a preven\u00e7\u00e3o do branqueamento de capitais e do financiamento do terrorismo permanecer\u00e1 como prioridade do Banco de Portugal nos pr\u00f3ximos anos.","og_url":"https:\/\/portaltela.pt\/noticias\/2025\/12\/17\/banco-de-portugal-reforca-vigilancia-de-candidatos-a-residencia-para-investimento\/","og_site_name":"Portal Tela Portugal","article_published_time":"2025-12-17T18:25:00+00:00","author":"Telinha","twitter_card":"summary_large_image","twitter_misc":{"Escrito por":"Telinha","Tempo estimado de leitura":"1 minuto"},"schema":{"@context":"https:\/\/schema.org","@graph":[{"@type":"Article","@id":"https:\/\/portaltela.pt\/noticias\/2025\/12\/17\/banco-de-portugal-reforca-vigilancia-de-candidatos-a-residencia-para-investimento\/#article","isPartOf":{"@id":"https:\/\/portaltela.pt\/noticias\/2025\/12\/17\/banco-de-portugal-reforca-vigilancia-de-candidatos-a-residencia-para-investimento\/"},"author":{"name":"Telinha","@id":"https:\/\/portaltela.pt\/#\/schema\/person\/c4278d4a6028830caff9ee44b42d32ed"},"headline":"Banco de Portugal refor\u00e7a vigil\u00e2ncia de candidatos a resid\u00eancia para investimento","datePublished":"2025-12-17T18:25:00+00:00","mainEntityOfPage":{"@id":"https:\/\/portaltela.pt\/noticias\/2025\/12\/17\/banco-de-portugal-reforca-vigilancia-de-candidatos-a-residencia-para-investimento\/"},"wordCount":165,"image":{"@id":"https:\/\/portaltela.pt\/noticias\/2025\/12\/17\/banco-de-portugal-reforca-vigilancia-de-candidatos-a-residencia-para-investimento\/#primaryimage"},"thumbnailUrl":"https:\/\/portaltela.pt\/s.01k8rhncp4jt1\/2025\/12\/0a1020cde468bc69aa679ececbe1365471a20fc8-62.jpg","keywords":["financiamento do terrorismo","fiscaliza\u00e7\u00e3o","investimento","lavagem de capitais","Portugal","preven\u00e7\u00e3o"],"articleSection":["Not\u00edcias"],"inLanguage":"pt-PT"},{"@type":"WebPage","@id":"https:\/\/portaltela.pt\/noticias\/2025\/12\/17\/banco-de-portugal-reforca-vigilancia-de-candidatos-a-residencia-para-investimento\/","url":"https:\/\/portaltela.pt\/noticias\/2025\/12\/17\/banco-de-portugal-reforca-vigilancia-de-candidatos-a-residencia-para-investimento\/","name":"Banco de Portugal refor\u00e7a vigil\u00e2ncia de candidatos a resid\u00eancia para investimento - Portal Tela Portugal","isPartOf":{"@id":"https:\/\/portaltela.pt\/#website"},"primaryImageOfPage":{"@id":"https:\/\/portaltela.pt\/noticias\/2025\/12\/17\/banco-de-portugal-reforca-vigilancia-de-candidatos-a-residencia-para-investimento\/#primaryimage"},"image":{"@id":"https:\/\/portaltela.pt\/noticias\/2025\/12\/17\/banco-de-portugal-reforca-vigilancia-de-candidatos-a-residencia-para-investimento\/#primaryimage"},"thumbnailUrl":"https:\/\/portaltela.pt\/s.01k8rhncp4jt1\/2025\/12\/0a1020cde468bc69aa679ececbe1365471a20fc8-62.jpg","datePublished":"2025-12-17T18:25:00+00:00","author":{"@id":"https:\/\/portaltela.pt\/#\/schema\/person\/c4278d4a6028830caff9ee44b42d32ed"},"breadcrumb":{"@id":"https:\/\/portaltela.pt\/noticias\/2025\/12\/17\/banco-de-portugal-reforca-vigilancia-de-candidatos-a-residencia-para-investimento\/#breadcrumb"},"inLanguage":"pt-PT","potentialAction":[{"@type":"ReadAction","target":["https:\/\/portaltela.pt\/noticias\/2025\/12\/17\/banco-de-portugal-reforca-vigilancia-de-candidatos-a-residencia-para-investimento\/"]}]},{"@type":"ImageObject","inLanguage":"pt-PT","@id":"https:\/\/portaltela.pt\/noticias\/2025\/12\/17\/banco-de-portugal-reforca-vigilancia-de-candidatos-a-residencia-para-investimento\/#primaryimage","url":"https:\/\/portaltela.pt\/s.01k8rhncp4jt1\/2025\/12\/0a1020cde468bc69aa679ececbe1365471a20fc8-62.jpg","contentUrl":"https:\/\/portaltela.pt\/s.01k8rhncp4jt1\/2025\/12\/0a1020cde468bc69aa679ececbe1365471a20fc8-62.jpg","width":796,"height":448,"caption":"Jornal PT50"},{"@type":"BreadcrumbList","@id":"https:\/\/portaltela.pt\/noticias\/2025\/12\/17\/banco-de-portugal-reforca-vigilancia-de-candidatos-a-residencia-para-investimento\/#breadcrumb","itemListElement":[{"@type":"ListItem","position":1,"name":"In\u00edcio","item":"https:\/\/portaltela.pt\/"},{"@type":"ListItem","position":2,"name":"Banco de Portugal refor\u00e7a vigil\u00e2ncia de candidatos a resid\u00eancia para investimento"}]},{"@type":"WebSite","@id":"https:\/\/portaltela.pt\/#website","url":"https:\/\/portaltela.pt\/","name":"Portal Tela Portugal","description":"","potentialAction":[{"@type":"SearchAction","target":{"@type":"EntryPoint","urlTemplate":"https:\/\/portaltela.pt\/?s={search_term_string}"},"query-input":{"@type":"PropertyValueSpecification","valueRequired":true,"valueName":"search_term_string"}}],"inLanguage":"pt-PT"},{"@type":"Person","@id":"https:\/\/portaltela.pt\/#\/schema\/person\/c4278d4a6028830caff9ee44b42d32ed","name":"Telinha","image":{"@type":"ImageObject","inLanguage":"pt-PT","@id":"https:\/\/portaltela.pt\/s.01k8rhncp4jt1\/2025\/11\/talking-bot-125x125.png","url":"https:\/\/portaltela.pt\/s.01k8rhncp4jt1\/2025\/11\/talking-bot-125x125.png","contentUrl":"https:\/\/portaltela.pt\/s.01k8rhncp4jt1\/2025\/11\/talking-bot-125x125.png","caption":"Telinha"},"sameAs":["https:\/\/portaltela.pt\/"],"url":"https:\/\/portaltela.pt\/por\/367410592786\/"}]}},"_links":{"self":[{"href":"https:\/\/portaltela.pt\/api\/wp\/v2\/posts\/82284","targetHints":{"allow":["GET"]}}],"collection":[{"href":"https:\/\/portaltela.pt\/api\/wp\/v2\/posts"}],"about":[{"href":"https:\/\/portaltela.pt\/api\/wp\/v2\/types\/post"}],"author":[{"embeddable":true,"href":"https:\/\/portaltela.pt\/api\/wp\/v2\/users\/2"}],"replies":[{"embeddable":true,"href":"https:\/\/portaltela.pt\/api\/wp\/v2\/comments?post=82284"}],"version-history":[{"count":0,"href":"https:\/\/portaltela.pt\/api\/wp\/v2\/posts\/82284\/revisions"}],"wp:featuredmedia":[{"embeddable":true,"href":"https:\/\/portaltela.pt\/api\/wp\/v2\/media\/82286"}],"wp:attachment":[{"href":"https:\/\/portaltela.pt\/api\/wp\/v2\/media?parent=82284"}],"wp:term":[{"taxonomy":"category","embeddable":true,"href":"https:\/\/portaltela.pt\/api\/wp\/v2\/categories?post=82284"},{"taxonomy":"post_tag","embeddable":true,"href":"https:\/\/portaltela.pt\/api\/wp\/v2\/tags?post=82284"}],"curies":[{"name":"wp","href":"https:\/\/api.w.org\/{rel}","templated":true}]}}