{"id":82197,"date":"2025-12-17T15:12:10","date_gmt":"2025-12-17T18:12:10","guid":{"rendered":"https:\/\/portaltela.pt\/noticias\/2025\/12\/17\/duas-candidaturas-disputam-a-lideranca-da-os-pioneiros-em-mourisca-do-vouga\/"},"modified":"2025-12-17T15:12:10","modified_gmt":"2025-12-17T18:12:10","slug":"duas-candidaturas-disputam-a-lideranca-da-os-pioneiros-em-mourisca-do-vouga","status":"publish","type":"post","link":"https:\/\/portaltela.pt\/noticias\/2025\/12\/17\/duas-candidaturas-disputam-a-lideranca-da-os-pioneiros-em-mourisca-do-vouga\/","title":{"rendered":"Duas candidaturas disputam a lideran\u00e7a da Os Pioneiros em Mourisca do Vouga"},"content":{"rendered":"<p>A associa\u00e7\u00e3o Os Pioneiros, sediada na Mourisca do Vouga, tem elei\u00e7\u00f5es marcadas para 29 de dezembro, com duas listas a disputar os \u00f3rg\u00e3os sociais. A atual dire\u00e7\u00e3o, liderada por Carlos Pinheiro, volta a enfrentar Jos\u00e9 Carlos Arede, antigo dirigente da institui\u00e7\u00e3o, repetindo o duelo registado h\u00e1 quatro anos.<\/p>\n<p>As listas foram entregues dentro do prazo legal e j\u00e1 est\u00e3o afixadas nas instala\u00e7\u00f5es do Instituto da Seguran\u00e7a Social da Mourisca do Vouga. Os associados podem conhecer as propostas e os nomes que integram cada candidatura.<\/p>\n<p>A Lista A \u00e9 liderada por Carlos Pinheiro e Manuel Castro Azevedo preside \u00e0 mesa da assembleia geral. Ant\u00f3nio Gomes \u00e9 o vice-presidente, M\u00f3nica Arede a secret\u00e1ria, Z\u00e9lia Marques a tesoureira e Ana Maria Barros vogal. Diversos componentes complementam os \u00f3rg\u00e3os sociais.<\/p>\n<p>A Lista B tem Jos\u00e9 Carlos Arede como presidente da dire\u00e7\u00e3o, Arm\u00e9nio Martins como vice, Dominique Carocho como secret\u00e1ria e Paula Cristina Cardoso como tesoureira. Ars\u00e9nio Martins lidera a mesa da assembleia geral, e Mois\u00e9s Maia dirige o conselho fiscal, com outros vogais e suplentes a seu cargo.<\/p>\n","protected":false},"excerpt":{"rendered":"<ul>\n<li>A associa\u00e7\u00e3o Os Pioneiros, sediada na Mourisca do Vouga, vai a elei\u00e7\u00f5es no dia 29 de dezembro, com duas listas concorrentes aos \u00f3rg\u00e3os sociais.<\/li>\n<li>O atual presidente da dire\u00e7\u00e3o, Carlos Pinheiro, volta a enfrentar Jos\u00e9 Carlos Arede, antigo dirigente da institui\u00e7\u00e3o, num confronto que se repete h\u00e1 quatro anos.<\/li>\n<li>As duas listas foram entregues dentro do prazo legal e j\u00e1 est\u00e3o afixadas nas instala\u00e7\u00f5es do Instituto da Seguran\u00e7a Social da Mourisca do Vouga.<\/li>\n<li>Lista A: Carlos Pinheiro na presid\u00eancia da dire\u00e7\u00e3o, Manuel Castro Azevedo candidato \u00e0 presid\u00eancia da mesa da assembleia geral, Ant\u00f3nio Gomes como vice-presidente, M\u00f3nica Arede como secret\u00e1ria e Z\u00e9lia Marques como tesoureira.<\/li>\n<li>Lista B: Jos\u00e9 Carlos Arede para a dire\u00e7\u00e3o, Ars\u00e9nio Martins na presid\u00eancia da mesa da assembleia geral e Mois\u00e9s Maia no cargo de presidente do conselho fiscal, entre outros vogais e suplentes.<\/li>\n<\/ul>\n","protected":false},"author":2,"featured_media":82198,"comment_status":"closed","ping_status":"closed","sticky":false,"template":"","format":"standard","meta":{"footnotes":""},"categories":[1],"tags":[679,1059,551,68,1144,40],"class_list":["post-82197","post","type-post","status-publish","format-standard","has-post-thumbnail","hentry","category-noticias","tag-associacoes","tag-aveiro","tag-conselho-fiscal","tag-eleicoes","tag-instituicoes","tag-pessoas"],"yoast_head":"<!-- This site is optimized with the Yoast SEO plugin v27.2 - https:\/\/yoast.com\/product\/yoast-seo-wordpress\/ -->\n<title>Duas candidaturas disputam a lideran\u00e7a da Os Pioneiros em Mourisca do Vouga - Portal Tela Portugal<\/title>\n<meta name=\"robots\" content=\"index, follow, max-snippet:-1, max-image-preview:large, max-video-preview:-1\" \/>\n<meta property=\"og:locale\" content=\"pt_PT\" \/>\n<meta property=\"og:type\" content=\"article\" \/>\n<meta property=\"og:title\" content=\"Duas candidaturas disputam a lideran\u00e7a da Os Pioneiros em Mourisca do Vouga - Portal Tela Portugal\" \/>\n<meta property=\"og:description\" content=\"A associa\u00e7\u00e3o Os Pioneiros, sediada na Mourisca do Vouga, vai a elei\u00e7\u00f5es no dia 29 de dezembro, com duas listas concorrentes aos \u00f3rg\u00e3os sociais. O atual presidente da dire\u00e7\u00e3o, Carlos Pinheiro, volta a enfrentar Jos\u00e9 Carlos Arede, antigo dirigente da institui\u00e7\u00e3o, num confronto que se repete h\u00e1 quatro anos. As duas listas foram entregues dentro do prazo legal e j\u00e1 est\u00e3o afixadas nas instala\u00e7\u00f5es do Instituto da Seguran\u00e7a Social da Mourisca do Vouga. Lista A: Carlos Pinheiro na presid\u00eancia da dire\u00e7\u00e3o, Manuel Castro Azevedo candidato \u00e0 presid\u00eancia da mesa da assembleia geral, Ant\u00f3nio Gomes como vice-presidente, M\u00f3nica Arede como secret\u00e1ria e Z\u00e9lia Marques como tesoureira. Lista B: Jos\u00e9 Carlos Arede para a dire\u00e7\u00e3o, Ars\u00e9nio Martins na presid\u00eancia da mesa da assembleia geral e Mois\u00e9s Maia no cargo de presidente do conselho fiscal, entre outros vogais e suplentes.\" \/>\n<meta property=\"og:url\" content=\"https:\/\/portaltela.pt\/noticias\/2025\/12\/17\/duas-candidaturas-disputam-a-lideranca-da-os-pioneiros-em-mourisca-do-vouga\/\" \/>\n<meta property=\"og:site_name\" content=\"Portal Tela Portugal\" \/>\n<meta property=\"article:published_time\" content=\"2025-12-17T18:12:10+00:00\" \/>\n<meta name=\"author\" content=\"Telinha\" \/>\n<meta name=\"twitter:card\" content=\"summary_large_image\" \/>\n<meta name=\"twitter:label1\" content=\"Escrito por\" \/>\n\t<meta name=\"twitter:data1\" content=\"Telinha\" \/>\n\t<meta name=\"twitter:label2\" content=\"Tempo estimado de leitura\" \/>\n\t<meta name=\"twitter:data2\" content=\"1 minuto\" \/>\n<script type=\"application\/ld+json\" class=\"yoast-schema-graph\">{\"@context\":\"https:\/\/schema.org\",\"@graph\":[{\"@type\":\"Article\",\"@id\":\"https:\/\/portaltela.pt\/noticias\/2025\/12\/17\/duas-candidaturas-disputam-a-lideranca-da-os-pioneiros-em-mourisca-do-vouga\/#article\",\"isPartOf\":{\"@id\":\"https:\/\/portaltela.pt\/noticias\/2025\/12\/17\/duas-candidaturas-disputam-a-lideranca-da-os-pioneiros-em-mourisca-do-vouga\/\"},\"author\":{\"name\":\"Telinha\",\"@id\":\"https:\/\/portaltela.pt\/#\/schema\/person\/c4278d4a6028830caff9ee44b42d32ed\"},\"headline\":\"Duas candidaturas disputam a lideran\u00e7a da Os Pioneiros em Mourisca do Vouga\",\"datePublished\":\"2025-12-17T18:12:10+00:00\",\"mainEntityOfPage\":{\"@id\":\"https:\/\/portaltela.pt\/noticias\/2025\/12\/17\/duas-candidaturas-disputam-a-lideranca-da-os-pioneiros-em-mourisca-do-vouga\/\"},\"wordCount\":201,\"image\":{\"@id\":\"https:\/\/portaltela.pt\/noticias\/2025\/12\/17\/duas-candidaturas-disputam-a-lideranca-da-os-pioneiros-em-mourisca-do-vouga\/#primaryimage\"},\"thumbnailUrl\":\"https:\/\/portaltela.pt\/s.01k8rhncp4jt1\/2025\/12\/os-pioneiros.jpg\",\"keywords\":[\"associa\u00e7\u00f5es\",\"Aveiro\",\"Conselho Fiscal\",\"elei\u00e7\u00f5es\",\"institui\u00e7\u00f5es\",\"pessoas\"],\"articleSection\":[\"Not\u00edcias\"],\"inLanguage\":\"pt-PT\"},{\"@type\":\"WebPage\",\"@id\":\"https:\/\/portaltela.pt\/noticias\/2025\/12\/17\/duas-candidaturas-disputam-a-lideranca-da-os-pioneiros-em-mourisca-do-vouga\/\",\"url\":\"https:\/\/portaltela.pt\/noticias\/2025\/12\/17\/duas-candidaturas-disputam-a-lideranca-da-os-pioneiros-em-mourisca-do-vouga\/\",\"name\":\"Duas candidaturas disputam a lideran\u00e7a da Os Pioneiros em Mourisca do Vouga - Portal Tela Portugal\",\"isPartOf\":{\"@id\":\"https:\/\/portaltela.pt\/#website\"},\"primaryImageOfPage\":{\"@id\":\"https:\/\/portaltela.pt\/noticias\/2025\/12\/17\/duas-candidaturas-disputam-a-lideranca-da-os-pioneiros-em-mourisca-do-vouga\/#primaryimage\"},\"image\":{\"@id\":\"https:\/\/portaltela.pt\/noticias\/2025\/12\/17\/duas-candidaturas-disputam-a-lideranca-da-os-pioneiros-em-mourisca-do-vouga\/#primaryimage\"},\"thumbnailUrl\":\"https:\/\/portaltela.pt\/s.01k8rhncp4jt1\/2025\/12\/os-pioneiros.jpg\",\"datePublished\":\"2025-12-17T18:12:10+00:00\",\"author\":{\"@id\":\"https:\/\/portaltela.pt\/#\/schema\/person\/c4278d4a6028830caff9ee44b42d32ed\"},\"breadcrumb\":{\"@id\":\"https:\/\/portaltela.pt\/noticias\/2025\/12\/17\/duas-candidaturas-disputam-a-lideranca-da-os-pioneiros-em-mourisca-do-vouga\/#breadcrumb\"},\"inLanguage\":\"pt-PT\",\"potentialAction\":[{\"@type\":\"ReadAction\",\"target\":[\"https:\/\/portaltela.pt\/noticias\/2025\/12\/17\/duas-candidaturas-disputam-a-lideranca-da-os-pioneiros-em-mourisca-do-vouga\/\"]}]},{\"@type\":\"ImageObject\",\"inLanguage\":\"pt-PT\",\"@id\":\"https:\/\/portaltela.pt\/noticias\/2025\/12\/17\/duas-candidaturas-disputam-a-lideranca-da-os-pioneiros-em-mourisca-do-vouga\/#primaryimage\",\"url\":\"https:\/\/portaltela.pt\/s.01k8rhncp4jt1\/2025\/12\/os-pioneiros.jpg\",\"contentUrl\":\"https:\/\/portaltela.pt\/s.01k8rhncp4jt1\/2025\/12\/os-pioneiros.jpg\",\"width\":796,\"height\":448,\"caption\":\"Duas candidaturas disputam lideran\u00e7a da associa\u00e7\u00e3o Os Pioneiros, na Mourisca do Vouga\"},{\"@type\":\"BreadcrumbList\",\"@id\":\"https:\/\/portaltela.pt\/noticias\/2025\/12\/17\/duas-candidaturas-disputam-a-lideranca-da-os-pioneiros-em-mourisca-do-vouga\/#breadcrumb\",\"itemListElement\":[{\"@type\":\"ListItem\",\"position\":1,\"name\":\"In\u00edcio\",\"item\":\"https:\/\/portaltela.pt\/\"},{\"@type\":\"ListItem\",\"position\":2,\"name\":\"Duas candidaturas disputam a lideran\u00e7a da Os Pioneiros em Mourisca do Vouga\"}]},{\"@type\":\"WebSite\",\"@id\":\"https:\/\/portaltela.pt\/#website\",\"url\":\"https:\/\/portaltela.pt\/\",\"name\":\"Portal Tela Portugal\",\"description\":\"\",\"potentialAction\":[{\"@type\":\"SearchAction\",\"target\":{\"@type\":\"EntryPoint\",\"urlTemplate\":\"https:\/\/portaltela.pt\/?s={search_term_string}\"},\"query-input\":{\"@type\":\"PropertyValueSpecification\",\"valueRequired\":true,\"valueName\":\"search_term_string\"}}],\"inLanguage\":\"pt-PT\"},{\"@type\":\"Person\",\"@id\":\"https:\/\/portaltela.pt\/#\/schema\/person\/c4278d4a6028830caff9ee44b42d32ed\",\"name\":\"Telinha\",\"image\":{\"@type\":\"ImageObject\",\"inLanguage\":\"pt-PT\",\"@id\":\"https:\/\/portaltela.pt\/s.01k8rhncp4jt1\/2025\/11\/talking-bot-125x125.png\",\"url\":\"https:\/\/portaltela.pt\/s.01k8rhncp4jt1\/2025\/11\/talking-bot-125x125.png\",\"contentUrl\":\"https:\/\/portaltela.pt\/s.01k8rhncp4jt1\/2025\/11\/talking-bot-125x125.png\",\"caption\":\"Telinha\"},\"sameAs\":[\"https:\/\/portaltela.pt\/\"],\"url\":\"https:\/\/portaltela.pt\/por\/367410592786\/\"}]}<\/script>\n<!-- \/ Yoast SEO plugin. -->","yoast_head_json":{"title":"Duas candidaturas disputam a lideran\u00e7a da Os Pioneiros em Mourisca do Vouga - Portal Tela Portugal","robots":{"index":"index","follow":"follow","max-snippet":"max-snippet:-1","max-image-preview":"max-image-preview:large","max-video-preview":"max-video-preview:-1"},"og_locale":"pt_PT","og_type":"article","og_title":"Duas candidaturas disputam a lideran\u00e7a da Os Pioneiros em Mourisca do Vouga - Portal Tela Portugal","og_description":"A associa\u00e7\u00e3o Os Pioneiros, sediada na Mourisca do Vouga, vai a elei\u00e7\u00f5es no dia 29 de dezembro, com duas listas concorrentes aos \u00f3rg\u00e3os sociais. O atual presidente da dire\u00e7\u00e3o, Carlos Pinheiro, volta a enfrentar Jos\u00e9 Carlos Arede, antigo dirigente da institui\u00e7\u00e3o, num confronto que se repete h\u00e1 quatro anos. As duas listas foram entregues dentro do prazo legal e j\u00e1 est\u00e3o afixadas nas instala\u00e7\u00f5es do Instituto da Seguran\u00e7a Social da Mourisca do Vouga. Lista A: Carlos Pinheiro na presid\u00eancia da dire\u00e7\u00e3o, Manuel Castro Azevedo candidato \u00e0 presid\u00eancia da mesa da assembleia geral, Ant\u00f3nio Gomes como vice-presidente, M\u00f3nica Arede como secret\u00e1ria e Z\u00e9lia Marques como tesoureira. Lista B: Jos\u00e9 Carlos Arede para a dire\u00e7\u00e3o, Ars\u00e9nio Martins na presid\u00eancia da mesa da assembleia geral e Mois\u00e9s Maia no cargo de presidente do conselho fiscal, entre outros vogais e suplentes.","og_url":"https:\/\/portaltela.pt\/noticias\/2025\/12\/17\/duas-candidaturas-disputam-a-lideranca-da-os-pioneiros-em-mourisca-do-vouga\/","og_site_name":"Portal Tela Portugal","article_published_time":"2025-12-17T18:12:10+00:00","author":"Telinha","twitter_card":"summary_large_image","twitter_misc":{"Escrito por":"Telinha","Tempo estimado de leitura":"1 minuto"},"schema":{"@context":"https:\/\/schema.org","@graph":[{"@type":"Article","@id":"https:\/\/portaltela.pt\/noticias\/2025\/12\/17\/duas-candidaturas-disputam-a-lideranca-da-os-pioneiros-em-mourisca-do-vouga\/#article","isPartOf":{"@id":"https:\/\/portaltela.pt\/noticias\/2025\/12\/17\/duas-candidaturas-disputam-a-lideranca-da-os-pioneiros-em-mourisca-do-vouga\/"},"author":{"name":"Telinha","@id":"https:\/\/portaltela.pt\/#\/schema\/person\/c4278d4a6028830caff9ee44b42d32ed"},"headline":"Duas candidaturas disputam a lideran\u00e7a da Os Pioneiros em Mourisca do Vouga","datePublished":"2025-12-17T18:12:10+00:00","mainEntityOfPage":{"@id":"https:\/\/portaltela.pt\/noticias\/2025\/12\/17\/duas-candidaturas-disputam-a-lideranca-da-os-pioneiros-em-mourisca-do-vouga\/"},"wordCount":201,"image":{"@id":"https:\/\/portaltela.pt\/noticias\/2025\/12\/17\/duas-candidaturas-disputam-a-lideranca-da-os-pioneiros-em-mourisca-do-vouga\/#primaryimage"},"thumbnailUrl":"https:\/\/portaltela.pt\/s.01k8rhncp4jt1\/2025\/12\/os-pioneiros.jpg","keywords":["associa\u00e7\u00f5es","Aveiro","Conselho Fiscal","elei\u00e7\u00f5es","institui\u00e7\u00f5es","pessoas"],"articleSection":["Not\u00edcias"],"inLanguage":"pt-PT"},{"@type":"WebPage","@id":"https:\/\/portaltela.pt\/noticias\/2025\/12\/17\/duas-candidaturas-disputam-a-lideranca-da-os-pioneiros-em-mourisca-do-vouga\/","url":"https:\/\/portaltela.pt\/noticias\/2025\/12\/17\/duas-candidaturas-disputam-a-lideranca-da-os-pioneiros-em-mourisca-do-vouga\/","name":"Duas candidaturas disputam a lideran\u00e7a da Os Pioneiros em Mourisca do Vouga - Portal Tela Portugal","isPartOf":{"@id":"https:\/\/portaltela.pt\/#website"},"primaryImageOfPage":{"@id":"https:\/\/portaltela.pt\/noticias\/2025\/12\/17\/duas-candidaturas-disputam-a-lideranca-da-os-pioneiros-em-mourisca-do-vouga\/#primaryimage"},"image":{"@id":"https:\/\/portaltela.pt\/noticias\/2025\/12\/17\/duas-candidaturas-disputam-a-lideranca-da-os-pioneiros-em-mourisca-do-vouga\/#primaryimage"},"thumbnailUrl":"https:\/\/portaltela.pt\/s.01k8rhncp4jt1\/2025\/12\/os-pioneiros.jpg","datePublished":"2025-12-17T18:12:10+00:00","author":{"@id":"https:\/\/portaltela.pt\/#\/schema\/person\/c4278d4a6028830caff9ee44b42d32ed"},"breadcrumb":{"@id":"https:\/\/portaltela.pt\/noticias\/2025\/12\/17\/duas-candidaturas-disputam-a-lideranca-da-os-pioneiros-em-mourisca-do-vouga\/#breadcrumb"},"inLanguage":"pt-PT","potentialAction":[{"@type":"ReadAction","target":["https:\/\/portaltela.pt\/noticias\/2025\/12\/17\/duas-candidaturas-disputam-a-lideranca-da-os-pioneiros-em-mourisca-do-vouga\/"]}]},{"@type":"ImageObject","inLanguage":"pt-PT","@id":"https:\/\/portaltela.pt\/noticias\/2025\/12\/17\/duas-candidaturas-disputam-a-lideranca-da-os-pioneiros-em-mourisca-do-vouga\/#primaryimage","url":"https:\/\/portaltela.pt\/s.01k8rhncp4jt1\/2025\/12\/os-pioneiros.jpg","contentUrl":"https:\/\/portaltela.pt\/s.01k8rhncp4jt1\/2025\/12\/os-pioneiros.jpg","width":796,"height":448,"caption":"Duas candidaturas disputam lideran\u00e7a da associa\u00e7\u00e3o Os Pioneiros, na Mourisca do Vouga"},{"@type":"BreadcrumbList","@id":"https:\/\/portaltela.pt\/noticias\/2025\/12\/17\/duas-candidaturas-disputam-a-lideranca-da-os-pioneiros-em-mourisca-do-vouga\/#breadcrumb","itemListElement":[{"@type":"ListItem","position":1,"name":"In\u00edcio","item":"https:\/\/portaltela.pt\/"},{"@type":"ListItem","position":2,"name":"Duas candidaturas disputam a lideran\u00e7a da Os Pioneiros em Mourisca do Vouga"}]},{"@type":"WebSite","@id":"https:\/\/portaltela.pt\/#website","url":"https:\/\/portaltela.pt\/","name":"Portal Tela Portugal","description":"","potentialAction":[{"@type":"SearchAction","target":{"@type":"EntryPoint","urlTemplate":"https:\/\/portaltela.pt\/?s={search_term_string}"},"query-input":{"@type":"PropertyValueSpecification","valueRequired":true,"valueName":"search_term_string"}}],"inLanguage":"pt-PT"},{"@type":"Person","@id":"https:\/\/portaltela.pt\/#\/schema\/person\/c4278d4a6028830caff9ee44b42d32ed","name":"Telinha","image":{"@type":"ImageObject","inLanguage":"pt-PT","@id":"https:\/\/portaltela.pt\/s.01k8rhncp4jt1\/2025\/11\/talking-bot-125x125.png","url":"https:\/\/portaltela.pt\/s.01k8rhncp4jt1\/2025\/11\/talking-bot-125x125.png","contentUrl":"https:\/\/portaltela.pt\/s.01k8rhncp4jt1\/2025\/11\/talking-bot-125x125.png","caption":"Telinha"},"sameAs":["https:\/\/portaltela.pt\/"],"url":"https:\/\/portaltela.pt\/por\/367410592786\/"}]}},"_links":{"self":[{"href":"https:\/\/portaltela.pt\/api\/wp\/v2\/posts\/82197","targetHints":{"allow":["GET"]}}],"collection":[{"href":"https:\/\/portaltela.pt\/api\/wp\/v2\/posts"}],"about":[{"href":"https:\/\/portaltela.pt\/api\/wp\/v2\/types\/post"}],"author":[{"embeddable":true,"href":"https:\/\/portaltela.pt\/api\/wp\/v2\/users\/2"}],"replies":[{"embeddable":true,"href":"https:\/\/portaltela.pt\/api\/wp\/v2\/comments?post=82197"}],"version-history":[{"count":0,"href":"https:\/\/portaltela.pt\/api\/wp\/v2\/posts\/82197\/revisions"}],"wp:featuredmedia":[{"embeddable":true,"href":"https:\/\/portaltela.pt\/api\/wp\/v2\/media\/82198"}],"wp:attachment":[{"href":"https:\/\/portaltela.pt\/api\/wp\/v2\/media?parent=82197"}],"wp:term":[{"taxonomy":"category","embeddable":true,"href":"https:\/\/portaltela.pt\/api\/wp\/v2\/categories?post=82197"},{"taxonomy":"post_tag","embeddable":true,"href":"https:\/\/portaltela.pt\/api\/wp\/v2\/tags?post=82197"}],"curies":[{"name":"wp","href":"https:\/\/api.w.org\/{rel}","templated":true}]}}