{"id":81933,"date":"2025-12-16T21:00:00","date_gmt":"2025-12-17T00:00:00","guid":{"rendered":"https:\/\/portaltela.pt\/noticias\/2025\/12\/16\/defesa-de-jose-veiga-contesta-acusacao-no-rota-do-atlantico-e-pondera-instrucao\/"},"modified":"2025-12-16T21:00:00","modified_gmt":"2025-12-17T00:00:00","slug":"defesa-de-jose-veiga-contesta-acusacao-no-rota-do-atlantico-e-pondera-instrucao","status":"publish","type":"post","link":"https:\/\/portaltela.pt\/noticias\/2025\/12\/16\/defesa-de-jose-veiga-contesta-acusacao-no-rota-do-atlantico-e-pondera-instrucao\/","title":{"rendered":"Defesa de Jos\u00e9 Veiga contesta acusa\u00e7\u00e3o no Rota do Atl\u00e2ntico e pondera instru\u00e7\u00e3o"},"content":{"rendered":"<p>A defesa do empres\u00e1rio e ex-agente de futebol Jos\u00e9 Veiga afirmou que a acusa\u00e7\u00e3o no processo Rota do Atl\u00e2ntico representa apenas a vers\u00e3o apresentada pelo Minist\u00e9rio P\u00fablico, com a defesa a preparar a contesta\u00e7\u00e3o e a eventual instru\u00e7\u00e3o. O advogado Rog\u00e9rio Alves assegurou que Veiga foi ouvido pela \u00faltima vez em inqu\u00e9rito a 28 de novembro e que ainda pretendia juntar documenta\u00e7\u00e3o, que n\u00e3o chegou a tempo, mas que ser\u00e1 apresentada.<\/p>\n<p>Alves indicou que o MP j\u00e1 tem um documento de 1.700 p\u00e1ginas e que a defesa vai apresentar a sua vers\u00e3o dos factos, seja na contesta\u00e7\u00e3o ou na fase de instru\u00e7\u00e3o. Rejeitou a tipifica\u00e7\u00e3o de branqueamento e de crimes de corrup\u00e7\u00e3o e fraude fiscal, mantendo que n\u00e3o houve preju\u00edzo para Portugal.<\/p>\n<p>O advogado afirmou ainda que n\u00e3o houve tr\u00e1fico de influ\u00eancias na aquisi\u00e7\u00e3o do Banco em Cabo Verde, defendendo uma \u00fanica proposta aceita e paga, sem favorecimentos. Questionou tamb\u00e9m a dura\u00e7\u00e3o da investiga\u00e7\u00e3o, apontando 11 anos como excessivos e sem rela\u00e7\u00e3o direta com dilat\u00f3rias.<\/p>\n<h3>Contexto do processo<\/h3>\n<p>A defesa de Paulo Santana Lopes, antigo s\u00f3cio de Veiga, tamb\u00e9m critica os tempos da justi\u00e7a. Em rea\u00e7\u00e3o \u00e0 notifica\u00e7\u00e3o de mais de uma d\u00e9cada com uma acusa\u00e7\u00e3o de 1.700 folhas, o advogado Tiago F\u00e9lix da Costa destacou a coopera\u00e7\u00e3o do cliente, que nunca pediu consultas ao processo.<\/p>\n<p>O Minist\u00e9rio P\u00fablico acusa nove arguidos no Rota do Atl\u00e2ntico, envolvendo suspeitas de corrup\u00e7\u00e3o de funcion\u00e1rios e titulares de cargos pol\u00edticos na Rep\u00fablica do Congo para obras p\u00fablicas. Os arguidos s\u00e3o acusados de corrup\u00e7\u00e3o ativa, branqueamento e fraude fiscal qualificada.<\/p>\n<p>Segundo o MP, entre 2011 e 2013 um grupo empresarial brasileiro, atrav\u00e9s de dois dirigentes e outros dois argu\u00eddos, ter\u00e1 oferecido bens a funcion\u00e1rios congoleses para obter contratos de obras p\u00fablicas. Os valores contratuais somam pelo menos 1,19 mil milh\u00f5es de d\u00f3lares e 1,63 mil milh\u00f5es de euros.<\/p>\n<p>O Rota do Atl\u00e2ntico deu origem ao processo Opera\u00e7\u00e3o Lex, atualmente a julgar casos de vicia\u00e7\u00e3o de sorteios no Tribunal da Rela\u00e7\u00e3o de Lisboa, com a participa\u00e7\u00e3o de Veiga e de Santana Lopes. A acusa\u00e7\u00e3o sustenta que as condutas afetaram contratos p\u00fablicos no estrangeiro.<\/p>\n","protected":false},"excerpt":{"rendered":"<ul>\n<li>A defesa do empres\u00e1rio Jos\u00e9 Veiga afirma que a acusa\u00e7\u00e3o do processo Rota do Atl\u00e2ntico \u00e9 a vers\u00e3o do Minist\u00e9rio P\u00fablico, cuja abertura de instru\u00e7\u00e3o ainda n\u00e3o est\u00e1 decidida.<\/li>\n<li>O advogado Rog\u00e9rio Alves disse que Veiga foi ouvido pela \u00faltima vez em inqu\u00e9rito a 28 de novembro e que a defesa planeia juntar documenta\u00e7\u00e3o, que n\u00e3o chegou a tempo.<\/li>\n<li>A defesa rejeita as imputa\u00e7\u00f5es de branqueamento, corrup\u00e7\u00e3o e fraude fiscal, sustentando que n\u00e3o houve preju\u00edzo para Portugal e que os pagamentos ocorreram por entidades estrangeiras por trabalhos no exterior.<\/li>\n<li>Sobre o Banco de Cabo Verde, a defesa afirma n\u00e3o haver tr\u00e1fico de influ\u00eancias e que houve apenas uma proposta aceita e o seu pagamento, sem favorecimentos.<\/li>\n<li>O debate sobre o tempo de investiga\u00e7\u00e3o \u00e9 visto pela defesa como excessivo (11 anos); o processo envolve nove arguidos e envolve valores contratuais de pelo menos 1,19 mil milh\u00f5es de d\u00f3lares e 1,63 mil milh\u00f5es de euros.<\/li>\n<\/ul>\n","protected":false},"author":2,"featured_media":81935,"comment_status":"closed","ping_status":"closed","sticky":false,"template":"","format":"standard","meta":{"footnotes":""},"categories":[1],"tags":[1125,83,95,81,352,213],"class_list":["post-81933","post","type-post","status-publish","format-standard","has-post-thumbnail","hentry","category-noticias","tag-contratos","tag-corrupcao","tag-fraude-fiscal","tag-internacionais","tag-organizacao-criminosa","tag-trafico-de-influencias"],"yoast_head":"<!-- This site is optimized with the Yoast SEO plugin v27.2 - https:\/\/yoast.com\/product\/yoast-seo-wordpress\/ -->\n<title>Defesa de Jos\u00e9 Veiga contesta acusa\u00e7\u00e3o no Rota do Atl\u00e2ntico e pondera instru\u00e7\u00e3o - Portal Tela Portugal<\/title>\n<meta name=\"robots\" content=\"index, follow, max-snippet:-1, max-image-preview:large, max-video-preview:-1\" \/>\n<meta property=\"og:locale\" content=\"pt_PT\" \/>\n<meta property=\"og:type\" content=\"article\" \/>\n<meta property=\"og:title\" content=\"Defesa de Jos\u00e9 Veiga contesta acusa\u00e7\u00e3o no Rota do Atl\u00e2ntico e pondera instru\u00e7\u00e3o - Portal Tela Portugal\" \/>\n<meta property=\"og:description\" content=\"A defesa do empres\u00e1rio Jos\u00e9 Veiga afirma que a acusa\u00e7\u00e3o do processo Rota do Atl\u00e2ntico \u00e9 a vers\u00e3o do Minist\u00e9rio P\u00fablico, cuja abertura de instru\u00e7\u00e3o ainda n\u00e3o est\u00e1 decidida. O advogado Rog\u00e9rio Alves disse que Veiga foi ouvido pela \u00faltima vez em inqu\u00e9rito a 28 de novembro e que a defesa planeia juntar documenta\u00e7\u00e3o, que n\u00e3o chegou a tempo. A defesa rejeita as imputa\u00e7\u00f5es de branqueamento, corrup\u00e7\u00e3o e fraude fiscal, sustentando que n\u00e3o houve preju\u00edzo para Portugal e que os pagamentos ocorreram por entidades estrangeiras por trabalhos no exterior. Sobre o Banco de Cabo Verde, a defesa afirma n\u00e3o haver tr\u00e1fico de influ\u00eancias e que houve apenas uma proposta aceita e o seu pagamento, sem favorecimentos. O debate sobre o tempo de investiga\u00e7\u00e3o \u00e9 visto pela defesa como excessivo (11 anos); o processo envolve nove arguidos e envolve valores contratuais de pelo menos 1,19 mil milh\u00f5es de d\u00f3lares e 1,63 mil milh\u00f5es de euros.\" \/>\n<meta property=\"og:url\" content=\"https:\/\/portaltela.pt\/noticias\/2025\/12\/16\/defesa-de-jose-veiga-contesta-acusacao-no-rota-do-atlantico-e-pondera-instrucao\/\" \/>\n<meta property=\"og:site_name\" content=\"Portal Tela Portugal\" \/>\n<meta property=\"article:published_time\" content=\"2025-12-17T00:00:00+00:00\" \/>\n<meta name=\"author\" content=\"Telinha\" \/>\n<meta name=\"twitter:card\" content=\"summary_large_image\" \/>\n<meta name=\"twitter:label1\" content=\"Escrito por\" \/>\n\t<meta name=\"twitter:data1\" content=\"Telinha\" \/>\n\t<meta name=\"twitter:label2\" content=\"Tempo estimado de leitura\" \/>\n\t<meta name=\"twitter:data2\" content=\"2 minutos\" \/>\n<script type=\"application\/ld+json\" class=\"yoast-schema-graph\">{\"@context\":\"https:\/\/schema.org\",\"@graph\":[{\"@type\":\"Article\",\"@id\":\"https:\/\/portaltela.pt\/noticias\/2025\/12\/16\/defesa-de-jose-veiga-contesta-acusacao-no-rota-do-atlantico-e-pondera-instrucao\/#article\",\"isPartOf\":{\"@id\":\"https:\/\/portaltela.pt\/noticias\/2025\/12\/16\/defesa-de-jose-veiga-contesta-acusacao-no-rota-do-atlantico-e-pondera-instrucao\/\"},\"author\":{\"name\":\"Telinha\",\"@id\":\"https:\/\/portaltela.pt\/#\/schema\/person\/c4278d4a6028830caff9ee44b42d32ed\"},\"headline\":\"Defesa de Jos\u00e9 Veiga contesta acusa\u00e7\u00e3o no Rota do Atl\u00e2ntico e pondera instru\u00e7\u00e3o\",\"datePublished\":\"2025-12-17T00:00:00+00:00\",\"mainEntityOfPage\":{\"@id\":\"https:\/\/portaltela.pt\/noticias\/2025\/12\/16\/defesa-de-jose-veiga-contesta-acusacao-no-rota-do-atlantico-e-pondera-instrucao\/\"},\"wordCount\":417,\"image\":{\"@id\":\"https:\/\/portaltela.pt\/noticias\/2025\/12\/16\/defesa-de-jose-veiga-contesta-acusacao-no-rota-do-atlantico-e-pondera-instrucao\/#primaryimage\"},\"thumbnailUrl\":\"https:\/\/portaltela.pt\/s.01k8rhncp4jt1\/2025\/12\/img_920x518uu2025-10-29-11-05-13-2399089.jpg\",\"keywords\":[\"contratos\",\"corrup\u00e7\u00e3o\",\"fraude fiscal\",\"internacionais\",\"organiza\u00e7\u00e3o criminosa\",\"tr\u00e1fico de influ\u00eancias\"],\"articleSection\":[\"Not\u00edcias\"],\"inLanguage\":\"pt-PT\"},{\"@type\":\"WebPage\",\"@id\":\"https:\/\/portaltela.pt\/noticias\/2025\/12\/16\/defesa-de-jose-veiga-contesta-acusacao-no-rota-do-atlantico-e-pondera-instrucao\/\",\"url\":\"https:\/\/portaltela.pt\/noticias\/2025\/12\/16\/defesa-de-jose-veiga-contesta-acusacao-no-rota-do-atlantico-e-pondera-instrucao\/\",\"name\":\"Defesa de Jos\u00e9 Veiga contesta acusa\u00e7\u00e3o no Rota do Atl\u00e2ntico e pondera instru\u00e7\u00e3o - Portal Tela Portugal\",\"isPartOf\":{\"@id\":\"https:\/\/portaltela.pt\/#website\"},\"primaryImageOfPage\":{\"@id\":\"https:\/\/portaltela.pt\/noticias\/2025\/12\/16\/defesa-de-jose-veiga-contesta-acusacao-no-rota-do-atlantico-e-pondera-instrucao\/#primaryimage\"},\"image\":{\"@id\":\"https:\/\/portaltela.pt\/noticias\/2025\/12\/16\/defesa-de-jose-veiga-contesta-acusacao-no-rota-do-atlantico-e-pondera-instrucao\/#primaryimage\"},\"thumbnailUrl\":\"https:\/\/portaltela.pt\/s.01k8rhncp4jt1\/2025\/12\/img_920x518uu2025-10-29-11-05-13-2399089.jpg\",\"datePublished\":\"2025-12-17T00:00:00+00:00\",\"author\":{\"@id\":\"https:\/\/portaltela.pt\/#\/schema\/person\/c4278d4a6028830caff9ee44b42d32ed\"},\"breadcrumb\":{\"@id\":\"https:\/\/portaltela.pt\/noticias\/2025\/12\/16\/defesa-de-jose-veiga-contesta-acusacao-no-rota-do-atlantico-e-pondera-instrucao\/#breadcrumb\"},\"inLanguage\":\"pt-PT\",\"potentialAction\":[{\"@type\":\"ReadAction\",\"target\":[\"https:\/\/portaltela.pt\/noticias\/2025\/12\/16\/defesa-de-jose-veiga-contesta-acusacao-no-rota-do-atlantico-e-pondera-instrucao\/\"]}]},{\"@type\":\"ImageObject\",\"inLanguage\":\"pt-PT\",\"@id\":\"https:\/\/portaltela.pt\/noticias\/2025\/12\/16\/defesa-de-jose-veiga-contesta-acusacao-no-rota-do-atlantico-e-pondera-instrucao\/#primaryimage\",\"url\":\"https:\/\/portaltela.pt\/s.01k8rhncp4jt1\/2025\/12\/img_920x518uu2025-10-29-11-05-13-2399089.jpg\",\"contentUrl\":\"https:\/\/portaltela.pt\/s.01k8rhncp4jt1\/2025\/12\/img_920x518uu2025-10-29-11-05-13-2399089.jpg\",\"width\":796,\"height\":448,\"caption\":\"O antigo empres\u00e1rio de futebol, Jos\u00e9 Veiga, e o advogado Rog\u00e9rio Alves\"},{\"@type\":\"BreadcrumbList\",\"@id\":\"https:\/\/portaltela.pt\/noticias\/2025\/12\/16\/defesa-de-jose-veiga-contesta-acusacao-no-rota-do-atlantico-e-pondera-instrucao\/#breadcrumb\",\"itemListElement\":[{\"@type\":\"ListItem\",\"position\":1,\"name\":\"In\u00edcio\",\"item\":\"https:\/\/portaltela.pt\/\"},{\"@type\":\"ListItem\",\"position\":2,\"name\":\"Defesa de Jos\u00e9 Veiga contesta acusa\u00e7\u00e3o no Rota do Atl\u00e2ntico e pondera instru\u00e7\u00e3o\"}]},{\"@type\":\"WebSite\",\"@id\":\"https:\/\/portaltela.pt\/#website\",\"url\":\"https:\/\/portaltela.pt\/\",\"name\":\"Portal Tela Portugal\",\"description\":\"\",\"potentialAction\":[{\"@type\":\"SearchAction\",\"target\":{\"@type\":\"EntryPoint\",\"urlTemplate\":\"https:\/\/portaltela.pt\/?s={search_term_string}\"},\"query-input\":{\"@type\":\"PropertyValueSpecification\",\"valueRequired\":true,\"valueName\":\"search_term_string\"}}],\"inLanguage\":\"pt-PT\"},{\"@type\":\"Person\",\"@id\":\"https:\/\/portaltela.pt\/#\/schema\/person\/c4278d4a6028830caff9ee44b42d32ed\",\"name\":\"Telinha\",\"image\":{\"@type\":\"ImageObject\",\"inLanguage\":\"pt-PT\",\"@id\":\"https:\/\/portaltela.pt\/s.01k8rhncp4jt1\/2025\/11\/talking-bot-125x125.png\",\"url\":\"https:\/\/portaltela.pt\/s.01k8rhncp4jt1\/2025\/11\/talking-bot-125x125.png\",\"contentUrl\":\"https:\/\/portaltela.pt\/s.01k8rhncp4jt1\/2025\/11\/talking-bot-125x125.png\",\"caption\":\"Telinha\"},\"sameAs\":[\"https:\/\/portaltela.pt\/\"],\"url\":\"https:\/\/portaltela.pt\/por\/367410592786\/\"}]}<\/script>\n<!-- \/ Yoast SEO plugin. -->","yoast_head_json":{"title":"Defesa de Jos\u00e9 Veiga contesta acusa\u00e7\u00e3o no Rota do Atl\u00e2ntico e pondera instru\u00e7\u00e3o - Portal Tela Portugal","robots":{"index":"index","follow":"follow","max-snippet":"max-snippet:-1","max-image-preview":"max-image-preview:large","max-video-preview":"max-video-preview:-1"},"og_locale":"pt_PT","og_type":"article","og_title":"Defesa de Jos\u00e9 Veiga contesta acusa\u00e7\u00e3o no Rota do Atl\u00e2ntico e pondera instru\u00e7\u00e3o - Portal Tela Portugal","og_description":"A defesa do empres\u00e1rio Jos\u00e9 Veiga afirma que a acusa\u00e7\u00e3o do processo Rota do Atl\u00e2ntico \u00e9 a vers\u00e3o do Minist\u00e9rio P\u00fablico, cuja abertura de instru\u00e7\u00e3o ainda n\u00e3o est\u00e1 decidida. O advogado Rog\u00e9rio Alves disse que Veiga foi ouvido pela \u00faltima vez em inqu\u00e9rito a 28 de novembro e que a defesa planeia juntar documenta\u00e7\u00e3o, que n\u00e3o chegou a tempo. A defesa rejeita as imputa\u00e7\u00f5es de branqueamento, corrup\u00e7\u00e3o e fraude fiscal, sustentando que n\u00e3o houve preju\u00edzo para Portugal e que os pagamentos ocorreram por entidades estrangeiras por trabalhos no exterior. Sobre o Banco de Cabo Verde, a defesa afirma n\u00e3o haver tr\u00e1fico de influ\u00eancias e que houve apenas uma proposta aceita e o seu pagamento, sem favorecimentos. O debate sobre o tempo de investiga\u00e7\u00e3o \u00e9 visto pela defesa como excessivo (11 anos); o processo envolve nove arguidos e envolve valores contratuais de pelo menos 1,19 mil milh\u00f5es de d\u00f3lares e 1,63 mil milh\u00f5es de euros.","og_url":"https:\/\/portaltela.pt\/noticias\/2025\/12\/16\/defesa-de-jose-veiga-contesta-acusacao-no-rota-do-atlantico-e-pondera-instrucao\/","og_site_name":"Portal Tela Portugal","article_published_time":"2025-12-17T00:00:00+00:00","author":"Telinha","twitter_card":"summary_large_image","twitter_misc":{"Escrito por":"Telinha","Tempo estimado de leitura":"2 minutos"},"schema":{"@context":"https:\/\/schema.org","@graph":[{"@type":"Article","@id":"https:\/\/portaltela.pt\/noticias\/2025\/12\/16\/defesa-de-jose-veiga-contesta-acusacao-no-rota-do-atlantico-e-pondera-instrucao\/#article","isPartOf":{"@id":"https:\/\/portaltela.pt\/noticias\/2025\/12\/16\/defesa-de-jose-veiga-contesta-acusacao-no-rota-do-atlantico-e-pondera-instrucao\/"},"author":{"name":"Telinha","@id":"https:\/\/portaltela.pt\/#\/schema\/person\/c4278d4a6028830caff9ee44b42d32ed"},"headline":"Defesa de Jos\u00e9 Veiga contesta acusa\u00e7\u00e3o no Rota do Atl\u00e2ntico e pondera instru\u00e7\u00e3o","datePublished":"2025-12-17T00:00:00+00:00","mainEntityOfPage":{"@id":"https:\/\/portaltela.pt\/noticias\/2025\/12\/16\/defesa-de-jose-veiga-contesta-acusacao-no-rota-do-atlantico-e-pondera-instrucao\/"},"wordCount":417,"image":{"@id":"https:\/\/portaltela.pt\/noticias\/2025\/12\/16\/defesa-de-jose-veiga-contesta-acusacao-no-rota-do-atlantico-e-pondera-instrucao\/#primaryimage"},"thumbnailUrl":"https:\/\/portaltela.pt\/s.01k8rhncp4jt1\/2025\/12\/img_920x518uu2025-10-29-11-05-13-2399089.jpg","keywords":["contratos","corrup\u00e7\u00e3o","fraude fiscal","internacionais","organiza\u00e7\u00e3o criminosa","tr\u00e1fico de influ\u00eancias"],"articleSection":["Not\u00edcias"],"inLanguage":"pt-PT"},{"@type":"WebPage","@id":"https:\/\/portaltela.pt\/noticias\/2025\/12\/16\/defesa-de-jose-veiga-contesta-acusacao-no-rota-do-atlantico-e-pondera-instrucao\/","url":"https:\/\/portaltela.pt\/noticias\/2025\/12\/16\/defesa-de-jose-veiga-contesta-acusacao-no-rota-do-atlantico-e-pondera-instrucao\/","name":"Defesa de Jos\u00e9 Veiga contesta acusa\u00e7\u00e3o no Rota do Atl\u00e2ntico e pondera instru\u00e7\u00e3o - Portal Tela Portugal","isPartOf":{"@id":"https:\/\/portaltela.pt\/#website"},"primaryImageOfPage":{"@id":"https:\/\/portaltela.pt\/noticias\/2025\/12\/16\/defesa-de-jose-veiga-contesta-acusacao-no-rota-do-atlantico-e-pondera-instrucao\/#primaryimage"},"image":{"@id":"https:\/\/portaltela.pt\/noticias\/2025\/12\/16\/defesa-de-jose-veiga-contesta-acusacao-no-rota-do-atlantico-e-pondera-instrucao\/#primaryimage"},"thumbnailUrl":"https:\/\/portaltela.pt\/s.01k8rhncp4jt1\/2025\/12\/img_920x518uu2025-10-29-11-05-13-2399089.jpg","datePublished":"2025-12-17T00:00:00+00:00","author":{"@id":"https:\/\/portaltela.pt\/#\/schema\/person\/c4278d4a6028830caff9ee44b42d32ed"},"breadcrumb":{"@id":"https:\/\/portaltela.pt\/noticias\/2025\/12\/16\/defesa-de-jose-veiga-contesta-acusacao-no-rota-do-atlantico-e-pondera-instrucao\/#breadcrumb"},"inLanguage":"pt-PT","potentialAction":[{"@type":"ReadAction","target":["https:\/\/portaltela.pt\/noticias\/2025\/12\/16\/defesa-de-jose-veiga-contesta-acusacao-no-rota-do-atlantico-e-pondera-instrucao\/"]}]},{"@type":"ImageObject","inLanguage":"pt-PT","@id":"https:\/\/portaltela.pt\/noticias\/2025\/12\/16\/defesa-de-jose-veiga-contesta-acusacao-no-rota-do-atlantico-e-pondera-instrucao\/#primaryimage","url":"https:\/\/portaltela.pt\/s.01k8rhncp4jt1\/2025\/12\/img_920x518uu2025-10-29-11-05-13-2399089.jpg","contentUrl":"https:\/\/portaltela.pt\/s.01k8rhncp4jt1\/2025\/12\/img_920x518uu2025-10-29-11-05-13-2399089.jpg","width":796,"height":448,"caption":"O antigo empres\u00e1rio de futebol, Jos\u00e9 Veiga, e o advogado Rog\u00e9rio Alves"},{"@type":"BreadcrumbList","@id":"https:\/\/portaltela.pt\/noticias\/2025\/12\/16\/defesa-de-jose-veiga-contesta-acusacao-no-rota-do-atlantico-e-pondera-instrucao\/#breadcrumb","itemListElement":[{"@type":"ListItem","position":1,"name":"In\u00edcio","item":"https:\/\/portaltela.pt\/"},{"@type":"ListItem","position":2,"name":"Defesa de Jos\u00e9 Veiga contesta acusa\u00e7\u00e3o no Rota do Atl\u00e2ntico e pondera instru\u00e7\u00e3o"}]},{"@type":"WebSite","@id":"https:\/\/portaltela.pt\/#website","url":"https:\/\/portaltela.pt\/","name":"Portal Tela Portugal","description":"","potentialAction":[{"@type":"SearchAction","target":{"@type":"EntryPoint","urlTemplate":"https:\/\/portaltela.pt\/?s={search_term_string}"},"query-input":{"@type":"PropertyValueSpecification","valueRequired":true,"valueName":"search_term_string"}}],"inLanguage":"pt-PT"},{"@type":"Person","@id":"https:\/\/portaltela.pt\/#\/schema\/person\/c4278d4a6028830caff9ee44b42d32ed","name":"Telinha","image":{"@type":"ImageObject","inLanguage":"pt-PT","@id":"https:\/\/portaltela.pt\/s.01k8rhncp4jt1\/2025\/11\/talking-bot-125x125.png","url":"https:\/\/portaltela.pt\/s.01k8rhncp4jt1\/2025\/11\/talking-bot-125x125.png","contentUrl":"https:\/\/portaltela.pt\/s.01k8rhncp4jt1\/2025\/11\/talking-bot-125x125.png","caption":"Telinha"},"sameAs":["https:\/\/portaltela.pt\/"],"url":"https:\/\/portaltela.pt\/por\/367410592786\/"}]}},"_links":{"self":[{"href":"https:\/\/portaltela.pt\/api\/wp\/v2\/posts\/81933","targetHints":{"allow":["GET"]}}],"collection":[{"href":"https:\/\/portaltela.pt\/api\/wp\/v2\/posts"}],"about":[{"href":"https:\/\/portaltela.pt\/api\/wp\/v2\/types\/post"}],"author":[{"embeddable":true,"href":"https:\/\/portaltela.pt\/api\/wp\/v2\/users\/2"}],"replies":[{"embeddable":true,"href":"https:\/\/portaltela.pt\/api\/wp\/v2\/comments?post=81933"}],"version-history":[{"count":0,"href":"https:\/\/portaltela.pt\/api\/wp\/v2\/posts\/81933\/revisions"}],"wp:featuredmedia":[{"embeddable":true,"href":"https:\/\/portaltela.pt\/api\/wp\/v2\/media\/81935"}],"wp:attachment":[{"href":"https:\/\/portaltela.pt\/api\/wp\/v2\/media?parent=81933"}],"wp:term":[{"taxonomy":"category","embeddable":true,"href":"https:\/\/portaltela.pt\/api\/wp\/v2\/categories?post=81933"},{"taxonomy":"post_tag","embeddable":true,"href":"https:\/\/portaltela.pt\/api\/wp\/v2\/tags?post=81933"}],"curies":[{"name":"wp","href":"https:\/\/api.w.org\/{rel}","templated":true}]}}