{"id":81765,"date":"2025-12-16T21:00:00","date_gmt":"2025-12-17T00:00:00","guid":{"rendered":"https:\/\/portaltela.pt\/noticias\/2025\/12\/16\/decima-edicao-do-viseu-xmas-run-provoca-cortes-de-transito-neste-domingo\/"},"modified":"2025-12-16T21:00:00","modified_gmt":"2025-12-17T00:00:00","slug":"decima-edicao-do-viseu-xmas-run-provoca-cortes-de-transito-neste-domingo","status":"publish","type":"post","link":"https:\/\/portaltela.pt\/noticias\/2025\/12\/16\/decima-edicao-do-viseu-xmas-run-provoca-cortes-de-transito-neste-domingo\/","title":{"rendered":"D\u00e9cima edi\u00e7\u00e3o do Viseu XMAS RUN provoca cortes de tr\u00e2nsito neste domingo"},"content":{"rendered":"<p>O evento solid\u00e1rio Viseu XMAS RUN, com 10 km de corrida e 5 km de caminhada, realiza-se este domingo, 21 de dezembro, em Viseu. A prova decorre pelas ruas e avenidas da cidade e implica restri\u00e7\u00f5es de tr\u00e2nsito e altera\u00e7\u00f5es no transporte p\u00fablico.<\/p>\n<p>Entre as 7h e as 12h30, o tr\u00e2nsito autom\u00f3vel ser\u00e1 condicionado na \u00e1rea do evento. Acesso \u00e0 zona junto \u00e0 C\u00e2mara Municipal de Viseu, na rotunda do Rossio, ficar\u00e1 cortado a partir das 7h. Apenas entradas e sa\u00eddas excecionais ser\u00e3o permitidas.<\/p>\n<p>A partir das 9h30, v\u00e1rias vias ficar\u00e3o interrupidas para a passagem da caravana desportiva. O desvio afeta ruas centrais, incluindo avenidas e pra\u00e7as como 25 de Abril, Calouste Gulbenkian, Largo Humberto Delgado, Avenida Alberto Sampaio e outras dezenas de vias ligadas ao percurso. As linhas do MUV ser\u00e3o suspensas das 9h30 \u00e0s 12h30.<\/p>\n<h3>Condicionamentos de tr\u00e2nsito e transporte p\u00fablico<\/h3>\n<p>Durante todo o per\u00edodo, o sistema MUV n\u00e3o operar\u00e1 as suas linhas entre as 9h30 e as 12h30. Entre as 7h e as 9h30, os transportes ser\u00e3o desviados para a Avenida Alberto Sampaio, na Rotunda do Rossio. O percurso da prova ocorre em circuito fechado, com exce\u00e7\u00e3o de entradas\/sa\u00eddas de viaturas em situa\u00e7\u00f5es excecionais.<\/p>\n<p>As autoridades, incluindo a Pol\u00edcia de Seguran\u00e7a P\u00fablica e a Pol\u00edcia Municipal de Viseu, recomendam evitar circular nas art\u00e9rias afetadas entre as 9h30 e as 12h30, para evitar filas e longos tempos de espera. Moradores devem contactar agentes no local para acederem \u00e0s suas moradias.<\/p>\n<p>Para facilitar a consulta, todos os condicionamentos podem ser verificados via Waze, na p\u00e1gina de eventos de Viseu XMAS RUN 2025. A retoma da circula\u00e7\u00e3o est\u00e1 prevista para as 12h30.<\/p>\n","protected":false},"excerpt":{"rendered":"<ul>\n<li>No domingo, dia 21 de dezembro, realiza-se a edi\u00e7\u00e3o 100% solid\u00e1ria do Viseu XMAS RUN, com corrida de 10 quil\u00f3metros e caminhada de 5 quil\u00f3metros pelas ruas da cidade.<\/li>\n<li>O tr\u00e2nsito autom\u00f3vel ficar\u00e1 condicionado entre as 7h00 e as 12h30; o sistema de transporte p\u00fablico MUV tem todas as linhas suspensas entre as 9h30 e as 12h30.<\/li>\n<li>A partir das 7h00 \u00e9 cortado o acesso \u00e0 zona junto \u00e0 C\u00e2mara Municipal de Viseu; entre as 7h00 e as 9h30 h\u00e1 desvios pela Avenida Alberto Sampaio.<\/li>\n<li>Das 9h30 \u00e0s 12h30, ocorre condicionamento em v\u00e1rias vias da cidade, com o desvio de transportes p\u00fablicos para a Avenida Alberto Sampaio e para a Rotunda do Rossio; o circuito da prova \u00e9 fechado, permitindo entrada\/salida apenas em casos excepcionais.<\/li>\n<li>A circula\u00e7\u00e3o deve retomar \u00e0s 12h30; moradores podem contactar os agentes presentes no percurso e \u00e9 aconselhado consultar os condicionamentos na aplica\u00e7\u00e3o Waze.<\/li>\n<\/ul>\n","protected":false},"author":2,"featured_media":81768,"comment_status":"closed","ping_status":"closed","sticky":false,"template":"","format":"standard","meta":{"footnotes":""},"categories":[1],"tags":[703,152,282,192,363,1171],"class_list":["post-81765","post","type-post","status-publish","format-standard","has-post-thumbnail","hentry","category-noticias","tag-camara","tag-desporto","tag-evento-desportivo-do-ano","tag-transporte","tag-transportes","tag-viseu"],"yoast_head":"<!-- This site is optimized with the Yoast SEO plugin v27.2 - https:\/\/yoast.com\/product\/yoast-seo-wordpress\/ -->\n<title>D\u00e9cima edi\u00e7\u00e3o do Viseu XMAS RUN provoca cortes de tr\u00e2nsito neste domingo - Portal Tela Portugal<\/title>\n<meta name=\"robots\" content=\"index, follow, max-snippet:-1, max-image-preview:large, max-video-preview:-1\" \/>\n<meta property=\"og:locale\" content=\"pt_PT\" \/>\n<meta property=\"og:type\" content=\"article\" \/>\n<meta property=\"og:title\" content=\"D\u00e9cima edi\u00e7\u00e3o do Viseu XMAS RUN provoca cortes de tr\u00e2nsito neste domingo - Portal Tela Portugal\" \/>\n<meta property=\"og:description\" content=\"No domingo, dia 21 de dezembro, realiza-se a edi\u00e7\u00e3o 100% solid\u00e1ria do Viseu XMAS RUN, com corrida de 10 quil\u00f3metros e caminhada de 5 quil\u00f3metros pelas ruas da cidade. O tr\u00e2nsito autom\u00f3vel ficar\u00e1 condicionado entre as 7h00 e as 12h30; o sistema de transporte p\u00fablico MUV tem todas as linhas suspensas entre as 9h30 e as 12h30. A partir das 7h00 \u00e9 cortado o acesso \u00e0 zona junto \u00e0 C\u00e2mara Municipal de Viseu; entre as 7h00 e as 9h30 h\u00e1 desvios pela Avenida Alberto Sampaio. Das 9h30 \u00e0s 12h30, ocorre condicionamento em v\u00e1rias vias da cidade, com o desvio de transportes p\u00fablicos para a Avenida Alberto Sampaio e para a Rotunda do Rossio; o circuito da prova \u00e9 fechado, permitindo entrada\/salida apenas em casos excepcionais. A circula\u00e7\u00e3o deve retomar \u00e0s 12h30; moradores podem contactar os agentes presentes no percurso e \u00e9 aconselhado consultar os condicionamentos na aplica\u00e7\u00e3o Waze.\" \/>\n<meta property=\"og:url\" content=\"https:\/\/portaltela.pt\/noticias\/2025\/12\/16\/decima-edicao-do-viseu-xmas-run-provoca-cortes-de-transito-neste-domingo\/\" \/>\n<meta property=\"og:site_name\" content=\"Portal Tela Portugal\" \/>\n<meta property=\"article:published_time\" content=\"2025-12-17T00:00:00+00:00\" \/>\n<meta name=\"author\" content=\"Telinha\" \/>\n<meta name=\"twitter:card\" content=\"summary_large_image\" \/>\n<meta name=\"twitter:label1\" content=\"Escrito por\" \/>\n\t<meta name=\"twitter:data1\" content=\"Telinha\" \/>\n\t<meta name=\"twitter:label2\" content=\"Tempo estimado de leitura\" \/>\n\t<meta name=\"twitter:data2\" content=\"1 minuto\" \/>\n<script type=\"application\/ld+json\" class=\"yoast-schema-graph\">{\"@context\":\"https:\/\/schema.org\",\"@graph\":[{\"@type\":\"Article\",\"@id\":\"https:\/\/portaltela.pt\/noticias\/2025\/12\/16\/decima-edicao-do-viseu-xmas-run-provoca-cortes-de-transito-neste-domingo\/#article\",\"isPartOf\":{\"@id\":\"https:\/\/portaltela.pt\/noticias\/2025\/12\/16\/decima-edicao-do-viseu-xmas-run-provoca-cortes-de-transito-neste-domingo\/\"},\"author\":{\"name\":\"Telinha\",\"@id\":\"https:\/\/portaltela.pt\/#\/schema\/person\/c4278d4a6028830caff9ee44b42d32ed\"},\"headline\":\"D\u00e9cima edi\u00e7\u00e3o do Viseu XMAS RUN provoca cortes de tr\u00e2nsito neste domingo\",\"datePublished\":\"2025-12-17T00:00:00+00:00\",\"mainEntityOfPage\":{\"@id\":\"https:\/\/portaltela.pt\/noticias\/2025\/12\/16\/decima-edicao-do-viseu-xmas-run-provoca-cortes-de-transito-neste-domingo\/\"},\"wordCount\":310,\"image\":{\"@id\":\"https:\/\/portaltela.pt\/noticias\/2025\/12\/16\/decima-edicao-do-viseu-xmas-run-provoca-cortes-de-transito-neste-domingo\/#primaryimage\"},\"thumbnailUrl\":\"https:\/\/portaltela.pt\/s.01k8rhncp4jt1\/2025\/12\/site_cmv_noticias_foto_detalhe_5__1830173836387536233812-1.jpg\",\"keywords\":[\"c\u00e2mara\",\"desporto\",\"Evento Desportivo do Ano\",\"transporte\",\"transportes\",\"Viseu\"],\"articleSection\":[\"Not\u00edcias\"],\"inLanguage\":\"pt-PT\"},{\"@type\":\"WebPage\",\"@id\":\"https:\/\/portaltela.pt\/noticias\/2025\/12\/16\/decima-edicao-do-viseu-xmas-run-provoca-cortes-de-transito-neste-domingo\/\",\"url\":\"https:\/\/portaltela.pt\/noticias\/2025\/12\/16\/decima-edicao-do-viseu-xmas-run-provoca-cortes-de-transito-neste-domingo\/\",\"name\":\"D\u00e9cima edi\u00e7\u00e3o do Viseu XMAS RUN provoca cortes de tr\u00e2nsito neste domingo - Portal Tela Portugal\",\"isPartOf\":{\"@id\":\"https:\/\/portaltela.pt\/#website\"},\"primaryImageOfPage\":{\"@id\":\"https:\/\/portaltela.pt\/noticias\/2025\/12\/16\/decima-edicao-do-viseu-xmas-run-provoca-cortes-de-transito-neste-domingo\/#primaryimage\"},\"image\":{\"@id\":\"https:\/\/portaltela.pt\/noticias\/2025\/12\/16\/decima-edicao-do-viseu-xmas-run-provoca-cortes-de-transito-neste-domingo\/#primaryimage\"},\"thumbnailUrl\":\"https:\/\/portaltela.pt\/s.01k8rhncp4jt1\/2025\/12\/site_cmv_noticias_foto_detalhe_5__1830173836387536233812-1.jpg\",\"datePublished\":\"2025-12-17T00:00:00+00:00\",\"author\":{\"@id\":\"https:\/\/portaltela.pt\/#\/schema\/person\/c4278d4a6028830caff9ee44b42d32ed\"},\"breadcrumb\":{\"@id\":\"https:\/\/portaltela.pt\/noticias\/2025\/12\/16\/decima-edicao-do-viseu-xmas-run-provoca-cortes-de-transito-neste-domingo\/#breadcrumb\"},\"inLanguage\":\"pt-PT\",\"potentialAction\":[{\"@type\":\"ReadAction\",\"target\":[\"https:\/\/portaltela.pt\/noticias\/2025\/12\/16\/decima-edicao-do-viseu-xmas-run-provoca-cortes-de-transito-neste-domingo\/\"]}]},{\"@type\":\"ImageObject\",\"inLanguage\":\"pt-PT\",\"@id\":\"https:\/\/portaltela.pt\/noticias\/2025\/12\/16\/decima-edicao-do-viseu-xmas-run-provoca-cortes-de-transito-neste-domingo\/#primaryimage\",\"url\":\"https:\/\/portaltela.pt\/s.01k8rhncp4jt1\/2025\/12\/site_cmv_noticias_foto_detalhe_5__1830173836387536233812-1.jpg\",\"contentUrl\":\"https:\/\/portaltela.pt\/s.01k8rhncp4jt1\/2025\/12\/site_cmv_noticias_foto_detalhe_5__1830173836387536233812-1.jpg\",\"width\":796,\"height\":448,\"caption\":\"Photo\"},{\"@type\":\"BreadcrumbList\",\"@id\":\"https:\/\/portaltela.pt\/noticias\/2025\/12\/16\/decima-edicao-do-viseu-xmas-run-provoca-cortes-de-transito-neste-domingo\/#breadcrumb\",\"itemListElement\":[{\"@type\":\"ListItem\",\"position\":1,\"name\":\"In\u00edcio\",\"item\":\"https:\/\/portaltela.pt\/\"},{\"@type\":\"ListItem\",\"position\":2,\"name\":\"D\u00e9cima edi\u00e7\u00e3o do Viseu XMAS RUN provoca cortes de tr\u00e2nsito neste domingo\"}]},{\"@type\":\"WebSite\",\"@id\":\"https:\/\/portaltela.pt\/#website\",\"url\":\"https:\/\/portaltela.pt\/\",\"name\":\"Portal Tela Portugal\",\"description\":\"\",\"potentialAction\":[{\"@type\":\"SearchAction\",\"target\":{\"@type\":\"EntryPoint\",\"urlTemplate\":\"https:\/\/portaltela.pt\/?s={search_term_string}\"},\"query-input\":{\"@type\":\"PropertyValueSpecification\",\"valueRequired\":true,\"valueName\":\"search_term_string\"}}],\"inLanguage\":\"pt-PT\"},{\"@type\":\"Person\",\"@id\":\"https:\/\/portaltela.pt\/#\/schema\/person\/c4278d4a6028830caff9ee44b42d32ed\",\"name\":\"Telinha\",\"image\":{\"@type\":\"ImageObject\",\"inLanguage\":\"pt-PT\",\"@id\":\"https:\/\/portaltela.pt\/s.01k8rhncp4jt1\/2025\/11\/talking-bot-125x125.png\",\"url\":\"https:\/\/portaltela.pt\/s.01k8rhncp4jt1\/2025\/11\/talking-bot-125x125.png\",\"contentUrl\":\"https:\/\/portaltela.pt\/s.01k8rhncp4jt1\/2025\/11\/talking-bot-125x125.png\",\"caption\":\"Telinha\"},\"sameAs\":[\"https:\/\/portaltela.pt\/\"],\"url\":\"https:\/\/portaltela.pt\/por\/367410592786\/\"}]}<\/script>\n<!-- \/ Yoast SEO plugin. -->","yoast_head_json":{"title":"D\u00e9cima edi\u00e7\u00e3o do Viseu XMAS RUN provoca cortes de tr\u00e2nsito neste domingo - Portal Tela Portugal","robots":{"index":"index","follow":"follow","max-snippet":"max-snippet:-1","max-image-preview":"max-image-preview:large","max-video-preview":"max-video-preview:-1"},"og_locale":"pt_PT","og_type":"article","og_title":"D\u00e9cima edi\u00e7\u00e3o do Viseu XMAS RUN provoca cortes de tr\u00e2nsito neste domingo - Portal Tela Portugal","og_description":"No domingo, dia 21 de dezembro, realiza-se a edi\u00e7\u00e3o 100% solid\u00e1ria do Viseu XMAS RUN, com corrida de 10 quil\u00f3metros e caminhada de 5 quil\u00f3metros pelas ruas da cidade. O tr\u00e2nsito autom\u00f3vel ficar\u00e1 condicionado entre as 7h00 e as 12h30; o sistema de transporte p\u00fablico MUV tem todas as linhas suspensas entre as 9h30 e as 12h30. A partir das 7h00 \u00e9 cortado o acesso \u00e0 zona junto \u00e0 C\u00e2mara Municipal de Viseu; entre as 7h00 e as 9h30 h\u00e1 desvios pela Avenida Alberto Sampaio. Das 9h30 \u00e0s 12h30, ocorre condicionamento em v\u00e1rias vias da cidade, com o desvio de transportes p\u00fablicos para a Avenida Alberto Sampaio e para a Rotunda do Rossio; o circuito da prova \u00e9 fechado, permitindo entrada\/salida apenas em casos excepcionais. A circula\u00e7\u00e3o deve retomar \u00e0s 12h30; moradores podem contactar os agentes presentes no percurso e \u00e9 aconselhado consultar os condicionamentos na aplica\u00e7\u00e3o Waze.","og_url":"https:\/\/portaltela.pt\/noticias\/2025\/12\/16\/decima-edicao-do-viseu-xmas-run-provoca-cortes-de-transito-neste-domingo\/","og_site_name":"Portal Tela Portugal","article_published_time":"2025-12-17T00:00:00+00:00","author":"Telinha","twitter_card":"summary_large_image","twitter_misc":{"Escrito por":"Telinha","Tempo estimado de leitura":"1 minuto"},"schema":{"@context":"https:\/\/schema.org","@graph":[{"@type":"Article","@id":"https:\/\/portaltela.pt\/noticias\/2025\/12\/16\/decima-edicao-do-viseu-xmas-run-provoca-cortes-de-transito-neste-domingo\/#article","isPartOf":{"@id":"https:\/\/portaltela.pt\/noticias\/2025\/12\/16\/decima-edicao-do-viseu-xmas-run-provoca-cortes-de-transito-neste-domingo\/"},"author":{"name":"Telinha","@id":"https:\/\/portaltela.pt\/#\/schema\/person\/c4278d4a6028830caff9ee44b42d32ed"},"headline":"D\u00e9cima edi\u00e7\u00e3o do Viseu XMAS RUN provoca cortes de tr\u00e2nsito neste domingo","datePublished":"2025-12-17T00:00:00+00:00","mainEntityOfPage":{"@id":"https:\/\/portaltela.pt\/noticias\/2025\/12\/16\/decima-edicao-do-viseu-xmas-run-provoca-cortes-de-transito-neste-domingo\/"},"wordCount":310,"image":{"@id":"https:\/\/portaltela.pt\/noticias\/2025\/12\/16\/decima-edicao-do-viseu-xmas-run-provoca-cortes-de-transito-neste-domingo\/#primaryimage"},"thumbnailUrl":"https:\/\/portaltela.pt\/s.01k8rhncp4jt1\/2025\/12\/site_cmv_noticias_foto_detalhe_5__1830173836387536233812-1.jpg","keywords":["c\u00e2mara","desporto","Evento Desportivo do Ano","transporte","transportes","Viseu"],"articleSection":["Not\u00edcias"],"inLanguage":"pt-PT"},{"@type":"WebPage","@id":"https:\/\/portaltela.pt\/noticias\/2025\/12\/16\/decima-edicao-do-viseu-xmas-run-provoca-cortes-de-transito-neste-domingo\/","url":"https:\/\/portaltela.pt\/noticias\/2025\/12\/16\/decima-edicao-do-viseu-xmas-run-provoca-cortes-de-transito-neste-domingo\/","name":"D\u00e9cima edi\u00e7\u00e3o do Viseu XMAS RUN provoca cortes de tr\u00e2nsito neste domingo - Portal Tela Portugal","isPartOf":{"@id":"https:\/\/portaltela.pt\/#website"},"primaryImageOfPage":{"@id":"https:\/\/portaltela.pt\/noticias\/2025\/12\/16\/decima-edicao-do-viseu-xmas-run-provoca-cortes-de-transito-neste-domingo\/#primaryimage"},"image":{"@id":"https:\/\/portaltela.pt\/noticias\/2025\/12\/16\/decima-edicao-do-viseu-xmas-run-provoca-cortes-de-transito-neste-domingo\/#primaryimage"},"thumbnailUrl":"https:\/\/portaltela.pt\/s.01k8rhncp4jt1\/2025\/12\/site_cmv_noticias_foto_detalhe_5__1830173836387536233812-1.jpg","datePublished":"2025-12-17T00:00:00+00:00","author":{"@id":"https:\/\/portaltela.pt\/#\/schema\/person\/c4278d4a6028830caff9ee44b42d32ed"},"breadcrumb":{"@id":"https:\/\/portaltela.pt\/noticias\/2025\/12\/16\/decima-edicao-do-viseu-xmas-run-provoca-cortes-de-transito-neste-domingo\/#breadcrumb"},"inLanguage":"pt-PT","potentialAction":[{"@type":"ReadAction","target":["https:\/\/portaltela.pt\/noticias\/2025\/12\/16\/decima-edicao-do-viseu-xmas-run-provoca-cortes-de-transito-neste-domingo\/"]}]},{"@type":"ImageObject","inLanguage":"pt-PT","@id":"https:\/\/portaltela.pt\/noticias\/2025\/12\/16\/decima-edicao-do-viseu-xmas-run-provoca-cortes-de-transito-neste-domingo\/#primaryimage","url":"https:\/\/portaltela.pt\/s.01k8rhncp4jt1\/2025\/12\/site_cmv_noticias_foto_detalhe_5__1830173836387536233812-1.jpg","contentUrl":"https:\/\/portaltela.pt\/s.01k8rhncp4jt1\/2025\/12\/site_cmv_noticias_foto_detalhe_5__1830173836387536233812-1.jpg","width":796,"height":448,"caption":"Photo"},{"@type":"BreadcrumbList","@id":"https:\/\/portaltela.pt\/noticias\/2025\/12\/16\/decima-edicao-do-viseu-xmas-run-provoca-cortes-de-transito-neste-domingo\/#breadcrumb","itemListElement":[{"@type":"ListItem","position":1,"name":"In\u00edcio","item":"https:\/\/portaltela.pt\/"},{"@type":"ListItem","position":2,"name":"D\u00e9cima edi\u00e7\u00e3o do Viseu XMAS RUN provoca cortes de tr\u00e2nsito neste domingo"}]},{"@type":"WebSite","@id":"https:\/\/portaltela.pt\/#website","url":"https:\/\/portaltela.pt\/","name":"Portal Tela Portugal","description":"","potentialAction":[{"@type":"SearchAction","target":{"@type":"EntryPoint","urlTemplate":"https:\/\/portaltela.pt\/?s={search_term_string}"},"query-input":{"@type":"PropertyValueSpecification","valueRequired":true,"valueName":"search_term_string"}}],"inLanguage":"pt-PT"},{"@type":"Person","@id":"https:\/\/portaltela.pt\/#\/schema\/person\/c4278d4a6028830caff9ee44b42d32ed","name":"Telinha","image":{"@type":"ImageObject","inLanguage":"pt-PT","@id":"https:\/\/portaltela.pt\/s.01k8rhncp4jt1\/2025\/11\/talking-bot-125x125.png","url":"https:\/\/portaltela.pt\/s.01k8rhncp4jt1\/2025\/11\/talking-bot-125x125.png","contentUrl":"https:\/\/portaltela.pt\/s.01k8rhncp4jt1\/2025\/11\/talking-bot-125x125.png","caption":"Telinha"},"sameAs":["https:\/\/portaltela.pt\/"],"url":"https:\/\/portaltela.pt\/por\/367410592786\/"}]}},"_links":{"self":[{"href":"https:\/\/portaltela.pt\/api\/wp\/v2\/posts\/81765","targetHints":{"allow":["GET"]}}],"collection":[{"href":"https:\/\/portaltela.pt\/api\/wp\/v2\/posts"}],"about":[{"href":"https:\/\/portaltela.pt\/api\/wp\/v2\/types\/post"}],"author":[{"embeddable":true,"href":"https:\/\/portaltela.pt\/api\/wp\/v2\/users\/2"}],"replies":[{"embeddable":true,"href":"https:\/\/portaltela.pt\/api\/wp\/v2\/comments?post=81765"}],"version-history":[{"count":0,"href":"https:\/\/portaltela.pt\/api\/wp\/v2\/posts\/81765\/revisions"}],"wp:featuredmedia":[{"embeddable":true,"href":"https:\/\/portaltela.pt\/api\/wp\/v2\/media\/81768"}],"wp:attachment":[{"href":"https:\/\/portaltela.pt\/api\/wp\/v2\/media?parent=81765"}],"wp:term":[{"taxonomy":"category","embeddable":true,"href":"https:\/\/portaltela.pt\/api\/wp\/v2\/categories?post=81765"},{"taxonomy":"post_tag","embeddable":true,"href":"https:\/\/portaltela.pt\/api\/wp\/v2\/tags?post=81765"}],"curies":[{"name":"wp","href":"https:\/\/api.w.org\/{rel}","templated":true}]}}