{"id":81502,"date":"2025-12-15T10:02:00","date_gmt":"2025-12-15T13:02:00","guid":{"rendered":"https:\/\/portaltela.pt\/noticias\/2025\/12\/15\/sao-silvestre-reune-atletas-amadores-e-profissionais\/"},"modified":"2025-12-15T10:02:00","modified_gmt":"2025-12-15T13:02:00","slug":"sao-silvestre-reune-atletas-amadores-e-profissionais","status":"publish","type":"post","link":"https:\/\/portaltela.pt\/desporto\/2025\/12\/15\/sao-silvestre-reune-atletas-amadores-e-profissionais\/","title":{"rendered":"S\u00e3o Silvestre re\u00fane atletas amadores e profissionais"},"content":{"rendered":"<p>A edi\u00e7\u00e3o de 2025 da S\u00e3o Silvestre El Corte Ingl\u00e9s registrou 10 mil atletas inscritos e contou com a presen\u00e7a da YoPro, j\u00e1 atuando no apoio a atletas, desde amadores at\u00e9 profissionais. A participa\u00e7\u00e3o da organiza\u00e7\u00e3o refor\u00e7ou o acompanhamento durante a corrida.<\/p>\n<p>As mensagens motivacionais da YoPro acompanharam o evento, com express\u00f5es como \u201cCada passo \u00e9 um passo mais perto do sof\u00e1\u201d e \u201cFor\u00e7a, tu consegues\u201d, entre outras, utilizadas para incentivar os corredores ao longo da prova.<\/p>\n<p>Logo no in\u00edcio da prova, promotores da YoPro distribu\u00edram cartazes na largada, alguns j\u00e1 impressos e outros em branco para serem preenchidos por familiares e amigos, criando incentivos personalizados para os atletas.<\/p>\n<h3>Cartazes motivacionais na largada<\/h3>\n<p>Cartazes com frases incentivavam os corredores desde a linha de partida, adaptando-se ao p\u00fablico presente entre amadores e profissionais, segundo a organiza\u00e7\u00e3o.<\/p>\n<p>A iniciativa visou envolver quem acompanhava a prova, permitindo mensagens feitas \u00e0 m\u00e3o para apoiar quem corria.<\/p>\n","protected":false},"excerpt":{"rendered":"<ul>\n<li>A edi\u00e7\u00e3o de 2025 da S\u00e3o Silvestre El Corte Ingl\u00e9s contou com 10 mil inscri\u00e7\u00f5es.<\/li>\n<li>A YoPro esteve presente, apoiando atletas desde amadores at\u00e9 profissionais.<\/li>\n<li>No in\u00edcio da prova, promotores da YoPro distribu\u00edram cartazes motivacionais, com alguns j\u00e1 impressos e outros em branco para serem preenchidos por familiares e amigos.<\/li>\n<li>Entre as mensagens, destacaram-se frases como \u201cCada passo \u00e9 um passo mais perto do sof\u00e1\u201d, \u201cFor\u00e7a, tu consegues\u201d e \u201cSe fosse f\u00e1cil, eu tamb\u00e9m estava a correr!\u201d.<\/li>\n<li>O objetivo foi incentivar os participantes e animar as fileiras de apoiantes.<\/li>\n<\/ul>\n","protected":false},"author":2,"featured_media":81507,"comment_status":"closed","ping_status":"closed","sticky":false,"template":"","format":"standard","meta":{"footnotes":""},"categories":[21],"tags":[252,903,152,186,282,399],"class_list":["post-81502","post","type-post","status-publish","format-standard","has-post-thumbnail","hentry","category-desporto","tag-atletas","tag-comunidades","tag-desporto","tag-desportos","tag-evento-desportivo-do-ano","tag-organizacao-desportiva"],"yoast_head":"<!-- This site is optimized with the Yoast SEO plugin v27.2 - https:\/\/yoast.com\/product\/yoast-seo-wordpress\/ -->\n<title>S\u00e3o Silvestre re\u00fane atletas amadores e profissionais - Portal Tela Portugal<\/title>\n<meta name=\"robots\" content=\"index, follow, max-snippet:-1, max-image-preview:large, max-video-preview:-1\" \/>\n<meta property=\"og:locale\" content=\"pt_PT\" \/>\n<meta property=\"og:type\" content=\"article\" \/>\n<meta property=\"og:title\" content=\"S\u00e3o Silvestre re\u00fane atletas amadores e profissionais - Portal Tela Portugal\" \/>\n<meta property=\"og:description\" content=\"A edi\u00e7\u00e3o de 2025 da S\u00e3o Silvestre El Corte Ingl\u00e9s contou com 10 mil inscri\u00e7\u00f5es. A YoPro esteve presente, apoiando atletas desde amadores at\u00e9 profissionais. No in\u00edcio da prova, promotores da YoPro distribu\u00edram cartazes motivacionais, com alguns j\u00e1 impressos e outros em branco para serem preenchidos por familiares e amigos. Entre as mensagens, destacaram-se frases como \u201cCada passo \u00e9 um passo mais perto do sof\u00e1\u201d, \u201cFor\u00e7a, tu consegues\u201d e \u201cSe fosse f\u00e1cil, eu tamb\u00e9m estava a correr!\u201d. O objetivo foi incentivar os participantes e animar as fileiras de apoiantes.\" \/>\n<meta property=\"og:url\" content=\"https:\/\/portaltela.pt\/noticias\/2025\/12\/15\/sao-silvestre-reune-atletas-amadores-e-profissionais\/\" \/>\n<meta property=\"og:site_name\" content=\"Portal Tela Portugal\" \/>\n<meta property=\"article:published_time\" content=\"2025-12-15T13:02:00+00:00\" \/>\n<meta name=\"author\" content=\"Telinha\" \/>\n<meta name=\"twitter:card\" content=\"summary_large_image\" \/>\n<meta name=\"twitter:label1\" content=\"Escrito por\" \/>\n\t<meta name=\"twitter:data1\" content=\"Telinha\" \/>\n\t<meta name=\"twitter:label2\" content=\"Tempo estimado de leitura\" \/>\n\t<meta name=\"twitter:data2\" content=\"1 minuto\" \/>\n<script type=\"application\/ld+json\" class=\"yoast-schema-graph\">{\"@context\":\"https:\/\/schema.org\",\"@graph\":[{\"@type\":\"Article\",\"@id\":\"https:\/\/portaltela.pt\/noticias\/2025\/12\/15\/sao-silvestre-reune-atletas-amadores-e-profissionais\/#article\",\"isPartOf\":{\"@id\":\"https:\/\/portaltela.pt\/noticias\/2025\/12\/15\/sao-silvestre-reune-atletas-amadores-e-profissionais\/\"},\"author\":{\"name\":\"Telinha\",\"@id\":\"https:\/\/portaltela.pt\/#\/schema\/person\/c4278d4a6028830caff9ee44b42d32ed\"},\"headline\":\"S\u00e3o Silvestre re\u00fane atletas amadores e profissionais\",\"datePublished\":\"2025-12-15T13:02:00+00:00\",\"mainEntityOfPage\":{\"@id\":\"https:\/\/portaltela.pt\/noticias\/2025\/12\/15\/sao-silvestre-reune-atletas-amadores-e-profissionais\/\"},\"wordCount\":171,\"image\":{\"@id\":\"https:\/\/portaltela.pt\/noticias\/2025\/12\/15\/sao-silvestre-reune-atletas-amadores-e-profissionais\/#primaryimage\"},\"thumbnailUrl\":\"https:\/\/portaltela.pt\/s.01k8rhncp4jt1\/2025\/12\/img_920x519uu2025-12-15-19-06-00-2409310.jpg\",\"keywords\":[\"atletas\",\"comunidades\",\"desporto\",\"desportos\",\"Evento Desportivo do Ano\",\"organiza\u00e7\u00e3o desportiva\"],\"articleSection\":[\"Desporto\"],\"inLanguage\":\"pt-PT\"},{\"@type\":\"WebPage\",\"@id\":\"https:\/\/portaltela.pt\/noticias\/2025\/12\/15\/sao-silvestre-reune-atletas-amadores-e-profissionais\/\",\"url\":\"https:\/\/portaltela.pt\/noticias\/2025\/12\/15\/sao-silvestre-reune-atletas-amadores-e-profissionais\/\",\"name\":\"S\u00e3o Silvestre re\u00fane atletas amadores e profissionais - Portal Tela Portugal\",\"isPartOf\":{\"@id\":\"https:\/\/portaltela.pt\/#website\"},\"primaryImageOfPage\":{\"@id\":\"https:\/\/portaltela.pt\/noticias\/2025\/12\/15\/sao-silvestre-reune-atletas-amadores-e-profissionais\/#primaryimage\"},\"image\":{\"@id\":\"https:\/\/portaltela.pt\/noticias\/2025\/12\/15\/sao-silvestre-reune-atletas-amadores-e-profissionais\/#primaryimage\"},\"thumbnailUrl\":\"https:\/\/portaltela.pt\/s.01k8rhncp4jt1\/2025\/12\/img_920x519uu2025-12-15-19-06-00-2409310.jpg\",\"datePublished\":\"2025-12-15T13:02:00+00:00\",\"author\":{\"@id\":\"https:\/\/portaltela.pt\/#\/schema\/person\/c4278d4a6028830caff9ee44b42d32ed\"},\"breadcrumb\":{\"@id\":\"https:\/\/portaltela.pt\/noticias\/2025\/12\/15\/sao-silvestre-reune-atletas-amadores-e-profissionais\/#breadcrumb\"},\"inLanguage\":\"pt-PT\",\"potentialAction\":[{\"@type\":\"ReadAction\",\"target\":[\"https:\/\/portaltela.pt\/noticias\/2025\/12\/15\/sao-silvestre-reune-atletas-amadores-e-profissionais\/\"]}]},{\"@type\":\"ImageObject\",\"inLanguage\":\"pt-PT\",\"@id\":\"https:\/\/portaltela.pt\/noticias\/2025\/12\/15\/sao-silvestre-reune-atletas-amadores-e-profissionais\/#primaryimage\",\"url\":\"https:\/\/portaltela.pt\/s.01k8rhncp4jt1\/2025\/12\/img_920x519uu2025-12-15-19-06-00-2409310.jpg\",\"contentUrl\":\"https:\/\/portaltela.pt\/s.01k8rhncp4jt1\/2025\/12\/img_920x519uu2025-12-15-19-06-00-2409310.jpg\",\"width\":796,\"height\":448,\"caption\":\"Corrida S\u00e3o Silvestre re\u00fane atletas amadores e \\\"pro\\\"\"},{\"@type\":\"BreadcrumbList\",\"@id\":\"https:\/\/portaltela.pt\/noticias\/2025\/12\/15\/sao-silvestre-reune-atletas-amadores-e-profissionais\/#breadcrumb\",\"itemListElement\":[{\"@type\":\"ListItem\",\"position\":1,\"name\":\"In\u00edcio\",\"item\":\"https:\/\/portaltela.pt\/\"},{\"@type\":\"ListItem\",\"position\":2,\"name\":\"S\u00e3o Silvestre re\u00fane atletas amadores e profissionais\"}]},{\"@type\":\"WebSite\",\"@id\":\"https:\/\/portaltela.pt\/#website\",\"url\":\"https:\/\/portaltela.pt\/\",\"name\":\"Portal Tela Portugal\",\"description\":\"\",\"potentialAction\":[{\"@type\":\"SearchAction\",\"target\":{\"@type\":\"EntryPoint\",\"urlTemplate\":\"https:\/\/portaltela.pt\/?s={search_term_string}\"},\"query-input\":{\"@type\":\"PropertyValueSpecification\",\"valueRequired\":true,\"valueName\":\"search_term_string\"}}],\"inLanguage\":\"pt-PT\"},{\"@type\":\"Person\",\"@id\":\"https:\/\/portaltela.pt\/#\/schema\/person\/c4278d4a6028830caff9ee44b42d32ed\",\"name\":\"Telinha\",\"image\":{\"@type\":\"ImageObject\",\"inLanguage\":\"pt-PT\",\"@id\":\"https:\/\/portaltela.pt\/s.01k8rhncp4jt1\/2025\/11\/talking-bot-125x125.png\",\"url\":\"https:\/\/portaltela.pt\/s.01k8rhncp4jt1\/2025\/11\/talking-bot-125x125.png\",\"contentUrl\":\"https:\/\/portaltela.pt\/s.01k8rhncp4jt1\/2025\/11\/talking-bot-125x125.png\",\"caption\":\"Telinha\"},\"sameAs\":[\"https:\/\/portaltela.pt\/\"],\"url\":\"https:\/\/portaltela.pt\/por\/367410592786\/\"}]}<\/script>\n<!-- \/ Yoast SEO plugin. -->","yoast_head_json":{"title":"S\u00e3o Silvestre re\u00fane atletas amadores e profissionais - Portal Tela Portugal","robots":{"index":"index","follow":"follow","max-snippet":"max-snippet:-1","max-image-preview":"max-image-preview:large","max-video-preview":"max-video-preview:-1"},"og_locale":"pt_PT","og_type":"article","og_title":"S\u00e3o Silvestre re\u00fane atletas amadores e profissionais - Portal Tela Portugal","og_description":"A edi\u00e7\u00e3o de 2025 da S\u00e3o Silvestre El Corte Ingl\u00e9s contou com 10 mil inscri\u00e7\u00f5es. A YoPro esteve presente, apoiando atletas desde amadores at\u00e9 profissionais. No in\u00edcio da prova, promotores da YoPro distribu\u00edram cartazes motivacionais, com alguns j\u00e1 impressos e outros em branco para serem preenchidos por familiares e amigos. Entre as mensagens, destacaram-se frases como \u201cCada passo \u00e9 um passo mais perto do sof\u00e1\u201d, \u201cFor\u00e7a, tu consegues\u201d e \u201cSe fosse f\u00e1cil, eu tamb\u00e9m estava a correr!\u201d. O objetivo foi incentivar os participantes e animar as fileiras de apoiantes.","og_url":"https:\/\/portaltela.pt\/noticias\/2025\/12\/15\/sao-silvestre-reune-atletas-amadores-e-profissionais\/","og_site_name":"Portal Tela Portugal","article_published_time":"2025-12-15T13:02:00+00:00","author":"Telinha","twitter_card":"summary_large_image","twitter_misc":{"Escrito por":"Telinha","Tempo estimado de leitura":"1 minuto"},"schema":{"@context":"https:\/\/schema.org","@graph":[{"@type":"Article","@id":"https:\/\/portaltela.pt\/noticias\/2025\/12\/15\/sao-silvestre-reune-atletas-amadores-e-profissionais\/#article","isPartOf":{"@id":"https:\/\/portaltela.pt\/noticias\/2025\/12\/15\/sao-silvestre-reune-atletas-amadores-e-profissionais\/"},"author":{"name":"Telinha","@id":"https:\/\/portaltela.pt\/#\/schema\/person\/c4278d4a6028830caff9ee44b42d32ed"},"headline":"S\u00e3o Silvestre re\u00fane atletas amadores e profissionais","datePublished":"2025-12-15T13:02:00+00:00","mainEntityOfPage":{"@id":"https:\/\/portaltela.pt\/noticias\/2025\/12\/15\/sao-silvestre-reune-atletas-amadores-e-profissionais\/"},"wordCount":171,"image":{"@id":"https:\/\/portaltela.pt\/noticias\/2025\/12\/15\/sao-silvestre-reune-atletas-amadores-e-profissionais\/#primaryimage"},"thumbnailUrl":"https:\/\/portaltela.pt\/s.01k8rhncp4jt1\/2025\/12\/img_920x519uu2025-12-15-19-06-00-2409310.jpg","keywords":["atletas","comunidades","desporto","desportos","Evento Desportivo do Ano","organiza\u00e7\u00e3o desportiva"],"articleSection":["Desporto"],"inLanguage":"pt-PT"},{"@type":"WebPage","@id":"https:\/\/portaltela.pt\/noticias\/2025\/12\/15\/sao-silvestre-reune-atletas-amadores-e-profissionais\/","url":"https:\/\/portaltela.pt\/noticias\/2025\/12\/15\/sao-silvestre-reune-atletas-amadores-e-profissionais\/","name":"S\u00e3o Silvestre re\u00fane atletas amadores e profissionais - Portal Tela Portugal","isPartOf":{"@id":"https:\/\/portaltela.pt\/#website"},"primaryImageOfPage":{"@id":"https:\/\/portaltela.pt\/noticias\/2025\/12\/15\/sao-silvestre-reune-atletas-amadores-e-profissionais\/#primaryimage"},"image":{"@id":"https:\/\/portaltela.pt\/noticias\/2025\/12\/15\/sao-silvestre-reune-atletas-amadores-e-profissionais\/#primaryimage"},"thumbnailUrl":"https:\/\/portaltela.pt\/s.01k8rhncp4jt1\/2025\/12\/img_920x519uu2025-12-15-19-06-00-2409310.jpg","datePublished":"2025-12-15T13:02:00+00:00","author":{"@id":"https:\/\/portaltela.pt\/#\/schema\/person\/c4278d4a6028830caff9ee44b42d32ed"},"breadcrumb":{"@id":"https:\/\/portaltela.pt\/noticias\/2025\/12\/15\/sao-silvestre-reune-atletas-amadores-e-profissionais\/#breadcrumb"},"inLanguage":"pt-PT","potentialAction":[{"@type":"ReadAction","target":["https:\/\/portaltela.pt\/noticias\/2025\/12\/15\/sao-silvestre-reune-atletas-amadores-e-profissionais\/"]}]},{"@type":"ImageObject","inLanguage":"pt-PT","@id":"https:\/\/portaltela.pt\/noticias\/2025\/12\/15\/sao-silvestre-reune-atletas-amadores-e-profissionais\/#primaryimage","url":"https:\/\/portaltela.pt\/s.01k8rhncp4jt1\/2025\/12\/img_920x519uu2025-12-15-19-06-00-2409310.jpg","contentUrl":"https:\/\/portaltela.pt\/s.01k8rhncp4jt1\/2025\/12\/img_920x519uu2025-12-15-19-06-00-2409310.jpg","width":796,"height":448,"caption":"Corrida S\u00e3o Silvestre re\u00fane atletas amadores e \"pro\""},{"@type":"BreadcrumbList","@id":"https:\/\/portaltela.pt\/noticias\/2025\/12\/15\/sao-silvestre-reune-atletas-amadores-e-profissionais\/#breadcrumb","itemListElement":[{"@type":"ListItem","position":1,"name":"In\u00edcio","item":"https:\/\/portaltela.pt\/"},{"@type":"ListItem","position":2,"name":"S\u00e3o Silvestre re\u00fane atletas amadores e profissionais"}]},{"@type":"WebSite","@id":"https:\/\/portaltela.pt\/#website","url":"https:\/\/portaltela.pt\/","name":"Portal Tela Portugal","description":"","potentialAction":[{"@type":"SearchAction","target":{"@type":"EntryPoint","urlTemplate":"https:\/\/portaltela.pt\/?s={search_term_string}"},"query-input":{"@type":"PropertyValueSpecification","valueRequired":true,"valueName":"search_term_string"}}],"inLanguage":"pt-PT"},{"@type":"Person","@id":"https:\/\/portaltela.pt\/#\/schema\/person\/c4278d4a6028830caff9ee44b42d32ed","name":"Telinha","image":{"@type":"ImageObject","inLanguage":"pt-PT","@id":"https:\/\/portaltela.pt\/s.01k8rhncp4jt1\/2025\/11\/talking-bot-125x125.png","url":"https:\/\/portaltela.pt\/s.01k8rhncp4jt1\/2025\/11\/talking-bot-125x125.png","contentUrl":"https:\/\/portaltela.pt\/s.01k8rhncp4jt1\/2025\/11\/talking-bot-125x125.png","caption":"Telinha"},"sameAs":["https:\/\/portaltela.pt\/"],"url":"https:\/\/portaltela.pt\/por\/367410592786\/"}]}},"_links":{"self":[{"href":"https:\/\/portaltela.pt\/api\/wp\/v2\/posts\/81502","targetHints":{"allow":["GET"]}}],"collection":[{"href":"https:\/\/portaltela.pt\/api\/wp\/v2\/posts"}],"about":[{"href":"https:\/\/portaltela.pt\/api\/wp\/v2\/types\/post"}],"author":[{"embeddable":true,"href":"https:\/\/portaltela.pt\/api\/wp\/v2\/users\/2"}],"replies":[{"embeddable":true,"href":"https:\/\/portaltela.pt\/api\/wp\/v2\/comments?post=81502"}],"version-history":[{"count":0,"href":"https:\/\/portaltela.pt\/api\/wp\/v2\/posts\/81502\/revisions"}],"wp:featuredmedia":[{"embeddable":true,"href":"https:\/\/portaltela.pt\/api\/wp\/v2\/media\/81507"}],"wp:attachment":[{"href":"https:\/\/portaltela.pt\/api\/wp\/v2\/media?parent=81502"}],"wp:term":[{"taxonomy":"category","embeddable":true,"href":"https:\/\/portaltela.pt\/api\/wp\/v2\/categories?post=81502"},{"taxonomy":"post_tag","embeddable":true,"href":"https:\/\/portaltela.pt\/api\/wp\/v2\/tags?post=81502"}],"curies":[{"name":"wp","href":"https:\/\/api.w.org\/{rel}","templated":true}]}}