{"id":81189,"date":"2025-12-16T21:00:00","date_gmt":"2025-12-17T00:00:00","guid":{"rendered":"https:\/\/portaltela.pt\/noticias\/2025\/12\/16\/sacar-foi-a-palavra-mais-pesquisada-no-dicionario-priberam-em-2025-2\/"},"modified":"2025-12-16T21:00:00","modified_gmt":"2025-12-17T00:00:00","slug":"sacar-foi-a-palavra-mais-pesquisada-no-dicionario-priberam-em-2025-2","status":"publish","type":"post","link":"https:\/\/portaltela.pt\/noticias\/politica\/2025\/12\/16\/sacar-foi-a-palavra-mais-pesquisada-no-dicionario-priberam-em-2025-2\/","title":{"rendered":"Sacar foi a palavra mais pesquisada no dicion\u00e1rio Priberam em 2025"},"content":{"rendered":"<p>Em 2025, o Priberam e a Ag\u00eancia Lusa anunciaram as 24 palavras que definem o ano. A lista surge a partir de uma parceria institucional e da sele\u00e7\u00e3o mensal j\u00e1 conhecida pelo p\u00fablico. Este ano, refletiu acontecimentos nacionais e internacionais.<\/p>\n<p>A iniciativa junta duas entidades, com a divulga\u00e7\u00e3o em conjunto de um conjunto de palavras que espelham temas relevantes. As 24 palavras s\u00e3o apresentadas de forma cronol\u00f3gica, de janeiro a dezembro, no portal oanoempalavras.pt.<\/p>\n<h3>Palavras que definem o ano<\/h3>\n<p>Entre os acontecimentos que influenciaram as pesquisas, destacam-se a crise pol\u00edtica em Portugal, com uma mo\u00e7\u00e3o que levou \u00e0 demiss\u00e3o do governo e a elei\u00e7\u00f5es legislativas, e o contexto internacional marcado pelo cessar-fogo em Gaza. Uma flotilha de apoio humanit\u00e1rio tamb\u00e9m ganhou relev\u00e2ncia medi\u00e1tica.<\/p>\n<p>O conte\u00fado base apresentado pelo Priberam refere que a palavra sacar dominou as consultas, ainda que n\u00e3o tenha rela\u00e7\u00e3o direta com um evento espec\u00edfico. Al\u00e9m disso, termos como desnutri\u00e7\u00e3o e flotilha apareceram entre as palavras mais pesquisadas, acompanhando a atualidade global.<\/p>\n<p>As 24 palavras, distribu\u00eddas ao longo dos meses, refletem a multiplicidade de temas. Janeiro abriu com Scut e Pante\u00e3o, e Dezembro encerrou com h\u00e9rnia e revelia, segundo a sele\u00e7\u00e3o feita pela parceria com a Lusa.<\/p>\n<p>O conjunto inclui ainda termos como tarifas, apag\u00e3o, cessar-fogo, pasajeros e moderado, usados para descrever epis\u00f3dios nacionais e internacionais. A lista completa est\u00e1 dispon\u00edvel para consulta, com liga\u00e7\u00f5es aos significados no Dicion\u00e1rio Priberam e \u00e0s not\u00edcias da Lusa.<\/p>\n","protected":false},"excerpt":{"rendered":"<ul>\n<li>Sacar foi a palavra mais pesquisada no dicion\u00e1rio online Priberam em 2025, refletindo a atualidade, mas sem rela\u00e7\u00e3o direta com um \u00fanico acontecimento.<\/li>\n<li>Em parceria com a Ag\u00eancia Lusa, foram escolhidas 24 palavras que definem o ano, com duas palavras por m\u00eas, dispon\u00edveis em oanoempalavras.pt.<\/li>\n<li>A crise pol\u00edtica em Portugal, com uma mo\u00e7\u00e3o que levou \u00e0 demiss\u00e3o do governo e a elei\u00e7\u00f5es legislativas, foi um dos fatores que moldaram as pesquisas.<\/li>\n<li>O cessar-fogo em Gaza e a flotilha de apoio humanit\u00e1rio tamb\u00e9m estiveram entre os temas que influenciaram as palavras definidoras do ano.<\/li>\n<li>Entre as palavras em destaque estavam indost\u00e2nicos, remiss\u00e3o, desnutri\u00e7\u00e3o e outros termos que refletem a atualidade nacional e internacional.<\/li>\n<\/ul>\n","protected":false},"author":2,"featured_media":81192,"comment_status":"closed","ping_status":"closed","sticky":false,"template":"","format":"standard","meta":{"footnotes":""},"categories":[1,5],"tags":[1550,68,740,34,81,1549],"class_list":["post-81189","post","type-post","status-publish","format-standard","has-post-thumbnail","hentry","category-noticias","category-politica","tag-apagao","tag-eleicoes","tag-flotilha","tag-governo","tag-internacionais","tag-tarifas"],"yoast_head":"<!-- This site is optimized with the Yoast SEO plugin v27.2 - https:\/\/yoast.com\/product\/yoast-seo-wordpress\/ -->\n<title>Sacar foi a palavra mais pesquisada no dicion\u00e1rio Priberam em 2025 - Portal Tela Portugal<\/title>\n<meta name=\"robots\" content=\"index, follow, max-snippet:-1, max-image-preview:large, max-video-preview:-1\" \/>\n<meta property=\"og:locale\" content=\"pt_PT\" \/>\n<meta property=\"og:type\" content=\"article\" \/>\n<meta property=\"og:title\" content=\"Sacar foi a palavra mais pesquisada no dicion\u00e1rio Priberam em 2025 - Portal Tela Portugal\" \/>\n<meta property=\"og:description\" content=\"Sacar foi a palavra mais pesquisada no dicion\u00e1rio online Priberam em 2025, refletindo a atualidade, mas sem rela\u00e7\u00e3o direta com um \u00fanico acontecimento. Em parceria com a Ag\u00eancia Lusa, foram escolhidas 24 palavras que definem o ano, com duas palavras por m\u00eas, dispon\u00edveis em oanoempalavras.pt. A crise pol\u00edtica em Portugal, com uma mo\u00e7\u00e3o que levou \u00e0 demiss\u00e3o do governo e a elei\u00e7\u00f5es legislativas, foi um dos fatores que moldaram as pesquisas. O cessar-fogo em Gaza e a flotilha de apoio humanit\u00e1rio tamb\u00e9m estiveram entre os temas que influenciaram as palavras definidoras do ano. Entre as palavras em destaque estavam indost\u00e2nicos, remiss\u00e3o, desnutri\u00e7\u00e3o e outros termos que refletem a atualidade nacional e internacional.\" \/>\n<meta property=\"og:url\" content=\"https:\/\/portaltela.pt\/noticias\/2025\/12\/16\/sacar-foi-a-palavra-mais-pesquisada-no-dicionario-priberam-em-2025-2\/\" \/>\n<meta property=\"og:site_name\" content=\"Portal Tela Portugal\" \/>\n<meta property=\"article:published_time\" content=\"2025-12-17T00:00:00+00:00\" \/>\n<meta name=\"author\" content=\"Telinha\" \/>\n<meta name=\"twitter:card\" content=\"summary_large_image\" \/>\n<meta name=\"twitter:label1\" content=\"Escrito por\" \/>\n\t<meta name=\"twitter:data1\" content=\"Telinha\" \/>\n\t<meta name=\"twitter:label2\" content=\"Tempo estimado de leitura\" \/>\n\t<meta name=\"twitter:data2\" content=\"1 minuto\" \/>\n<script type=\"application\/ld+json\" class=\"yoast-schema-graph\">{\"@context\":\"https:\/\/schema.org\",\"@graph\":[{\"@type\":\"Article\",\"@id\":\"https:\/\/portaltela.pt\/noticias\/2025\/12\/16\/sacar-foi-a-palavra-mais-pesquisada-no-dicionario-priberam-em-2025-2\/#article\",\"isPartOf\":{\"@id\":\"https:\/\/portaltela.pt\/noticias\/2025\/12\/16\/sacar-foi-a-palavra-mais-pesquisada-no-dicionario-priberam-em-2025-2\/\"},\"author\":{\"name\":\"Telinha\",\"@id\":\"https:\/\/portaltela.pt\/#\/schema\/person\/c4278d4a6028830caff9ee44b42d32ed\"},\"headline\":\"Sacar foi a palavra mais pesquisada no dicion\u00e1rio Priberam em 2025\",\"datePublished\":\"2025-12-17T00:00:00+00:00\",\"mainEntityOfPage\":{\"@id\":\"https:\/\/portaltela.pt\/noticias\/2025\/12\/16\/sacar-foi-a-palavra-mais-pesquisada-no-dicionario-priberam-em-2025-2\/\"},\"wordCount\":274,\"image\":{\"@id\":\"https:\/\/portaltela.pt\/noticias\/2025\/12\/16\/sacar-foi-a-palavra-mais-pesquisada-no-dicionario-priberam-em-2025-2\/#primaryimage\"},\"thumbnailUrl\":\"https:\/\/portaltela.pt\/s.01k8rhncp4jt1\/2025\/12\/mw-1200-232.jpg\",\"keywords\":[\"apag\u00e3o\",\"elei\u00e7\u00f5es\",\"flotilha\",\"governo\",\"internacionais\",\"tarifas\"],\"articleSection\":[\"Not\u00edcias\",\"Pol\u00edtica\"],\"inLanguage\":\"pt-PT\"},{\"@type\":\"WebPage\",\"@id\":\"https:\/\/portaltela.pt\/noticias\/2025\/12\/16\/sacar-foi-a-palavra-mais-pesquisada-no-dicionario-priberam-em-2025-2\/\",\"url\":\"https:\/\/portaltela.pt\/noticias\/2025\/12\/16\/sacar-foi-a-palavra-mais-pesquisada-no-dicionario-priberam-em-2025-2\/\",\"name\":\"Sacar foi a palavra mais pesquisada no dicion\u00e1rio Priberam em 2025 - Portal Tela Portugal\",\"isPartOf\":{\"@id\":\"https:\/\/portaltela.pt\/#website\"},\"primaryImageOfPage\":{\"@id\":\"https:\/\/portaltela.pt\/noticias\/2025\/12\/16\/sacar-foi-a-palavra-mais-pesquisada-no-dicionario-priberam-em-2025-2\/#primaryimage\"},\"image\":{\"@id\":\"https:\/\/portaltela.pt\/noticias\/2025\/12\/16\/sacar-foi-a-palavra-mais-pesquisada-no-dicionario-priberam-em-2025-2\/#primaryimage\"},\"thumbnailUrl\":\"https:\/\/portaltela.pt\/s.01k8rhncp4jt1\/2025\/12\/mw-1200-232.jpg\",\"datePublished\":\"2025-12-17T00:00:00+00:00\",\"author\":{\"@id\":\"https:\/\/portaltela.pt\/#\/schema\/person\/c4278d4a6028830caff9ee44b42d32ed\"},\"breadcrumb\":{\"@id\":\"https:\/\/portaltela.pt\/noticias\/2025\/12\/16\/sacar-foi-a-palavra-mais-pesquisada-no-dicionario-priberam-em-2025-2\/#breadcrumb\"},\"inLanguage\":\"pt-PT\",\"potentialAction\":[{\"@type\":\"ReadAction\",\"target\":[\"https:\/\/portaltela.pt\/noticias\/2025\/12\/16\/sacar-foi-a-palavra-mais-pesquisada-no-dicionario-priberam-em-2025-2\/\"]}]},{\"@type\":\"ImageObject\",\"inLanguage\":\"pt-PT\",\"@id\":\"https:\/\/portaltela.pt\/noticias\/2025\/12\/16\/sacar-foi-a-palavra-mais-pesquisada-no-dicionario-priberam-em-2025-2\/#primaryimage\",\"url\":\"https:\/\/portaltela.pt\/s.01k8rhncp4jt1\/2025\/12\/mw-1200-232.jpg\",\"contentUrl\":\"https:\/\/portaltela.pt\/s.01k8rhncp4jt1\/2025\/12\/mw-1200-232.jpg\",\"width\":796,\"height\":448,\"caption\":\"Photo\"},{\"@type\":\"BreadcrumbList\",\"@id\":\"https:\/\/portaltela.pt\/noticias\/2025\/12\/16\/sacar-foi-a-palavra-mais-pesquisada-no-dicionario-priberam-em-2025-2\/#breadcrumb\",\"itemListElement\":[{\"@type\":\"ListItem\",\"position\":1,\"name\":\"In\u00edcio\",\"item\":\"https:\/\/portaltela.pt\/\"},{\"@type\":\"ListItem\",\"position\":2,\"name\":\"Sacar foi a palavra mais pesquisada no dicion\u00e1rio Priberam em 2025\"}]},{\"@type\":\"WebSite\",\"@id\":\"https:\/\/portaltela.pt\/#website\",\"url\":\"https:\/\/portaltela.pt\/\",\"name\":\"Portal Tela Portugal\",\"description\":\"\",\"potentialAction\":[{\"@type\":\"SearchAction\",\"target\":{\"@type\":\"EntryPoint\",\"urlTemplate\":\"https:\/\/portaltela.pt\/?s={search_term_string}\"},\"query-input\":{\"@type\":\"PropertyValueSpecification\",\"valueRequired\":true,\"valueName\":\"search_term_string\"}}],\"inLanguage\":\"pt-PT\"},{\"@type\":\"Person\",\"@id\":\"https:\/\/portaltela.pt\/#\/schema\/person\/c4278d4a6028830caff9ee44b42d32ed\",\"name\":\"Telinha\",\"image\":{\"@type\":\"ImageObject\",\"inLanguage\":\"pt-PT\",\"@id\":\"https:\/\/portaltela.pt\/s.01k8rhncp4jt1\/2025\/11\/talking-bot-125x125.png\",\"url\":\"https:\/\/portaltela.pt\/s.01k8rhncp4jt1\/2025\/11\/talking-bot-125x125.png\",\"contentUrl\":\"https:\/\/portaltela.pt\/s.01k8rhncp4jt1\/2025\/11\/talking-bot-125x125.png\",\"caption\":\"Telinha\"},\"sameAs\":[\"https:\/\/portaltela.pt\/\"],\"url\":\"https:\/\/portaltela.pt\/por\/367410592786\/\"}]}<\/script>\n<!-- \/ Yoast SEO plugin. -->","yoast_head_json":{"title":"Sacar foi a palavra mais pesquisada no dicion\u00e1rio Priberam em 2025 - Portal Tela Portugal","robots":{"index":"index","follow":"follow","max-snippet":"max-snippet:-1","max-image-preview":"max-image-preview:large","max-video-preview":"max-video-preview:-1"},"og_locale":"pt_PT","og_type":"article","og_title":"Sacar foi a palavra mais pesquisada no dicion\u00e1rio Priberam em 2025 - Portal Tela Portugal","og_description":"Sacar foi a palavra mais pesquisada no dicion\u00e1rio online Priberam em 2025, refletindo a atualidade, mas sem rela\u00e7\u00e3o direta com um \u00fanico acontecimento. Em parceria com a Ag\u00eancia Lusa, foram escolhidas 24 palavras que definem o ano, com duas palavras por m\u00eas, dispon\u00edveis em oanoempalavras.pt. A crise pol\u00edtica em Portugal, com uma mo\u00e7\u00e3o que levou \u00e0 demiss\u00e3o do governo e a elei\u00e7\u00f5es legislativas, foi um dos fatores que moldaram as pesquisas. O cessar-fogo em Gaza e a flotilha de apoio humanit\u00e1rio tamb\u00e9m estiveram entre os temas que influenciaram as palavras definidoras do ano. Entre as palavras em destaque estavam indost\u00e2nicos, remiss\u00e3o, desnutri\u00e7\u00e3o e outros termos que refletem a atualidade nacional e internacional.","og_url":"https:\/\/portaltela.pt\/noticias\/2025\/12\/16\/sacar-foi-a-palavra-mais-pesquisada-no-dicionario-priberam-em-2025-2\/","og_site_name":"Portal Tela Portugal","article_published_time":"2025-12-17T00:00:00+00:00","author":"Telinha","twitter_card":"summary_large_image","twitter_misc":{"Escrito por":"Telinha","Tempo estimado de leitura":"1 minuto"},"schema":{"@context":"https:\/\/schema.org","@graph":[{"@type":"Article","@id":"https:\/\/portaltela.pt\/noticias\/2025\/12\/16\/sacar-foi-a-palavra-mais-pesquisada-no-dicionario-priberam-em-2025-2\/#article","isPartOf":{"@id":"https:\/\/portaltela.pt\/noticias\/2025\/12\/16\/sacar-foi-a-palavra-mais-pesquisada-no-dicionario-priberam-em-2025-2\/"},"author":{"name":"Telinha","@id":"https:\/\/portaltela.pt\/#\/schema\/person\/c4278d4a6028830caff9ee44b42d32ed"},"headline":"Sacar foi a palavra mais pesquisada no dicion\u00e1rio Priberam em 2025","datePublished":"2025-12-17T00:00:00+00:00","mainEntityOfPage":{"@id":"https:\/\/portaltela.pt\/noticias\/2025\/12\/16\/sacar-foi-a-palavra-mais-pesquisada-no-dicionario-priberam-em-2025-2\/"},"wordCount":274,"image":{"@id":"https:\/\/portaltela.pt\/noticias\/2025\/12\/16\/sacar-foi-a-palavra-mais-pesquisada-no-dicionario-priberam-em-2025-2\/#primaryimage"},"thumbnailUrl":"https:\/\/portaltela.pt\/s.01k8rhncp4jt1\/2025\/12\/mw-1200-232.jpg","keywords":["apag\u00e3o","elei\u00e7\u00f5es","flotilha","governo","internacionais","tarifas"],"articleSection":["Not\u00edcias","Pol\u00edtica"],"inLanguage":"pt-PT"},{"@type":"WebPage","@id":"https:\/\/portaltela.pt\/noticias\/2025\/12\/16\/sacar-foi-a-palavra-mais-pesquisada-no-dicionario-priberam-em-2025-2\/","url":"https:\/\/portaltela.pt\/noticias\/2025\/12\/16\/sacar-foi-a-palavra-mais-pesquisada-no-dicionario-priberam-em-2025-2\/","name":"Sacar foi a palavra mais pesquisada no dicion\u00e1rio Priberam em 2025 - Portal Tela Portugal","isPartOf":{"@id":"https:\/\/portaltela.pt\/#website"},"primaryImageOfPage":{"@id":"https:\/\/portaltela.pt\/noticias\/2025\/12\/16\/sacar-foi-a-palavra-mais-pesquisada-no-dicionario-priberam-em-2025-2\/#primaryimage"},"image":{"@id":"https:\/\/portaltela.pt\/noticias\/2025\/12\/16\/sacar-foi-a-palavra-mais-pesquisada-no-dicionario-priberam-em-2025-2\/#primaryimage"},"thumbnailUrl":"https:\/\/portaltela.pt\/s.01k8rhncp4jt1\/2025\/12\/mw-1200-232.jpg","datePublished":"2025-12-17T00:00:00+00:00","author":{"@id":"https:\/\/portaltela.pt\/#\/schema\/person\/c4278d4a6028830caff9ee44b42d32ed"},"breadcrumb":{"@id":"https:\/\/portaltela.pt\/noticias\/2025\/12\/16\/sacar-foi-a-palavra-mais-pesquisada-no-dicionario-priberam-em-2025-2\/#breadcrumb"},"inLanguage":"pt-PT","potentialAction":[{"@type":"ReadAction","target":["https:\/\/portaltela.pt\/noticias\/2025\/12\/16\/sacar-foi-a-palavra-mais-pesquisada-no-dicionario-priberam-em-2025-2\/"]}]},{"@type":"ImageObject","inLanguage":"pt-PT","@id":"https:\/\/portaltela.pt\/noticias\/2025\/12\/16\/sacar-foi-a-palavra-mais-pesquisada-no-dicionario-priberam-em-2025-2\/#primaryimage","url":"https:\/\/portaltela.pt\/s.01k8rhncp4jt1\/2025\/12\/mw-1200-232.jpg","contentUrl":"https:\/\/portaltela.pt\/s.01k8rhncp4jt1\/2025\/12\/mw-1200-232.jpg","width":796,"height":448,"caption":"Photo"},{"@type":"BreadcrumbList","@id":"https:\/\/portaltela.pt\/noticias\/2025\/12\/16\/sacar-foi-a-palavra-mais-pesquisada-no-dicionario-priberam-em-2025-2\/#breadcrumb","itemListElement":[{"@type":"ListItem","position":1,"name":"In\u00edcio","item":"https:\/\/portaltela.pt\/"},{"@type":"ListItem","position":2,"name":"Sacar foi a palavra mais pesquisada no dicion\u00e1rio Priberam em 2025"}]},{"@type":"WebSite","@id":"https:\/\/portaltela.pt\/#website","url":"https:\/\/portaltela.pt\/","name":"Portal Tela Portugal","description":"","potentialAction":[{"@type":"SearchAction","target":{"@type":"EntryPoint","urlTemplate":"https:\/\/portaltela.pt\/?s={search_term_string}"},"query-input":{"@type":"PropertyValueSpecification","valueRequired":true,"valueName":"search_term_string"}}],"inLanguage":"pt-PT"},{"@type":"Person","@id":"https:\/\/portaltela.pt\/#\/schema\/person\/c4278d4a6028830caff9ee44b42d32ed","name":"Telinha","image":{"@type":"ImageObject","inLanguage":"pt-PT","@id":"https:\/\/portaltela.pt\/s.01k8rhncp4jt1\/2025\/11\/talking-bot-125x125.png","url":"https:\/\/portaltela.pt\/s.01k8rhncp4jt1\/2025\/11\/talking-bot-125x125.png","contentUrl":"https:\/\/portaltela.pt\/s.01k8rhncp4jt1\/2025\/11\/talking-bot-125x125.png","caption":"Telinha"},"sameAs":["https:\/\/portaltela.pt\/"],"url":"https:\/\/portaltela.pt\/por\/367410592786\/"}]}},"_links":{"self":[{"href":"https:\/\/portaltela.pt\/api\/wp\/v2\/posts\/81189","targetHints":{"allow":["GET"]}}],"collection":[{"href":"https:\/\/portaltela.pt\/api\/wp\/v2\/posts"}],"about":[{"href":"https:\/\/portaltela.pt\/api\/wp\/v2\/types\/post"}],"author":[{"embeddable":true,"href":"https:\/\/portaltela.pt\/api\/wp\/v2\/users\/2"}],"replies":[{"embeddable":true,"href":"https:\/\/portaltela.pt\/api\/wp\/v2\/comments?post=81189"}],"version-history":[{"count":0,"href":"https:\/\/portaltela.pt\/api\/wp\/v2\/posts\/81189\/revisions"}],"wp:featuredmedia":[{"embeddable":true,"href":"https:\/\/portaltela.pt\/api\/wp\/v2\/media\/81192"}],"wp:attachment":[{"href":"https:\/\/portaltela.pt\/api\/wp\/v2\/media?parent=81189"}],"wp:term":[{"taxonomy":"category","embeddable":true,"href":"https:\/\/portaltela.pt\/api\/wp\/v2\/categories?post=81189"},{"taxonomy":"post_tag","embeddable":true,"href":"https:\/\/portaltela.pt\/api\/wp\/v2\/tags?post=81189"}],"curies":[{"name":"wp","href":"https:\/\/api.w.org\/{rel}","templated":true}]}}