{"id":80586,"date":"2025-12-16T21:08:00","date_gmt":"2025-12-17T00:08:00","guid":{"rendered":"https:\/\/portaltela.pt\/noticias\/2025\/12\/16\/lisboa-confirma-devolucao-total-do-irs-e-do-imi-minimo-em-2026\/"},"modified":"2025-12-16T21:08:00","modified_gmt":"2025-12-17T00:08:00","slug":"lisboa-confirma-devolucao-total-do-irs-e-do-imi-minimo-em-2026","status":"publish","type":"post","link":"https:\/\/portaltela.pt\/noticias\/politica\/2025\/12\/16\/lisboa-confirma-devolucao-total-do-irs-e-do-imi-minimo-em-2026\/","title":{"rendered":"Lisboa confirma devolu\u00e7\u00e3o total do IRS e do IMI m\u00ednimo em 2026"},"content":{"rendered":"<p>A Assembleia Municipal de Lisboa aprovou, nesta ter\u00e7a-feira, as propostas de pol\u00edtica fiscal para 2026. A decis\u00e3o envolve a devolu\u00e7\u00e3o total do IRS aos mun\u00edcipes e uma taxa de IMI de 0,3% para pr\u00e9dios urbanos, com vota\u00e7\u00e3o dividida entre blocos partid\u00e1rios.<\/p>\n<p>Na vota\u00e7\u00e3o sobre o IRS, ficou aprovada uma participa\u00e7\u00e3o de 0%, com a absten\u00e7\u00e3o do PS e votos a favor de PSD, CDS-PP, IL e Chega. Os partidos \u00e0 esquerda, BE, PCP, PAN e Livre, votos contra. O PCP tinha apresentado a proposta de participa\u00e7\u00e3o de 5%.<\/p>\n<p>A proposta de devolu\u00e7\u00e3o total do IRS, estimada em cerca de 90 milh\u00f5es de euros em 2026, foi criticada por PS e pela esquerda, que a consideraram injusta e prejudicial a necessidades da cidade. PSD e seus aliados defenderam a medida como apoio \u00e0s fam\u00edlias.<\/p>\n<h3>Taxa de IMI e instrumentos adicionais<\/h3>\n<p>A taxa de IMI de 0,3% foi aprovada com votos a favor da maioria, exce\u00e7\u00e3o do BE, que votou contra, e PAN que se absteve. Inclui agravamento de 30% para im\u00f3veis degradados ainda n\u00e3o reabilitados, e o IMI familiar com redu\u00e7\u00f5es proporcionais ao n\u00famero de dependentes.<\/p>\n<p>O PCP prop\u00f4s uma majora\u00e7\u00e3o de 25% para im\u00f3veis em zonas de press\u00e3o urban\u00edstica, com impactos diferentes para pessoas singulares e coletivas, mas a ideia foi rejeitada. A decis\u00e3o final fixa o IMI entre 0,3% e 0,45%.<\/p>\n<p>A sess\u00e3o aprovou ainda uma derrama de 1,5% sobre o lucro de empresas com volume de neg\u00f3cio superior a 150 mil euros, com isen\u00e7\u00f5es para as restantes. A taxa municipal de direitos de passagem ficou em 0,25%, ap\u00f3s absten\u00e7\u00e3o do PEV e Chega.<\/p>\n<p>A composi\u00e7\u00e3o da C\u00e2mara Municipal de Lisboa para o mandato 2025-2029 envolve 75 deputados, distribu\u00eddos por 10 grupos municipais, incluindo PS, PSD, IL, Chega, PCP, CDS-PP, Livre, BE, PEV e PAN.<\/p>\n","protected":false},"excerpt":{"rendered":"<ul>\n<li>A Assembleia Municipal de Lisboa aprovou, com a devolu\u00e7\u00e3o total do IRS aos mun\u00edcipes, a participa\u00e7\u00e3o de 0% no IRS para 2026, com votos contra de Livre, BE, PCP, PEV e PAN, absten\u00e7\u00e3o do PS e votos a favor de PSD, CDS-PP, IL e Chega.<\/li>\n<li>A decis\u00e3o de 0% no IRS foi apresentada pela maioria PSD\/CDS-PP\/IL e enfrenta cr\u00edticas do PCP, Livre, PAN e outros, que defendem uma participa\u00e7\u00e3o de 5% ou o uso da receita para investir na cidade.<\/li>\n<li>A proposta de IMI de 0,3% para pr\u00e9dios urbanos, a taxa m\u00ednima permitida por lei, foi viabilizada com votos a favor dos restantes, incluindo PS, e absten\u00e7\u00e3o do PAN; o BE votou contra.<\/li>\n<li>O pacote fiscal inclui ainda agravamentos e benef\u00edcios do IMI, como 30% para pr\u00e9dios degradados com obras, e o chamado IMI familiar, com redu\u00e7\u00f5es por dependentes (at\u00e9 140 euros para tr\u00eas ou mais dependentes).<\/li>\n<li>Foi aprovada tamb\u00e9m uma derrama de 1,5% sobre o lucro tribut\u00e1vel de empresas com volume de neg\u00f3cios superior a 150 mil euros e o percentual de 0,25% da taxa municipal de direitos de passagem.<\/li>\n<\/ul>\n","protected":false},"author":2,"featured_media":80589,"comment_status":"closed","ping_status":"closed","sticky":false,"template":"","format":"standard","meta":{"footnotes":""},"categories":[1,5],"tags":[168,1209,150,1208,981,229],"class_list":["post-80586","post","type-post","status-publish","format-standard","has-post-thumbnail","hentry","category-noticias","category-politica","tag-administracao-publica","tag-derrama","tag-habitacao","tag-imi","tag-lisboa","tag-politica-publica"],"yoast_head":"<!-- This site is optimized with the Yoast SEO plugin v27.2 - https:\/\/yoast.com\/product\/yoast-seo-wordpress\/ -->\n<title>Lisboa confirma devolu\u00e7\u00e3o total do IRS e do IMI m\u00ednimo em 2026 - Portal Tela Portugal<\/title>\n<meta name=\"robots\" content=\"index, follow, max-snippet:-1, max-image-preview:large, max-video-preview:-1\" \/>\n<meta property=\"og:locale\" content=\"pt_PT\" \/>\n<meta property=\"og:type\" content=\"article\" \/>\n<meta property=\"og:title\" content=\"Lisboa confirma devolu\u00e7\u00e3o total do IRS e do IMI m\u00ednimo em 2026 - Portal Tela Portugal\" \/>\n<meta property=\"og:description\" content=\"A Assembleia Municipal de Lisboa aprovou, com a devolu\u00e7\u00e3o total do IRS aos mun\u00edcipes, a participa\u00e7\u00e3o de 0% no IRS para 2026, com votos contra de Livre, BE, PCP, PEV e PAN, absten\u00e7\u00e3o do PS e votos a favor de PSD, CDS-PP, IL e Chega. A decis\u00e3o de 0% no IRS foi apresentada pela maioria PSD\/CDS-PP\/IL e enfrenta cr\u00edticas do PCP, Livre, PAN e outros, que defendem uma participa\u00e7\u00e3o de 5% ou o uso da receita para investir na cidade. A proposta de IMI de 0,3% para pr\u00e9dios urbanos, a taxa m\u00ednima permitida por lei, foi viabilizada com votos a favor dos restantes, incluindo PS, e absten\u00e7\u00e3o do PAN; o BE votou contra. O pacote fiscal inclui ainda agravamentos e benef\u00edcios do IMI, como 30% para pr\u00e9dios degradados com obras, e o chamado IMI familiar, com redu\u00e7\u00f5es por dependentes (at\u00e9 140 euros para tr\u00eas ou mais dependentes). Foi aprovada tamb\u00e9m uma derrama de 1,5% sobre o lucro tribut\u00e1vel de empresas com volume de neg\u00f3cios superior a 150 mil euros e o percentual de 0,25% da taxa municipal de direitos de passagem.\" \/>\n<meta property=\"og:url\" content=\"https:\/\/portaltela.pt\/noticias\/2025\/12\/16\/lisboa-confirma-devolucao-total-do-irs-e-do-imi-minimo-em-2026\/\" \/>\n<meta property=\"og:site_name\" content=\"Portal Tela Portugal\" \/>\n<meta property=\"article:published_time\" content=\"2025-12-17T00:08:00+00:00\" \/>\n<meta name=\"author\" content=\"Telinha\" \/>\n<meta name=\"twitter:card\" content=\"summary_large_image\" \/>\n<meta name=\"twitter:label1\" content=\"Escrito por\" \/>\n\t<meta name=\"twitter:data1\" content=\"Telinha\" \/>\n\t<meta name=\"twitter:label2\" content=\"Tempo estimado de leitura\" \/>\n\t<meta name=\"twitter:data2\" content=\"2 minutos\" \/>\n<script type=\"application\/ld+json\" class=\"yoast-schema-graph\">{\"@context\":\"https:\/\/schema.org\",\"@graph\":[{\"@type\":\"Article\",\"@id\":\"https:\/\/portaltela.pt\/noticias\/2025\/12\/16\/lisboa-confirma-devolucao-total-do-irs-e-do-imi-minimo-em-2026\/#article\",\"isPartOf\":{\"@id\":\"https:\/\/portaltela.pt\/noticias\/2025\/12\/16\/lisboa-confirma-devolucao-total-do-irs-e-do-imi-minimo-em-2026\/\"},\"author\":{\"name\":\"Telinha\",\"@id\":\"https:\/\/portaltela.pt\/#\/schema\/person\/c4278d4a6028830caff9ee44b42d32ed\"},\"headline\":\"Lisboa confirma devolu\u00e7\u00e3o total do IRS e do IMI m\u00ednimo em 2026\",\"datePublished\":\"2025-12-17T00:08:00+00:00\",\"mainEntityOfPage\":{\"@id\":\"https:\/\/portaltela.pt\/noticias\/2025\/12\/16\/lisboa-confirma-devolucao-total-do-irs-e-do-imi-minimo-em-2026\/\"},\"wordCount\":326,\"image\":{\"@id\":\"https:\/\/portaltela.pt\/noticias\/2025\/12\/16\/lisboa-confirma-devolucao-total-do-irs-e-do-imi-minimo-em-2026\/#primaryimage\"},\"thumbnailUrl\":\"https:\/\/portaltela.pt\/s.01k8rhncp4jt1\/2025\/12\/45445292.jpg\",\"keywords\":[\"administra\u00e7\u00e3o p\u00fablica\",\"Derrama\",\"habita\u00e7\u00e3o\",\"IMI\",\"Lisboa\",\"pol\u00edtica p\u00fablica\"],\"articleSection\":[\"Not\u00edcias\",\"Pol\u00edtica\"],\"inLanguage\":\"pt-PT\"},{\"@type\":\"WebPage\",\"@id\":\"https:\/\/portaltela.pt\/noticias\/2025\/12\/16\/lisboa-confirma-devolucao-total-do-irs-e-do-imi-minimo-em-2026\/\",\"url\":\"https:\/\/portaltela.pt\/noticias\/2025\/12\/16\/lisboa-confirma-devolucao-total-do-irs-e-do-imi-minimo-em-2026\/\",\"name\":\"Lisboa confirma devolu\u00e7\u00e3o total do IRS e do IMI m\u00ednimo em 2026 - Portal Tela Portugal\",\"isPartOf\":{\"@id\":\"https:\/\/portaltela.pt\/#website\"},\"primaryImageOfPage\":{\"@id\":\"https:\/\/portaltela.pt\/noticias\/2025\/12\/16\/lisboa-confirma-devolucao-total-do-irs-e-do-imi-minimo-em-2026\/#primaryimage\"},\"image\":{\"@id\":\"https:\/\/portaltela.pt\/noticias\/2025\/12\/16\/lisboa-confirma-devolucao-total-do-irs-e-do-imi-minimo-em-2026\/#primaryimage\"},\"thumbnailUrl\":\"https:\/\/portaltela.pt\/s.01k8rhncp4jt1\/2025\/12\/45445292.jpg\",\"datePublished\":\"2025-12-17T00:08:00+00:00\",\"author\":{\"@id\":\"https:\/\/portaltela.pt\/#\/schema\/person\/c4278d4a6028830caff9ee44b42d32ed\"},\"breadcrumb\":{\"@id\":\"https:\/\/portaltela.pt\/noticias\/2025\/12\/16\/lisboa-confirma-devolucao-total-do-irs-e-do-imi-minimo-em-2026\/#breadcrumb\"},\"inLanguage\":\"pt-PT\",\"potentialAction\":[{\"@type\":\"ReadAction\",\"target\":[\"https:\/\/portaltela.pt\/noticias\/2025\/12\/16\/lisboa-confirma-devolucao-total-do-irs-e-do-imi-minimo-em-2026\/\"]}]},{\"@type\":\"ImageObject\",\"inLanguage\":\"pt-PT\",\"@id\":\"https:\/\/portaltela.pt\/noticias\/2025\/12\/16\/lisboa-confirma-devolucao-total-do-irs-e-do-imi-minimo-em-2026\/#primaryimage\",\"url\":\"https:\/\/portaltela.pt\/s.01k8rhncp4jt1\/2025\/12\/45445292.jpg\",\"contentUrl\":\"https:\/\/portaltela.pt\/s.01k8rhncp4jt1\/2025\/12\/45445292.jpg\",\"width\":796,\"height\":448,\"caption\":\"Observador\"},{\"@type\":\"BreadcrumbList\",\"@id\":\"https:\/\/portaltela.pt\/noticias\/2025\/12\/16\/lisboa-confirma-devolucao-total-do-irs-e-do-imi-minimo-em-2026\/#breadcrumb\",\"itemListElement\":[{\"@type\":\"ListItem\",\"position\":1,\"name\":\"In\u00edcio\",\"item\":\"https:\/\/portaltela.pt\/\"},{\"@type\":\"ListItem\",\"position\":2,\"name\":\"Lisboa confirma devolu\u00e7\u00e3o total do IRS e do IMI m\u00ednimo em 2026\"}]},{\"@type\":\"WebSite\",\"@id\":\"https:\/\/portaltela.pt\/#website\",\"url\":\"https:\/\/portaltela.pt\/\",\"name\":\"Portal Tela Portugal\",\"description\":\"\",\"potentialAction\":[{\"@type\":\"SearchAction\",\"target\":{\"@type\":\"EntryPoint\",\"urlTemplate\":\"https:\/\/portaltela.pt\/?s={search_term_string}\"},\"query-input\":{\"@type\":\"PropertyValueSpecification\",\"valueRequired\":true,\"valueName\":\"search_term_string\"}}],\"inLanguage\":\"pt-PT\"},{\"@type\":\"Person\",\"@id\":\"https:\/\/portaltela.pt\/#\/schema\/person\/c4278d4a6028830caff9ee44b42d32ed\",\"name\":\"Telinha\",\"image\":{\"@type\":\"ImageObject\",\"inLanguage\":\"pt-PT\",\"@id\":\"https:\/\/portaltela.pt\/s.01k8rhncp4jt1\/2025\/11\/talking-bot-125x125.png\",\"url\":\"https:\/\/portaltela.pt\/s.01k8rhncp4jt1\/2025\/11\/talking-bot-125x125.png\",\"contentUrl\":\"https:\/\/portaltela.pt\/s.01k8rhncp4jt1\/2025\/11\/talking-bot-125x125.png\",\"caption\":\"Telinha\"},\"sameAs\":[\"https:\/\/portaltela.pt\/\"],\"url\":\"https:\/\/portaltela.pt\/por\/367410592786\/\"}]}<\/script>\n<!-- \/ Yoast SEO plugin. -->","yoast_head_json":{"title":"Lisboa confirma devolu\u00e7\u00e3o total do IRS e do IMI m\u00ednimo em 2026 - Portal Tela Portugal","robots":{"index":"index","follow":"follow","max-snippet":"max-snippet:-1","max-image-preview":"max-image-preview:large","max-video-preview":"max-video-preview:-1"},"og_locale":"pt_PT","og_type":"article","og_title":"Lisboa confirma devolu\u00e7\u00e3o total do IRS e do IMI m\u00ednimo em 2026 - Portal Tela Portugal","og_description":"A Assembleia Municipal de Lisboa aprovou, com a devolu\u00e7\u00e3o total do IRS aos mun\u00edcipes, a participa\u00e7\u00e3o de 0% no IRS para 2026, com votos contra de Livre, BE, PCP, PEV e PAN, absten\u00e7\u00e3o do PS e votos a favor de PSD, CDS-PP, IL e Chega. A decis\u00e3o de 0% no IRS foi apresentada pela maioria PSD\/CDS-PP\/IL e enfrenta cr\u00edticas do PCP, Livre, PAN e outros, que defendem uma participa\u00e7\u00e3o de 5% ou o uso da receita para investir na cidade. A proposta de IMI de 0,3% para pr\u00e9dios urbanos, a taxa m\u00ednima permitida por lei, foi viabilizada com votos a favor dos restantes, incluindo PS, e absten\u00e7\u00e3o do PAN; o BE votou contra. O pacote fiscal inclui ainda agravamentos e benef\u00edcios do IMI, como 30% para pr\u00e9dios degradados com obras, e o chamado IMI familiar, com redu\u00e7\u00f5es por dependentes (at\u00e9 140 euros para tr\u00eas ou mais dependentes). Foi aprovada tamb\u00e9m uma derrama de 1,5% sobre o lucro tribut\u00e1vel de empresas com volume de neg\u00f3cios superior a 150 mil euros e o percentual de 0,25% da taxa municipal de direitos de passagem.","og_url":"https:\/\/portaltela.pt\/noticias\/2025\/12\/16\/lisboa-confirma-devolucao-total-do-irs-e-do-imi-minimo-em-2026\/","og_site_name":"Portal Tela Portugal","article_published_time":"2025-12-17T00:08:00+00:00","author":"Telinha","twitter_card":"summary_large_image","twitter_misc":{"Escrito por":"Telinha","Tempo estimado de leitura":"2 minutos"},"schema":{"@context":"https:\/\/schema.org","@graph":[{"@type":"Article","@id":"https:\/\/portaltela.pt\/noticias\/2025\/12\/16\/lisboa-confirma-devolucao-total-do-irs-e-do-imi-minimo-em-2026\/#article","isPartOf":{"@id":"https:\/\/portaltela.pt\/noticias\/2025\/12\/16\/lisboa-confirma-devolucao-total-do-irs-e-do-imi-minimo-em-2026\/"},"author":{"name":"Telinha","@id":"https:\/\/portaltela.pt\/#\/schema\/person\/c4278d4a6028830caff9ee44b42d32ed"},"headline":"Lisboa confirma devolu\u00e7\u00e3o total do IRS e do IMI m\u00ednimo em 2026","datePublished":"2025-12-17T00:08:00+00:00","mainEntityOfPage":{"@id":"https:\/\/portaltela.pt\/noticias\/2025\/12\/16\/lisboa-confirma-devolucao-total-do-irs-e-do-imi-minimo-em-2026\/"},"wordCount":326,"image":{"@id":"https:\/\/portaltela.pt\/noticias\/2025\/12\/16\/lisboa-confirma-devolucao-total-do-irs-e-do-imi-minimo-em-2026\/#primaryimage"},"thumbnailUrl":"https:\/\/portaltela.pt\/s.01k8rhncp4jt1\/2025\/12\/45445292.jpg","keywords":["administra\u00e7\u00e3o p\u00fablica","Derrama","habita\u00e7\u00e3o","IMI","Lisboa","pol\u00edtica p\u00fablica"],"articleSection":["Not\u00edcias","Pol\u00edtica"],"inLanguage":"pt-PT"},{"@type":"WebPage","@id":"https:\/\/portaltela.pt\/noticias\/2025\/12\/16\/lisboa-confirma-devolucao-total-do-irs-e-do-imi-minimo-em-2026\/","url":"https:\/\/portaltela.pt\/noticias\/2025\/12\/16\/lisboa-confirma-devolucao-total-do-irs-e-do-imi-minimo-em-2026\/","name":"Lisboa confirma devolu\u00e7\u00e3o total do IRS e do IMI m\u00ednimo em 2026 - Portal Tela Portugal","isPartOf":{"@id":"https:\/\/portaltela.pt\/#website"},"primaryImageOfPage":{"@id":"https:\/\/portaltela.pt\/noticias\/2025\/12\/16\/lisboa-confirma-devolucao-total-do-irs-e-do-imi-minimo-em-2026\/#primaryimage"},"image":{"@id":"https:\/\/portaltela.pt\/noticias\/2025\/12\/16\/lisboa-confirma-devolucao-total-do-irs-e-do-imi-minimo-em-2026\/#primaryimage"},"thumbnailUrl":"https:\/\/portaltela.pt\/s.01k8rhncp4jt1\/2025\/12\/45445292.jpg","datePublished":"2025-12-17T00:08:00+00:00","author":{"@id":"https:\/\/portaltela.pt\/#\/schema\/person\/c4278d4a6028830caff9ee44b42d32ed"},"breadcrumb":{"@id":"https:\/\/portaltela.pt\/noticias\/2025\/12\/16\/lisboa-confirma-devolucao-total-do-irs-e-do-imi-minimo-em-2026\/#breadcrumb"},"inLanguage":"pt-PT","potentialAction":[{"@type":"ReadAction","target":["https:\/\/portaltela.pt\/noticias\/2025\/12\/16\/lisboa-confirma-devolucao-total-do-irs-e-do-imi-minimo-em-2026\/"]}]},{"@type":"ImageObject","inLanguage":"pt-PT","@id":"https:\/\/portaltela.pt\/noticias\/2025\/12\/16\/lisboa-confirma-devolucao-total-do-irs-e-do-imi-minimo-em-2026\/#primaryimage","url":"https:\/\/portaltela.pt\/s.01k8rhncp4jt1\/2025\/12\/45445292.jpg","contentUrl":"https:\/\/portaltela.pt\/s.01k8rhncp4jt1\/2025\/12\/45445292.jpg","width":796,"height":448,"caption":"Observador"},{"@type":"BreadcrumbList","@id":"https:\/\/portaltela.pt\/noticias\/2025\/12\/16\/lisboa-confirma-devolucao-total-do-irs-e-do-imi-minimo-em-2026\/#breadcrumb","itemListElement":[{"@type":"ListItem","position":1,"name":"In\u00edcio","item":"https:\/\/portaltela.pt\/"},{"@type":"ListItem","position":2,"name":"Lisboa confirma devolu\u00e7\u00e3o total do IRS e do IMI m\u00ednimo em 2026"}]},{"@type":"WebSite","@id":"https:\/\/portaltela.pt\/#website","url":"https:\/\/portaltela.pt\/","name":"Portal Tela Portugal","description":"","potentialAction":[{"@type":"SearchAction","target":{"@type":"EntryPoint","urlTemplate":"https:\/\/portaltela.pt\/?s={search_term_string}"},"query-input":{"@type":"PropertyValueSpecification","valueRequired":true,"valueName":"search_term_string"}}],"inLanguage":"pt-PT"},{"@type":"Person","@id":"https:\/\/portaltela.pt\/#\/schema\/person\/c4278d4a6028830caff9ee44b42d32ed","name":"Telinha","image":{"@type":"ImageObject","inLanguage":"pt-PT","@id":"https:\/\/portaltela.pt\/s.01k8rhncp4jt1\/2025\/11\/talking-bot-125x125.png","url":"https:\/\/portaltela.pt\/s.01k8rhncp4jt1\/2025\/11\/talking-bot-125x125.png","contentUrl":"https:\/\/portaltela.pt\/s.01k8rhncp4jt1\/2025\/11\/talking-bot-125x125.png","caption":"Telinha"},"sameAs":["https:\/\/portaltela.pt\/"],"url":"https:\/\/portaltela.pt\/por\/367410592786\/"}]}},"_links":{"self":[{"href":"https:\/\/portaltela.pt\/api\/wp\/v2\/posts\/80586","targetHints":{"allow":["GET"]}}],"collection":[{"href":"https:\/\/portaltela.pt\/api\/wp\/v2\/posts"}],"about":[{"href":"https:\/\/portaltela.pt\/api\/wp\/v2\/types\/post"}],"author":[{"embeddable":true,"href":"https:\/\/portaltela.pt\/api\/wp\/v2\/users\/2"}],"replies":[{"embeddable":true,"href":"https:\/\/portaltela.pt\/api\/wp\/v2\/comments?post=80586"}],"version-history":[{"count":0,"href":"https:\/\/portaltela.pt\/api\/wp\/v2\/posts\/80586\/revisions"}],"wp:featuredmedia":[{"embeddable":true,"href":"https:\/\/portaltela.pt\/api\/wp\/v2\/media\/80589"}],"wp:attachment":[{"href":"https:\/\/portaltela.pt\/api\/wp\/v2\/media?parent=80586"}],"wp:term":[{"taxonomy":"category","embeddable":true,"href":"https:\/\/portaltela.pt\/api\/wp\/v2\/categories?post=80586"},{"taxonomy":"post_tag","embeddable":true,"href":"https:\/\/portaltela.pt\/api\/wp\/v2\/tags?post=80586"}],"curies":[{"name":"wp","href":"https:\/\/api.w.org\/{rel}","templated":true}]}}