{"id":80279,"date":"2025-12-16T17:52:00","date_gmt":"2025-12-16T20:52:00","guid":{"rendered":"https:\/\/portaltela.pt\/noticias\/2025\/12\/16\/urgencias-de-obstetricia-fechadas-mais-dias-que-abertas-na-margem-sul-setubal-lidera-mapa\/"},"modified":"2025-12-16T17:52:00","modified_gmt":"2025-12-16T20:52:00","slug":"urgencias-de-obstetricia-fechadas-mais-dias-que-abertas-na-margem-sul-setubal-lidera-mapa","status":"publish","type":"post","link":"https:\/\/portaltela.pt\/noticias\/2025\/12\/16\/urgencias-de-obstetricia-fechadas-mais-dias-que-abertas-na-margem-sul-setubal-lidera-mapa\/","title":{"rendered":"Urg\u00eancias de obstetr\u00edcia fechadas mais dias que abertas na Margem Sul, Set\u00fabal lidera mapa"},"content":{"rendered":"<p>Urg\u00eancias de obstetr\u00edcia na Margem Sul encerraram mais dias do que abriram entre 1 janeiro 2024 e 30 junho 2025. Dados de um relat\u00f3rio da IGAS, divulgados pela TVI, mostram encerramentos em 3 hospitais da Pen\u00ednsula de Set\u00fabal durante 547 dias analisados.<\/p>\n<p>Ao todo, as s\u00e9ries de fechamentos correspondem ao que pode equivaler a quase um ano de resposta obst\u00e9trica por unidade. A situa\u00e7\u00e3o agravou-se de 2024 para 2025, segundo a reportagem.<\/p>\n<p>Par\u00e1grafo 3: Em Set\u00fabal, o Hospital de S\u00e3o Bernardo fechou 371 dias, 67% do per\u00edodo. Barreiro, no Nossa Senhora do Ros\u00e1rio, teve 324 dias encerrado, 59%. Almada, Garcia de Orta, registou 296 dias, 54%.<\/p>\n<h3>Resultado por hospital<\/h3>\n<ul>\n<li>Set\u00fabal: 371 dias de portas fechadas correspondem a 67% do total analisado.<\/li>\n<li>Barreiro: 324 dias encerrado, 59% do per\u00edodo informado.<\/li>\n<li>Almada: Garcia de Orta com 296 dias fechados, 54%.<\/li>\n<\/ul>\n<h3>Causas apontadas e impacto operacional<\/h3>\n<p>A reportagem aponta escassez e idade avan\u00e7ada dos obstetras como fatores centrais. Em Set\u00fabal, 11 profissionais, apenas 3 com menos de 50 anos, limitam a obrigatoriedade de turnos noturnos. No Barreiro, quatro dos nove t\u00eam mais de 59 anos, operando apenas por voluntariado.<\/p>\n<h3>Rotatividade e dias sem atendimento<\/h3>\n<p>Os tr\u00eas servi\u00e7os funcionam em rotatividade, mas houve dias sem urg\u00eancia aberta em todas as unidades, por n\u00e3o atingirem o n\u00famero m\u00ednimo de profissionais exigidos pela Ordem dos M\u00e9dicos. Em alguns dias, os tr\u00eas hospitais encerraram simultaneamente.<\/p>\n<h3>Resposta do governo e perspetivas futuras<\/h3>\n<p>A ministra da Sa\u00fade anunciou, j\u00e1 em janeiro de 2026, a concentra\u00e7\u00e3o de servi\u00e7os e a cria\u00e7\u00e3o de uma urg\u00eancia regional para a Pen\u00ednsula de Set\u00fabal, alinhada com medidas de centraliza\u00e7\u00e3o para 2026. Em 2025, o tema j\u00e1 motivou reuni\u00f5es de urg\u00eancia entre administra\u00e7\u00f5es hospitalares da regi\u00e3o.<\/p>\n<h3>Contexto institucional<\/h3>\n<p>A cobertura medi\u00e1tica situa o problema como grave, com epis\u00f3dios repetidos de encerramento simult\u00e2neo em 2024-2025. O Executivo indicou que a solu\u00e7\u00e3o passa por reorganizar recursos e criar uma urg\u00eancia regional para responder \u00e0 procura obst\u00e9trica.<\/p>\n","protected":false},"excerpt":{"rendered":"<ul>\n<li>Entre 1 janeiro de 2024 e 30 junho de 2025, as urg\u00eancias de obstetr\u00edcia na Pen\u00ednsula de Set\u00fabal estiveram encerradas em mais de 60% dos dias (547 dias analisados), com Set\u00fabal a 67%, Barreiro a 59% e Almada a 54%.<\/li>\n<li>No total, Set\u00fabal registou 371 dias de portas fechadas, Barreiro 324 dias e Almada 296 dias, n\u00fameros que refletem a gravidade da situa\u00e7\u00e3o na regi\u00e3o.<\/li>\n<li>As causas centrais apontadas s\u00e3o a escassez de profissionais e a idade avan\u00e7ada dos m\u00e9dicos: em Set\u00fabal existem 11 obstetras, apenas tr\u00eas com menos de 50 anos; no Barreiro, quatro dos nove t\u00eam mais de 59 anos.<\/li>\n<li>A rotatividade e o n\u00e3o cumprimento do n\u00famero m\u00ednimo de profissionais exigido pela Ordem dos M\u00e9dicos, levando a dias com nenhuma urg\u00eancia aberta, j\u00e1 levou ao encerramento simult\u00e2neo dos tr\u00eas servi\u00e7os.<\/li>\n<li>O Governo anunciou a cria\u00e7\u00e3o de uma urg\u00eancia regional em 2026, como parte de medidas de centraliza\u00e7\u00e3o para responder ao problema, que j\u00e1 levou a reuni\u00f5es de urg\u00eancia com as administra\u00e7\u00f5es hospitalares da Margem Sul.<\/li>\n<\/ul>\n","protected":false},"author":2,"featured_media":80280,"comment_status":"closed","ping_status":"closed","sticky":false,"template":"","format":"standard","meta":{"footnotes":""},"categories":[1],"tags":[1373,1056,1520,1402,271,994],"class_list":["post-80279","post","type-post","status-publish","format-standard","has-post-thumbnail","hentry","category-noticias","tag-almada","tag-barreiro","tag-garcia-de-orta","tag-obstetricia","tag-saude-publica","tag-setubal"],"yoast_head":"<!-- This site is optimized with the Yoast SEO plugin v27.2 - https:\/\/yoast.com\/product\/yoast-seo-wordpress\/ -->\n<title>Urg\u00eancias de obstetr\u00edcia fechadas mais dias que abertas na Margem Sul, Set\u00fabal lidera mapa - Portal Tela Portugal<\/title>\n<meta name=\"robots\" content=\"index, follow, max-snippet:-1, max-image-preview:large, max-video-preview:-1\" \/>\n<meta property=\"og:locale\" content=\"pt_PT\" \/>\n<meta property=\"og:type\" content=\"article\" \/>\n<meta property=\"og:title\" content=\"Urg\u00eancias de obstetr\u00edcia fechadas mais dias que abertas na Margem Sul, Set\u00fabal lidera mapa - Portal Tela Portugal\" \/>\n<meta property=\"og:description\" content=\"Entre 1 janeiro de 2024 e 30 junho de 2025, as urg\u00eancias de obstetr\u00edcia na Pen\u00ednsula de Set\u00fabal estiveram encerradas em mais de 60% dos dias (547 dias analisados), com Set\u00fabal a 67%, Barreiro a 59% e Almada a 54%. No total, Set\u00fabal registou 371 dias de portas fechadas, Barreiro 324 dias e Almada 296 dias, n\u00fameros que refletem a gravidade da situa\u00e7\u00e3o na regi\u00e3o. As causas centrais apontadas s\u00e3o a escassez de profissionais e a idade avan\u00e7ada dos m\u00e9dicos: em Set\u00fabal existem 11 obstetras, apenas tr\u00eas com menos de 50 anos; no Barreiro, quatro dos nove t\u00eam mais de 59 anos. A rotatividade e o n\u00e3o cumprimento do n\u00famero m\u00ednimo de profissionais exigido pela Ordem dos M\u00e9dicos, levando a dias com nenhuma urg\u00eancia aberta, j\u00e1 levou ao encerramento simult\u00e2neo dos tr\u00eas servi\u00e7os. O Governo anunciou a cria\u00e7\u00e3o de uma urg\u00eancia regional em 2026, como parte de medidas de centraliza\u00e7\u00e3o para responder ao problema, que j\u00e1 levou a reuni\u00f5es de urg\u00eancia com as administra\u00e7\u00f5es hospitalares da Margem Sul.\" \/>\n<meta property=\"og:url\" content=\"https:\/\/portaltela.pt\/noticias\/2025\/12\/16\/urgencias-de-obstetricia-fechadas-mais-dias-que-abertas-na-margem-sul-setubal-lidera-mapa\/\" \/>\n<meta property=\"og:site_name\" content=\"Portal Tela Portugal\" \/>\n<meta property=\"article:published_time\" content=\"2025-12-16T20:52:00+00:00\" \/>\n<meta name=\"author\" content=\"Telinha\" \/>\n<meta name=\"twitter:card\" content=\"summary_large_image\" \/>\n<meta name=\"twitter:label1\" content=\"Escrito por\" \/>\n\t<meta name=\"twitter:data1\" content=\"Telinha\" \/>\n\t<meta name=\"twitter:label2\" content=\"Tempo estimado de leitura\" \/>\n\t<meta name=\"twitter:data2\" content=\"2 minutos\" \/>\n<script type=\"application\/ld+json\" class=\"yoast-schema-graph\">{\"@context\":\"https:\/\/schema.org\",\"@graph\":[{\"@type\":\"Article\",\"@id\":\"https:\/\/portaltela.pt\/noticias\/2025\/12\/16\/urgencias-de-obstetricia-fechadas-mais-dias-que-abertas-na-margem-sul-setubal-lidera-mapa\/#article\",\"isPartOf\":{\"@id\":\"https:\/\/portaltela.pt\/noticias\/2025\/12\/16\/urgencias-de-obstetricia-fechadas-mais-dias-que-abertas-na-margem-sul-setubal-lidera-mapa\/\"},\"author\":{\"name\":\"Telinha\",\"@id\":\"https:\/\/portaltela.pt\/#\/schema\/person\/c4278d4a6028830caff9ee44b42d32ed\"},\"headline\":\"Urg\u00eancias de obstetr\u00edcia fechadas mais dias que abertas na Margem Sul, Set\u00fabal lidera mapa\",\"datePublished\":\"2025-12-16T20:52:00+00:00\",\"mainEntityOfPage\":{\"@id\":\"https:\/\/portaltela.pt\/noticias\/2025\/12\/16\/urgencias-de-obstetricia-fechadas-mais-dias-que-abertas-na-margem-sul-setubal-lidera-mapa\/\"},\"wordCount\":351,\"image\":{\"@id\":\"https:\/\/portaltela.pt\/noticias\/2025\/12\/16\/urgencias-de-obstetricia-fechadas-mais-dias-que-abertas-na-margem-sul-setubal-lidera-mapa\/#primaryimage\"},\"thumbnailUrl\":\"https:\/\/portaltela.pt\/s.01k8rhncp4jt1\/2025\/12\/8b36cb83be0e1ab8f94bfa2e111b332929ef4caa-5.jpg\",\"keywords\":[\"Almada\",\"Barreiro\",\"Garcia de Orta\",\"Obstetr\u00edcia\",\"sa\u00fade p\u00fablica\",\"Set\u00fabal\"],\"articleSection\":[\"Not\u00edcias\"],\"inLanguage\":\"pt-PT\"},{\"@type\":\"WebPage\",\"@id\":\"https:\/\/portaltela.pt\/noticias\/2025\/12\/16\/urgencias-de-obstetricia-fechadas-mais-dias-que-abertas-na-margem-sul-setubal-lidera-mapa\/\",\"url\":\"https:\/\/portaltela.pt\/noticias\/2025\/12\/16\/urgencias-de-obstetricia-fechadas-mais-dias-que-abertas-na-margem-sul-setubal-lidera-mapa\/\",\"name\":\"Urg\u00eancias de obstetr\u00edcia fechadas mais dias que abertas na Margem Sul, Set\u00fabal lidera mapa - Portal Tela Portugal\",\"isPartOf\":{\"@id\":\"https:\/\/portaltela.pt\/#website\"},\"primaryImageOfPage\":{\"@id\":\"https:\/\/portaltela.pt\/noticias\/2025\/12\/16\/urgencias-de-obstetricia-fechadas-mais-dias-que-abertas-na-margem-sul-setubal-lidera-mapa\/#primaryimage\"},\"image\":{\"@id\":\"https:\/\/portaltela.pt\/noticias\/2025\/12\/16\/urgencias-de-obstetricia-fechadas-mais-dias-que-abertas-na-margem-sul-setubal-lidera-mapa\/#primaryimage\"},\"thumbnailUrl\":\"https:\/\/portaltela.pt\/s.01k8rhncp4jt1\/2025\/12\/8b36cb83be0e1ab8f94bfa2e111b332929ef4caa-5.jpg\",\"datePublished\":\"2025-12-16T20:52:00+00:00\",\"author\":{\"@id\":\"https:\/\/portaltela.pt\/#\/schema\/person\/c4278d4a6028830caff9ee44b42d32ed\"},\"breadcrumb\":{\"@id\":\"https:\/\/portaltela.pt\/noticias\/2025\/12\/16\/urgencias-de-obstetricia-fechadas-mais-dias-que-abertas-na-margem-sul-setubal-lidera-mapa\/#breadcrumb\"},\"inLanguage\":\"pt-PT\",\"potentialAction\":[{\"@type\":\"ReadAction\",\"target\":[\"https:\/\/portaltela.pt\/noticias\/2025\/12\/16\/urgencias-de-obstetricia-fechadas-mais-dias-que-abertas-na-margem-sul-setubal-lidera-mapa\/\"]}]},{\"@type\":\"ImageObject\",\"inLanguage\":\"pt-PT\",\"@id\":\"https:\/\/portaltela.pt\/noticias\/2025\/12\/16\/urgencias-de-obstetricia-fechadas-mais-dias-que-abertas-na-margem-sul-setubal-lidera-mapa\/#primaryimage\",\"url\":\"https:\/\/portaltela.pt\/s.01k8rhncp4jt1\/2025\/12\/8b36cb83be0e1ab8f94bfa2e111b332929ef4caa-5.jpg\",\"contentUrl\":\"https:\/\/portaltela.pt\/s.01k8rhncp4jt1\/2025\/12\/8b36cb83be0e1ab8f94bfa2e111b332929ef4caa-5.jpg\",\"width\":796,\"height\":448,\"caption\":\"Di\u00e1rio do Distrito\"},{\"@type\":\"BreadcrumbList\",\"@id\":\"https:\/\/portaltela.pt\/noticias\/2025\/12\/16\/urgencias-de-obstetricia-fechadas-mais-dias-que-abertas-na-margem-sul-setubal-lidera-mapa\/#breadcrumb\",\"itemListElement\":[{\"@type\":\"ListItem\",\"position\":1,\"name\":\"In\u00edcio\",\"item\":\"https:\/\/portaltela.pt\/\"},{\"@type\":\"ListItem\",\"position\":2,\"name\":\"Urg\u00eancias de obstetr\u00edcia fechadas mais dias que abertas na Margem Sul, Set\u00fabal lidera mapa\"}]},{\"@type\":\"WebSite\",\"@id\":\"https:\/\/portaltela.pt\/#website\",\"url\":\"https:\/\/portaltela.pt\/\",\"name\":\"Portal Tela Portugal\",\"description\":\"\",\"potentialAction\":[{\"@type\":\"SearchAction\",\"target\":{\"@type\":\"EntryPoint\",\"urlTemplate\":\"https:\/\/portaltela.pt\/?s={search_term_string}\"},\"query-input\":{\"@type\":\"PropertyValueSpecification\",\"valueRequired\":true,\"valueName\":\"search_term_string\"}}],\"inLanguage\":\"pt-PT\"},{\"@type\":\"Person\",\"@id\":\"https:\/\/portaltela.pt\/#\/schema\/person\/c4278d4a6028830caff9ee44b42d32ed\",\"name\":\"Telinha\",\"image\":{\"@type\":\"ImageObject\",\"inLanguage\":\"pt-PT\",\"@id\":\"https:\/\/portaltela.pt\/s.01k8rhncp4jt1\/2025\/11\/talking-bot-125x125.png\",\"url\":\"https:\/\/portaltela.pt\/s.01k8rhncp4jt1\/2025\/11\/talking-bot-125x125.png\",\"contentUrl\":\"https:\/\/portaltela.pt\/s.01k8rhncp4jt1\/2025\/11\/talking-bot-125x125.png\",\"caption\":\"Telinha\"},\"sameAs\":[\"https:\/\/portaltela.pt\/\"],\"url\":\"https:\/\/portaltela.pt\/por\/367410592786\/\"}]}<\/script>\n<!-- \/ Yoast SEO plugin. -->","yoast_head_json":{"title":"Urg\u00eancias de obstetr\u00edcia fechadas mais dias que abertas na Margem Sul, Set\u00fabal lidera mapa - Portal Tela Portugal","robots":{"index":"index","follow":"follow","max-snippet":"max-snippet:-1","max-image-preview":"max-image-preview:large","max-video-preview":"max-video-preview:-1"},"og_locale":"pt_PT","og_type":"article","og_title":"Urg\u00eancias de obstetr\u00edcia fechadas mais dias que abertas na Margem Sul, Set\u00fabal lidera mapa - Portal Tela Portugal","og_description":"Entre 1 janeiro de 2024 e 30 junho de 2025, as urg\u00eancias de obstetr\u00edcia na Pen\u00ednsula de Set\u00fabal estiveram encerradas em mais de 60% dos dias (547 dias analisados), com Set\u00fabal a 67%, Barreiro a 59% e Almada a 54%. No total, Set\u00fabal registou 371 dias de portas fechadas, Barreiro 324 dias e Almada 296 dias, n\u00fameros que refletem a gravidade da situa\u00e7\u00e3o na regi\u00e3o. As causas centrais apontadas s\u00e3o a escassez de profissionais e a idade avan\u00e7ada dos m\u00e9dicos: em Set\u00fabal existem 11 obstetras, apenas tr\u00eas com menos de 50 anos; no Barreiro, quatro dos nove t\u00eam mais de 59 anos. A rotatividade e o n\u00e3o cumprimento do n\u00famero m\u00ednimo de profissionais exigido pela Ordem dos M\u00e9dicos, levando a dias com nenhuma urg\u00eancia aberta, j\u00e1 levou ao encerramento simult\u00e2neo dos tr\u00eas servi\u00e7os. O Governo anunciou a cria\u00e7\u00e3o de uma urg\u00eancia regional em 2026, como parte de medidas de centraliza\u00e7\u00e3o para responder ao problema, que j\u00e1 levou a reuni\u00f5es de urg\u00eancia com as administra\u00e7\u00f5es hospitalares da Margem Sul.","og_url":"https:\/\/portaltela.pt\/noticias\/2025\/12\/16\/urgencias-de-obstetricia-fechadas-mais-dias-que-abertas-na-margem-sul-setubal-lidera-mapa\/","og_site_name":"Portal Tela Portugal","article_published_time":"2025-12-16T20:52:00+00:00","author":"Telinha","twitter_card":"summary_large_image","twitter_misc":{"Escrito por":"Telinha","Tempo estimado de leitura":"2 minutos"},"schema":{"@context":"https:\/\/schema.org","@graph":[{"@type":"Article","@id":"https:\/\/portaltela.pt\/noticias\/2025\/12\/16\/urgencias-de-obstetricia-fechadas-mais-dias-que-abertas-na-margem-sul-setubal-lidera-mapa\/#article","isPartOf":{"@id":"https:\/\/portaltela.pt\/noticias\/2025\/12\/16\/urgencias-de-obstetricia-fechadas-mais-dias-que-abertas-na-margem-sul-setubal-lidera-mapa\/"},"author":{"name":"Telinha","@id":"https:\/\/portaltela.pt\/#\/schema\/person\/c4278d4a6028830caff9ee44b42d32ed"},"headline":"Urg\u00eancias de obstetr\u00edcia fechadas mais dias que abertas na Margem Sul, Set\u00fabal lidera mapa","datePublished":"2025-12-16T20:52:00+00:00","mainEntityOfPage":{"@id":"https:\/\/portaltela.pt\/noticias\/2025\/12\/16\/urgencias-de-obstetricia-fechadas-mais-dias-que-abertas-na-margem-sul-setubal-lidera-mapa\/"},"wordCount":351,"image":{"@id":"https:\/\/portaltela.pt\/noticias\/2025\/12\/16\/urgencias-de-obstetricia-fechadas-mais-dias-que-abertas-na-margem-sul-setubal-lidera-mapa\/#primaryimage"},"thumbnailUrl":"https:\/\/portaltela.pt\/s.01k8rhncp4jt1\/2025\/12\/8b36cb83be0e1ab8f94bfa2e111b332929ef4caa-5.jpg","keywords":["Almada","Barreiro","Garcia de Orta","Obstetr\u00edcia","sa\u00fade p\u00fablica","Set\u00fabal"],"articleSection":["Not\u00edcias"],"inLanguage":"pt-PT"},{"@type":"WebPage","@id":"https:\/\/portaltela.pt\/noticias\/2025\/12\/16\/urgencias-de-obstetricia-fechadas-mais-dias-que-abertas-na-margem-sul-setubal-lidera-mapa\/","url":"https:\/\/portaltela.pt\/noticias\/2025\/12\/16\/urgencias-de-obstetricia-fechadas-mais-dias-que-abertas-na-margem-sul-setubal-lidera-mapa\/","name":"Urg\u00eancias de obstetr\u00edcia fechadas mais dias que abertas na Margem Sul, Set\u00fabal lidera mapa - Portal Tela Portugal","isPartOf":{"@id":"https:\/\/portaltela.pt\/#website"},"primaryImageOfPage":{"@id":"https:\/\/portaltela.pt\/noticias\/2025\/12\/16\/urgencias-de-obstetricia-fechadas-mais-dias-que-abertas-na-margem-sul-setubal-lidera-mapa\/#primaryimage"},"image":{"@id":"https:\/\/portaltela.pt\/noticias\/2025\/12\/16\/urgencias-de-obstetricia-fechadas-mais-dias-que-abertas-na-margem-sul-setubal-lidera-mapa\/#primaryimage"},"thumbnailUrl":"https:\/\/portaltela.pt\/s.01k8rhncp4jt1\/2025\/12\/8b36cb83be0e1ab8f94bfa2e111b332929ef4caa-5.jpg","datePublished":"2025-12-16T20:52:00+00:00","author":{"@id":"https:\/\/portaltela.pt\/#\/schema\/person\/c4278d4a6028830caff9ee44b42d32ed"},"breadcrumb":{"@id":"https:\/\/portaltela.pt\/noticias\/2025\/12\/16\/urgencias-de-obstetricia-fechadas-mais-dias-que-abertas-na-margem-sul-setubal-lidera-mapa\/#breadcrumb"},"inLanguage":"pt-PT","potentialAction":[{"@type":"ReadAction","target":["https:\/\/portaltela.pt\/noticias\/2025\/12\/16\/urgencias-de-obstetricia-fechadas-mais-dias-que-abertas-na-margem-sul-setubal-lidera-mapa\/"]}]},{"@type":"ImageObject","inLanguage":"pt-PT","@id":"https:\/\/portaltela.pt\/noticias\/2025\/12\/16\/urgencias-de-obstetricia-fechadas-mais-dias-que-abertas-na-margem-sul-setubal-lidera-mapa\/#primaryimage","url":"https:\/\/portaltela.pt\/s.01k8rhncp4jt1\/2025\/12\/8b36cb83be0e1ab8f94bfa2e111b332929ef4caa-5.jpg","contentUrl":"https:\/\/portaltela.pt\/s.01k8rhncp4jt1\/2025\/12\/8b36cb83be0e1ab8f94bfa2e111b332929ef4caa-5.jpg","width":796,"height":448,"caption":"Di\u00e1rio do Distrito"},{"@type":"BreadcrumbList","@id":"https:\/\/portaltela.pt\/noticias\/2025\/12\/16\/urgencias-de-obstetricia-fechadas-mais-dias-que-abertas-na-margem-sul-setubal-lidera-mapa\/#breadcrumb","itemListElement":[{"@type":"ListItem","position":1,"name":"In\u00edcio","item":"https:\/\/portaltela.pt\/"},{"@type":"ListItem","position":2,"name":"Urg\u00eancias de obstetr\u00edcia fechadas mais dias que abertas na Margem Sul, Set\u00fabal lidera mapa"}]},{"@type":"WebSite","@id":"https:\/\/portaltela.pt\/#website","url":"https:\/\/portaltela.pt\/","name":"Portal Tela Portugal","description":"","potentialAction":[{"@type":"SearchAction","target":{"@type":"EntryPoint","urlTemplate":"https:\/\/portaltela.pt\/?s={search_term_string}"},"query-input":{"@type":"PropertyValueSpecification","valueRequired":true,"valueName":"search_term_string"}}],"inLanguage":"pt-PT"},{"@type":"Person","@id":"https:\/\/portaltela.pt\/#\/schema\/person\/c4278d4a6028830caff9ee44b42d32ed","name":"Telinha","image":{"@type":"ImageObject","inLanguage":"pt-PT","@id":"https:\/\/portaltela.pt\/s.01k8rhncp4jt1\/2025\/11\/talking-bot-125x125.png","url":"https:\/\/portaltela.pt\/s.01k8rhncp4jt1\/2025\/11\/talking-bot-125x125.png","contentUrl":"https:\/\/portaltela.pt\/s.01k8rhncp4jt1\/2025\/11\/talking-bot-125x125.png","caption":"Telinha"},"sameAs":["https:\/\/portaltela.pt\/"],"url":"https:\/\/portaltela.pt\/por\/367410592786\/"}]}},"_links":{"self":[{"href":"https:\/\/portaltela.pt\/api\/wp\/v2\/posts\/80279","targetHints":{"allow":["GET"]}}],"collection":[{"href":"https:\/\/portaltela.pt\/api\/wp\/v2\/posts"}],"about":[{"href":"https:\/\/portaltela.pt\/api\/wp\/v2\/types\/post"}],"author":[{"embeddable":true,"href":"https:\/\/portaltela.pt\/api\/wp\/v2\/users\/2"}],"replies":[{"embeddable":true,"href":"https:\/\/portaltela.pt\/api\/wp\/v2\/comments?post=80279"}],"version-history":[{"count":0,"href":"https:\/\/portaltela.pt\/api\/wp\/v2\/posts\/80279\/revisions"}],"wp:featuredmedia":[{"embeddable":true,"href":"https:\/\/portaltela.pt\/api\/wp\/v2\/media\/80280"}],"wp:attachment":[{"href":"https:\/\/portaltela.pt\/api\/wp\/v2\/media?parent=80279"}],"wp:term":[{"taxonomy":"category","embeddable":true,"href":"https:\/\/portaltela.pt\/api\/wp\/v2\/categories?post=80279"},{"taxonomy":"post_tag","embeddable":true,"href":"https:\/\/portaltela.pt\/api\/wp\/v2\/tags?post=80279"}],"curies":[{"name":"wp","href":"https:\/\/api.w.org\/{rel}","templated":true}]}}