{"id":80111,"date":"2025-12-15T21:00:00","date_gmt":"2025-12-16T00:00:00","guid":{"rendered":"https:\/\/portaltela.pt\/noticias\/2025\/12\/15\/mocambique-limita-importacoes-de-agua-massa-e-farinha\/"},"modified":"2025-12-15T21:00:00","modified_gmt":"2025-12-16T00:00:00","slug":"mocambique-limita-importacoes-de-agua-massa-e-farinha","status":"publish","type":"post","link":"https:\/\/portaltela.pt\/noticias\/economia\/2025\/12\/15\/mocambique-limita-importacoes-de-agua-massa-e-farinha\/","title":{"rendered":"Mo\u00e7ambique limita importa\u00e7\u00f5es de \u00e1gua, massa e farinha."},"content":{"rendered":"<p>O Governo de Mo\u00e7ambique anunciou uma medida para limitar a importa\u00e7\u00e3o de \u00e1gua mineral engarrafada, massas, farinha e sal, entre outros produtos. A decis\u00e3o visa poupar divisas e dinamizar a ind\u00fastria nacional.<\/p>\n<p>A restri\u00e7\u00e3o foi aprovada pelo conselho de ministros numa reuni\u00e3o realizada em Maputo. O porta-voz Inoc\u00eancio Impissa explicou que as regras s\u00e3o tempor\u00e1rias e destinam-se a assegurar a aloca\u00e7\u00e3o priorit\u00e1ria de divisas para bens e servi\u00e7os essenciais.<\/p>\n<p>A medida inclui produtos como \u00e1gua mineral engarrafada, massas alimentares, cimento Portland, farinha de milho, tijoleira e sal. O objetivo \u00e9 favorecer a produ\u00e7\u00e3o nacional e promover a substitui\u00e7\u00e3o de importa\u00e7\u00f5es n\u00e3o essenciais.<\/p>\n<p>Segundo o Governo, a pol\u00edtica pretende salvaguardar a estabilidade macroecon\u00f3mica, melhorar o uso das divisas e proteger o acesso a bens b\u00e1sicos. A iniciativa alinha-se com princ\u00edpios de proporcionalidade, temporalidade e n\u00e3o discrimina\u00e7\u00e3o.<\/p>\n","protected":false},"excerpt":{"rendered":"<ul>\n<li>O Governo de Mo\u00e7ambique aprovou, ap\u00f3s a reuni\u00e3o semanal do conselho de ministros em Maputo, um decreto com regras para restri\u00e7\u00f5es quantitativas tempor\u00e1rias \u00e0 importa\u00e7\u00e3o de v\u00e1rios produtos.<\/li>\n<li>A medida visa poupar divisas, promover a ind\u00fastria nacional e salvaguardar a posi\u00e7\u00e3o externa do pa\u00eds, priorizando divisas para bens e servi\u00e7os essenciais.<\/li>\n<li>Entre os produtos listados constam \u00e1gua mineral engarrafada, massas, cimento Portland, farinha de milho, tijoleira e sal; o per\u00edodo, as quantidades e o in\u00edcio de vig\u00eancia n\u00e3o foram detalhados.<\/li>\n<li>O Governo afirma que a medida procura dinamizar a produ\u00e7\u00e3o nacional, estimular a substitui\u00e7\u00e3o de importa\u00e7\u00f5es n\u00e3o essenciais e proteger a estabilidade macroecon\u00f3mica.<\/li>\n<li>A pol\u00edtica \u00e9 apresentada como compat\u00edvel com os princ\u00edpios de proporcionalidade, temporalidade e n\u00e3o discrimina\u00e7\u00e3o, previstos em obriga\u00e7\u00f5es multilaterais.<\/li>\n<\/ul>\n","protected":false},"author":2,"featured_media":80116,"comment_status":"closed","ping_status":"closed","sticky":false,"template":"","format":"standard","meta":{"footnotes":""},"categories":[2,1],"tags":[1503,1090,86,28,255,1519],"class_list":["post-80111","post","type-post","status-publish","format-standard","has-post-thumbnail","hentry","category-economia","category-noticias","tag-abastecimento-de-agua","tag-agua","tag-alimentacao","tag-economia","tag-industria","tag-massas-alimentares"],"yoast_head":"<!-- This site is optimized with the Yoast SEO plugin v27.2 - https:\/\/yoast.com\/product\/yoast-seo-wordpress\/ -->\n<title>Mo\u00e7ambique limita importa\u00e7\u00f5es de \u00e1gua, massa e farinha. - Portal Tela Portugal<\/title>\n<meta name=\"robots\" content=\"index, follow, max-snippet:-1, max-image-preview:large, max-video-preview:-1\" \/>\n<meta property=\"og:locale\" content=\"pt_PT\" \/>\n<meta property=\"og:type\" content=\"article\" \/>\n<meta property=\"og:title\" content=\"Mo\u00e7ambique limita importa\u00e7\u00f5es de \u00e1gua, massa e farinha. - Portal Tela Portugal\" \/>\n<meta property=\"og:description\" content=\"O Governo de Mo\u00e7ambique aprovou, ap\u00f3s a reuni\u00e3o semanal do conselho de ministros em Maputo, um decreto com regras para restri\u00e7\u00f5es quantitativas tempor\u00e1rias \u00e0 importa\u00e7\u00e3o de v\u00e1rios produtos. A medida visa poupar divisas, promover a ind\u00fastria nacional e salvaguardar a posi\u00e7\u00e3o externa do pa\u00eds, priorizando divisas para bens e servi\u00e7os essenciais. Entre os produtos listados constam \u00e1gua mineral engarrafada, massas, cimento Portland, farinha de milho, tijoleira e sal; o per\u00edodo, as quantidades e o in\u00edcio de vig\u00eancia n\u00e3o foram detalhados. O Governo afirma que a medida procura dinamizar a produ\u00e7\u00e3o nacional, estimular a substitui\u00e7\u00e3o de importa\u00e7\u00f5es n\u00e3o essenciais e proteger a estabilidade macroecon\u00f3mica. A pol\u00edtica \u00e9 apresentada como compat\u00edvel com os princ\u00edpios de proporcionalidade, temporalidade e n\u00e3o discrimina\u00e7\u00e3o, previstos em obriga\u00e7\u00f5es multilaterais.\" \/>\n<meta property=\"og:url\" content=\"https:\/\/portaltela.pt\/noticias\/2025\/12\/15\/mocambique-limita-importacoes-de-agua-massa-e-farinha\/\" \/>\n<meta property=\"og:site_name\" content=\"Portal Tela Portugal\" \/>\n<meta property=\"article:published_time\" content=\"2025-12-16T00:00:00+00:00\" \/>\n<meta name=\"author\" content=\"Telinha\" \/>\n<meta name=\"twitter:card\" content=\"summary_large_image\" \/>\n<meta name=\"twitter:label1\" content=\"Escrito por\" \/>\n\t<meta name=\"twitter:data1\" content=\"Telinha\" \/>\n\t<meta name=\"twitter:label2\" content=\"Tempo estimado de leitura\" \/>\n\t<meta name=\"twitter:data2\" content=\"1 minuto\" \/>\n<script type=\"application\/ld+json\" class=\"yoast-schema-graph\">{\"@context\":\"https:\/\/schema.org\",\"@graph\":[{\"@type\":\"Article\",\"@id\":\"https:\/\/portaltela.pt\/noticias\/2025\/12\/15\/mocambique-limita-importacoes-de-agua-massa-e-farinha\/#article\",\"isPartOf\":{\"@id\":\"https:\/\/portaltela.pt\/noticias\/2025\/12\/15\/mocambique-limita-importacoes-de-agua-massa-e-farinha\/\"},\"author\":{\"name\":\"Telinha\",\"@id\":\"https:\/\/portaltela.pt\/#\/schema\/person\/c4278d4a6028830caff9ee44b42d32ed\"},\"headline\":\"Mo\u00e7ambique limita importa\u00e7\u00f5es de \u00e1gua, massa e farinha.\",\"datePublished\":\"2025-12-16T00:00:00+00:00\",\"mainEntityOfPage\":{\"@id\":\"https:\/\/portaltela.pt\/noticias\/2025\/12\/15\/mocambique-limita-importacoes-de-agua-massa-e-farinha\/\"},\"wordCount\":166,\"image\":{\"@id\":\"https:\/\/portaltela.pt\/noticias\/2025\/12\/15\/mocambique-limita-importacoes-de-agua-massa-e-farinha\/#primaryimage\"},\"thumbnailUrl\":\"https:\/\/portaltela.pt\/s.01k8rhncp4jt1\/2025\/12\/mocambique-calor.jpg\",\"keywords\":[\"abastecimento de \u00e1gua\",\"\u00e1gua\",\"alimenta\u00e7\u00e3o\",\"economia\",\"ind\u00fastria\",\"massas alimentares\"],\"articleSection\":[\"Economia\",\"Not\u00edcias\"],\"inLanguage\":\"pt-PT\"},{\"@type\":\"WebPage\",\"@id\":\"https:\/\/portaltela.pt\/noticias\/2025\/12\/15\/mocambique-limita-importacoes-de-agua-massa-e-farinha\/\",\"url\":\"https:\/\/portaltela.pt\/noticias\/2025\/12\/15\/mocambique-limita-importacoes-de-agua-massa-e-farinha\/\",\"name\":\"Mo\u00e7ambique limita importa\u00e7\u00f5es de \u00e1gua, massa e farinha. - Portal Tela Portugal\",\"isPartOf\":{\"@id\":\"https:\/\/portaltela.pt\/#website\"},\"primaryImageOfPage\":{\"@id\":\"https:\/\/portaltela.pt\/noticias\/2025\/12\/15\/mocambique-limita-importacoes-de-agua-massa-e-farinha\/#primaryimage\"},\"image\":{\"@id\":\"https:\/\/portaltela.pt\/noticias\/2025\/12\/15\/mocambique-limita-importacoes-de-agua-massa-e-farinha\/#primaryimage\"},\"thumbnailUrl\":\"https:\/\/portaltela.pt\/s.01k8rhncp4jt1\/2025\/12\/mocambique-calor.jpg\",\"datePublished\":\"2025-12-16T00:00:00+00:00\",\"author\":{\"@id\":\"https:\/\/portaltela.pt\/#\/schema\/person\/c4278d4a6028830caff9ee44b42d32ed\"},\"breadcrumb\":{\"@id\":\"https:\/\/portaltela.pt\/noticias\/2025\/12\/15\/mocambique-limita-importacoes-de-agua-massa-e-farinha\/#breadcrumb\"},\"inLanguage\":\"pt-PT\",\"potentialAction\":[{\"@type\":\"ReadAction\",\"target\":[\"https:\/\/portaltela.pt\/noticias\/2025\/12\/15\/mocambique-limita-importacoes-de-agua-massa-e-farinha\/\"]}]},{\"@type\":\"ImageObject\",\"inLanguage\":\"pt-PT\",\"@id\":\"https:\/\/portaltela.pt\/noticias\/2025\/12\/15\/mocambique-limita-importacoes-de-agua-massa-e-farinha\/#primaryimage\",\"url\":\"https:\/\/portaltela.pt\/s.01k8rhncp4jt1\/2025\/12\/mocambique-calor.jpg\",\"contentUrl\":\"https:\/\/portaltela.pt\/s.01k8rhncp4jt1\/2025\/12\/mocambique-calor.jpg\",\"width\":796,\"height\":448,\"caption\":\"Photo\"},{\"@type\":\"BreadcrumbList\",\"@id\":\"https:\/\/portaltela.pt\/noticias\/2025\/12\/15\/mocambique-limita-importacoes-de-agua-massa-e-farinha\/#breadcrumb\",\"itemListElement\":[{\"@type\":\"ListItem\",\"position\":1,\"name\":\"In\u00edcio\",\"item\":\"https:\/\/portaltela.pt\/\"},{\"@type\":\"ListItem\",\"position\":2,\"name\":\"Mo\u00e7ambique limita importa\u00e7\u00f5es de \u00e1gua, massa e farinha.\"}]},{\"@type\":\"WebSite\",\"@id\":\"https:\/\/portaltela.pt\/#website\",\"url\":\"https:\/\/portaltela.pt\/\",\"name\":\"Portal Tela Portugal\",\"description\":\"\",\"potentialAction\":[{\"@type\":\"SearchAction\",\"target\":{\"@type\":\"EntryPoint\",\"urlTemplate\":\"https:\/\/portaltela.pt\/?s={search_term_string}\"},\"query-input\":{\"@type\":\"PropertyValueSpecification\",\"valueRequired\":true,\"valueName\":\"search_term_string\"}}],\"inLanguage\":\"pt-PT\"},{\"@type\":\"Person\",\"@id\":\"https:\/\/portaltela.pt\/#\/schema\/person\/c4278d4a6028830caff9ee44b42d32ed\",\"name\":\"Telinha\",\"image\":{\"@type\":\"ImageObject\",\"inLanguage\":\"pt-PT\",\"@id\":\"https:\/\/portaltela.pt\/s.01k8rhncp4jt1\/2025\/11\/talking-bot-125x125.png\",\"url\":\"https:\/\/portaltela.pt\/s.01k8rhncp4jt1\/2025\/11\/talking-bot-125x125.png\",\"contentUrl\":\"https:\/\/portaltela.pt\/s.01k8rhncp4jt1\/2025\/11\/talking-bot-125x125.png\",\"caption\":\"Telinha\"},\"sameAs\":[\"https:\/\/portaltela.pt\/\"],\"url\":\"https:\/\/portaltela.pt\/por\/367410592786\/\"}]}<\/script>\n<!-- \/ Yoast SEO plugin. -->","yoast_head_json":{"title":"Mo\u00e7ambique limita importa\u00e7\u00f5es de \u00e1gua, massa e farinha. - Portal Tela Portugal","robots":{"index":"index","follow":"follow","max-snippet":"max-snippet:-1","max-image-preview":"max-image-preview:large","max-video-preview":"max-video-preview:-1"},"og_locale":"pt_PT","og_type":"article","og_title":"Mo\u00e7ambique limita importa\u00e7\u00f5es de \u00e1gua, massa e farinha. - Portal Tela Portugal","og_description":"O Governo de Mo\u00e7ambique aprovou, ap\u00f3s a reuni\u00e3o semanal do conselho de ministros em Maputo, um decreto com regras para restri\u00e7\u00f5es quantitativas tempor\u00e1rias \u00e0 importa\u00e7\u00e3o de v\u00e1rios produtos. A medida visa poupar divisas, promover a ind\u00fastria nacional e salvaguardar a posi\u00e7\u00e3o externa do pa\u00eds, priorizando divisas para bens e servi\u00e7os essenciais. Entre os produtos listados constam \u00e1gua mineral engarrafada, massas, cimento Portland, farinha de milho, tijoleira e sal; o per\u00edodo, as quantidades e o in\u00edcio de vig\u00eancia n\u00e3o foram detalhados. O Governo afirma que a medida procura dinamizar a produ\u00e7\u00e3o nacional, estimular a substitui\u00e7\u00e3o de importa\u00e7\u00f5es n\u00e3o essenciais e proteger a estabilidade macroecon\u00f3mica. A pol\u00edtica \u00e9 apresentada como compat\u00edvel com os princ\u00edpios de proporcionalidade, temporalidade e n\u00e3o discrimina\u00e7\u00e3o, previstos em obriga\u00e7\u00f5es multilaterais.","og_url":"https:\/\/portaltela.pt\/noticias\/2025\/12\/15\/mocambique-limita-importacoes-de-agua-massa-e-farinha\/","og_site_name":"Portal Tela Portugal","article_published_time":"2025-12-16T00:00:00+00:00","author":"Telinha","twitter_card":"summary_large_image","twitter_misc":{"Escrito por":"Telinha","Tempo estimado de leitura":"1 minuto"},"schema":{"@context":"https:\/\/schema.org","@graph":[{"@type":"Article","@id":"https:\/\/portaltela.pt\/noticias\/2025\/12\/15\/mocambique-limita-importacoes-de-agua-massa-e-farinha\/#article","isPartOf":{"@id":"https:\/\/portaltela.pt\/noticias\/2025\/12\/15\/mocambique-limita-importacoes-de-agua-massa-e-farinha\/"},"author":{"name":"Telinha","@id":"https:\/\/portaltela.pt\/#\/schema\/person\/c4278d4a6028830caff9ee44b42d32ed"},"headline":"Mo\u00e7ambique limita importa\u00e7\u00f5es de \u00e1gua, massa e farinha.","datePublished":"2025-12-16T00:00:00+00:00","mainEntityOfPage":{"@id":"https:\/\/portaltela.pt\/noticias\/2025\/12\/15\/mocambique-limita-importacoes-de-agua-massa-e-farinha\/"},"wordCount":166,"image":{"@id":"https:\/\/portaltela.pt\/noticias\/2025\/12\/15\/mocambique-limita-importacoes-de-agua-massa-e-farinha\/#primaryimage"},"thumbnailUrl":"https:\/\/portaltela.pt\/s.01k8rhncp4jt1\/2025\/12\/mocambique-calor.jpg","keywords":["abastecimento de \u00e1gua","\u00e1gua","alimenta\u00e7\u00e3o","economia","ind\u00fastria","massas alimentares"],"articleSection":["Economia","Not\u00edcias"],"inLanguage":"pt-PT"},{"@type":"WebPage","@id":"https:\/\/portaltela.pt\/noticias\/2025\/12\/15\/mocambique-limita-importacoes-de-agua-massa-e-farinha\/","url":"https:\/\/portaltela.pt\/noticias\/2025\/12\/15\/mocambique-limita-importacoes-de-agua-massa-e-farinha\/","name":"Mo\u00e7ambique limita importa\u00e7\u00f5es de \u00e1gua, massa e farinha. - Portal Tela Portugal","isPartOf":{"@id":"https:\/\/portaltela.pt\/#website"},"primaryImageOfPage":{"@id":"https:\/\/portaltela.pt\/noticias\/2025\/12\/15\/mocambique-limita-importacoes-de-agua-massa-e-farinha\/#primaryimage"},"image":{"@id":"https:\/\/portaltela.pt\/noticias\/2025\/12\/15\/mocambique-limita-importacoes-de-agua-massa-e-farinha\/#primaryimage"},"thumbnailUrl":"https:\/\/portaltela.pt\/s.01k8rhncp4jt1\/2025\/12\/mocambique-calor.jpg","datePublished":"2025-12-16T00:00:00+00:00","author":{"@id":"https:\/\/portaltela.pt\/#\/schema\/person\/c4278d4a6028830caff9ee44b42d32ed"},"breadcrumb":{"@id":"https:\/\/portaltela.pt\/noticias\/2025\/12\/15\/mocambique-limita-importacoes-de-agua-massa-e-farinha\/#breadcrumb"},"inLanguage":"pt-PT","potentialAction":[{"@type":"ReadAction","target":["https:\/\/portaltela.pt\/noticias\/2025\/12\/15\/mocambique-limita-importacoes-de-agua-massa-e-farinha\/"]}]},{"@type":"ImageObject","inLanguage":"pt-PT","@id":"https:\/\/portaltela.pt\/noticias\/2025\/12\/15\/mocambique-limita-importacoes-de-agua-massa-e-farinha\/#primaryimage","url":"https:\/\/portaltela.pt\/s.01k8rhncp4jt1\/2025\/12\/mocambique-calor.jpg","contentUrl":"https:\/\/portaltela.pt\/s.01k8rhncp4jt1\/2025\/12\/mocambique-calor.jpg","width":796,"height":448,"caption":"Photo"},{"@type":"BreadcrumbList","@id":"https:\/\/portaltela.pt\/noticias\/2025\/12\/15\/mocambique-limita-importacoes-de-agua-massa-e-farinha\/#breadcrumb","itemListElement":[{"@type":"ListItem","position":1,"name":"In\u00edcio","item":"https:\/\/portaltela.pt\/"},{"@type":"ListItem","position":2,"name":"Mo\u00e7ambique limita importa\u00e7\u00f5es de \u00e1gua, massa e farinha."}]},{"@type":"WebSite","@id":"https:\/\/portaltela.pt\/#website","url":"https:\/\/portaltela.pt\/","name":"Portal Tela Portugal","description":"","potentialAction":[{"@type":"SearchAction","target":{"@type":"EntryPoint","urlTemplate":"https:\/\/portaltela.pt\/?s={search_term_string}"},"query-input":{"@type":"PropertyValueSpecification","valueRequired":true,"valueName":"search_term_string"}}],"inLanguage":"pt-PT"},{"@type":"Person","@id":"https:\/\/portaltela.pt\/#\/schema\/person\/c4278d4a6028830caff9ee44b42d32ed","name":"Telinha","image":{"@type":"ImageObject","inLanguage":"pt-PT","@id":"https:\/\/portaltela.pt\/s.01k8rhncp4jt1\/2025\/11\/talking-bot-125x125.png","url":"https:\/\/portaltela.pt\/s.01k8rhncp4jt1\/2025\/11\/talking-bot-125x125.png","contentUrl":"https:\/\/portaltela.pt\/s.01k8rhncp4jt1\/2025\/11\/talking-bot-125x125.png","caption":"Telinha"},"sameAs":["https:\/\/portaltela.pt\/"],"url":"https:\/\/portaltela.pt\/por\/367410592786\/"}]}},"_links":{"self":[{"href":"https:\/\/portaltela.pt\/api\/wp\/v2\/posts\/80111","targetHints":{"allow":["GET"]}}],"collection":[{"href":"https:\/\/portaltela.pt\/api\/wp\/v2\/posts"}],"about":[{"href":"https:\/\/portaltela.pt\/api\/wp\/v2\/types\/post"}],"author":[{"embeddable":true,"href":"https:\/\/portaltela.pt\/api\/wp\/v2\/users\/2"}],"replies":[{"embeddable":true,"href":"https:\/\/portaltela.pt\/api\/wp\/v2\/comments?post=80111"}],"version-history":[{"count":0,"href":"https:\/\/portaltela.pt\/api\/wp\/v2\/posts\/80111\/revisions"}],"wp:featuredmedia":[{"embeddable":true,"href":"https:\/\/portaltela.pt\/api\/wp\/v2\/media\/80116"}],"wp:attachment":[{"href":"https:\/\/portaltela.pt\/api\/wp\/v2\/media?parent=80111"}],"wp:term":[{"taxonomy":"category","embeddable":true,"href":"https:\/\/portaltela.pt\/api\/wp\/v2\/categories?post=80111"},{"taxonomy":"post_tag","embeddable":true,"href":"https:\/\/portaltela.pt\/api\/wp\/v2\/tags?post=80111"}],"curies":[{"name":"wp","href":"https:\/\/api.w.org\/{rel}","templated":true}]}}