{"id":79712,"date":"2025-12-16T13:47:00","date_gmt":"2025-12-16T16:47:00","guid":{"rendered":"https:\/\/portaltela.pt\/noticias\/2025\/12\/16\/advogado-diz-que-paulo-malafaia-foi-retratado-como-o-diabo\/"},"modified":"2025-12-16T13:47:00","modified_gmt":"2025-12-16T16:47:00","slug":"advogado-diz-que-paulo-malafaia-foi-retratado-como-o-diabo","status":"publish","type":"post","link":"https:\/\/portaltela.pt\/noticias\/2025\/12\/16\/advogado-diz-que-paulo-malafaia-foi-retratado-como-o-diabo\/","title":{"rendered":"Advogado diz que Paulo Malafaia foi retratado como o diabo."},"content":{"rendered":"<p>Paulo Malafaia, empres\u00e1rio imobili\u00e1rio, \u00e9 um dos 16 arguidos na Opera\u00e7\u00e3o Babel, alegadamente ligado a crimes econ\u00f3micos e viola\u00e7\u00e3o de licenciamento urban\u00edstico em Gaia. O processo envolve projetos como Skyline, Centro Cultural e Riverside. A defesa aponta para uma pris\u00e3o preventiva de 23 meses.<\/p>\n<p>Durante as alega\u00e7\u00f5es finais no Tribunal de Vila Nova de Gaia, o abogado de Malafaia criticou o Minist\u00e9rio P\u00fablico, dizendo que o MP transformou o empres\u00e1rio no \u201cdiabo em pessoa\u201d, e descreveu a acusa\u00e7\u00e3o como sem subst\u00e2ncia. O arguido tem apresentado apresenta\u00e7\u00f5es peri\u00f3dicas \u00e0s autoridades.<\/p>\n<p>A acusa\u00e7\u00e3o sustenta que Malafaia e Elad Dror teriam acordado desenvolver projetos imobili\u00e1rios na cidade, com favorecimento por parte do antigo vice de Gaia, em troca de dinheiro e bens materiais, como rel\u00f3gios. Patroc\u00ednio Azevedo e Jo\u00e3o Pedro Lopes s\u00e3o apontados como outros envolvidos.<\/p>\n<p>O conjunto de alega\u00e7\u00f5es inclui dezenas de crimes econ\u00f3micos, como corrup\u00e7\u00e3o e tr\u00e1fico de influ\u00eancias, relacionados com licenciamento de obras em Gaia. Os projetos em quest\u00e3o s\u00e3o o Skyline\/Centro Cultural e de Congressos, Riverside e o Hotel Azul.<\/p>\n<p>A defesa alega que o MP lan\u00e7ou acusa\u00e7\u00f5es sem fundamenta\u00e7\u00e3o s\u00f3lida, afirmando que as provas s\u00e3o insuficientes e que as testemunhas falam de forma contradit\u00f3ria. O advogado ressalta que o MP parece obcecado com Malafaia.<\/p>\n<p>A C\u00e2mara de Gaia, liderada por Lu\u00eds Filipe Menezes, desistiu de ser assistente no processo e de reclamar indemniza\u00e7\u00e3o de 50 mil euros. O caso continua a ser objecto de controv\u00e9rsia entre as partes e permanece em avalia\u00e7\u00e3o pelo tribunal.<\/p>\n","protected":false},"excerpt":{"rendered":"<ul>\n<li>Paulo Malafaia \u00e9 um dos 16 arguidos na Opera\u00e7\u00e3o Babel, acusado de corrup\u00e7\u00e3o e crimes econ\u00f3micos ligados a licenciamento urban\u00edstico em Gaia, envolvendo os projetos Skyline, Centro Cultural e Riverside, com pris\u00e3o preventiva de 23 meses.<\/li>\n<li>Durante as alega\u00e7\u00f5es finais em Vila Nova de Gaia, o advogado Pedro Alhinho afirmou que o MP fez dele \u201co diabo em pessoa\u201d e classificou a acusa\u00e7\u00e3o como \u201cuma m\u00e3o cheia de nada e uma m\u00e3o cheia de coisa nenhuma\u201d.<\/li>\n<li>O Minist\u00e9rio P\u00fablico sustenta que Malafaia e Elad Dror combinaram promover os projetos em Gaia com favorecimentos por parte do antigo vice de Gaia, recebendo dinheiro e bens materiais como rel\u00f3gios.<\/li>\n<li>O conjunto de arguidos inclui tamb\u00e9m o ex-vice-presidente da C\u00e2mara de Gaia Patroc\u00ednio Azevedo e o advogado Jo\u00e3o Pedro Lopes; Malafaia \u00e9 acusado de dezenas de crimes econ\u00f3micos, entre corrup\u00e7\u00e3o e tr\u00e1fico de influ\u00eancias.<\/li>\n<li>A C\u00e2mara de Gaia, liderada por Lu\u00eds Filipe Menezes, desistiu de ser assistente do processo e de pedir indemniza\u00e7\u00e3o de 50 mil euros.<\/li>\n<\/ul>\n","protected":false},"author":2,"featured_media":79716,"comment_status":"closed","ping_status":"closed","sticky":false,"template":"","format":"standard","meta":{"footnotes":""},"categories":[1],"tags":[83,177,228,215,213,52],"class_list":["post-79712","post","type-post","status-publish","format-standard","has-post-thumbnail","hentry","category-noticias","tag-corrupcao","tag-crimes","tag-imobiliario","tag-investigacao","tag-trafico-de-influencias","tag-tribunal"],"yoast_head":"<!-- This site is optimized with the Yoast SEO plugin v27.2 - https:\/\/yoast.com\/product\/yoast-seo-wordpress\/ -->\n<title>Advogado diz que Paulo Malafaia foi retratado como o diabo. - Portal Tela Portugal<\/title>\n<meta name=\"robots\" content=\"index, follow, max-snippet:-1, max-image-preview:large, max-video-preview:-1\" \/>\n<meta property=\"og:locale\" content=\"pt_PT\" \/>\n<meta property=\"og:type\" content=\"article\" \/>\n<meta property=\"og:title\" content=\"Advogado diz que Paulo Malafaia foi retratado como o diabo. - Portal Tela Portugal\" \/>\n<meta property=\"og:description\" content=\"Paulo Malafaia \u00e9 um dos 16 arguidos na Opera\u00e7\u00e3o Babel, acusado de corrup\u00e7\u00e3o e crimes econ\u00f3micos ligados a licenciamento urban\u00edstico em Gaia, envolvendo os projetos Skyline, Centro Cultural e Riverside, com pris\u00e3o preventiva de 23 meses. Durante as alega\u00e7\u00f5es finais em Vila Nova de Gaia, o advogado Pedro Alhinho afirmou que o MP fez dele \u201co diabo em pessoa\u201d e classificou a acusa\u00e7\u00e3o como \u201cuma m\u00e3o cheia de nada e uma m\u00e3o cheia de coisa nenhuma\u201d. O Minist\u00e9rio P\u00fablico sustenta que Malafaia e Elad Dror combinaram promover os projetos em Gaia com favorecimentos por parte do antigo vice de Gaia, recebendo dinheiro e bens materiais como rel\u00f3gios. O conjunto de arguidos inclui tamb\u00e9m o ex-vice-presidente da C\u00e2mara de Gaia Patroc\u00ednio Azevedo e o advogado Jo\u00e3o Pedro Lopes; Malafaia \u00e9 acusado de dezenas de crimes econ\u00f3micos, entre corrup\u00e7\u00e3o e tr\u00e1fico de influ\u00eancias. A C\u00e2mara de Gaia, liderada por Lu\u00eds Filipe Menezes, desistiu de ser assistente do processo e de pedir indemniza\u00e7\u00e3o de 50 mil euros.\" \/>\n<meta property=\"og:url\" content=\"https:\/\/portaltela.pt\/noticias\/2025\/12\/16\/advogado-diz-que-paulo-malafaia-foi-retratado-como-o-diabo\/\" \/>\n<meta property=\"og:site_name\" content=\"Portal Tela Portugal\" \/>\n<meta property=\"article:published_time\" content=\"2025-12-16T16:47:00+00:00\" \/>\n<meta name=\"author\" content=\"Telinha\" \/>\n<meta name=\"twitter:card\" content=\"summary_large_image\" \/>\n<meta name=\"twitter:label1\" content=\"Escrito por\" \/>\n\t<meta name=\"twitter:data1\" content=\"Telinha\" \/>\n\t<meta name=\"twitter:label2\" content=\"Tempo estimado de leitura\" \/>\n\t<meta name=\"twitter:data2\" content=\"1 minuto\" \/>\n<script type=\"application\/ld+json\" class=\"yoast-schema-graph\">{\"@context\":\"https:\/\/schema.org\",\"@graph\":[{\"@type\":\"Article\",\"@id\":\"https:\/\/portaltela.pt\/noticias\/2025\/12\/16\/advogado-diz-que-paulo-malafaia-foi-retratado-como-o-diabo\/#article\",\"isPartOf\":{\"@id\":\"https:\/\/portaltela.pt\/noticias\/2025\/12\/16\/advogado-diz-que-paulo-malafaia-foi-retratado-como-o-diabo\/\"},\"author\":{\"name\":\"Telinha\",\"@id\":\"https:\/\/portaltela.pt\/#\/schema\/person\/c4278d4a6028830caff9ee44b42d32ed\"},\"headline\":\"Advogado diz que Paulo Malafaia foi retratado como o diabo.\",\"datePublished\":\"2025-12-16T16:47:00+00:00\",\"mainEntityOfPage\":{\"@id\":\"https:\/\/portaltela.pt\/noticias\/2025\/12\/16\/advogado-diz-que-paulo-malafaia-foi-retratado-como-o-diabo\/\"},\"wordCount\":292,\"image\":{\"@id\":\"https:\/\/portaltela.pt\/noticias\/2025\/12\/16\/advogado-diz-que-paulo-malafaia-foi-retratado-como-o-diabo\/#primaryimage\"},\"thumbnailUrl\":\"https:\/\/portaltela.pt\/s.01k8rhncp4jt1\/2025\/12\/camara-municipal-de-vila-nova-de-gaia-1.jpg\",\"keywords\":[\"corrup\u00e7\u00e3o\",\"crimes\",\"imobili\u00e1rio\",\"investiga\u00e7\u00e3o\",\"tr\u00e1fico de influ\u00eancias\",\"tribunal\"],\"articleSection\":[\"Not\u00edcias\"],\"inLanguage\":\"pt-PT\"},{\"@type\":\"WebPage\",\"@id\":\"https:\/\/portaltela.pt\/noticias\/2025\/12\/16\/advogado-diz-que-paulo-malafaia-foi-retratado-como-o-diabo\/\",\"url\":\"https:\/\/portaltela.pt\/noticias\/2025\/12\/16\/advogado-diz-que-paulo-malafaia-foi-retratado-como-o-diabo\/\",\"name\":\"Advogado diz que Paulo Malafaia foi retratado como o diabo. - Portal Tela Portugal\",\"isPartOf\":{\"@id\":\"https:\/\/portaltela.pt\/#website\"},\"primaryImageOfPage\":{\"@id\":\"https:\/\/portaltela.pt\/noticias\/2025\/12\/16\/advogado-diz-que-paulo-malafaia-foi-retratado-como-o-diabo\/#primaryimage\"},\"image\":{\"@id\":\"https:\/\/portaltela.pt\/noticias\/2025\/12\/16\/advogado-diz-que-paulo-malafaia-foi-retratado-como-o-diabo\/#primaryimage\"},\"thumbnailUrl\":\"https:\/\/portaltela.pt\/s.01k8rhncp4jt1\/2025\/12\/camara-municipal-de-vila-nova-de-gaia-1.jpg\",\"datePublished\":\"2025-12-16T16:47:00+00:00\",\"author\":{\"@id\":\"https:\/\/portaltela.pt\/#\/schema\/person\/c4278d4a6028830caff9ee44b42d32ed\"},\"breadcrumb\":{\"@id\":\"https:\/\/portaltela.pt\/noticias\/2025\/12\/16\/advogado-diz-que-paulo-malafaia-foi-retratado-como-o-diabo\/#breadcrumb\"},\"inLanguage\":\"pt-PT\",\"potentialAction\":[{\"@type\":\"ReadAction\",\"target\":[\"https:\/\/portaltela.pt\/noticias\/2025\/12\/16\/advogado-diz-que-paulo-malafaia-foi-retratado-como-o-diabo\/\"]}]},{\"@type\":\"ImageObject\",\"inLanguage\":\"pt-PT\",\"@id\":\"https:\/\/portaltela.pt\/noticias\/2025\/12\/16\/advogado-diz-que-paulo-malafaia-foi-retratado-como-o-diabo\/#primaryimage\",\"url\":\"https:\/\/portaltela.pt\/s.01k8rhncp4jt1\/2025\/12\/camara-municipal-de-vila-nova-de-gaia-1.jpg\",\"contentUrl\":\"https:\/\/portaltela.pt\/s.01k8rhncp4jt1\/2025\/12\/camara-municipal-de-vila-nova-de-gaia-1.jpg\",\"width\":796,\"height\":448,\"caption\":\"Observador\"},{\"@type\":\"BreadcrumbList\",\"@id\":\"https:\/\/portaltela.pt\/noticias\/2025\/12\/16\/advogado-diz-que-paulo-malafaia-foi-retratado-como-o-diabo\/#breadcrumb\",\"itemListElement\":[{\"@type\":\"ListItem\",\"position\":1,\"name\":\"In\u00edcio\",\"item\":\"https:\/\/portaltela.pt\/\"},{\"@type\":\"ListItem\",\"position\":2,\"name\":\"Advogado diz que Paulo Malafaia foi retratado como o diabo.\"}]},{\"@type\":\"WebSite\",\"@id\":\"https:\/\/portaltela.pt\/#website\",\"url\":\"https:\/\/portaltela.pt\/\",\"name\":\"Portal Tela Portugal\",\"description\":\"\",\"potentialAction\":[{\"@type\":\"SearchAction\",\"target\":{\"@type\":\"EntryPoint\",\"urlTemplate\":\"https:\/\/portaltela.pt\/?s={search_term_string}\"},\"query-input\":{\"@type\":\"PropertyValueSpecification\",\"valueRequired\":true,\"valueName\":\"search_term_string\"}}],\"inLanguage\":\"pt-PT\"},{\"@type\":\"Person\",\"@id\":\"https:\/\/portaltela.pt\/#\/schema\/person\/c4278d4a6028830caff9ee44b42d32ed\",\"name\":\"Telinha\",\"image\":{\"@type\":\"ImageObject\",\"inLanguage\":\"pt-PT\",\"@id\":\"https:\/\/portaltela.pt\/s.01k8rhncp4jt1\/2025\/11\/talking-bot-125x125.png\",\"url\":\"https:\/\/portaltela.pt\/s.01k8rhncp4jt1\/2025\/11\/talking-bot-125x125.png\",\"contentUrl\":\"https:\/\/portaltela.pt\/s.01k8rhncp4jt1\/2025\/11\/talking-bot-125x125.png\",\"caption\":\"Telinha\"},\"sameAs\":[\"https:\/\/portaltela.pt\/\"],\"url\":\"https:\/\/portaltela.pt\/por\/367410592786\/\"}]}<\/script>\n<!-- \/ Yoast SEO plugin. -->","yoast_head_json":{"title":"Advogado diz que Paulo Malafaia foi retratado como o diabo. - Portal Tela Portugal","robots":{"index":"index","follow":"follow","max-snippet":"max-snippet:-1","max-image-preview":"max-image-preview:large","max-video-preview":"max-video-preview:-1"},"og_locale":"pt_PT","og_type":"article","og_title":"Advogado diz que Paulo Malafaia foi retratado como o diabo. - Portal Tela Portugal","og_description":"Paulo Malafaia \u00e9 um dos 16 arguidos na Opera\u00e7\u00e3o Babel, acusado de corrup\u00e7\u00e3o e crimes econ\u00f3micos ligados a licenciamento urban\u00edstico em Gaia, envolvendo os projetos Skyline, Centro Cultural e Riverside, com pris\u00e3o preventiva de 23 meses. Durante as alega\u00e7\u00f5es finais em Vila Nova de Gaia, o advogado Pedro Alhinho afirmou que o MP fez dele \u201co diabo em pessoa\u201d e classificou a acusa\u00e7\u00e3o como \u201cuma m\u00e3o cheia de nada e uma m\u00e3o cheia de coisa nenhuma\u201d. O Minist\u00e9rio P\u00fablico sustenta que Malafaia e Elad Dror combinaram promover os projetos em Gaia com favorecimentos por parte do antigo vice de Gaia, recebendo dinheiro e bens materiais como rel\u00f3gios. O conjunto de arguidos inclui tamb\u00e9m o ex-vice-presidente da C\u00e2mara de Gaia Patroc\u00ednio Azevedo e o advogado Jo\u00e3o Pedro Lopes; Malafaia \u00e9 acusado de dezenas de crimes econ\u00f3micos, entre corrup\u00e7\u00e3o e tr\u00e1fico de influ\u00eancias. A C\u00e2mara de Gaia, liderada por Lu\u00eds Filipe Menezes, desistiu de ser assistente do processo e de pedir indemniza\u00e7\u00e3o de 50 mil euros.","og_url":"https:\/\/portaltela.pt\/noticias\/2025\/12\/16\/advogado-diz-que-paulo-malafaia-foi-retratado-como-o-diabo\/","og_site_name":"Portal Tela Portugal","article_published_time":"2025-12-16T16:47:00+00:00","author":"Telinha","twitter_card":"summary_large_image","twitter_misc":{"Escrito por":"Telinha","Tempo estimado de leitura":"1 minuto"},"schema":{"@context":"https:\/\/schema.org","@graph":[{"@type":"Article","@id":"https:\/\/portaltela.pt\/noticias\/2025\/12\/16\/advogado-diz-que-paulo-malafaia-foi-retratado-como-o-diabo\/#article","isPartOf":{"@id":"https:\/\/portaltela.pt\/noticias\/2025\/12\/16\/advogado-diz-que-paulo-malafaia-foi-retratado-como-o-diabo\/"},"author":{"name":"Telinha","@id":"https:\/\/portaltela.pt\/#\/schema\/person\/c4278d4a6028830caff9ee44b42d32ed"},"headline":"Advogado diz que Paulo Malafaia foi retratado como o diabo.","datePublished":"2025-12-16T16:47:00+00:00","mainEntityOfPage":{"@id":"https:\/\/portaltela.pt\/noticias\/2025\/12\/16\/advogado-diz-que-paulo-malafaia-foi-retratado-como-o-diabo\/"},"wordCount":292,"image":{"@id":"https:\/\/portaltela.pt\/noticias\/2025\/12\/16\/advogado-diz-que-paulo-malafaia-foi-retratado-como-o-diabo\/#primaryimage"},"thumbnailUrl":"https:\/\/portaltela.pt\/s.01k8rhncp4jt1\/2025\/12\/camara-municipal-de-vila-nova-de-gaia-1.jpg","keywords":["corrup\u00e7\u00e3o","crimes","imobili\u00e1rio","investiga\u00e7\u00e3o","tr\u00e1fico de influ\u00eancias","tribunal"],"articleSection":["Not\u00edcias"],"inLanguage":"pt-PT"},{"@type":"WebPage","@id":"https:\/\/portaltela.pt\/noticias\/2025\/12\/16\/advogado-diz-que-paulo-malafaia-foi-retratado-como-o-diabo\/","url":"https:\/\/portaltela.pt\/noticias\/2025\/12\/16\/advogado-diz-que-paulo-malafaia-foi-retratado-como-o-diabo\/","name":"Advogado diz que Paulo Malafaia foi retratado como o diabo. - Portal Tela Portugal","isPartOf":{"@id":"https:\/\/portaltela.pt\/#website"},"primaryImageOfPage":{"@id":"https:\/\/portaltela.pt\/noticias\/2025\/12\/16\/advogado-diz-que-paulo-malafaia-foi-retratado-como-o-diabo\/#primaryimage"},"image":{"@id":"https:\/\/portaltela.pt\/noticias\/2025\/12\/16\/advogado-diz-que-paulo-malafaia-foi-retratado-como-o-diabo\/#primaryimage"},"thumbnailUrl":"https:\/\/portaltela.pt\/s.01k8rhncp4jt1\/2025\/12\/camara-municipal-de-vila-nova-de-gaia-1.jpg","datePublished":"2025-12-16T16:47:00+00:00","author":{"@id":"https:\/\/portaltela.pt\/#\/schema\/person\/c4278d4a6028830caff9ee44b42d32ed"},"breadcrumb":{"@id":"https:\/\/portaltela.pt\/noticias\/2025\/12\/16\/advogado-diz-que-paulo-malafaia-foi-retratado-como-o-diabo\/#breadcrumb"},"inLanguage":"pt-PT","potentialAction":[{"@type":"ReadAction","target":["https:\/\/portaltela.pt\/noticias\/2025\/12\/16\/advogado-diz-que-paulo-malafaia-foi-retratado-como-o-diabo\/"]}]},{"@type":"ImageObject","inLanguage":"pt-PT","@id":"https:\/\/portaltela.pt\/noticias\/2025\/12\/16\/advogado-diz-que-paulo-malafaia-foi-retratado-como-o-diabo\/#primaryimage","url":"https:\/\/portaltela.pt\/s.01k8rhncp4jt1\/2025\/12\/camara-municipal-de-vila-nova-de-gaia-1.jpg","contentUrl":"https:\/\/portaltela.pt\/s.01k8rhncp4jt1\/2025\/12\/camara-municipal-de-vila-nova-de-gaia-1.jpg","width":796,"height":448,"caption":"Observador"},{"@type":"BreadcrumbList","@id":"https:\/\/portaltela.pt\/noticias\/2025\/12\/16\/advogado-diz-que-paulo-malafaia-foi-retratado-como-o-diabo\/#breadcrumb","itemListElement":[{"@type":"ListItem","position":1,"name":"In\u00edcio","item":"https:\/\/portaltela.pt\/"},{"@type":"ListItem","position":2,"name":"Advogado diz que Paulo Malafaia foi retratado como o diabo."}]},{"@type":"WebSite","@id":"https:\/\/portaltela.pt\/#website","url":"https:\/\/portaltela.pt\/","name":"Portal Tela Portugal","description":"","potentialAction":[{"@type":"SearchAction","target":{"@type":"EntryPoint","urlTemplate":"https:\/\/portaltela.pt\/?s={search_term_string}"},"query-input":{"@type":"PropertyValueSpecification","valueRequired":true,"valueName":"search_term_string"}}],"inLanguage":"pt-PT"},{"@type":"Person","@id":"https:\/\/portaltela.pt\/#\/schema\/person\/c4278d4a6028830caff9ee44b42d32ed","name":"Telinha","image":{"@type":"ImageObject","inLanguage":"pt-PT","@id":"https:\/\/portaltela.pt\/s.01k8rhncp4jt1\/2025\/11\/talking-bot-125x125.png","url":"https:\/\/portaltela.pt\/s.01k8rhncp4jt1\/2025\/11\/talking-bot-125x125.png","contentUrl":"https:\/\/portaltela.pt\/s.01k8rhncp4jt1\/2025\/11\/talking-bot-125x125.png","caption":"Telinha"},"sameAs":["https:\/\/portaltela.pt\/"],"url":"https:\/\/portaltela.pt\/por\/367410592786\/"}]}},"_links":{"self":[{"href":"https:\/\/portaltela.pt\/api\/wp\/v2\/posts\/79712","targetHints":{"allow":["GET"]}}],"collection":[{"href":"https:\/\/portaltela.pt\/api\/wp\/v2\/posts"}],"about":[{"href":"https:\/\/portaltela.pt\/api\/wp\/v2\/types\/post"}],"author":[{"embeddable":true,"href":"https:\/\/portaltela.pt\/api\/wp\/v2\/users\/2"}],"replies":[{"embeddable":true,"href":"https:\/\/portaltela.pt\/api\/wp\/v2\/comments?post=79712"}],"version-history":[{"count":0,"href":"https:\/\/portaltela.pt\/api\/wp\/v2\/posts\/79712\/revisions"}],"wp:featuredmedia":[{"embeddable":true,"href":"https:\/\/portaltela.pt\/api\/wp\/v2\/media\/79716"}],"wp:attachment":[{"href":"https:\/\/portaltela.pt\/api\/wp\/v2\/media?parent=79712"}],"wp:term":[{"taxonomy":"category","embeddable":true,"href":"https:\/\/portaltela.pt\/api\/wp\/v2\/categories?post=79712"},{"taxonomy":"post_tag","embeddable":true,"href":"https:\/\/portaltela.pt\/api\/wp\/v2\/tags?post=79712"}],"curies":[{"name":"wp","href":"https:\/\/api.w.org\/{rel}","templated":true}]}}