{"id":79375,"date":"2025-12-16T10:25:00","date_gmt":"2025-12-16T13:25:00","guid":{"rendered":"https:\/\/portaltela.pt\/noticias\/2025\/12\/16\/chefe-da-psp-vai-a-julgamento-por-14-crimes-de-violencia-domestica\/"},"modified":"2025-12-16T10:25:00","modified_gmt":"2025-12-16T13:25:00","slug":"chefe-da-psp-vai-a-julgamento-por-14-crimes-de-violencia-domestica","status":"publish","type":"post","link":"https:\/\/portaltela.pt\/noticias\/2025\/12\/16\/chefe-da-psp-vai-a-julgamento-por-14-crimes-de-violencia-domestica\/","title":{"rendered":"Chefe da PSP vai a julgamento por 14 crimes de viol\u00eancia dom\u00e9stica"},"content":{"rendered":"<p>Um chefe da Pol\u00edcia de Seguran\u00e7a P\u00fablica (PSP) vai a julgamento por 14 crimes, incluindo viol\u00eancia dom\u00e9stica agravada, amea\u00e7a e ofensa \u00e0 integridade f\u00edsica. O tribunal coletivo de Leiria dever\u00e1 decidir sobre os factos imputados ao arguido, que tem 41 anos e trabalhava numa esquadra de Lisboa. O processo j\u00e1 aguardava instru\u00e7\u00e3o, com o juiz a consider\u00e1-lo conforme a acusa\u00e7\u00e3o do Minist\u00e9rio P\u00fablico.<\/p>\n<p>A acusa\u00e7\u00e3o aponta viol\u00eancia psicol\u00f3gica reiterada contra a mulher, bem como epis\u00f3dios de terror e humilha\u00e7\u00e3o que colocaram a v\u00edtima em constante sobressalto. Os crimes incluem ainda amea\u00e7as de morte \u00e0 mulher e aos sogros e introdu\u00e7\u00e3o em lugar vedado ao p\u00fablico.<\/p>\n<h3>Qualifica\u00e7\u00f5es e v\u00edtimas<\/h3>\n<p>O arguido \u00e9 acusado de um crime de viol\u00eancia dom\u00e9stica agravada, nove de amea\u00e7a agravada, tr\u00eas de introdu\u00e7\u00e3o em lugar vedado ao p\u00fablico e um de ofensa \u00e0 integridade f\u00edsica. As v\u00edtimas s\u00e3o a mulher com quem tem um filho menor e os sogros.<\/p>\n<p>A mulher sofreu maus-tratos psicol\u00f3gicos, com o arguido a descrever atitudes que visavam controlar a v\u00edtima. Em determinado epis\u00f3dio, a v\u00edtima gravou para prote\u00e7\u00e3o, momento em que o arguido a agrediu fisicamente, provocando necessidade de tratamento hospitalar.<\/p>\n<h3>Situa\u00e7\u00e3o processual e antecedentes<\/h3>\n<p>O arguido continua detido, a aguardar o desenrolar do processo, sob a medida de coa\u00e7\u00e3o de obriga\u00e7\u00e3o de perman\u00eancia na habita\u00e7\u00e3o com vigil\u00e2ncia eletr\u00f3nica. A PSP recolheu armas durante a deten\u00e7\u00e3o, incluindo arma de servi\u00e7o, bast\u00e3o extens\u00edvel e arma pessoal, num momento em que o suspeito estava de baixa psiqui\u00e1trica.<\/p>\n<p>Na sequ\u00eancia do caso, em mar\u00e7o, houve deten\u00e7\u00e3o em Lisboa pelas autoridades de Leiria e a mulher apresentou queixa na esquadra da Nazar\u00e9. A PSP reiterou que as armas, ainda que apreendidas, n\u00e3o impedem o risco associado a comportamento violento. A investiga\u00e7\u00e3o prossegue, com fiscaliza\u00e7\u00e3o \u00e0s condi\u00e7\u00f5es de seguran\u00e7a das v\u00edtimas.<\/p>\n<h3>Contexto institucional<\/h3>\n<p>Em mar\u00e7o de 2025 j\u00e1 tinha sido criado um processo disciplinar no Comando Metropolitano de Lisboa, a aguardar decis\u00e3o judicial. A atua\u00e7\u00e3o da PSP durante a ocorr\u00eancia seguiu os procedimentos legais, com o objetivo de assegurar a integridade das v\u00edtimas e a correta aplica\u00e7\u00e3o da lei.<\/p>\n<p>A viol\u00eancia dom\u00e9stica continua a merecer aten\u00e7\u00e3o p\u00fablica em Portugal, com a sociedade civil a exigir pol\u00edticas p\u00fablicas robustas de preven\u00e7\u00e3o, prote\u00e7\u00e3o \u00e0s v\u00edtimas e apoio \u00e0s fam\u00edlias afetadas. A investiga\u00e7\u00e3o permanece em curso, com a responsabiliza\u00e7\u00e3o criminal a cargo do poder judici\u00e1rio.<\/p>\n","protected":false},"excerpt":{"rendered":"<ul>\n<li>O chefe da Pol\u00edcia de Seguran\u00e7a P\u00fablica (PSP) vai ser julgado num tribunal coletivo por 14 crimes, incluindo viol\u00eancia dom\u00e9stica agravada, nove crimes de amea\u00e7a agravados, tr\u00eas de introdu\u00e7\u00e3o em lugar vedado ao p\u00fablico e um de ofensa \u00e0 integridade f\u00edsica, envolvendo a mulher com quem tem um filho menor e os sogros.<\/li>\n<li>O juiz de instru\u00e7\u00e3o criminal de Leiria julgou improcedente a nulidade parcial do inqu\u00e9rito e pronunciou o arguido pelos factos e qualifica\u00e7\u00e3o jur\u00eddica constantes da acusa\u00e7\u00e3o do Minist\u00e9rio P\u00fablico, mantendo o caso em andamento com o arguido sujeito a coa\u00e7\u00e3o de obriga\u00e7\u00e3o de perman\u00eancia na habita\u00e7\u00e3o com vigil\u00e2ncia eletr\u00f3nica.<\/li>\n<li>A v\u00edtima sofreu maus-tratos psicol\u00f3gicos reiterados, terror e humilha\u00e7\u00e3o; o Minist\u00e9rio P\u00fablico descreve epis\u00f3dios de amea\u00e7as de morte e agress\u00f5es que chegaram a exigir tratamento hospitalar.<\/li>\n<li>Em mar\u00e7o, a mulher apresentou queixa na esquadra da PSP da Nazar\u00e9; o arguido foi detido em Lisboa; a PSP apreendeu arma de servi\u00e7o, bast\u00e3o extens\u00edvel e arma pessoal, e houve recusa de entrega das armas, com novas amea\u00e7as.<\/li>\n<li>Em setembro, a PSP informou a instaura\u00e7\u00e3o de processo disciplinar; o caso continua a ser acompanhado pela imprensa e pela comunidade; o arguido permanece detido e o processo penal segue os tr\u00e2mites legais.<\/li>\n<\/ul>\n","protected":false},"author":2,"featured_media":79377,"comment_status":"closed","ping_status":"closed","sticky":false,"template":"","format":"standard","meta":{"footnotes":""},"categories":[1],"tags":[291,1447,554,52,214,899],"class_list":["post-79375","post","type-post","status-publish","format-standard","has-post-thumbnail","hentry","category-noticias","tag-ameaca-agravada","tag-ofensa-a-integridade-fisica-qualificada","tag-policia-publica","tag-tribunal","tag-violencia-domestica","tag-violencia-domestica-agravada"],"yoast_head":"<!-- This site is optimized with the Yoast SEO plugin v27.2 - https:\/\/yoast.com\/product\/yoast-seo-wordpress\/ -->\n<title>Chefe da PSP vai a julgamento por 14 crimes de viol\u00eancia dom\u00e9stica - Portal Tela Portugal<\/title>\n<meta name=\"robots\" content=\"index, follow, max-snippet:-1, max-image-preview:large, max-video-preview:-1\" \/>\n<meta property=\"og:locale\" content=\"pt_PT\" \/>\n<meta property=\"og:type\" content=\"article\" \/>\n<meta property=\"og:title\" content=\"Chefe da PSP vai a julgamento por 14 crimes de viol\u00eancia dom\u00e9stica - Portal Tela Portugal\" \/>\n<meta property=\"og:description\" content=\"O chefe da Pol\u00edcia de Seguran\u00e7a P\u00fablica (PSP) vai ser julgado num tribunal coletivo por 14 crimes, incluindo viol\u00eancia dom\u00e9stica agravada, nove crimes de amea\u00e7a agravados, tr\u00eas de introdu\u00e7\u00e3o em lugar vedado ao p\u00fablico e um de ofensa \u00e0 integridade f\u00edsica, envolvendo a mulher com quem tem um filho menor e os sogros. O juiz de instru\u00e7\u00e3o criminal de Leiria julgou improcedente a nulidade parcial do inqu\u00e9rito e pronunciou o arguido pelos factos e qualifica\u00e7\u00e3o jur\u00eddica constantes da acusa\u00e7\u00e3o do Minist\u00e9rio P\u00fablico, mantendo o caso em andamento com o arguido sujeito a coa\u00e7\u00e3o de obriga\u00e7\u00e3o de perman\u00eancia na habita\u00e7\u00e3o com vigil\u00e2ncia eletr\u00f3nica. A v\u00edtima sofreu maus-tratos psicol\u00f3gicos reiterados, terror e humilha\u00e7\u00e3o; o Minist\u00e9rio P\u00fablico descreve epis\u00f3dios de amea\u00e7as de morte e agress\u00f5es que chegaram a exigir tratamento hospitalar. Em mar\u00e7o, a mulher apresentou queixa na esquadra da PSP da Nazar\u00e9; o arguido foi detido em Lisboa; a PSP apreendeu arma de servi\u00e7o, bast\u00e3o extens\u00edvel e arma pessoal, e houve recusa de entrega das armas, com novas amea\u00e7as. Em setembro, a PSP informou a instaura\u00e7\u00e3o de processo disciplinar; o caso continua a ser acompanhado pela imprensa e pela comunidade; o arguido permanece detido e o processo penal segue os tr\u00e2mites legais.\" \/>\n<meta property=\"og:url\" content=\"https:\/\/portaltela.pt\/noticias\/2025\/12\/16\/chefe-da-psp-vai-a-julgamento-por-14-crimes-de-violencia-domestica\/\" \/>\n<meta property=\"og:site_name\" content=\"Portal Tela Portugal\" \/>\n<meta property=\"article:published_time\" content=\"2025-12-16T13:25:00+00:00\" \/>\n<meta name=\"author\" content=\"Telinha\" \/>\n<meta name=\"twitter:card\" content=\"summary_large_image\" \/>\n<meta name=\"twitter:label1\" content=\"Escrito por\" \/>\n\t<meta name=\"twitter:data1\" content=\"Telinha\" \/>\n\t<meta name=\"twitter:label2\" content=\"Tempo estimado de leitura\" \/>\n\t<meta name=\"twitter:data2\" content=\"2 minutos\" \/>\n<script type=\"application\/ld+json\" class=\"yoast-schema-graph\">{\"@context\":\"https:\/\/schema.org\",\"@graph\":[{\"@type\":\"Article\",\"@id\":\"https:\/\/portaltela.pt\/noticias\/2025\/12\/16\/chefe-da-psp-vai-a-julgamento-por-14-crimes-de-violencia-domestica\/#article\",\"isPartOf\":{\"@id\":\"https:\/\/portaltela.pt\/noticias\/2025\/12\/16\/chefe-da-psp-vai-a-julgamento-por-14-crimes-de-violencia-domestica\/\"},\"author\":{\"name\":\"Telinha\",\"@id\":\"https:\/\/portaltela.pt\/#\/schema\/person\/c4278d4a6028830caff9ee44b42d32ed\"},\"headline\":\"Chefe da PSP vai a julgamento por 14 crimes de viol\u00eancia dom\u00e9stica\",\"datePublished\":\"2025-12-16T13:25:00+00:00\",\"mainEntityOfPage\":{\"@id\":\"https:\/\/portaltela.pt\/noticias\/2025\/12\/16\/chefe-da-psp-vai-a-julgamento-por-14-crimes-de-violencia-domestica\/\"},\"wordCount\":468,\"image\":{\"@id\":\"https:\/\/portaltela.pt\/noticias\/2025\/12\/16\/chefe-da-psp-vai-a-julgamento-por-14-crimes-de-violencia-domestica\/#primaryimage\"},\"thumbnailUrl\":\"https:\/\/portaltela.pt\/s.01k8rhncp4jt1\/2025\/12\/img_1280x721uu2022-09-17-10-10-57-1185597.jpg\",\"keywords\":[\"amea\u00e7a agravada\",\"ofensa \u00e0 integridade f\u00edsica qualificada\",\"pol\u00edcia p\u00fablica\",\"tribunal\",\"viol\u00eancia dom\u00e9stica\",\"viol\u00eancia dom\u00e9stica agravada\"],\"articleSection\":[\"Not\u00edcias\"],\"inLanguage\":\"pt-PT\"},{\"@type\":\"WebPage\",\"@id\":\"https:\/\/portaltela.pt\/noticias\/2025\/12\/16\/chefe-da-psp-vai-a-julgamento-por-14-crimes-de-violencia-domestica\/\",\"url\":\"https:\/\/portaltela.pt\/noticias\/2025\/12\/16\/chefe-da-psp-vai-a-julgamento-por-14-crimes-de-violencia-domestica\/\",\"name\":\"Chefe da PSP vai a julgamento por 14 crimes de viol\u00eancia dom\u00e9stica - Portal Tela Portugal\",\"isPartOf\":{\"@id\":\"https:\/\/portaltela.pt\/#website\"},\"primaryImageOfPage\":{\"@id\":\"https:\/\/portaltela.pt\/noticias\/2025\/12\/16\/chefe-da-psp-vai-a-julgamento-por-14-crimes-de-violencia-domestica\/#primaryimage\"},\"image\":{\"@id\":\"https:\/\/portaltela.pt\/noticias\/2025\/12\/16\/chefe-da-psp-vai-a-julgamento-por-14-crimes-de-violencia-domestica\/#primaryimage\"},\"thumbnailUrl\":\"https:\/\/portaltela.pt\/s.01k8rhncp4jt1\/2025\/12\/img_1280x721uu2022-09-17-10-10-57-1185597.jpg\",\"datePublished\":\"2025-12-16T13:25:00+00:00\",\"author\":{\"@id\":\"https:\/\/portaltela.pt\/#\/schema\/person\/c4278d4a6028830caff9ee44b42d32ed\"},\"breadcrumb\":{\"@id\":\"https:\/\/portaltela.pt\/noticias\/2025\/12\/16\/chefe-da-psp-vai-a-julgamento-por-14-crimes-de-violencia-domestica\/#breadcrumb\"},\"inLanguage\":\"pt-PT\",\"potentialAction\":[{\"@type\":\"ReadAction\",\"target\":[\"https:\/\/portaltela.pt\/noticias\/2025\/12\/16\/chefe-da-psp-vai-a-julgamento-por-14-crimes-de-violencia-domestica\/\"]}]},{\"@type\":\"ImageObject\",\"inLanguage\":\"pt-PT\",\"@id\":\"https:\/\/portaltela.pt\/noticias\/2025\/12\/16\/chefe-da-psp-vai-a-julgamento-por-14-crimes-de-violencia-domestica\/#primaryimage\",\"url\":\"https:\/\/portaltela.pt\/s.01k8rhncp4jt1\/2025\/12\/img_1280x721uu2022-09-17-10-10-57-1185597.jpg\",\"contentUrl\":\"https:\/\/portaltela.pt\/s.01k8rhncp4jt1\/2025\/12\/img_1280x721uu2022-09-17-10-10-57-1185597.jpg\",\"width\":796,\"height\":448,\"caption\":\"PSP FOTO: CMTV\"},{\"@type\":\"BreadcrumbList\",\"@id\":\"https:\/\/portaltela.pt\/noticias\/2025\/12\/16\/chefe-da-psp-vai-a-julgamento-por-14-crimes-de-violencia-domestica\/#breadcrumb\",\"itemListElement\":[{\"@type\":\"ListItem\",\"position\":1,\"name\":\"In\u00edcio\",\"item\":\"https:\/\/portaltela.pt\/\"},{\"@type\":\"ListItem\",\"position\":2,\"name\":\"Chefe da PSP vai a julgamento por 14 crimes de viol\u00eancia dom\u00e9stica\"}]},{\"@type\":\"WebSite\",\"@id\":\"https:\/\/portaltela.pt\/#website\",\"url\":\"https:\/\/portaltela.pt\/\",\"name\":\"Portal Tela Portugal\",\"description\":\"\",\"potentialAction\":[{\"@type\":\"SearchAction\",\"target\":{\"@type\":\"EntryPoint\",\"urlTemplate\":\"https:\/\/portaltela.pt\/?s={search_term_string}\"},\"query-input\":{\"@type\":\"PropertyValueSpecification\",\"valueRequired\":true,\"valueName\":\"search_term_string\"}}],\"inLanguage\":\"pt-PT\"},{\"@type\":\"Person\",\"@id\":\"https:\/\/portaltela.pt\/#\/schema\/person\/c4278d4a6028830caff9ee44b42d32ed\",\"name\":\"Telinha\",\"image\":{\"@type\":\"ImageObject\",\"inLanguage\":\"pt-PT\",\"@id\":\"https:\/\/portaltela.pt\/s.01k8rhncp4jt1\/2025\/11\/talking-bot-125x125.png\",\"url\":\"https:\/\/portaltela.pt\/s.01k8rhncp4jt1\/2025\/11\/talking-bot-125x125.png\",\"contentUrl\":\"https:\/\/portaltela.pt\/s.01k8rhncp4jt1\/2025\/11\/talking-bot-125x125.png\",\"caption\":\"Telinha\"},\"sameAs\":[\"https:\/\/portaltela.pt\/\"],\"url\":\"https:\/\/portaltela.pt\/por\/367410592786\/\"}]}<\/script>\n<!-- \/ Yoast SEO plugin. -->","yoast_head_json":{"title":"Chefe da PSP vai a julgamento por 14 crimes de viol\u00eancia dom\u00e9stica - Portal Tela Portugal","robots":{"index":"index","follow":"follow","max-snippet":"max-snippet:-1","max-image-preview":"max-image-preview:large","max-video-preview":"max-video-preview:-1"},"og_locale":"pt_PT","og_type":"article","og_title":"Chefe da PSP vai a julgamento por 14 crimes de viol\u00eancia dom\u00e9stica - Portal Tela Portugal","og_description":"O chefe da Pol\u00edcia de Seguran\u00e7a P\u00fablica (PSP) vai ser julgado num tribunal coletivo por 14 crimes, incluindo viol\u00eancia dom\u00e9stica agravada, nove crimes de amea\u00e7a agravados, tr\u00eas de introdu\u00e7\u00e3o em lugar vedado ao p\u00fablico e um de ofensa \u00e0 integridade f\u00edsica, envolvendo a mulher com quem tem um filho menor e os sogros. O juiz de instru\u00e7\u00e3o criminal de Leiria julgou improcedente a nulidade parcial do inqu\u00e9rito e pronunciou o arguido pelos factos e qualifica\u00e7\u00e3o jur\u00eddica constantes da acusa\u00e7\u00e3o do Minist\u00e9rio P\u00fablico, mantendo o caso em andamento com o arguido sujeito a coa\u00e7\u00e3o de obriga\u00e7\u00e3o de perman\u00eancia na habita\u00e7\u00e3o com vigil\u00e2ncia eletr\u00f3nica. A v\u00edtima sofreu maus-tratos psicol\u00f3gicos reiterados, terror e humilha\u00e7\u00e3o; o Minist\u00e9rio P\u00fablico descreve epis\u00f3dios de amea\u00e7as de morte e agress\u00f5es que chegaram a exigir tratamento hospitalar. Em mar\u00e7o, a mulher apresentou queixa na esquadra da PSP da Nazar\u00e9; o arguido foi detido em Lisboa; a PSP apreendeu arma de servi\u00e7o, bast\u00e3o extens\u00edvel e arma pessoal, e houve recusa de entrega das armas, com novas amea\u00e7as. Em setembro, a PSP informou a instaura\u00e7\u00e3o de processo disciplinar; o caso continua a ser acompanhado pela imprensa e pela comunidade; o arguido permanece detido e o processo penal segue os tr\u00e2mites legais.","og_url":"https:\/\/portaltela.pt\/noticias\/2025\/12\/16\/chefe-da-psp-vai-a-julgamento-por-14-crimes-de-violencia-domestica\/","og_site_name":"Portal Tela Portugal","article_published_time":"2025-12-16T13:25:00+00:00","author":"Telinha","twitter_card":"summary_large_image","twitter_misc":{"Escrito por":"Telinha","Tempo estimado de leitura":"2 minutos"},"schema":{"@context":"https:\/\/schema.org","@graph":[{"@type":"Article","@id":"https:\/\/portaltela.pt\/noticias\/2025\/12\/16\/chefe-da-psp-vai-a-julgamento-por-14-crimes-de-violencia-domestica\/#article","isPartOf":{"@id":"https:\/\/portaltela.pt\/noticias\/2025\/12\/16\/chefe-da-psp-vai-a-julgamento-por-14-crimes-de-violencia-domestica\/"},"author":{"name":"Telinha","@id":"https:\/\/portaltela.pt\/#\/schema\/person\/c4278d4a6028830caff9ee44b42d32ed"},"headline":"Chefe da PSP vai a julgamento por 14 crimes de viol\u00eancia dom\u00e9stica","datePublished":"2025-12-16T13:25:00+00:00","mainEntityOfPage":{"@id":"https:\/\/portaltela.pt\/noticias\/2025\/12\/16\/chefe-da-psp-vai-a-julgamento-por-14-crimes-de-violencia-domestica\/"},"wordCount":468,"image":{"@id":"https:\/\/portaltela.pt\/noticias\/2025\/12\/16\/chefe-da-psp-vai-a-julgamento-por-14-crimes-de-violencia-domestica\/#primaryimage"},"thumbnailUrl":"https:\/\/portaltela.pt\/s.01k8rhncp4jt1\/2025\/12\/img_1280x721uu2022-09-17-10-10-57-1185597.jpg","keywords":["amea\u00e7a agravada","ofensa \u00e0 integridade f\u00edsica qualificada","pol\u00edcia p\u00fablica","tribunal","viol\u00eancia dom\u00e9stica","viol\u00eancia dom\u00e9stica agravada"],"articleSection":["Not\u00edcias"],"inLanguage":"pt-PT"},{"@type":"WebPage","@id":"https:\/\/portaltela.pt\/noticias\/2025\/12\/16\/chefe-da-psp-vai-a-julgamento-por-14-crimes-de-violencia-domestica\/","url":"https:\/\/portaltela.pt\/noticias\/2025\/12\/16\/chefe-da-psp-vai-a-julgamento-por-14-crimes-de-violencia-domestica\/","name":"Chefe da PSP vai a julgamento por 14 crimes de viol\u00eancia dom\u00e9stica - Portal Tela Portugal","isPartOf":{"@id":"https:\/\/portaltela.pt\/#website"},"primaryImageOfPage":{"@id":"https:\/\/portaltela.pt\/noticias\/2025\/12\/16\/chefe-da-psp-vai-a-julgamento-por-14-crimes-de-violencia-domestica\/#primaryimage"},"image":{"@id":"https:\/\/portaltela.pt\/noticias\/2025\/12\/16\/chefe-da-psp-vai-a-julgamento-por-14-crimes-de-violencia-domestica\/#primaryimage"},"thumbnailUrl":"https:\/\/portaltela.pt\/s.01k8rhncp4jt1\/2025\/12\/img_1280x721uu2022-09-17-10-10-57-1185597.jpg","datePublished":"2025-12-16T13:25:00+00:00","author":{"@id":"https:\/\/portaltela.pt\/#\/schema\/person\/c4278d4a6028830caff9ee44b42d32ed"},"breadcrumb":{"@id":"https:\/\/portaltela.pt\/noticias\/2025\/12\/16\/chefe-da-psp-vai-a-julgamento-por-14-crimes-de-violencia-domestica\/#breadcrumb"},"inLanguage":"pt-PT","potentialAction":[{"@type":"ReadAction","target":["https:\/\/portaltela.pt\/noticias\/2025\/12\/16\/chefe-da-psp-vai-a-julgamento-por-14-crimes-de-violencia-domestica\/"]}]},{"@type":"ImageObject","inLanguage":"pt-PT","@id":"https:\/\/portaltela.pt\/noticias\/2025\/12\/16\/chefe-da-psp-vai-a-julgamento-por-14-crimes-de-violencia-domestica\/#primaryimage","url":"https:\/\/portaltela.pt\/s.01k8rhncp4jt1\/2025\/12\/img_1280x721uu2022-09-17-10-10-57-1185597.jpg","contentUrl":"https:\/\/portaltela.pt\/s.01k8rhncp4jt1\/2025\/12\/img_1280x721uu2022-09-17-10-10-57-1185597.jpg","width":796,"height":448,"caption":"PSP FOTO: CMTV"},{"@type":"BreadcrumbList","@id":"https:\/\/portaltela.pt\/noticias\/2025\/12\/16\/chefe-da-psp-vai-a-julgamento-por-14-crimes-de-violencia-domestica\/#breadcrumb","itemListElement":[{"@type":"ListItem","position":1,"name":"In\u00edcio","item":"https:\/\/portaltela.pt\/"},{"@type":"ListItem","position":2,"name":"Chefe da PSP vai a julgamento por 14 crimes de viol\u00eancia dom\u00e9stica"}]},{"@type":"WebSite","@id":"https:\/\/portaltela.pt\/#website","url":"https:\/\/portaltela.pt\/","name":"Portal Tela Portugal","description":"","potentialAction":[{"@type":"SearchAction","target":{"@type":"EntryPoint","urlTemplate":"https:\/\/portaltela.pt\/?s={search_term_string}"},"query-input":{"@type":"PropertyValueSpecification","valueRequired":true,"valueName":"search_term_string"}}],"inLanguage":"pt-PT"},{"@type":"Person","@id":"https:\/\/portaltela.pt\/#\/schema\/person\/c4278d4a6028830caff9ee44b42d32ed","name":"Telinha","image":{"@type":"ImageObject","inLanguage":"pt-PT","@id":"https:\/\/portaltela.pt\/s.01k8rhncp4jt1\/2025\/11\/talking-bot-125x125.png","url":"https:\/\/portaltela.pt\/s.01k8rhncp4jt1\/2025\/11\/talking-bot-125x125.png","contentUrl":"https:\/\/portaltela.pt\/s.01k8rhncp4jt1\/2025\/11\/talking-bot-125x125.png","caption":"Telinha"},"sameAs":["https:\/\/portaltela.pt\/"],"url":"https:\/\/portaltela.pt\/por\/367410592786\/"}]}},"_links":{"self":[{"href":"https:\/\/portaltela.pt\/api\/wp\/v2\/posts\/79375","targetHints":{"allow":["GET"]}}],"collection":[{"href":"https:\/\/portaltela.pt\/api\/wp\/v2\/posts"}],"about":[{"href":"https:\/\/portaltela.pt\/api\/wp\/v2\/types\/post"}],"author":[{"embeddable":true,"href":"https:\/\/portaltela.pt\/api\/wp\/v2\/users\/2"}],"replies":[{"embeddable":true,"href":"https:\/\/portaltela.pt\/api\/wp\/v2\/comments?post=79375"}],"version-history":[{"count":0,"href":"https:\/\/portaltela.pt\/api\/wp\/v2\/posts\/79375\/revisions"}],"wp:featuredmedia":[{"embeddable":true,"href":"https:\/\/portaltela.pt\/api\/wp\/v2\/media\/79377"}],"wp:attachment":[{"href":"https:\/\/portaltela.pt\/api\/wp\/v2\/media?parent=79375"}],"wp:term":[{"taxonomy":"category","embeddable":true,"href":"https:\/\/portaltela.pt\/api\/wp\/v2\/categories?post=79375"},{"taxonomy":"post_tag","embeddable":true,"href":"https:\/\/portaltela.pt\/api\/wp\/v2\/tags?post=79375"}],"curies":[{"name":"wp","href":"https:\/\/api.w.org\/{rel}","templated":true}]}}