{"id":78559,"date":"2025-12-16T02:05:00","date_gmt":"2025-12-16T05:05:00","guid":{"rendered":"https:\/\/portaltela.pt\/noticias\/2025\/12\/16\/gripe-e-infeccoes-respiratorias-aumentam-procura-de-hospitais-sns-24-e-inem\/"},"modified":"2025-12-16T02:05:00","modified_gmt":"2025-12-16T05:05:00","slug":"gripe-e-infeccoes-respiratorias-aumentam-procura-de-hospitais-sns-24-e-inem","status":"publish","type":"post","link":"https:\/\/portaltela.pt\/noticias\/2025\/12\/16\/gripe-e-infeccoes-respiratorias-aumentam-procura-de-hospitais-sns-24-e-inem\/","title":{"rendered":"Gripe e infec\u00e7\u00f5es respirat\u00f3rias aumentam procura de hospitais, SNS 24 e INEM"},"content":{"rendered":"<p>A procura pelas urg\u00eancias hospitalares, SNS 24 e INEM aumentou entre 1 e 7 de Dezembro, devido ao surto de gripe e infec\u00e7\u00f5es respirat\u00f3rias, segundo a Dire\u00e7\u00e3o-Geral da Sa\u00fade (DGS). O Relat\u00f3rio de Resposta Sazonal em Sa\u00fade mostra um acr\u00e9scimo do total de epis\u00f3dios de urg\u00eancia para 128.602, mais 1,7% face \u00e0 semana anterior.<\/p>\n<p>Tamb\u00e9m subiu o n\u00famero de casos de infec\u00e7\u00e3o respirat\u00f3ria aguda e de s\u00edndrome gripal, que passaram a representar, respetivamente, 8,1% do total (mais 1,2 p.p.) e 3,62% (+1,56 p.p.). A DGS aponta que o crescimento da gripe foi mais expressivo em adultos de 19 a 59 anos (26,6%; +4,0 p.p.) e em pessoas com 65 ou mais anos (20%; +1,1 p.p.).<\/p>\n<p>A an\u00e1lise indica que a propor\u00e7\u00e3o de atendimentos por s\u00edndrome gripal que derivaram em internamento manteve-se est\u00e1vel, em 8,3% (-0,1 p.p.). Em termos nacionais, a ocupa\u00e7\u00e3o de camas em enfermaria subiu para 80,1% e a de Unidades de Cuidados Intensivos (UCI) para 70,1%. A mortalidade geral manteve-se dentro do esperado, com picos no Norte e entre 75 a 84 anos.<\/p>\n<h3>SNS24 e INEM: din\u00e2mica de encaminhamentos<\/h3>\n<p>A Linha SNS24 registou um aumento de 4% nos atendimentos, totalizando 90.294. Embora as chamadas triadas por febre tenham diminu\u00eddo 10,5% (1.070), os contactos por problema respirat\u00f3rio agudo cresceram 21,4% (30.166). Apesar do aumento global da procura, os encaminhamentos para urg\u00eancia diminu\u00edram 2,9%, para cuidados de sa\u00fade prim\u00e1rios (-3,4%) e para o INEM (-74,5%). Em contrapartida, houve incremento de 5,4% em encaminhamentos para autocuidados.<\/p>\n<p>O INEM observou uma subida de 6,9% no n\u00famero de chamadas (36.382) e um aumento de 4,6% no total de ocorr\u00eancias (33.166). Verificou-se uma redu\u00e7\u00e3o de 21,9% nas consultas nos Cuidados de Sa\u00fade Prim\u00e1rios do SNS, com aumento da propor\u00e7\u00e3o de consultas por infe\u00e7\u00e3o respirat\u00f3ria aguda e por s\u00edndrome gripal.<\/p>\n<h3>V\u00edrus, vacina\u00e7\u00e3o e apelos oficiais<\/h3>\n<p>Foram registados 16 casos de infe\u00e7\u00e3o pelo v\u00edrus sincicial respirat\u00f3rio (VSR) em crian\u00e7as com menos de 2 anos, e a notifica\u00e7\u00e3o de SARS-CoV-2 estabilizou. A cobertura vacinal contra Covid-19 e gripe, nos grupos com 60+ anos, foi de cerca de 37% e 62%, respetivamente. O Programa Nacional de Vigil\u00e2ncia da Gripe assinala atividade gripal epid\u00e9mica com tend\u00eancia crescente.<\/p>\n<p>A DGS refor\u00e7a a necessidade de vacina\u00e7\u00e3o contra a Covid-19 e a gripe, assim como a utiliza\u00e7\u00e3o do SNS24 (808 24 24 24) como primeiro ponto de contacto com o sistema de sa\u00fade.<\/p>\n","protected":false},"excerpt":{"rendered":"<ul>\n<li>Entre 1 e 7 de Dezembro, as urg\u00eancias do hospital, SNS 24 e INEM aumentaram, totalizando 128.602 epis\u00f3dios (+1,7% face \u00e0 semana anterior), impulsionados por gripe e infe\u00e7\u00f5es respirat\u00f3rias.<\/li>\n<li>As infe\u00e7\u00f5es respirat\u00f3rias agudas representaram 8,1% do total de urg\u00eancias (mais 1,2 p.p.), e as s\u00edndromes gripais 3,62% (+1,56 p.p.), com maior crescimento entre adultos de 19 a 59 anos e 65 ou mais.<\/li>\n<li>A ocupa\u00e7\u00e3o de camas em enfermaria atingiu 80,1% e em unidades de cuidados intensivos 70,1%; a propor\u00e7\u00e3o de doentes com gripe admitidos em UCI ficou em 2,6%.<\/li>\n<li>A Linha SNS 24 registou 90.294 atendimentos (+4%), com 30.166 relativos a problemas respirat\u00f3rios agudos (+21,4%); encaminhamentos para urg\u00eancia, cuidados prim\u00e1rios e INEM diminu\u00edram.<\/li>\n<li>O Programa Nacional de Vigil\u00e2ncia da Gripe aponta atividade gripal epid\u00e9mica em crescimento; a DGS recomenda vacina\u00e7\u00e3o contra covid-19 e gripe e continuar a usar SNS 24 como primeiro ponto de contacto.<\/li>\n<\/ul>\n","protected":false},"author":2,"featured_media":78560,"comment_status":"closed","ping_status":"closed","sticky":false,"template":"","format":"standard","meta":{"footnotes":""},"categories":[1],"tags":[841,1144,1014,172,271,1475],"class_list":["post-78559","post","type-post","status-publish","format-standard","has-post-thumbnail","hentry","category-noticias","tag-infecao-respiratoria-aguda","tag-instituicoes","tag-portugal","tag-saude","tag-saude-publica","tag-sindrome-gripal"],"yoast_head":"<!-- This site is optimized with the Yoast SEO plugin v27.2 - https:\/\/yoast.com\/product\/yoast-seo-wordpress\/ -->\n<title>Gripe e infec\u00e7\u00f5es respirat\u00f3rias aumentam procura de hospitais, SNS 24 e INEM - Portal Tela Portugal<\/title>\n<meta name=\"robots\" content=\"index, follow, max-snippet:-1, max-image-preview:large, max-video-preview:-1\" \/>\n<meta property=\"og:locale\" content=\"pt_PT\" \/>\n<meta property=\"og:type\" content=\"article\" \/>\n<meta property=\"og:title\" content=\"Gripe e infec\u00e7\u00f5es respirat\u00f3rias aumentam procura de hospitais, SNS 24 e INEM - Portal Tela Portugal\" \/>\n<meta property=\"og:description\" content=\"Entre 1 e 7 de Dezembro, as urg\u00eancias do hospital, SNS 24 e INEM aumentaram, totalizando 128.602 epis\u00f3dios (+1,7% face \u00e0 semana anterior), impulsionados por gripe e infe\u00e7\u00f5es respirat\u00f3rias. As infe\u00e7\u00f5es respirat\u00f3rias agudas representaram 8,1% do total de urg\u00eancias (mais 1,2 p.p.), e as s\u00edndromes gripais 3,62% (+1,56 p.p.), com maior crescimento entre adultos de 19 a 59 anos e 65 ou mais. A ocupa\u00e7\u00e3o de camas em enfermaria atingiu 80,1% e em unidades de cuidados intensivos 70,1%; a propor\u00e7\u00e3o de doentes com gripe admitidos em UCI ficou em 2,6%. A Linha SNS 24 registou 90.294 atendimentos (+4%), com 30.166 relativos a problemas respirat\u00f3rios agudos (+21,4%); encaminhamentos para urg\u00eancia, cuidados prim\u00e1rios e INEM diminu\u00edram. O Programa Nacional de Vigil\u00e2ncia da Gripe aponta atividade gripal epid\u00e9mica em crescimento; a DGS recomenda vacina\u00e7\u00e3o contra covid-19 e gripe e continuar a usar SNS 24 como primeiro ponto de contacto.\" \/>\n<meta property=\"og:url\" content=\"https:\/\/portaltela.pt\/noticias\/2025\/12\/16\/gripe-e-infeccoes-respiratorias-aumentam-procura-de-hospitais-sns-24-e-inem\/\" \/>\n<meta property=\"og:site_name\" content=\"Portal Tela Portugal\" \/>\n<meta property=\"article:published_time\" content=\"2025-12-16T05:05:00+00:00\" \/>\n<meta name=\"author\" content=\"Telinha\" \/>\n<meta name=\"twitter:card\" content=\"summary_large_image\" \/>\n<meta name=\"twitter:label1\" content=\"Escrito por\" \/>\n\t<meta name=\"twitter:data1\" content=\"Telinha\" \/>\n\t<meta name=\"twitter:label2\" content=\"Tempo estimado de leitura\" \/>\n\t<meta name=\"twitter:data2\" content=\"2 minutos\" \/>\n<script type=\"application\/ld+json\" class=\"yoast-schema-graph\">{\"@context\":\"https:\/\/schema.org\",\"@graph\":[{\"@type\":\"Article\",\"@id\":\"https:\/\/portaltela.pt\/noticias\/2025\/12\/16\/gripe-e-infeccoes-respiratorias-aumentam-procura-de-hospitais-sns-24-e-inem\/#article\",\"isPartOf\":{\"@id\":\"https:\/\/portaltela.pt\/noticias\/2025\/12\/16\/gripe-e-infeccoes-respiratorias-aumentam-procura-de-hospitais-sns-24-e-inem\/\"},\"author\":{\"name\":\"Telinha\",\"@id\":\"https:\/\/portaltela.pt\/#\/schema\/person\/c4278d4a6028830caff9ee44b42d32ed\"},\"headline\":\"Gripe e infec\u00e7\u00f5es respirat\u00f3rias aumentam procura de hospitais, SNS 24 e INEM\",\"datePublished\":\"2025-12-16T05:05:00+00:00\",\"mainEntityOfPage\":{\"@id\":\"https:\/\/portaltela.pt\/noticias\/2025\/12\/16\/gripe-e-infeccoes-respiratorias-aumentam-procura-de-hospitais-sns-24-e-inem\/\"},\"wordCount\":415,\"image\":{\"@id\":\"https:\/\/portaltela.pt\/noticias\/2025\/12\/16\/gripe-e-infeccoes-respiratorias-aumentam-procura-de-hospitais-sns-24-e-inem\/#primaryimage\"},\"thumbnailUrl\":\"https:\/\/portaltela.pt\/s.01k8rhncp4jt1\/2025\/12\/shutterstock_1523330795_0fy8SmC.jpg\",\"keywords\":[\"infe\u00e7\u00e3o respirat\u00f3ria aguda\",\"institui\u00e7\u00f5es\",\"Portugal\",\"sa\u00fade\",\"sa\u00fade p\u00fablica\",\"s\u00edndrome gripal\"],\"articleSection\":[\"Not\u00edcias\"],\"inLanguage\":\"pt-PT\"},{\"@type\":\"WebPage\",\"@id\":\"https:\/\/portaltela.pt\/noticias\/2025\/12\/16\/gripe-e-infeccoes-respiratorias-aumentam-procura-de-hospitais-sns-24-e-inem\/\",\"url\":\"https:\/\/portaltela.pt\/noticias\/2025\/12\/16\/gripe-e-infeccoes-respiratorias-aumentam-procura-de-hospitais-sns-24-e-inem\/\",\"name\":\"Gripe e infec\u00e7\u00f5es respirat\u00f3rias aumentam procura de hospitais, SNS 24 e INEM - Portal Tela Portugal\",\"isPartOf\":{\"@id\":\"https:\/\/portaltela.pt\/#website\"},\"primaryImageOfPage\":{\"@id\":\"https:\/\/portaltela.pt\/noticias\/2025\/12\/16\/gripe-e-infeccoes-respiratorias-aumentam-procura-de-hospitais-sns-24-e-inem\/#primaryimage\"},\"image\":{\"@id\":\"https:\/\/portaltela.pt\/noticias\/2025\/12\/16\/gripe-e-infeccoes-respiratorias-aumentam-procura-de-hospitais-sns-24-e-inem\/#primaryimage\"},\"thumbnailUrl\":\"https:\/\/portaltela.pt\/s.01k8rhncp4jt1\/2025\/12\/shutterstock_1523330795_0fy8SmC.jpg\",\"datePublished\":\"2025-12-16T05:05:00+00:00\",\"author\":{\"@id\":\"https:\/\/portaltela.pt\/#\/schema\/person\/c4278d4a6028830caff9ee44b42d32ed\"},\"breadcrumb\":{\"@id\":\"https:\/\/portaltela.pt\/noticias\/2025\/12\/16\/gripe-e-infeccoes-respiratorias-aumentam-procura-de-hospitais-sns-24-e-inem\/#breadcrumb\"},\"inLanguage\":\"pt-PT\",\"potentialAction\":[{\"@type\":\"ReadAction\",\"target\":[\"https:\/\/portaltela.pt\/noticias\/2025\/12\/16\/gripe-e-infeccoes-respiratorias-aumentam-procura-de-hospitais-sns-24-e-inem\/\"]}]},{\"@type\":\"ImageObject\",\"inLanguage\":\"pt-PT\",\"@id\":\"https:\/\/portaltela.pt\/noticias\/2025\/12\/16\/gripe-e-infeccoes-respiratorias-aumentam-procura-de-hospitais-sns-24-e-inem\/#primaryimage\",\"url\":\"https:\/\/portaltela.pt\/s.01k8rhncp4jt1\/2025\/12\/shutterstock_1523330795_0fy8SmC.jpg\",\"contentUrl\":\"https:\/\/portaltela.pt\/s.01k8rhncp4jt1\/2025\/12\/shutterstock_1523330795_0fy8SmC.jpg\",\"width\":796,\"height\":448,\"caption\":\"Di\u00e1rio de Not\u00edcias da Madeira\"},{\"@type\":\"BreadcrumbList\",\"@id\":\"https:\/\/portaltela.pt\/noticias\/2025\/12\/16\/gripe-e-infeccoes-respiratorias-aumentam-procura-de-hospitais-sns-24-e-inem\/#breadcrumb\",\"itemListElement\":[{\"@type\":\"ListItem\",\"position\":1,\"name\":\"In\u00edcio\",\"item\":\"https:\/\/portaltela.pt\/\"},{\"@type\":\"ListItem\",\"position\":2,\"name\":\"Gripe e infec\u00e7\u00f5es respirat\u00f3rias aumentam procura de hospitais, SNS 24 e INEM\"}]},{\"@type\":\"WebSite\",\"@id\":\"https:\/\/portaltela.pt\/#website\",\"url\":\"https:\/\/portaltela.pt\/\",\"name\":\"Portal Tela Portugal\",\"description\":\"\",\"potentialAction\":[{\"@type\":\"SearchAction\",\"target\":{\"@type\":\"EntryPoint\",\"urlTemplate\":\"https:\/\/portaltela.pt\/?s={search_term_string}\"},\"query-input\":{\"@type\":\"PropertyValueSpecification\",\"valueRequired\":true,\"valueName\":\"search_term_string\"}}],\"inLanguage\":\"pt-PT\"},{\"@type\":\"Person\",\"@id\":\"https:\/\/portaltela.pt\/#\/schema\/person\/c4278d4a6028830caff9ee44b42d32ed\",\"name\":\"Telinha\",\"image\":{\"@type\":\"ImageObject\",\"inLanguage\":\"pt-PT\",\"@id\":\"https:\/\/portaltela.pt\/s.01k8rhncp4jt1\/2025\/11\/talking-bot-125x125.png\",\"url\":\"https:\/\/portaltela.pt\/s.01k8rhncp4jt1\/2025\/11\/talking-bot-125x125.png\",\"contentUrl\":\"https:\/\/portaltela.pt\/s.01k8rhncp4jt1\/2025\/11\/talking-bot-125x125.png\",\"caption\":\"Telinha\"},\"sameAs\":[\"https:\/\/portaltela.pt\/\"],\"url\":\"https:\/\/portaltela.pt\/por\/367410592786\/\"}]}<\/script>\n<!-- \/ Yoast SEO plugin. -->","yoast_head_json":{"title":"Gripe e infec\u00e7\u00f5es respirat\u00f3rias aumentam procura de hospitais, SNS 24 e INEM - Portal Tela Portugal","robots":{"index":"index","follow":"follow","max-snippet":"max-snippet:-1","max-image-preview":"max-image-preview:large","max-video-preview":"max-video-preview:-1"},"og_locale":"pt_PT","og_type":"article","og_title":"Gripe e infec\u00e7\u00f5es respirat\u00f3rias aumentam procura de hospitais, SNS 24 e INEM - Portal Tela Portugal","og_description":"Entre 1 e 7 de Dezembro, as urg\u00eancias do hospital, SNS 24 e INEM aumentaram, totalizando 128.602 epis\u00f3dios (+1,7% face \u00e0 semana anterior), impulsionados por gripe e infe\u00e7\u00f5es respirat\u00f3rias. As infe\u00e7\u00f5es respirat\u00f3rias agudas representaram 8,1% do total de urg\u00eancias (mais 1,2 p.p.), e as s\u00edndromes gripais 3,62% (+1,56 p.p.), com maior crescimento entre adultos de 19 a 59 anos e 65 ou mais. A ocupa\u00e7\u00e3o de camas em enfermaria atingiu 80,1% e em unidades de cuidados intensivos 70,1%; a propor\u00e7\u00e3o de doentes com gripe admitidos em UCI ficou em 2,6%. A Linha SNS 24 registou 90.294 atendimentos (+4%), com 30.166 relativos a problemas respirat\u00f3rios agudos (+21,4%); encaminhamentos para urg\u00eancia, cuidados prim\u00e1rios e INEM diminu\u00edram. O Programa Nacional de Vigil\u00e2ncia da Gripe aponta atividade gripal epid\u00e9mica em crescimento; a DGS recomenda vacina\u00e7\u00e3o contra covid-19 e gripe e continuar a usar SNS 24 como primeiro ponto de contacto.","og_url":"https:\/\/portaltela.pt\/noticias\/2025\/12\/16\/gripe-e-infeccoes-respiratorias-aumentam-procura-de-hospitais-sns-24-e-inem\/","og_site_name":"Portal Tela Portugal","article_published_time":"2025-12-16T05:05:00+00:00","author":"Telinha","twitter_card":"summary_large_image","twitter_misc":{"Escrito por":"Telinha","Tempo estimado de leitura":"2 minutos"},"schema":{"@context":"https:\/\/schema.org","@graph":[{"@type":"Article","@id":"https:\/\/portaltela.pt\/noticias\/2025\/12\/16\/gripe-e-infeccoes-respiratorias-aumentam-procura-de-hospitais-sns-24-e-inem\/#article","isPartOf":{"@id":"https:\/\/portaltela.pt\/noticias\/2025\/12\/16\/gripe-e-infeccoes-respiratorias-aumentam-procura-de-hospitais-sns-24-e-inem\/"},"author":{"name":"Telinha","@id":"https:\/\/portaltela.pt\/#\/schema\/person\/c4278d4a6028830caff9ee44b42d32ed"},"headline":"Gripe e infec\u00e7\u00f5es respirat\u00f3rias aumentam procura de hospitais, SNS 24 e INEM","datePublished":"2025-12-16T05:05:00+00:00","mainEntityOfPage":{"@id":"https:\/\/portaltela.pt\/noticias\/2025\/12\/16\/gripe-e-infeccoes-respiratorias-aumentam-procura-de-hospitais-sns-24-e-inem\/"},"wordCount":415,"image":{"@id":"https:\/\/portaltela.pt\/noticias\/2025\/12\/16\/gripe-e-infeccoes-respiratorias-aumentam-procura-de-hospitais-sns-24-e-inem\/#primaryimage"},"thumbnailUrl":"https:\/\/portaltela.pt\/s.01k8rhncp4jt1\/2025\/12\/shutterstock_1523330795_0fy8SmC.jpg","keywords":["infe\u00e7\u00e3o respirat\u00f3ria aguda","institui\u00e7\u00f5es","Portugal","sa\u00fade","sa\u00fade p\u00fablica","s\u00edndrome gripal"],"articleSection":["Not\u00edcias"],"inLanguage":"pt-PT"},{"@type":"WebPage","@id":"https:\/\/portaltela.pt\/noticias\/2025\/12\/16\/gripe-e-infeccoes-respiratorias-aumentam-procura-de-hospitais-sns-24-e-inem\/","url":"https:\/\/portaltela.pt\/noticias\/2025\/12\/16\/gripe-e-infeccoes-respiratorias-aumentam-procura-de-hospitais-sns-24-e-inem\/","name":"Gripe e infec\u00e7\u00f5es respirat\u00f3rias aumentam procura de hospitais, SNS 24 e INEM - Portal Tela Portugal","isPartOf":{"@id":"https:\/\/portaltela.pt\/#website"},"primaryImageOfPage":{"@id":"https:\/\/portaltela.pt\/noticias\/2025\/12\/16\/gripe-e-infeccoes-respiratorias-aumentam-procura-de-hospitais-sns-24-e-inem\/#primaryimage"},"image":{"@id":"https:\/\/portaltela.pt\/noticias\/2025\/12\/16\/gripe-e-infeccoes-respiratorias-aumentam-procura-de-hospitais-sns-24-e-inem\/#primaryimage"},"thumbnailUrl":"https:\/\/portaltela.pt\/s.01k8rhncp4jt1\/2025\/12\/shutterstock_1523330795_0fy8SmC.jpg","datePublished":"2025-12-16T05:05:00+00:00","author":{"@id":"https:\/\/portaltela.pt\/#\/schema\/person\/c4278d4a6028830caff9ee44b42d32ed"},"breadcrumb":{"@id":"https:\/\/portaltela.pt\/noticias\/2025\/12\/16\/gripe-e-infeccoes-respiratorias-aumentam-procura-de-hospitais-sns-24-e-inem\/#breadcrumb"},"inLanguage":"pt-PT","potentialAction":[{"@type":"ReadAction","target":["https:\/\/portaltela.pt\/noticias\/2025\/12\/16\/gripe-e-infeccoes-respiratorias-aumentam-procura-de-hospitais-sns-24-e-inem\/"]}]},{"@type":"ImageObject","inLanguage":"pt-PT","@id":"https:\/\/portaltela.pt\/noticias\/2025\/12\/16\/gripe-e-infeccoes-respiratorias-aumentam-procura-de-hospitais-sns-24-e-inem\/#primaryimage","url":"https:\/\/portaltela.pt\/s.01k8rhncp4jt1\/2025\/12\/shutterstock_1523330795_0fy8SmC.jpg","contentUrl":"https:\/\/portaltela.pt\/s.01k8rhncp4jt1\/2025\/12\/shutterstock_1523330795_0fy8SmC.jpg","width":796,"height":448,"caption":"Di\u00e1rio de Not\u00edcias da Madeira"},{"@type":"BreadcrumbList","@id":"https:\/\/portaltela.pt\/noticias\/2025\/12\/16\/gripe-e-infeccoes-respiratorias-aumentam-procura-de-hospitais-sns-24-e-inem\/#breadcrumb","itemListElement":[{"@type":"ListItem","position":1,"name":"In\u00edcio","item":"https:\/\/portaltela.pt\/"},{"@type":"ListItem","position":2,"name":"Gripe e infec\u00e7\u00f5es respirat\u00f3rias aumentam procura de hospitais, SNS 24 e INEM"}]},{"@type":"WebSite","@id":"https:\/\/portaltela.pt\/#website","url":"https:\/\/portaltela.pt\/","name":"Portal Tela Portugal","description":"","potentialAction":[{"@type":"SearchAction","target":{"@type":"EntryPoint","urlTemplate":"https:\/\/portaltela.pt\/?s={search_term_string}"},"query-input":{"@type":"PropertyValueSpecification","valueRequired":true,"valueName":"search_term_string"}}],"inLanguage":"pt-PT"},{"@type":"Person","@id":"https:\/\/portaltela.pt\/#\/schema\/person\/c4278d4a6028830caff9ee44b42d32ed","name":"Telinha","image":{"@type":"ImageObject","inLanguage":"pt-PT","@id":"https:\/\/portaltela.pt\/s.01k8rhncp4jt1\/2025\/11\/talking-bot-125x125.png","url":"https:\/\/portaltela.pt\/s.01k8rhncp4jt1\/2025\/11\/talking-bot-125x125.png","contentUrl":"https:\/\/portaltela.pt\/s.01k8rhncp4jt1\/2025\/11\/talking-bot-125x125.png","caption":"Telinha"},"sameAs":["https:\/\/portaltela.pt\/"],"url":"https:\/\/portaltela.pt\/por\/367410592786\/"}]}},"_links":{"self":[{"href":"https:\/\/portaltela.pt\/api\/wp\/v2\/posts\/78559","targetHints":{"allow":["GET"]}}],"collection":[{"href":"https:\/\/portaltela.pt\/api\/wp\/v2\/posts"}],"about":[{"href":"https:\/\/portaltela.pt\/api\/wp\/v2\/types\/post"}],"author":[{"embeddable":true,"href":"https:\/\/portaltela.pt\/api\/wp\/v2\/users\/2"}],"replies":[{"embeddable":true,"href":"https:\/\/portaltela.pt\/api\/wp\/v2\/comments?post=78559"}],"version-history":[{"count":0,"href":"https:\/\/portaltela.pt\/api\/wp\/v2\/posts\/78559\/revisions"}],"wp:featuredmedia":[{"embeddable":true,"href":"https:\/\/portaltela.pt\/api\/wp\/v2\/media\/78560"}],"wp:attachment":[{"href":"https:\/\/portaltela.pt\/api\/wp\/v2\/media?parent=78559"}],"wp:term":[{"taxonomy":"category","embeddable":true,"href":"https:\/\/portaltela.pt\/api\/wp\/v2\/categories?post=78559"},{"taxonomy":"post_tag","embeddable":true,"href":"https:\/\/portaltela.pt\/api\/wp\/v2\/tags?post=78559"}],"curies":[{"name":"wp","href":"https:\/\/api.w.org\/{rel}","templated":true}]}}