{"id":78127,"date":"2025-12-15T18:49:00","date_gmt":"2025-12-15T21:49:00","guid":{"rendered":"https:\/\/portaltela.pt\/noticias\/2025\/12\/15\/varandas-reage-a-criticas-de-mourinho-esta-e-uma-casa-onde-nao-se-chora-2\/"},"modified":"2025-12-15T18:49:00","modified_gmt":"2025-12-15T21:49:00","slug":"varandas-reage-a-criticas-de-mourinho-esta-e-uma-casa-onde-nao-se-chora-2","status":"publish","type":"post","link":"https:\/\/portaltela.pt\/desporto\/futebol\/2025\/12\/15\/varandas-reage-a-criticas-de-mourinho-esta-e-uma-casa-onde-nao-se-chora-2\/","title":{"rendered":"Varandas reage a cr\u00edticas de Mourinho: &#8216;Esta \u00e9 uma casa onde n\u00e3o se chora&#8217;"},"content":{"rendered":"<p>O presidente do Sporting \ud83c\udfaf Frederico Varandas recebeu o pr\u00e9mio de dirigente do ano na Gala dos Pr\u00e9mios Stromp, realizado recentemente. A cerim\u00f3nia coroou o l\u00edder do clube pela gest\u00e3o ao longo do \u00faltimo ano.<\/p>\n<p>Varandas afirmou que o galard\u00e3o reflete o trabalho das pessoas que o acompanham, destacando que o Sporting atravessa um dos melhores per\u00edodos da sua hist\u00f3ria. A homenagem \u00e9 apresentada como reconhecimento ao conjunto.<\/p>\n<p>O dirigente destacou os colaboradores, muitos deles an\u00f3nimos, que contribuem para a transforma\u00e7\u00e3o do clube. Agradeceu a quem, embora pouco conhecido, tem responsabilidade na sustentabilidade e no desenvolvimento do Sporting.<\/p>\n<p>Num registo mais hier\u00e1rquico, Varandas refor\u00e7ou a import\u00e2ncia da cultura interna da casa leonina, apontando que o clube n\u00e3o se lamenta, mas procura melhorar diariamente e manter o foco.<\/p>\n<p>Sobre temas recentes da imprensa, Varandas mencionou de forma indireta declara\u00e7\u00f5es de Jos\u00e9 Mourinho associadas a pol\u00e9micas de pen\u00e1teis no Moreirense-Benfica, sem entrar em confrontos ou acusa\u00e7\u00f5es diretas.<\/p>\n<p>O momento refor\u00e7a o que o pr\u00f3prio Varandas descreve como quarto pr\u00e9mio da sua miss\u00e3o iniciada em 2018, visto como reconhecimento \u00e0 equipa que o sustenta na lideran\u00e7a do clube.<\/p>\n<p>A cerim\u00f3nia ocorreu num contexto em que o Sporting real\u00e7a os seus resultados e estabilidade, valorizando o papel de toda a estrutura que permite o sucesso desportivo e institucional.<\/p>\n","protected":false},"excerpt":{"rendered":"<ul>\n<li>Frederico Varandas recebeu o galard\u00e3o de dirigente do ano na Gala dos Pr\u00e9mios Stromp e disse que o clube vive um dos seus melhores per\u00edodos da hist\u00f3ria.<\/li>\n<li>O presidente afirmou que o pr\u00e9mio, o quarto desde 2018, \u00e9 fruto das pessoas que o acompanham na miss\u00e3o.<\/li>\n<li>Agradeceu aos colaboradores que n\u00e3o aparecem, mas que contribuem para a transforma\u00e7\u00e3o do Sporting, e que s\u00e3o parte fundamental do sucesso.<\/li>\n<li>Enfatizou uma cultura de n\u00e3o chorarem nem lamentarem, procurando tornar o clube melhor a cada dia.<\/li>\n<li>O discurso ocorreu num contexto em que Jos\u00e9 Mourinho proferiu cr\u00edticas aos rivais, referindo-se a um alegado pen\u00e1lti no Moreirense-Benfica.<\/li>\n<\/ul>\n","protected":false},"author":2,"featured_media":78128,"comment_status":"closed","ping_status":"closed","sticky":false,"template":"","format":"standard","meta":{"footnotes":""},"categories":[21,24],"tags":[278,152,32,1274,399,136],"class_list":["post-78127","post","type-post","status-publish","format-standard","has-post-thumbnail","hentry","category-desporto","category-futebol","tag-associacao-desportiva-do-ano","tag-desporto","tag-futebol","tag-governanca","tag-organizacao-desportiva","tag-organizacoes"],"yoast_head":"<!-- This site is optimized with the Yoast SEO plugin v27.2 - https:\/\/yoast.com\/product\/yoast-seo-wordpress\/ -->\n<title>Varandas reage a cr\u00edticas de Mourinho: &#039;Esta \u00e9 uma casa onde n\u00e3o se chora&#039; - Portal Tela Portugal<\/title>\n<meta name=\"robots\" content=\"index, follow, max-snippet:-1, max-image-preview:large, max-video-preview:-1\" \/>\n<meta property=\"og:locale\" content=\"pt_PT\" \/>\n<meta property=\"og:type\" content=\"article\" \/>\n<meta property=\"og:title\" content=\"Varandas reage a cr\u00edticas de Mourinho: &#039;Esta \u00e9 uma casa onde n\u00e3o se chora&#039; - Portal Tela Portugal\" \/>\n<meta property=\"og:description\" content=\"Frederico Varandas recebeu o galard\u00e3o de dirigente do ano na Gala dos Pr\u00e9mios Stromp e disse que o clube vive um dos seus melhores per\u00edodos da hist\u00f3ria. O presidente afirmou que o pr\u00e9mio, o quarto desde 2018, \u00e9 fruto das pessoas que o acompanham na miss\u00e3o. Agradeceu aos colaboradores que n\u00e3o aparecem, mas que contribuem para a transforma\u00e7\u00e3o do Sporting, e que s\u00e3o parte fundamental do sucesso. Enfatizou uma cultura de n\u00e3o chorarem nem lamentarem, procurando tornar o clube melhor a cada dia. O discurso ocorreu num contexto em que Jos\u00e9 Mourinho proferiu cr\u00edticas aos rivais, referindo-se a um alegado pen\u00e1lti no Moreirense-Benfica.\" \/>\n<meta property=\"og:url\" content=\"https:\/\/portaltela.pt\/noticias\/2025\/12\/15\/varandas-reage-a-criticas-de-mourinho-esta-e-uma-casa-onde-nao-se-chora-2\/\" \/>\n<meta property=\"og:site_name\" content=\"Portal Tela Portugal\" \/>\n<meta property=\"article:published_time\" content=\"2025-12-15T21:49:00+00:00\" \/>\n<meta name=\"author\" content=\"Telinha\" \/>\n<meta name=\"twitter:card\" content=\"summary_large_image\" \/>\n<meta name=\"twitter:label1\" content=\"Escrito por\" \/>\n\t<meta name=\"twitter:data1\" content=\"Telinha\" \/>\n\t<meta name=\"twitter:label2\" content=\"Tempo estimado de leitura\" \/>\n\t<meta name=\"twitter:data2\" content=\"1 minuto\" \/>\n<script type=\"application\/ld+json\" class=\"yoast-schema-graph\">{\"@context\":\"https:\/\/schema.org\",\"@graph\":[{\"@type\":\"Article\",\"@id\":\"https:\/\/portaltela.pt\/noticias\/2025\/12\/15\/varandas-reage-a-criticas-de-mourinho-esta-e-uma-casa-onde-nao-se-chora-2\/#article\",\"isPartOf\":{\"@id\":\"https:\/\/portaltela.pt\/noticias\/2025\/12\/15\/varandas-reage-a-criticas-de-mourinho-esta-e-uma-casa-onde-nao-se-chora-2\/\"},\"author\":{\"name\":\"Telinha\",\"@id\":\"https:\/\/portaltela.pt\/#\/schema\/person\/c4278d4a6028830caff9ee44b42d32ed\"},\"headline\":\"Varandas reage a cr\u00edticas de Mourinho: &#8216;Esta \u00e9 uma casa onde n\u00e3o se chora&#8217;\",\"datePublished\":\"2025-12-15T21:49:00+00:00\",\"mainEntityOfPage\":{\"@id\":\"https:\/\/portaltela.pt\/noticias\/2025\/12\/15\/varandas-reage-a-criticas-de-mourinho-esta-e-uma-casa-onde-nao-se-chora-2\/\"},\"wordCount\":250,\"image\":{\"@id\":\"https:\/\/portaltela.pt\/noticias\/2025\/12\/15\/varandas-reage-a-criticas-de-mourinho-esta-e-uma-casa-onde-nao-se-chora-2\/#primaryimage\"},\"thumbnailUrl\":\"https:\/\/portaltela.pt\/s.01k8rhncp4jt1\/2025\/12\/img_920x518uu2025-12-15-21-59-18-2409366-1.jpg\",\"keywords\":[\"Associa\u00e7\u00e3o Desportiva do Ano\",\"desporto\",\"futebol\",\"governan\u00e7a\",\"organiza\u00e7\u00e3o desportiva\",\"organiza\u00e7\u00f5es\"],\"articleSection\":[\"Desporto\",\"Futebol\"],\"inLanguage\":\"pt-PT\"},{\"@type\":\"WebPage\",\"@id\":\"https:\/\/portaltela.pt\/noticias\/2025\/12\/15\/varandas-reage-a-criticas-de-mourinho-esta-e-uma-casa-onde-nao-se-chora-2\/\",\"url\":\"https:\/\/portaltela.pt\/noticias\/2025\/12\/15\/varandas-reage-a-criticas-de-mourinho-esta-e-uma-casa-onde-nao-se-chora-2\/\",\"name\":\"Varandas reage a cr\u00edticas de Mourinho: 'Esta \u00e9 uma casa onde n\u00e3o se chora' - Portal Tela Portugal\",\"isPartOf\":{\"@id\":\"https:\/\/portaltela.pt\/#website\"},\"primaryImageOfPage\":{\"@id\":\"https:\/\/portaltela.pt\/noticias\/2025\/12\/15\/varandas-reage-a-criticas-de-mourinho-esta-e-uma-casa-onde-nao-se-chora-2\/#primaryimage\"},\"image\":{\"@id\":\"https:\/\/portaltela.pt\/noticias\/2025\/12\/15\/varandas-reage-a-criticas-de-mourinho-esta-e-uma-casa-onde-nao-se-chora-2\/#primaryimage\"},\"thumbnailUrl\":\"https:\/\/portaltela.pt\/s.01k8rhncp4jt1\/2025\/12\/img_920x518uu2025-12-15-21-59-18-2409366-1.jpg\",\"datePublished\":\"2025-12-15T21:49:00+00:00\",\"author\":{\"@id\":\"https:\/\/portaltela.pt\/#\/schema\/person\/c4278d4a6028830caff9ee44b42d32ed\"},\"breadcrumb\":{\"@id\":\"https:\/\/portaltela.pt\/noticias\/2025\/12\/15\/varandas-reage-a-criticas-de-mourinho-esta-e-uma-casa-onde-nao-se-chora-2\/#breadcrumb\"},\"inLanguage\":\"pt-PT\",\"potentialAction\":[{\"@type\":\"ReadAction\",\"target\":[\"https:\/\/portaltela.pt\/noticias\/2025\/12\/15\/varandas-reage-a-criticas-de-mourinho-esta-e-uma-casa-onde-nao-se-chora-2\/\"]}]},{\"@type\":\"ImageObject\",\"inLanguage\":\"pt-PT\",\"@id\":\"https:\/\/portaltela.pt\/noticias\/2025\/12\/15\/varandas-reage-a-criticas-de-mourinho-esta-e-uma-casa-onde-nao-se-chora-2\/#primaryimage\",\"url\":\"https:\/\/portaltela.pt\/s.01k8rhncp4jt1\/2025\/12\/img_920x518uu2025-12-15-21-59-18-2409366-1.jpg\",\"contentUrl\":\"https:\/\/portaltela.pt\/s.01k8rhncp4jt1\/2025\/12\/img_920x518uu2025-12-15-21-59-18-2409366-1.jpg\",\"width\":796,\"height\":448,\"caption\":\"Frederico Varandas com Rui Borges na cerim\u00f3nia dos pr\u00e9mios Stromp\"},{\"@type\":\"BreadcrumbList\",\"@id\":\"https:\/\/portaltela.pt\/noticias\/2025\/12\/15\/varandas-reage-a-criticas-de-mourinho-esta-e-uma-casa-onde-nao-se-chora-2\/#breadcrumb\",\"itemListElement\":[{\"@type\":\"ListItem\",\"position\":1,\"name\":\"In\u00edcio\",\"item\":\"https:\/\/portaltela.pt\/\"},{\"@type\":\"ListItem\",\"position\":2,\"name\":\"Varandas reage a cr\u00edticas de Mourinho: &#8216;Esta \u00e9 uma casa onde n\u00e3o se chora&#8217;\"}]},{\"@type\":\"WebSite\",\"@id\":\"https:\/\/portaltela.pt\/#website\",\"url\":\"https:\/\/portaltela.pt\/\",\"name\":\"Portal Tela Portugal\",\"description\":\"\",\"potentialAction\":[{\"@type\":\"SearchAction\",\"target\":{\"@type\":\"EntryPoint\",\"urlTemplate\":\"https:\/\/portaltela.pt\/?s={search_term_string}\"},\"query-input\":{\"@type\":\"PropertyValueSpecification\",\"valueRequired\":true,\"valueName\":\"search_term_string\"}}],\"inLanguage\":\"pt-PT\"},{\"@type\":\"Person\",\"@id\":\"https:\/\/portaltela.pt\/#\/schema\/person\/c4278d4a6028830caff9ee44b42d32ed\",\"name\":\"Telinha\",\"image\":{\"@type\":\"ImageObject\",\"inLanguage\":\"pt-PT\",\"@id\":\"https:\/\/portaltela.pt\/s.01k8rhncp4jt1\/2025\/11\/talking-bot-125x125.png\",\"url\":\"https:\/\/portaltela.pt\/s.01k8rhncp4jt1\/2025\/11\/talking-bot-125x125.png\",\"contentUrl\":\"https:\/\/portaltela.pt\/s.01k8rhncp4jt1\/2025\/11\/talking-bot-125x125.png\",\"caption\":\"Telinha\"},\"sameAs\":[\"https:\/\/portaltela.pt\/\"],\"url\":\"https:\/\/portaltela.pt\/por\/367410592786\/\"}]}<\/script>\n<!-- \/ Yoast SEO plugin. -->","yoast_head_json":{"title":"Varandas reage a cr\u00edticas de Mourinho: 'Esta \u00e9 uma casa onde n\u00e3o se chora' - Portal Tela Portugal","robots":{"index":"index","follow":"follow","max-snippet":"max-snippet:-1","max-image-preview":"max-image-preview:large","max-video-preview":"max-video-preview:-1"},"og_locale":"pt_PT","og_type":"article","og_title":"Varandas reage a cr\u00edticas de Mourinho: 'Esta \u00e9 uma casa onde n\u00e3o se chora' - Portal Tela Portugal","og_description":"Frederico Varandas recebeu o galard\u00e3o de dirigente do ano na Gala dos Pr\u00e9mios Stromp e disse que o clube vive um dos seus melhores per\u00edodos da hist\u00f3ria. O presidente afirmou que o pr\u00e9mio, o quarto desde 2018, \u00e9 fruto das pessoas que o acompanham na miss\u00e3o. Agradeceu aos colaboradores que n\u00e3o aparecem, mas que contribuem para a transforma\u00e7\u00e3o do Sporting, e que s\u00e3o parte fundamental do sucesso. Enfatizou uma cultura de n\u00e3o chorarem nem lamentarem, procurando tornar o clube melhor a cada dia. O discurso ocorreu num contexto em que Jos\u00e9 Mourinho proferiu cr\u00edticas aos rivais, referindo-se a um alegado pen\u00e1lti no Moreirense-Benfica.","og_url":"https:\/\/portaltela.pt\/noticias\/2025\/12\/15\/varandas-reage-a-criticas-de-mourinho-esta-e-uma-casa-onde-nao-se-chora-2\/","og_site_name":"Portal Tela Portugal","article_published_time":"2025-12-15T21:49:00+00:00","author":"Telinha","twitter_card":"summary_large_image","twitter_misc":{"Escrito por":"Telinha","Tempo estimado de leitura":"1 minuto"},"schema":{"@context":"https:\/\/schema.org","@graph":[{"@type":"Article","@id":"https:\/\/portaltela.pt\/noticias\/2025\/12\/15\/varandas-reage-a-criticas-de-mourinho-esta-e-uma-casa-onde-nao-se-chora-2\/#article","isPartOf":{"@id":"https:\/\/portaltela.pt\/noticias\/2025\/12\/15\/varandas-reage-a-criticas-de-mourinho-esta-e-uma-casa-onde-nao-se-chora-2\/"},"author":{"name":"Telinha","@id":"https:\/\/portaltela.pt\/#\/schema\/person\/c4278d4a6028830caff9ee44b42d32ed"},"headline":"Varandas reage a cr\u00edticas de Mourinho: &#8216;Esta \u00e9 uma casa onde n\u00e3o se chora&#8217;","datePublished":"2025-12-15T21:49:00+00:00","mainEntityOfPage":{"@id":"https:\/\/portaltela.pt\/noticias\/2025\/12\/15\/varandas-reage-a-criticas-de-mourinho-esta-e-uma-casa-onde-nao-se-chora-2\/"},"wordCount":250,"image":{"@id":"https:\/\/portaltela.pt\/noticias\/2025\/12\/15\/varandas-reage-a-criticas-de-mourinho-esta-e-uma-casa-onde-nao-se-chora-2\/#primaryimage"},"thumbnailUrl":"https:\/\/portaltela.pt\/s.01k8rhncp4jt1\/2025\/12\/img_920x518uu2025-12-15-21-59-18-2409366-1.jpg","keywords":["Associa\u00e7\u00e3o Desportiva do Ano","desporto","futebol","governan\u00e7a","organiza\u00e7\u00e3o desportiva","organiza\u00e7\u00f5es"],"articleSection":["Desporto","Futebol"],"inLanguage":"pt-PT"},{"@type":"WebPage","@id":"https:\/\/portaltela.pt\/noticias\/2025\/12\/15\/varandas-reage-a-criticas-de-mourinho-esta-e-uma-casa-onde-nao-se-chora-2\/","url":"https:\/\/portaltela.pt\/noticias\/2025\/12\/15\/varandas-reage-a-criticas-de-mourinho-esta-e-uma-casa-onde-nao-se-chora-2\/","name":"Varandas reage a cr\u00edticas de Mourinho: 'Esta \u00e9 uma casa onde n\u00e3o se chora' - Portal Tela Portugal","isPartOf":{"@id":"https:\/\/portaltela.pt\/#website"},"primaryImageOfPage":{"@id":"https:\/\/portaltela.pt\/noticias\/2025\/12\/15\/varandas-reage-a-criticas-de-mourinho-esta-e-uma-casa-onde-nao-se-chora-2\/#primaryimage"},"image":{"@id":"https:\/\/portaltela.pt\/noticias\/2025\/12\/15\/varandas-reage-a-criticas-de-mourinho-esta-e-uma-casa-onde-nao-se-chora-2\/#primaryimage"},"thumbnailUrl":"https:\/\/portaltela.pt\/s.01k8rhncp4jt1\/2025\/12\/img_920x518uu2025-12-15-21-59-18-2409366-1.jpg","datePublished":"2025-12-15T21:49:00+00:00","author":{"@id":"https:\/\/portaltela.pt\/#\/schema\/person\/c4278d4a6028830caff9ee44b42d32ed"},"breadcrumb":{"@id":"https:\/\/portaltela.pt\/noticias\/2025\/12\/15\/varandas-reage-a-criticas-de-mourinho-esta-e-uma-casa-onde-nao-se-chora-2\/#breadcrumb"},"inLanguage":"pt-PT","potentialAction":[{"@type":"ReadAction","target":["https:\/\/portaltela.pt\/noticias\/2025\/12\/15\/varandas-reage-a-criticas-de-mourinho-esta-e-uma-casa-onde-nao-se-chora-2\/"]}]},{"@type":"ImageObject","inLanguage":"pt-PT","@id":"https:\/\/portaltela.pt\/noticias\/2025\/12\/15\/varandas-reage-a-criticas-de-mourinho-esta-e-uma-casa-onde-nao-se-chora-2\/#primaryimage","url":"https:\/\/portaltela.pt\/s.01k8rhncp4jt1\/2025\/12\/img_920x518uu2025-12-15-21-59-18-2409366-1.jpg","contentUrl":"https:\/\/portaltela.pt\/s.01k8rhncp4jt1\/2025\/12\/img_920x518uu2025-12-15-21-59-18-2409366-1.jpg","width":796,"height":448,"caption":"Frederico Varandas com Rui Borges na cerim\u00f3nia dos pr\u00e9mios Stromp"},{"@type":"BreadcrumbList","@id":"https:\/\/portaltela.pt\/noticias\/2025\/12\/15\/varandas-reage-a-criticas-de-mourinho-esta-e-uma-casa-onde-nao-se-chora-2\/#breadcrumb","itemListElement":[{"@type":"ListItem","position":1,"name":"In\u00edcio","item":"https:\/\/portaltela.pt\/"},{"@type":"ListItem","position":2,"name":"Varandas reage a cr\u00edticas de Mourinho: &#8216;Esta \u00e9 uma casa onde n\u00e3o se chora&#8217;"}]},{"@type":"WebSite","@id":"https:\/\/portaltela.pt\/#website","url":"https:\/\/portaltela.pt\/","name":"Portal Tela Portugal","description":"","potentialAction":[{"@type":"SearchAction","target":{"@type":"EntryPoint","urlTemplate":"https:\/\/portaltela.pt\/?s={search_term_string}"},"query-input":{"@type":"PropertyValueSpecification","valueRequired":true,"valueName":"search_term_string"}}],"inLanguage":"pt-PT"},{"@type":"Person","@id":"https:\/\/portaltela.pt\/#\/schema\/person\/c4278d4a6028830caff9ee44b42d32ed","name":"Telinha","image":{"@type":"ImageObject","inLanguage":"pt-PT","@id":"https:\/\/portaltela.pt\/s.01k8rhncp4jt1\/2025\/11\/talking-bot-125x125.png","url":"https:\/\/portaltela.pt\/s.01k8rhncp4jt1\/2025\/11\/talking-bot-125x125.png","contentUrl":"https:\/\/portaltela.pt\/s.01k8rhncp4jt1\/2025\/11\/talking-bot-125x125.png","caption":"Telinha"},"sameAs":["https:\/\/portaltela.pt\/"],"url":"https:\/\/portaltela.pt\/por\/367410592786\/"}]}},"_links":{"self":[{"href":"https:\/\/portaltela.pt\/api\/wp\/v2\/posts\/78127","targetHints":{"allow":["GET"]}}],"collection":[{"href":"https:\/\/portaltela.pt\/api\/wp\/v2\/posts"}],"about":[{"href":"https:\/\/portaltela.pt\/api\/wp\/v2\/types\/post"}],"author":[{"embeddable":true,"href":"https:\/\/portaltela.pt\/api\/wp\/v2\/users\/2"}],"replies":[{"embeddable":true,"href":"https:\/\/portaltela.pt\/api\/wp\/v2\/comments?post=78127"}],"version-history":[{"count":0,"href":"https:\/\/portaltela.pt\/api\/wp\/v2\/posts\/78127\/revisions"}],"wp:featuredmedia":[{"embeddable":true,"href":"https:\/\/portaltela.pt\/api\/wp\/v2\/media\/78128"}],"wp:attachment":[{"href":"https:\/\/portaltela.pt\/api\/wp\/v2\/media?parent=78127"}],"wp:term":[{"taxonomy":"category","embeddable":true,"href":"https:\/\/portaltela.pt\/api\/wp\/v2\/categories?post=78127"},{"taxonomy":"post_tag","embeddable":true,"href":"https:\/\/portaltela.pt\/api\/wp\/v2\/tags?post=78127"}],"curies":[{"name":"wp","href":"https:\/\/api.w.org\/{rel}","templated":true}]}}