{"id":78048,"date":"2025-12-14T21:00:00","date_gmt":"2025-12-15T00:00:00","guid":{"rendered":"https:\/\/portaltela.pt\/noticias\/2025\/12\/14\/hjulmand-sporting-e-bicampeao-mas-ha-fome-de-alcancar-mais\/"},"modified":"2025-12-14T21:00:00","modified_gmt":"2025-12-15T00:00:00","slug":"hjulmand-sporting-e-bicampeao-mas-ha-fome-de-alcancar-mais","status":"publish","type":"post","link":"https:\/\/portaltela.pt\/desporto\/futebol\/2025\/12\/14\/hjulmand-sporting-e-bicampeao-mas-ha-fome-de-alcancar-mais\/","title":{"rendered":"Hjulmand: Sporting \u00e9 bicampe\u00e3o, mas h\u00e1 fome de alcan\u00e7ar mais"},"content":{"rendered":"<p>Morten Hjulmand foi reconhecido como Futebolista do Ano na 63.\u00aa edi\u00e7\u00e3o dos Pr\u00e9mios Stromp, realizada no Hotel Sheraton, em Lisboa, nesta segunda-feira. O jogador recebeu o galard\u00e3o em cerim\u00f3nia p\u00fablica e agradeceu a honra.<\/p>\n<p>O capit\u00e3o do Sporting mostrou-se orgulhoso pela distin\u00e7\u00e3o, destacando a import\u00e2ncia de representar o clube e agradecer aos companheiros de equipa e \u00e0 estrutura.<\/p>\n<p>Apesar do bicampeonato conquistado, o internacional dinamarqu\u00eas frisou que o Sporting continua determinado e ambiciona mais t\u00edtulos, mantendo-se faminto por novos trof\u00e9us.<\/p>\n<h3>Pr\u00e9mio Revela\u00e7\u00e3o e outras declara\u00e7\u00f5es<\/h3>\n<p>Sobre o Pr\u00e9mio Revela\u00e7\u00e3o do Ano, o atleta optou por n\u00e3o comentar, mantendo o foco na homenagem recebida. A cerim\u00f3nia decorreu em Lisboa e reuniu v\u00e1rias personalidades do futebol.<\/p>\n","protected":false},"excerpt":{"rendered":"<ul>\n<li>Morten Hjulmand agradeceu o Pr\u00e9mio de Futebolista do Ano na 63.\u00aa edi\u00e7\u00e3o dos Pr\u00e9mios Stromp, realizada esta segunda-feira no Hotel Sheraton, em Lisboa.<\/li>\n<li>O capit\u00e3o do Sporting Clube de Portugal disse que, apesar do bicampeonato, o le\u00e3o continua faminto por t\u00edtulos e quer mais conquistas.<\/li>\n<li>Em declara\u00e7\u00f5es curtas, o internacional dinamarqu\u00eas afirmou orgulho em representar o Sporting como jogador, capit\u00e3o e atleta.<\/li>\n<li>N\u00e3o comentou o Pr\u00e9mio Revela\u00e7\u00e3o do ano.<\/li>\n<li>Reiterou o desejo de vencer mais t\u00edtulos pelo Sporting.<\/li>\n<\/ul>\n","protected":false},"author":2,"featured_media":78056,"comment_status":"closed","ping_status":"closed","sticky":false,"template":"","format":"standard","meta":{"footnotes":""},"categories":[21,24],"tags":[279,152,32,184,981],"class_list":["post-78048","post","type-post","status-publish","format-standard","has-post-thumbnail","hentry","category-desporto","category-futebol","tag-atleta-do-ano","tag-desporto","tag-futebol","tag-futebolista","tag-lisboa"],"yoast_head":"<!-- This site is optimized with the Yoast SEO plugin v27.2 - https:\/\/yoast.com\/product\/yoast-seo-wordpress\/ -->\n<title>Hjulmand: Sporting \u00e9 bicampe\u00e3o, mas h\u00e1 fome de alcan\u00e7ar mais - Portal Tela Portugal<\/title>\n<meta name=\"robots\" content=\"index, follow, max-snippet:-1, max-image-preview:large, max-video-preview:-1\" \/>\n<meta property=\"og:locale\" content=\"pt_PT\" \/>\n<meta property=\"og:type\" content=\"article\" \/>\n<meta property=\"og:title\" content=\"Hjulmand: Sporting \u00e9 bicampe\u00e3o, mas h\u00e1 fome de alcan\u00e7ar mais - Portal Tela Portugal\" \/>\n<meta property=\"og:description\" content=\"Morten Hjulmand agradeceu o Pr\u00e9mio de Futebolista do Ano na 63.\u00aa edi\u00e7\u00e3o dos Pr\u00e9mios Stromp, realizada esta segunda-feira no Hotel Sheraton, em Lisboa. O capit\u00e3o do Sporting Clube de Portugal disse que, apesar do bicampeonato, o le\u00e3o continua faminto por t\u00edtulos e quer mais conquistas. Em declara\u00e7\u00f5es curtas, o internacional dinamarqu\u00eas afirmou orgulho em representar o Sporting como jogador, capit\u00e3o e atleta. N\u00e3o comentou o Pr\u00e9mio Revela\u00e7\u00e3o do ano. Reiterou o desejo de vencer mais t\u00edtulos pelo Sporting.\" \/>\n<meta property=\"og:url\" content=\"https:\/\/portaltela.pt\/noticias\/2025\/12\/14\/hjulmand-sporting-e-bicampeao-mas-ha-fome-de-alcancar-mais\/\" \/>\n<meta property=\"og:site_name\" content=\"Portal Tela Portugal\" \/>\n<meta property=\"article:published_time\" content=\"2025-12-15T00:00:00+00:00\" \/>\n<meta name=\"author\" content=\"Telinha\" \/>\n<meta name=\"twitter:card\" content=\"summary_large_image\" \/>\n<meta name=\"twitter:label1\" content=\"Escrito por\" \/>\n\t<meta name=\"twitter:data1\" content=\"Telinha\" \/>\n\t<meta name=\"twitter:label2\" content=\"Tempo estimado de leitura\" \/>\n\t<meta name=\"twitter:data2\" content=\"1 minuto\" \/>\n<script type=\"application\/ld+json\" class=\"yoast-schema-graph\">{\"@context\":\"https:\/\/schema.org\",\"@graph\":[{\"@type\":\"Article\",\"@id\":\"https:\/\/portaltela.pt\/noticias\/2025\/12\/14\/hjulmand-sporting-e-bicampeao-mas-ha-fome-de-alcancar-mais\/#article\",\"isPartOf\":{\"@id\":\"https:\/\/portaltela.pt\/noticias\/2025\/12\/14\/hjulmand-sporting-e-bicampeao-mas-ha-fome-de-alcancar-mais\/\"},\"author\":{\"name\":\"Telinha\",\"@id\":\"https:\/\/portaltela.pt\/#\/schema\/person\/c4278d4a6028830caff9ee44b42d32ed\"},\"headline\":\"Hjulmand: Sporting \u00e9 bicampe\u00e3o, mas h\u00e1 fome de alcan\u00e7ar mais\",\"datePublished\":\"2025-12-15T00:00:00+00:00\",\"mainEntityOfPage\":{\"@id\":\"https:\/\/portaltela.pt\/noticias\/2025\/12\/14\/hjulmand-sporting-e-bicampeao-mas-ha-fome-de-alcancar-mais\/\"},\"wordCount\":142,\"image\":{\"@id\":\"https:\/\/portaltela.pt\/noticias\/2025\/12\/14\/hjulmand-sporting-e-bicampeao-mas-ha-fome-de-alcancar-mais\/#primaryimage\"},\"thumbnailUrl\":\"https:\/\/portaltela.pt\/s.01k8rhncp4jt1\/2025\/12\/img_920x518uu2025-12-15-21-21-11-2409347.jpg\",\"keywords\":[\"Atleta do Ano\",\"desporto\",\"futebol\",\"futebolista\",\"Lisboa\"],\"articleSection\":[\"Desporto\",\"Futebol\"],\"inLanguage\":\"pt-PT\"},{\"@type\":\"WebPage\",\"@id\":\"https:\/\/portaltela.pt\/noticias\/2025\/12\/14\/hjulmand-sporting-e-bicampeao-mas-ha-fome-de-alcancar-mais\/\",\"url\":\"https:\/\/portaltela.pt\/noticias\/2025\/12\/14\/hjulmand-sporting-e-bicampeao-mas-ha-fome-de-alcancar-mais\/\",\"name\":\"Hjulmand: Sporting \u00e9 bicampe\u00e3o, mas h\u00e1 fome de alcan\u00e7ar mais - Portal Tela Portugal\",\"isPartOf\":{\"@id\":\"https:\/\/portaltela.pt\/#website\"},\"primaryImageOfPage\":{\"@id\":\"https:\/\/portaltela.pt\/noticias\/2025\/12\/14\/hjulmand-sporting-e-bicampeao-mas-ha-fome-de-alcancar-mais\/#primaryimage\"},\"image\":{\"@id\":\"https:\/\/portaltela.pt\/noticias\/2025\/12\/14\/hjulmand-sporting-e-bicampeao-mas-ha-fome-de-alcancar-mais\/#primaryimage\"},\"thumbnailUrl\":\"https:\/\/portaltela.pt\/s.01k8rhncp4jt1\/2025\/12\/img_920x518uu2025-12-15-21-21-11-2409347.jpg\",\"datePublished\":\"2025-12-15T00:00:00+00:00\",\"author\":{\"@id\":\"https:\/\/portaltela.pt\/#\/schema\/person\/c4278d4a6028830caff9ee44b42d32ed\"},\"breadcrumb\":{\"@id\":\"https:\/\/portaltela.pt\/noticias\/2025\/12\/14\/hjulmand-sporting-e-bicampeao-mas-ha-fome-de-alcancar-mais\/#breadcrumb\"},\"inLanguage\":\"pt-PT\",\"potentialAction\":[{\"@type\":\"ReadAction\",\"target\":[\"https:\/\/portaltela.pt\/noticias\/2025\/12\/14\/hjulmand-sporting-e-bicampeao-mas-ha-fome-de-alcancar-mais\/\"]}]},{\"@type\":\"ImageObject\",\"inLanguage\":\"pt-PT\",\"@id\":\"https:\/\/portaltela.pt\/noticias\/2025\/12\/14\/hjulmand-sporting-e-bicampeao-mas-ha-fome-de-alcancar-mais\/#primaryimage\",\"url\":\"https:\/\/portaltela.pt\/s.01k8rhncp4jt1\/2025\/12\/img_920x518uu2025-12-15-21-21-11-2409347.jpg\",\"contentUrl\":\"https:\/\/portaltela.pt\/s.01k8rhncp4jt1\/2025\/12\/img_920x518uu2025-12-15-21-21-11-2409347.jpg\",\"width\":796,\"height\":448,\"caption\":\"Hjulmand deu voz \u00e0 ambi\u00e7\u00e3o verde e branca\"},{\"@type\":\"BreadcrumbList\",\"@id\":\"https:\/\/portaltela.pt\/noticias\/2025\/12\/14\/hjulmand-sporting-e-bicampeao-mas-ha-fome-de-alcancar-mais\/#breadcrumb\",\"itemListElement\":[{\"@type\":\"ListItem\",\"position\":1,\"name\":\"In\u00edcio\",\"item\":\"https:\/\/portaltela.pt\/\"},{\"@type\":\"ListItem\",\"position\":2,\"name\":\"Hjulmand: Sporting \u00e9 bicampe\u00e3o, mas h\u00e1 fome de alcan\u00e7ar mais\"}]},{\"@type\":\"WebSite\",\"@id\":\"https:\/\/portaltela.pt\/#website\",\"url\":\"https:\/\/portaltela.pt\/\",\"name\":\"Portal Tela Portugal\",\"description\":\"\",\"potentialAction\":[{\"@type\":\"SearchAction\",\"target\":{\"@type\":\"EntryPoint\",\"urlTemplate\":\"https:\/\/portaltela.pt\/?s={search_term_string}\"},\"query-input\":{\"@type\":\"PropertyValueSpecification\",\"valueRequired\":true,\"valueName\":\"search_term_string\"}}],\"inLanguage\":\"pt-PT\"},{\"@type\":\"Person\",\"@id\":\"https:\/\/portaltela.pt\/#\/schema\/person\/c4278d4a6028830caff9ee44b42d32ed\",\"name\":\"Telinha\",\"image\":{\"@type\":\"ImageObject\",\"inLanguage\":\"pt-PT\",\"@id\":\"https:\/\/portaltela.pt\/s.01k8rhncp4jt1\/2025\/11\/talking-bot-125x125.png\",\"url\":\"https:\/\/portaltela.pt\/s.01k8rhncp4jt1\/2025\/11\/talking-bot-125x125.png\",\"contentUrl\":\"https:\/\/portaltela.pt\/s.01k8rhncp4jt1\/2025\/11\/talking-bot-125x125.png\",\"caption\":\"Telinha\"},\"sameAs\":[\"https:\/\/portaltela.pt\/\"],\"url\":\"https:\/\/portaltela.pt\/por\/367410592786\/\"}]}<\/script>\n<!-- \/ Yoast SEO plugin. -->","yoast_head_json":{"title":"Hjulmand: Sporting \u00e9 bicampe\u00e3o, mas h\u00e1 fome de alcan\u00e7ar mais - Portal Tela Portugal","robots":{"index":"index","follow":"follow","max-snippet":"max-snippet:-1","max-image-preview":"max-image-preview:large","max-video-preview":"max-video-preview:-1"},"og_locale":"pt_PT","og_type":"article","og_title":"Hjulmand: Sporting \u00e9 bicampe\u00e3o, mas h\u00e1 fome de alcan\u00e7ar mais - Portal Tela Portugal","og_description":"Morten Hjulmand agradeceu o Pr\u00e9mio de Futebolista do Ano na 63.\u00aa edi\u00e7\u00e3o dos Pr\u00e9mios Stromp, realizada esta segunda-feira no Hotel Sheraton, em Lisboa. O capit\u00e3o do Sporting Clube de Portugal disse que, apesar do bicampeonato, o le\u00e3o continua faminto por t\u00edtulos e quer mais conquistas. Em declara\u00e7\u00f5es curtas, o internacional dinamarqu\u00eas afirmou orgulho em representar o Sporting como jogador, capit\u00e3o e atleta. N\u00e3o comentou o Pr\u00e9mio Revela\u00e7\u00e3o do ano. Reiterou o desejo de vencer mais t\u00edtulos pelo Sporting.","og_url":"https:\/\/portaltela.pt\/noticias\/2025\/12\/14\/hjulmand-sporting-e-bicampeao-mas-ha-fome-de-alcancar-mais\/","og_site_name":"Portal Tela Portugal","article_published_time":"2025-12-15T00:00:00+00:00","author":"Telinha","twitter_card":"summary_large_image","twitter_misc":{"Escrito por":"Telinha","Tempo estimado de leitura":"1 minuto"},"schema":{"@context":"https:\/\/schema.org","@graph":[{"@type":"Article","@id":"https:\/\/portaltela.pt\/noticias\/2025\/12\/14\/hjulmand-sporting-e-bicampeao-mas-ha-fome-de-alcancar-mais\/#article","isPartOf":{"@id":"https:\/\/portaltela.pt\/noticias\/2025\/12\/14\/hjulmand-sporting-e-bicampeao-mas-ha-fome-de-alcancar-mais\/"},"author":{"name":"Telinha","@id":"https:\/\/portaltela.pt\/#\/schema\/person\/c4278d4a6028830caff9ee44b42d32ed"},"headline":"Hjulmand: Sporting \u00e9 bicampe\u00e3o, mas h\u00e1 fome de alcan\u00e7ar mais","datePublished":"2025-12-15T00:00:00+00:00","mainEntityOfPage":{"@id":"https:\/\/portaltela.pt\/noticias\/2025\/12\/14\/hjulmand-sporting-e-bicampeao-mas-ha-fome-de-alcancar-mais\/"},"wordCount":142,"image":{"@id":"https:\/\/portaltela.pt\/noticias\/2025\/12\/14\/hjulmand-sporting-e-bicampeao-mas-ha-fome-de-alcancar-mais\/#primaryimage"},"thumbnailUrl":"https:\/\/portaltela.pt\/s.01k8rhncp4jt1\/2025\/12\/img_920x518uu2025-12-15-21-21-11-2409347.jpg","keywords":["Atleta do Ano","desporto","futebol","futebolista","Lisboa"],"articleSection":["Desporto","Futebol"],"inLanguage":"pt-PT"},{"@type":"WebPage","@id":"https:\/\/portaltela.pt\/noticias\/2025\/12\/14\/hjulmand-sporting-e-bicampeao-mas-ha-fome-de-alcancar-mais\/","url":"https:\/\/portaltela.pt\/noticias\/2025\/12\/14\/hjulmand-sporting-e-bicampeao-mas-ha-fome-de-alcancar-mais\/","name":"Hjulmand: Sporting \u00e9 bicampe\u00e3o, mas h\u00e1 fome de alcan\u00e7ar mais - Portal Tela Portugal","isPartOf":{"@id":"https:\/\/portaltela.pt\/#website"},"primaryImageOfPage":{"@id":"https:\/\/portaltela.pt\/noticias\/2025\/12\/14\/hjulmand-sporting-e-bicampeao-mas-ha-fome-de-alcancar-mais\/#primaryimage"},"image":{"@id":"https:\/\/portaltela.pt\/noticias\/2025\/12\/14\/hjulmand-sporting-e-bicampeao-mas-ha-fome-de-alcancar-mais\/#primaryimage"},"thumbnailUrl":"https:\/\/portaltela.pt\/s.01k8rhncp4jt1\/2025\/12\/img_920x518uu2025-12-15-21-21-11-2409347.jpg","datePublished":"2025-12-15T00:00:00+00:00","author":{"@id":"https:\/\/portaltela.pt\/#\/schema\/person\/c4278d4a6028830caff9ee44b42d32ed"},"breadcrumb":{"@id":"https:\/\/portaltela.pt\/noticias\/2025\/12\/14\/hjulmand-sporting-e-bicampeao-mas-ha-fome-de-alcancar-mais\/#breadcrumb"},"inLanguage":"pt-PT","potentialAction":[{"@type":"ReadAction","target":["https:\/\/portaltela.pt\/noticias\/2025\/12\/14\/hjulmand-sporting-e-bicampeao-mas-ha-fome-de-alcancar-mais\/"]}]},{"@type":"ImageObject","inLanguage":"pt-PT","@id":"https:\/\/portaltela.pt\/noticias\/2025\/12\/14\/hjulmand-sporting-e-bicampeao-mas-ha-fome-de-alcancar-mais\/#primaryimage","url":"https:\/\/portaltela.pt\/s.01k8rhncp4jt1\/2025\/12\/img_920x518uu2025-12-15-21-21-11-2409347.jpg","contentUrl":"https:\/\/portaltela.pt\/s.01k8rhncp4jt1\/2025\/12\/img_920x518uu2025-12-15-21-21-11-2409347.jpg","width":796,"height":448,"caption":"Hjulmand deu voz \u00e0 ambi\u00e7\u00e3o verde e branca"},{"@type":"BreadcrumbList","@id":"https:\/\/portaltela.pt\/noticias\/2025\/12\/14\/hjulmand-sporting-e-bicampeao-mas-ha-fome-de-alcancar-mais\/#breadcrumb","itemListElement":[{"@type":"ListItem","position":1,"name":"In\u00edcio","item":"https:\/\/portaltela.pt\/"},{"@type":"ListItem","position":2,"name":"Hjulmand: Sporting \u00e9 bicampe\u00e3o, mas h\u00e1 fome de alcan\u00e7ar mais"}]},{"@type":"WebSite","@id":"https:\/\/portaltela.pt\/#website","url":"https:\/\/portaltela.pt\/","name":"Portal Tela Portugal","description":"","potentialAction":[{"@type":"SearchAction","target":{"@type":"EntryPoint","urlTemplate":"https:\/\/portaltela.pt\/?s={search_term_string}"},"query-input":{"@type":"PropertyValueSpecification","valueRequired":true,"valueName":"search_term_string"}}],"inLanguage":"pt-PT"},{"@type":"Person","@id":"https:\/\/portaltela.pt\/#\/schema\/person\/c4278d4a6028830caff9ee44b42d32ed","name":"Telinha","image":{"@type":"ImageObject","inLanguage":"pt-PT","@id":"https:\/\/portaltela.pt\/s.01k8rhncp4jt1\/2025\/11\/talking-bot-125x125.png","url":"https:\/\/portaltela.pt\/s.01k8rhncp4jt1\/2025\/11\/talking-bot-125x125.png","contentUrl":"https:\/\/portaltela.pt\/s.01k8rhncp4jt1\/2025\/11\/talking-bot-125x125.png","caption":"Telinha"},"sameAs":["https:\/\/portaltela.pt\/"],"url":"https:\/\/portaltela.pt\/por\/367410592786\/"}]}},"_links":{"self":[{"href":"https:\/\/portaltela.pt\/api\/wp\/v2\/posts\/78048","targetHints":{"allow":["GET"]}}],"collection":[{"href":"https:\/\/portaltela.pt\/api\/wp\/v2\/posts"}],"about":[{"href":"https:\/\/portaltela.pt\/api\/wp\/v2\/types\/post"}],"author":[{"embeddable":true,"href":"https:\/\/portaltela.pt\/api\/wp\/v2\/users\/2"}],"replies":[{"embeddable":true,"href":"https:\/\/portaltela.pt\/api\/wp\/v2\/comments?post=78048"}],"version-history":[{"count":0,"href":"https:\/\/portaltela.pt\/api\/wp\/v2\/posts\/78048\/revisions"}],"wp:featuredmedia":[{"embeddable":true,"href":"https:\/\/portaltela.pt\/api\/wp\/v2\/media\/78056"}],"wp:attachment":[{"href":"https:\/\/portaltela.pt\/api\/wp\/v2\/media?parent=78048"}],"wp:term":[{"taxonomy":"category","embeddable":true,"href":"https:\/\/portaltela.pt\/api\/wp\/v2\/categories?post=78048"},{"taxonomy":"post_tag","embeddable":true,"href":"https:\/\/portaltela.pt\/api\/wp\/v2\/tags?post=78048"}],"curies":[{"name":"wp","href":"https:\/\/api.w.org\/{rel}","templated":true}]}}