{"id":78033,"date":"2025-12-15T17:50:00","date_gmt":"2025-12-15T20:50:00","guid":{"rendered":"https:\/\/portaltela.pt\/noticias\/2025\/12\/15\/angola-mira-2027-para-sair-da-lista-cinzenta-do-gafi-com-reforco-legal\/"},"modified":"2025-12-15T17:50:00","modified_gmt":"2025-12-15T20:50:00","slug":"angola-mira-2027-para-sair-da-lista-cinzenta-do-gafi-com-reforco-legal","status":"publish","type":"post","link":"https:\/\/portaltela.pt\/noticias\/2025\/12\/15\/angola-mira-2027-para-sair-da-lista-cinzenta-do-gafi-com-reforco-legal\/","title":{"rendered":"Angola mira 2027 para sair da lista cinzenta do GAFI com refor\u00e7o legal"},"content":{"rendered":"<p>Angola pretende sair da lista cinzenta de monitoriza\u00e7\u00e3o refor\u00e7ada do GAFI at\u00e9 2027, mediante diplomas legais para refor\u00e7ar a conformidade em preven\u00e7\u00e3o e combate ao branqueamento de capitais e financiamento do terrorismo. A meta foi anunciada pelo secret\u00e1rio de Estado para a Justi\u00e7a, Osvaldo Amaro, ap\u00f3s a Reuni\u00e3o Ordin\u00e1ria do Comit\u00e9 de Supervis\u00e3o da UIF, em Luanda.<\/p>\n<p>Durante o encontro, foram analisadas revis\u00f5es a dois diplomas legais, com altera\u00e7\u00f5es pontuais \u00e0 Lei do Branqueamento de Capitais, Financiamento do Terrorismo e da Prolifera\u00e7\u00e3o de Armas de Destrui\u00e7\u00e3o Massiva. O objetivo \u00e9 colmatar falhas identificadas pelo GAFI no \u00e2mbito do processo iniciado em outubro de 2024.<\/p>\n<h3>Progresso e pr\u00f3ximos passos<\/h3>\n<p>Segundo Amaro, o Minist\u00e9rio da Justi\u00e7a pretende que o quadro jur\u00eddico permita a tipifica\u00e7\u00e3o aut\u00f3noma do crime de branqueamento, sem depender da prova do crime subjacente. A ideia \u00e9 alinhar a legisla\u00e7\u00e3o com padr\u00f5es internacionais.<\/p>\n<p>O governante destacou a produ\u00e7\u00e3o legislativa e a forma\u00e7\u00e3o cont\u00ednua dos quadros, com consultoria externa e coopera\u00e7\u00e3o internacional. A implementa\u00e7\u00e3o pr\u00e1tica deve acompanhar a aprova\u00e7\u00e3o normativa, assegurando efic\u00e1cia.<\/p>\n<h3>Capacita\u00e7\u00e3o e monitoriza\u00e7\u00e3o<\/h3>\n<p>O diretor da UIF, Alberto Cape\u00e7a, afirmou que h\u00e1 um esfor\u00e7o conjunto entre institui\u00e7\u00f5es para cumprir os prazos com o GAFI. A meta \u00e9 concluir o plano de a\u00e7\u00e3o at\u00e9 janeiro de 2027 e apresentar as avalia\u00e7\u00f5es de risco correspondentes.<\/p>\n<p>Foram aprovadas as avalia\u00e7\u00f5es de risco de financiamento e de benefici\u00e1rio efetivo, com a avalia\u00e7\u00e3o de risco de organiza\u00e7\u00f5es sem fins lucrativos em fase final. O Instituto de Supervis\u00e3o das Actividades Comunit\u00e1rias coordena essa etapa.<\/p>\n<h3>Forma\u00e7\u00e3o e coopera\u00e7\u00e3o internacional<\/h3>\n<p>Cape\u00e7a informou que ocorreram diversas sess\u00f5es de forma\u00e7\u00e3o intensiva com formadores internacionais, vindos de Uganda, Qu\u00e9nia, Brasil, Portugal e EUA. Angola busca, assim, um modelo reconhecido internacionalmente para orientar a regi\u00e3o.<\/p>\n<p>O processo inclui tamb\u00e9m a moderniza\u00e7\u00e3o de ferramentas de monitoriza\u00e7\u00e3o financeira e a coopera\u00e7\u00e3o com organismos internacionais, incluindo a divulga\u00e7\u00e3o de listas de suspeitos de financiamento do terrorismo em coordena\u00e7\u00e3o com as Na\u00e7\u00f5es Unidas.<\/p>\n","protected":false},"excerpt":{"rendered":"<ul>\n<li>Angola pretende sair da lista cinzenta de monitoriza\u00e7\u00e3o refor\u00e7ada do Grupo de Ac\u00e7\u00e3o Financeira Internacional (GAFI) at\u00e9 2027, atrav\u00e9s de diplomas legais que reforcem a conformidade com as recomenda\u00e7\u00f5es internacionais no combate ao branqueamento de capitais e ao financiamento do terrorismo.<\/li>\n<li>O objetivo foi apresentado pelo secret\u00e1rio de Estado para a Justi\u00e7a, Osvaldo Amaro, na Reuni\u00e3o Ordin\u00e1ria do Comit\u00e9 de Supervis\u00e3o da Unidade de Informa\u00e7\u00e3o Financeira (UIF) em Luanda, que revisou altera\u00e7\u00f5es \u00e0 Lei do Branqueamento de Capitais, Financiamento do Terrorismo e da Prolifera\u00e7\u00e3o de Armamentos de Destrui\u00e7\u00e3o Massiva.<\/li>\n<li>O foco inclui tipificar e penalizar autonomamente o branqueamento de capitais, sem depender da prova do crime subjacente, alinhando a legisla\u00e7\u00e3o com padr\u00f5es internacionais, com apoio de consultoria externa e coopera\u00e7\u00e3o internacional.<\/li>\n<li>O Conselho de Ministros aprovou a Lei do Benefici\u00e1rio Efectivo, com Angola a buscar boas pr\u00e1ticas internacionais e experi\u00eancias de pa\u00edses que j\u00e1 sa\u00edram da lista cinzenta, para refor\u00e7ar transpar\u00eancia e robustez do sistema jur\u00eddico-financeiro.<\/li>\n<li>A UIF informou que j\u00e1 foram conclu\u00eddas avalia\u00e7\u00f5es de risco de financiamento e do benefici\u00e1rio efetivo; a avalia\u00e7\u00e3o de risco das organiza\u00e7\u00f5es sem fins lucrativos est\u00e1 em fase final, com forma\u00e7\u00e3o intensiva de quadros nacionais por formadores internacionais.<\/li>\n<\/ul>\n","protected":false},"author":2,"featured_media":78036,"comment_status":"closed","ping_status":"closed","sticky":false,"template":"","format":"standard","meta":{"footnotes":""},"categories":[1],"tags":[191,256,1460,215,466,250],"class_list":["post-78033","post","type-post","status-publish","format-standard","has-post-thumbnail","hentry","category-noticias","tag-branqueamento-de-capitais","tag-cooperacao-internacional","tag-financiamento-do-terrorismo","tag-investigacao","tag-organizacao-internacional","tag-seguranca-publica"],"yoast_head":"<!-- This site is optimized with the Yoast SEO plugin v27.2 - https:\/\/yoast.com\/product\/yoast-seo-wordpress\/ -->\n<title>Angola mira 2027 para sair da lista cinzenta do GAFI com refor\u00e7o legal - Portal Tela Portugal<\/title>\n<meta name=\"robots\" content=\"index, follow, max-snippet:-1, max-image-preview:large, max-video-preview:-1\" \/>\n<meta property=\"og:locale\" content=\"pt_PT\" \/>\n<meta property=\"og:type\" content=\"article\" \/>\n<meta property=\"og:title\" content=\"Angola mira 2027 para sair da lista cinzenta do GAFI com refor\u00e7o legal - Portal Tela Portugal\" \/>\n<meta property=\"og:description\" content=\"Angola pretende sair da lista cinzenta de monitoriza\u00e7\u00e3o refor\u00e7ada do Grupo de Ac\u00e7\u00e3o Financeira Internacional (GAFI) at\u00e9 2027, atrav\u00e9s de diplomas legais que reforcem a conformidade com as recomenda\u00e7\u00f5es internacionais no combate ao branqueamento de capitais e ao financiamento do terrorismo. O objetivo foi apresentado pelo secret\u00e1rio de Estado para a Justi\u00e7a, Osvaldo Amaro, na Reuni\u00e3o Ordin\u00e1ria do Comit\u00e9 de Supervis\u00e3o da Unidade de Informa\u00e7\u00e3o Financeira (UIF) em Luanda, que revisou altera\u00e7\u00f5es \u00e0 Lei do Branqueamento de Capitais, Financiamento do Terrorismo e da Prolifera\u00e7\u00e3o de Armamentos de Destrui\u00e7\u00e3o Massiva. O foco inclui tipificar e penalizar autonomamente o branqueamento de capitais, sem depender da prova do crime subjacente, alinhando a legisla\u00e7\u00e3o com padr\u00f5es internacionais, com apoio de consultoria externa e coopera\u00e7\u00e3o internacional. O Conselho de Ministros aprovou a Lei do Benefici\u00e1rio Efectivo, com Angola a buscar boas pr\u00e1ticas internacionais e experi\u00eancias de pa\u00edses que j\u00e1 sa\u00edram da lista cinzenta, para refor\u00e7ar transpar\u00eancia e robustez do sistema jur\u00eddico-financeiro. A UIF informou que j\u00e1 foram conclu\u00eddas avalia\u00e7\u00f5es de risco de financiamento e do benefici\u00e1rio efetivo; a avalia\u00e7\u00e3o de risco das organiza\u00e7\u00f5es sem fins lucrativos est\u00e1 em fase final, com forma\u00e7\u00e3o intensiva de quadros nacionais por formadores internacionais.\" \/>\n<meta property=\"og:url\" content=\"https:\/\/portaltela.pt\/noticias\/2025\/12\/15\/angola-mira-2027-para-sair-da-lista-cinzenta-do-gafi-com-reforco-legal\/\" \/>\n<meta property=\"og:site_name\" content=\"Portal Tela Portugal\" \/>\n<meta property=\"article:published_time\" content=\"2025-12-15T20:50:00+00:00\" \/>\n<meta name=\"author\" content=\"Telinha\" \/>\n<meta name=\"twitter:card\" content=\"summary_large_image\" \/>\n<meta name=\"twitter:label1\" content=\"Escrito por\" \/>\n\t<meta name=\"twitter:data1\" content=\"Telinha\" \/>\n\t<meta name=\"twitter:label2\" content=\"Tempo estimado de leitura\" \/>\n\t<meta name=\"twitter:data2\" content=\"2 minutos\" \/>\n<script type=\"application\/ld+json\" class=\"yoast-schema-graph\">{\"@context\":\"https:\/\/schema.org\",\"@graph\":[{\"@type\":\"Article\",\"@id\":\"https:\/\/portaltela.pt\/noticias\/2025\/12\/15\/angola-mira-2027-para-sair-da-lista-cinzenta-do-gafi-com-reforco-legal\/#article\",\"isPartOf\":{\"@id\":\"https:\/\/portaltela.pt\/noticias\/2025\/12\/15\/angola-mira-2027-para-sair-da-lista-cinzenta-do-gafi-com-reforco-legal\/\"},\"author\":{\"name\":\"Telinha\",\"@id\":\"https:\/\/portaltela.pt\/#\/schema\/person\/c4278d4a6028830caff9ee44b42d32ed\"},\"headline\":\"Angola mira 2027 para sair da lista cinzenta do GAFI com refor\u00e7o legal\",\"datePublished\":\"2025-12-15T20:50:00+00:00\",\"mainEntityOfPage\":{\"@id\":\"https:\/\/portaltela.pt\/noticias\/2025\/12\/15\/angola-mira-2027-para-sair-da-lista-cinzenta-do-gafi-com-reforco-legal\/\"},\"wordCount\":381,\"image\":{\"@id\":\"https:\/\/portaltela.pt\/noticias\/2025\/12\/15\/angola-mira-2027-para-sair-da-lista-cinzenta-do-gafi-com-reforco-legal\/#primaryimage\"},\"thumbnailUrl\":\"https:\/\/portaltela.pt\/s.01k8rhncp4jt1\/2025\/12\/2ad4d33609d3f9431b636f93a7381fd808cf2535-47.jpg\",\"keywords\":[\"branqueamento de capitais\",\"coopera\u00e7\u00e3o internacional\",\"financiamento do terrorismo\",\"investiga\u00e7\u00e3o\",\"organiza\u00e7\u00e3o internacional\",\"seguran\u00e7a p\u00fablica\"],\"articleSection\":[\"Not\u00edcias\"],\"inLanguage\":\"pt-PT\"},{\"@type\":\"WebPage\",\"@id\":\"https:\/\/portaltela.pt\/noticias\/2025\/12\/15\/angola-mira-2027-para-sair-da-lista-cinzenta-do-gafi-com-reforco-legal\/\",\"url\":\"https:\/\/portaltela.pt\/noticias\/2025\/12\/15\/angola-mira-2027-para-sair-da-lista-cinzenta-do-gafi-com-reforco-legal\/\",\"name\":\"Angola mira 2027 para sair da lista cinzenta do GAFI com refor\u00e7o legal - Portal Tela Portugal\",\"isPartOf\":{\"@id\":\"https:\/\/portaltela.pt\/#website\"},\"primaryImageOfPage\":{\"@id\":\"https:\/\/portaltela.pt\/noticias\/2025\/12\/15\/angola-mira-2027-para-sair-da-lista-cinzenta-do-gafi-com-reforco-legal\/#primaryimage\"},\"image\":{\"@id\":\"https:\/\/portaltela.pt\/noticias\/2025\/12\/15\/angola-mira-2027-para-sair-da-lista-cinzenta-do-gafi-com-reforco-legal\/#primaryimage\"},\"thumbnailUrl\":\"https:\/\/portaltela.pt\/s.01k8rhncp4jt1\/2025\/12\/2ad4d33609d3f9431b636f93a7381fd808cf2535-47.jpg\",\"datePublished\":\"2025-12-15T20:50:00+00:00\",\"author\":{\"@id\":\"https:\/\/portaltela.pt\/#\/schema\/person\/c4278d4a6028830caff9ee44b42d32ed\"},\"breadcrumb\":{\"@id\":\"https:\/\/portaltela.pt\/noticias\/2025\/12\/15\/angola-mira-2027-para-sair-da-lista-cinzenta-do-gafi-com-reforco-legal\/#breadcrumb\"},\"inLanguage\":\"pt-PT\",\"potentialAction\":[{\"@type\":\"ReadAction\",\"target\":[\"https:\/\/portaltela.pt\/noticias\/2025\/12\/15\/angola-mira-2027-para-sair-da-lista-cinzenta-do-gafi-com-reforco-legal\/\"]}]},{\"@type\":\"ImageObject\",\"inLanguage\":\"pt-PT\",\"@id\":\"https:\/\/portaltela.pt\/noticias\/2025\/12\/15\/angola-mira-2027-para-sair-da-lista-cinzenta-do-gafi-com-reforco-legal\/#primaryimage\",\"url\":\"https:\/\/portaltela.pt\/s.01k8rhncp4jt1\/2025\/12\/2ad4d33609d3f9431b636f93a7381fd808cf2535-47.jpg\",\"contentUrl\":\"https:\/\/portaltela.pt\/s.01k8rhncp4jt1\/2025\/12\/2ad4d33609d3f9431b636f93a7381fd808cf2535-47.jpg\",\"width\":796,\"height\":448,\"caption\":\"Forbes \u00c1frica Lus\u00f3fona\"},{\"@type\":\"BreadcrumbList\",\"@id\":\"https:\/\/portaltela.pt\/noticias\/2025\/12\/15\/angola-mira-2027-para-sair-da-lista-cinzenta-do-gafi-com-reforco-legal\/#breadcrumb\",\"itemListElement\":[{\"@type\":\"ListItem\",\"position\":1,\"name\":\"In\u00edcio\",\"item\":\"https:\/\/portaltela.pt\/\"},{\"@type\":\"ListItem\",\"position\":2,\"name\":\"Angola mira 2027 para sair da lista cinzenta do GAFI com refor\u00e7o legal\"}]},{\"@type\":\"WebSite\",\"@id\":\"https:\/\/portaltela.pt\/#website\",\"url\":\"https:\/\/portaltela.pt\/\",\"name\":\"Portal Tela Portugal\",\"description\":\"\",\"potentialAction\":[{\"@type\":\"SearchAction\",\"target\":{\"@type\":\"EntryPoint\",\"urlTemplate\":\"https:\/\/portaltela.pt\/?s={search_term_string}\"},\"query-input\":{\"@type\":\"PropertyValueSpecification\",\"valueRequired\":true,\"valueName\":\"search_term_string\"}}],\"inLanguage\":\"pt-PT\"},{\"@type\":\"Person\",\"@id\":\"https:\/\/portaltela.pt\/#\/schema\/person\/c4278d4a6028830caff9ee44b42d32ed\",\"name\":\"Telinha\",\"image\":{\"@type\":\"ImageObject\",\"inLanguage\":\"pt-PT\",\"@id\":\"https:\/\/portaltela.pt\/s.01k8rhncp4jt1\/2025\/11\/talking-bot-125x125.png\",\"url\":\"https:\/\/portaltela.pt\/s.01k8rhncp4jt1\/2025\/11\/talking-bot-125x125.png\",\"contentUrl\":\"https:\/\/portaltela.pt\/s.01k8rhncp4jt1\/2025\/11\/talking-bot-125x125.png\",\"caption\":\"Telinha\"},\"sameAs\":[\"https:\/\/portaltela.pt\/\"],\"url\":\"https:\/\/portaltela.pt\/por\/367410592786\/\"}]}<\/script>\n<!-- \/ Yoast SEO plugin. -->","yoast_head_json":{"title":"Angola mira 2027 para sair da lista cinzenta do GAFI com refor\u00e7o legal - Portal Tela Portugal","robots":{"index":"index","follow":"follow","max-snippet":"max-snippet:-1","max-image-preview":"max-image-preview:large","max-video-preview":"max-video-preview:-1"},"og_locale":"pt_PT","og_type":"article","og_title":"Angola mira 2027 para sair da lista cinzenta do GAFI com refor\u00e7o legal - Portal Tela Portugal","og_description":"Angola pretende sair da lista cinzenta de monitoriza\u00e7\u00e3o refor\u00e7ada do Grupo de Ac\u00e7\u00e3o Financeira Internacional (GAFI) at\u00e9 2027, atrav\u00e9s de diplomas legais que reforcem a conformidade com as recomenda\u00e7\u00f5es internacionais no combate ao branqueamento de capitais e ao financiamento do terrorismo. O objetivo foi apresentado pelo secret\u00e1rio de Estado para a Justi\u00e7a, Osvaldo Amaro, na Reuni\u00e3o Ordin\u00e1ria do Comit\u00e9 de Supervis\u00e3o da Unidade de Informa\u00e7\u00e3o Financeira (UIF) em Luanda, que revisou altera\u00e7\u00f5es \u00e0 Lei do Branqueamento de Capitais, Financiamento do Terrorismo e da Prolifera\u00e7\u00e3o de Armamentos de Destrui\u00e7\u00e3o Massiva. O foco inclui tipificar e penalizar autonomamente o branqueamento de capitais, sem depender da prova do crime subjacente, alinhando a legisla\u00e7\u00e3o com padr\u00f5es internacionais, com apoio de consultoria externa e coopera\u00e7\u00e3o internacional. O Conselho de Ministros aprovou a Lei do Benefici\u00e1rio Efectivo, com Angola a buscar boas pr\u00e1ticas internacionais e experi\u00eancias de pa\u00edses que j\u00e1 sa\u00edram da lista cinzenta, para refor\u00e7ar transpar\u00eancia e robustez do sistema jur\u00eddico-financeiro. A UIF informou que j\u00e1 foram conclu\u00eddas avalia\u00e7\u00f5es de risco de financiamento e do benefici\u00e1rio efetivo; a avalia\u00e7\u00e3o de risco das organiza\u00e7\u00f5es sem fins lucrativos est\u00e1 em fase final, com forma\u00e7\u00e3o intensiva de quadros nacionais por formadores internacionais.","og_url":"https:\/\/portaltela.pt\/noticias\/2025\/12\/15\/angola-mira-2027-para-sair-da-lista-cinzenta-do-gafi-com-reforco-legal\/","og_site_name":"Portal Tela Portugal","article_published_time":"2025-12-15T20:50:00+00:00","author":"Telinha","twitter_card":"summary_large_image","twitter_misc":{"Escrito por":"Telinha","Tempo estimado de leitura":"2 minutos"},"schema":{"@context":"https:\/\/schema.org","@graph":[{"@type":"Article","@id":"https:\/\/portaltela.pt\/noticias\/2025\/12\/15\/angola-mira-2027-para-sair-da-lista-cinzenta-do-gafi-com-reforco-legal\/#article","isPartOf":{"@id":"https:\/\/portaltela.pt\/noticias\/2025\/12\/15\/angola-mira-2027-para-sair-da-lista-cinzenta-do-gafi-com-reforco-legal\/"},"author":{"name":"Telinha","@id":"https:\/\/portaltela.pt\/#\/schema\/person\/c4278d4a6028830caff9ee44b42d32ed"},"headline":"Angola mira 2027 para sair da lista cinzenta do GAFI com refor\u00e7o legal","datePublished":"2025-12-15T20:50:00+00:00","mainEntityOfPage":{"@id":"https:\/\/portaltela.pt\/noticias\/2025\/12\/15\/angola-mira-2027-para-sair-da-lista-cinzenta-do-gafi-com-reforco-legal\/"},"wordCount":381,"image":{"@id":"https:\/\/portaltela.pt\/noticias\/2025\/12\/15\/angola-mira-2027-para-sair-da-lista-cinzenta-do-gafi-com-reforco-legal\/#primaryimage"},"thumbnailUrl":"https:\/\/portaltela.pt\/s.01k8rhncp4jt1\/2025\/12\/2ad4d33609d3f9431b636f93a7381fd808cf2535-47.jpg","keywords":["branqueamento de capitais","coopera\u00e7\u00e3o internacional","financiamento do terrorismo","investiga\u00e7\u00e3o","organiza\u00e7\u00e3o internacional","seguran\u00e7a p\u00fablica"],"articleSection":["Not\u00edcias"],"inLanguage":"pt-PT"},{"@type":"WebPage","@id":"https:\/\/portaltela.pt\/noticias\/2025\/12\/15\/angola-mira-2027-para-sair-da-lista-cinzenta-do-gafi-com-reforco-legal\/","url":"https:\/\/portaltela.pt\/noticias\/2025\/12\/15\/angola-mira-2027-para-sair-da-lista-cinzenta-do-gafi-com-reforco-legal\/","name":"Angola mira 2027 para sair da lista cinzenta do GAFI com refor\u00e7o legal - Portal Tela Portugal","isPartOf":{"@id":"https:\/\/portaltela.pt\/#website"},"primaryImageOfPage":{"@id":"https:\/\/portaltela.pt\/noticias\/2025\/12\/15\/angola-mira-2027-para-sair-da-lista-cinzenta-do-gafi-com-reforco-legal\/#primaryimage"},"image":{"@id":"https:\/\/portaltela.pt\/noticias\/2025\/12\/15\/angola-mira-2027-para-sair-da-lista-cinzenta-do-gafi-com-reforco-legal\/#primaryimage"},"thumbnailUrl":"https:\/\/portaltela.pt\/s.01k8rhncp4jt1\/2025\/12\/2ad4d33609d3f9431b636f93a7381fd808cf2535-47.jpg","datePublished":"2025-12-15T20:50:00+00:00","author":{"@id":"https:\/\/portaltela.pt\/#\/schema\/person\/c4278d4a6028830caff9ee44b42d32ed"},"breadcrumb":{"@id":"https:\/\/portaltela.pt\/noticias\/2025\/12\/15\/angola-mira-2027-para-sair-da-lista-cinzenta-do-gafi-com-reforco-legal\/#breadcrumb"},"inLanguage":"pt-PT","potentialAction":[{"@type":"ReadAction","target":["https:\/\/portaltela.pt\/noticias\/2025\/12\/15\/angola-mira-2027-para-sair-da-lista-cinzenta-do-gafi-com-reforco-legal\/"]}]},{"@type":"ImageObject","inLanguage":"pt-PT","@id":"https:\/\/portaltela.pt\/noticias\/2025\/12\/15\/angola-mira-2027-para-sair-da-lista-cinzenta-do-gafi-com-reforco-legal\/#primaryimage","url":"https:\/\/portaltela.pt\/s.01k8rhncp4jt1\/2025\/12\/2ad4d33609d3f9431b636f93a7381fd808cf2535-47.jpg","contentUrl":"https:\/\/portaltela.pt\/s.01k8rhncp4jt1\/2025\/12\/2ad4d33609d3f9431b636f93a7381fd808cf2535-47.jpg","width":796,"height":448,"caption":"Forbes \u00c1frica Lus\u00f3fona"},{"@type":"BreadcrumbList","@id":"https:\/\/portaltela.pt\/noticias\/2025\/12\/15\/angola-mira-2027-para-sair-da-lista-cinzenta-do-gafi-com-reforco-legal\/#breadcrumb","itemListElement":[{"@type":"ListItem","position":1,"name":"In\u00edcio","item":"https:\/\/portaltela.pt\/"},{"@type":"ListItem","position":2,"name":"Angola mira 2027 para sair da lista cinzenta do GAFI com refor\u00e7o legal"}]},{"@type":"WebSite","@id":"https:\/\/portaltela.pt\/#website","url":"https:\/\/portaltela.pt\/","name":"Portal Tela Portugal","description":"","potentialAction":[{"@type":"SearchAction","target":{"@type":"EntryPoint","urlTemplate":"https:\/\/portaltela.pt\/?s={search_term_string}"},"query-input":{"@type":"PropertyValueSpecification","valueRequired":true,"valueName":"search_term_string"}}],"inLanguage":"pt-PT"},{"@type":"Person","@id":"https:\/\/portaltela.pt\/#\/schema\/person\/c4278d4a6028830caff9ee44b42d32ed","name":"Telinha","image":{"@type":"ImageObject","inLanguage":"pt-PT","@id":"https:\/\/portaltela.pt\/s.01k8rhncp4jt1\/2025\/11\/talking-bot-125x125.png","url":"https:\/\/portaltela.pt\/s.01k8rhncp4jt1\/2025\/11\/talking-bot-125x125.png","contentUrl":"https:\/\/portaltela.pt\/s.01k8rhncp4jt1\/2025\/11\/talking-bot-125x125.png","caption":"Telinha"},"sameAs":["https:\/\/portaltela.pt\/"],"url":"https:\/\/portaltela.pt\/por\/367410592786\/"}]}},"_links":{"self":[{"href":"https:\/\/portaltela.pt\/api\/wp\/v2\/posts\/78033","targetHints":{"allow":["GET"]}}],"collection":[{"href":"https:\/\/portaltela.pt\/api\/wp\/v2\/posts"}],"about":[{"href":"https:\/\/portaltela.pt\/api\/wp\/v2\/types\/post"}],"author":[{"embeddable":true,"href":"https:\/\/portaltela.pt\/api\/wp\/v2\/users\/2"}],"replies":[{"embeddable":true,"href":"https:\/\/portaltela.pt\/api\/wp\/v2\/comments?post=78033"}],"version-history":[{"count":0,"href":"https:\/\/portaltela.pt\/api\/wp\/v2\/posts\/78033\/revisions"}],"wp:featuredmedia":[{"embeddable":true,"href":"https:\/\/portaltela.pt\/api\/wp\/v2\/media\/78036"}],"wp:attachment":[{"href":"https:\/\/portaltela.pt\/api\/wp\/v2\/media?parent=78033"}],"wp:term":[{"taxonomy":"category","embeddable":true,"href":"https:\/\/portaltela.pt\/api\/wp\/v2\/categories?post=78033"},{"taxonomy":"post_tag","embeddable":true,"href":"https:\/\/portaltela.pt\/api\/wp\/v2\/tags?post=78033"}],"curies":[{"name":"wp","href":"https:\/\/api.w.org\/{rel}","templated":true}]}}