{"id":77559,"date":"2025-12-15T14:29:00","date_gmt":"2025-12-15T17:29:00","guid":{"rendered":"https:\/\/portaltela.pt\/noticias\/2025\/12\/15\/banda-filarmonica-de-odemira-comemora-36-o-aniversario-com-concerto\/"},"modified":"2025-12-15T14:29:00","modified_gmt":"2025-12-15T17:29:00","slug":"banda-filarmonica-de-odemira-comemora-36-o-aniversario-com-concerto","status":"publish","type":"post","link":"https:\/\/portaltela.pt\/noticias\/2025\/12\/15\/banda-filarmonica-de-odemira-comemora-36-o-aniversario-com-concerto\/","title":{"rendered":"Banda Filarm\u00f3nica de Odemira comemora 36.\u00ba anivers\u00e1rio com concerto"},"content":{"rendered":"<p>A Banda Filarm\u00f3nica de Odemira promove, este domingo, uma celebra\u00e7\u00e3o do seu anivers\u00e1rio com um programa aberto \u00e0 comunidade. O in\u00edcio acontece \u00e0s 11h com a interpreta\u00e7\u00e3o do hino da banda junto \u00e0 sede, na Casa do Povo de Odemira, seguido de uma arruada pelas ruas da vila. O concerto de anivers\u00e1rio est\u00e1 marcado para as 16h, no Cineteatro Camacho Costa.<\/p>\n<p>A iniciativa insere-se num conjunto de atividades promovidas pela banda, fundada a 15 de dezembro de 1989. Trata-se de uma associa\u00e7\u00e3o sem fins lucrativos que oferece ensino gratuito de m\u00fasica por meio da sua Escola de M\u00fasica, com aulas, forma\u00e7\u00e3o e a\u00e7\u00f5es de sensibiliza\u00e7\u00e3o.<\/p>\n<h3>Programa do Dia<\/h3>\n<p>Ap\u00f3s a abertura com o hino, a arruada percorre as ruas de Odemira, encerrando a tarde com o concerto no cineteatro, que contar\u00e1 com diversas forma\u00e7\u00f5es da escola de m\u00fasica da coletividade. O objetivo \u00e9 promover a pr\u00e1tica musical entre crian\u00e7as e jovens da regi\u00e3o.<\/p>\n<h3>Apoio institucional<\/h3>\n<p>O Munic\u00edpio de Odemira congratula a banda pelo percurso e reafirma o compromisso de continuar a apoiar a coletividade. A autarquia destaca o papel da banda na forma\u00e7\u00e3o musical, divulga\u00e7\u00e3o cultural e representa\u00e7\u00e3o do concelho a n\u00edvel nacional.<\/p>\n","protected":false},"excerpt":{"rendered":"<ul>\n<li>O programa inicia \u00e0s 11h com a interpreta\u00e7\u00e3o do hino da banda junto \u00e0 sede, na Casa do Povo de Odemira.<\/li>\n<li>Segue-se uma arruada pelas ruas da vila.<\/li>\n<li>O concerto de anivers\u00e1rio realiza-se \u00e0s 16h no Cineteatro Camacho Costa.<\/li>\n<li>A Banda Filarm\u00f3nica de Odemira foi fundada a 15 de dezembro de 1989 e \u00e9 uma associa\u00e7\u00e3o sem fins lucrativos que oferece ensino gratuito de m\u00fasica atrav\u00e9s da Escola de M\u00fasica.<\/li>\n<li>O Munic\u00edpio de Odemira felicita a banda e reafirma o apoio \u00e0 coletividade, destacando o papel na forma\u00e7\u00e3o de crian\u00e7as e jovens e na promo\u00e7\u00e3o musical no concelho a n\u00edvel nacional.<\/li>\n<\/ul>\n","protected":false},"author":2,"featured_media":77564,"comment_status":"closed","ping_status":"closed","sticky":false,"template":"","format":"standard","meta":{"footnotes":""},"categories":[1],"tags":[883,679,1259,145,163,122],"class_list":["post-77559","post","type-post","status-publish","format-standard","has-post-thumbnail","hentry","category-noticias","tag-alentejo","tag-associacoes","tag-banda-sinfonica-portuguesa","tag-cultura","tag-educacao","tag-musica"],"yoast_head":"<!-- This site is optimized with the Yoast SEO plugin v27.2 - https:\/\/yoast.com\/product\/yoast-seo-wordpress\/ -->\n<title>Banda Filarm\u00f3nica de Odemira comemora 36.\u00ba anivers\u00e1rio com concerto - Portal Tela Portugal<\/title>\n<meta name=\"robots\" content=\"index, follow, max-snippet:-1, max-image-preview:large, max-video-preview:-1\" \/>\n<meta property=\"og:locale\" content=\"pt_PT\" \/>\n<meta property=\"og:type\" content=\"article\" \/>\n<meta property=\"og:title\" content=\"Banda Filarm\u00f3nica de Odemira comemora 36.\u00ba anivers\u00e1rio com concerto - Portal Tela Portugal\" \/>\n<meta property=\"og:description\" content=\"O programa inicia \u00e0s 11h com a interpreta\u00e7\u00e3o do hino da banda junto \u00e0 sede, na Casa do Povo de Odemira. Segue-se uma arruada pelas ruas da vila. O concerto de anivers\u00e1rio realiza-se \u00e0s 16h no Cineteatro Camacho Costa. A Banda Filarm\u00f3nica de Odemira foi fundada a 15 de dezembro de 1989 e \u00e9 uma associa\u00e7\u00e3o sem fins lucrativos que oferece ensino gratuito de m\u00fasica atrav\u00e9s da Escola de M\u00fasica. O Munic\u00edpio de Odemira felicita a banda e reafirma o apoio \u00e0 coletividade, destacando o papel na forma\u00e7\u00e3o de crian\u00e7as e jovens e na promo\u00e7\u00e3o musical no concelho a n\u00edvel nacional.\" \/>\n<meta property=\"og:url\" content=\"https:\/\/portaltela.pt\/noticias\/2025\/12\/15\/banda-filarmonica-de-odemira-comemora-36-o-aniversario-com-concerto\/\" \/>\n<meta property=\"og:site_name\" content=\"Portal Tela Portugal\" \/>\n<meta property=\"article:published_time\" content=\"2025-12-15T17:29:00+00:00\" \/>\n<meta name=\"author\" content=\"Telinha\" \/>\n<meta name=\"twitter:card\" content=\"summary_large_image\" \/>\n<meta name=\"twitter:label1\" content=\"Escrito por\" \/>\n\t<meta name=\"twitter:data1\" content=\"Telinha\" \/>\n\t<meta name=\"twitter:label2\" content=\"Tempo estimado de leitura\" \/>\n\t<meta name=\"twitter:data2\" content=\"1 minuto\" \/>\n<script type=\"application\/ld+json\" class=\"yoast-schema-graph\">{\"@context\":\"https:\/\/schema.org\",\"@graph\":[{\"@type\":\"Article\",\"@id\":\"https:\/\/portaltela.pt\/noticias\/2025\/12\/15\/banda-filarmonica-de-odemira-comemora-36-o-aniversario-com-concerto\/#article\",\"isPartOf\":{\"@id\":\"https:\/\/portaltela.pt\/noticias\/2025\/12\/15\/banda-filarmonica-de-odemira-comemora-36-o-aniversario-com-concerto\/\"},\"author\":{\"name\":\"Telinha\",\"@id\":\"https:\/\/portaltela.pt\/#\/schema\/person\/c4278d4a6028830caff9ee44b42d32ed\"},\"headline\":\"Banda Filarm\u00f3nica de Odemira comemora 36.\u00ba anivers\u00e1rio com concerto\",\"datePublished\":\"2025-12-15T17:29:00+00:00\",\"mainEntityOfPage\":{\"@id\":\"https:\/\/portaltela.pt\/noticias\/2025\/12\/15\/banda-filarmonica-de-odemira-comemora-36-o-aniversario-com-concerto\/\"},\"wordCount\":221,\"image\":{\"@id\":\"https:\/\/portaltela.pt\/noticias\/2025\/12\/15\/banda-filarmonica-de-odemira-comemora-36-o-aniversario-com-concerto\/#primaryimage\"},\"thumbnailUrl\":\"https:\/\/portaltela.pt\/s.01k8rhncp4jt1\/2025\/12\/h_202512151730569248.jpg\",\"keywords\":[\"Alentejo\",\"associa\u00e7\u00f5es\",\"Banda Sinf\u00f3nica Portuguesa\",\"cultura\",\"educa\u00e7\u00e3o\",\"m\u00fasica\"],\"articleSection\":[\"Not\u00edcias\"],\"inLanguage\":\"pt-PT\"},{\"@type\":\"WebPage\",\"@id\":\"https:\/\/portaltela.pt\/noticias\/2025\/12\/15\/banda-filarmonica-de-odemira-comemora-36-o-aniversario-com-concerto\/\",\"url\":\"https:\/\/portaltela.pt\/noticias\/2025\/12\/15\/banda-filarmonica-de-odemira-comemora-36-o-aniversario-com-concerto\/\",\"name\":\"Banda Filarm\u00f3nica de Odemira comemora 36.\u00ba anivers\u00e1rio com concerto - Portal Tela Portugal\",\"isPartOf\":{\"@id\":\"https:\/\/portaltela.pt\/#website\"},\"primaryImageOfPage\":{\"@id\":\"https:\/\/portaltela.pt\/noticias\/2025\/12\/15\/banda-filarmonica-de-odemira-comemora-36-o-aniversario-com-concerto\/#primaryimage\"},\"image\":{\"@id\":\"https:\/\/portaltela.pt\/noticias\/2025\/12\/15\/banda-filarmonica-de-odemira-comemora-36-o-aniversario-com-concerto\/#primaryimage\"},\"thumbnailUrl\":\"https:\/\/portaltela.pt\/s.01k8rhncp4jt1\/2025\/12\/h_202512151730569248.jpg\",\"datePublished\":\"2025-12-15T17:29:00+00:00\",\"author\":{\"@id\":\"https:\/\/portaltela.pt\/#\/schema\/person\/c4278d4a6028830caff9ee44b42d32ed\"},\"breadcrumb\":{\"@id\":\"https:\/\/portaltela.pt\/noticias\/2025\/12\/15\/banda-filarmonica-de-odemira-comemora-36-o-aniversario-com-concerto\/#breadcrumb\"},\"inLanguage\":\"pt-PT\",\"potentialAction\":[{\"@type\":\"ReadAction\",\"target\":[\"https:\/\/portaltela.pt\/noticias\/2025\/12\/15\/banda-filarmonica-de-odemira-comemora-36-o-aniversario-com-concerto\/\"]}]},{\"@type\":\"ImageObject\",\"inLanguage\":\"pt-PT\",\"@id\":\"https:\/\/portaltela.pt\/noticias\/2025\/12\/15\/banda-filarmonica-de-odemira-comemora-36-o-aniversario-com-concerto\/#primaryimage\",\"url\":\"https:\/\/portaltela.pt\/s.01k8rhncp4jt1\/2025\/12\/h_202512151730569248.jpg\",\"contentUrl\":\"https:\/\/portaltela.pt\/s.01k8rhncp4jt1\/2025\/12\/h_202512151730569248.jpg\",\"width\":796,\"height\":448,\"caption\":\"R\u00e1dio Sines\"},{\"@type\":\"BreadcrumbList\",\"@id\":\"https:\/\/portaltela.pt\/noticias\/2025\/12\/15\/banda-filarmonica-de-odemira-comemora-36-o-aniversario-com-concerto\/#breadcrumb\",\"itemListElement\":[{\"@type\":\"ListItem\",\"position\":1,\"name\":\"In\u00edcio\",\"item\":\"https:\/\/portaltela.pt\/\"},{\"@type\":\"ListItem\",\"position\":2,\"name\":\"Banda Filarm\u00f3nica de Odemira comemora 36.\u00ba anivers\u00e1rio com concerto\"}]},{\"@type\":\"WebSite\",\"@id\":\"https:\/\/portaltela.pt\/#website\",\"url\":\"https:\/\/portaltela.pt\/\",\"name\":\"Portal Tela Portugal\",\"description\":\"\",\"potentialAction\":[{\"@type\":\"SearchAction\",\"target\":{\"@type\":\"EntryPoint\",\"urlTemplate\":\"https:\/\/portaltela.pt\/?s={search_term_string}\"},\"query-input\":{\"@type\":\"PropertyValueSpecification\",\"valueRequired\":true,\"valueName\":\"search_term_string\"}}],\"inLanguage\":\"pt-PT\"},{\"@type\":\"Person\",\"@id\":\"https:\/\/portaltela.pt\/#\/schema\/person\/c4278d4a6028830caff9ee44b42d32ed\",\"name\":\"Telinha\",\"image\":{\"@type\":\"ImageObject\",\"inLanguage\":\"pt-PT\",\"@id\":\"https:\/\/portaltela.pt\/s.01k8rhncp4jt1\/2025\/11\/talking-bot-125x125.png\",\"url\":\"https:\/\/portaltela.pt\/s.01k8rhncp4jt1\/2025\/11\/talking-bot-125x125.png\",\"contentUrl\":\"https:\/\/portaltela.pt\/s.01k8rhncp4jt1\/2025\/11\/talking-bot-125x125.png\",\"caption\":\"Telinha\"},\"sameAs\":[\"https:\/\/portaltela.pt\/\"],\"url\":\"https:\/\/portaltela.pt\/por\/367410592786\/\"}]}<\/script>\n<!-- \/ Yoast SEO plugin. -->","yoast_head_json":{"title":"Banda Filarm\u00f3nica de Odemira comemora 36.\u00ba anivers\u00e1rio com concerto - Portal Tela Portugal","robots":{"index":"index","follow":"follow","max-snippet":"max-snippet:-1","max-image-preview":"max-image-preview:large","max-video-preview":"max-video-preview:-1"},"og_locale":"pt_PT","og_type":"article","og_title":"Banda Filarm\u00f3nica de Odemira comemora 36.\u00ba anivers\u00e1rio com concerto - Portal Tela Portugal","og_description":"O programa inicia \u00e0s 11h com a interpreta\u00e7\u00e3o do hino da banda junto \u00e0 sede, na Casa do Povo de Odemira. Segue-se uma arruada pelas ruas da vila. O concerto de anivers\u00e1rio realiza-se \u00e0s 16h no Cineteatro Camacho Costa. A Banda Filarm\u00f3nica de Odemira foi fundada a 15 de dezembro de 1989 e \u00e9 uma associa\u00e7\u00e3o sem fins lucrativos que oferece ensino gratuito de m\u00fasica atrav\u00e9s da Escola de M\u00fasica. O Munic\u00edpio de Odemira felicita a banda e reafirma o apoio \u00e0 coletividade, destacando o papel na forma\u00e7\u00e3o de crian\u00e7as e jovens e na promo\u00e7\u00e3o musical no concelho a n\u00edvel nacional.","og_url":"https:\/\/portaltela.pt\/noticias\/2025\/12\/15\/banda-filarmonica-de-odemira-comemora-36-o-aniversario-com-concerto\/","og_site_name":"Portal Tela Portugal","article_published_time":"2025-12-15T17:29:00+00:00","author":"Telinha","twitter_card":"summary_large_image","twitter_misc":{"Escrito por":"Telinha","Tempo estimado de leitura":"1 minuto"},"schema":{"@context":"https:\/\/schema.org","@graph":[{"@type":"Article","@id":"https:\/\/portaltela.pt\/noticias\/2025\/12\/15\/banda-filarmonica-de-odemira-comemora-36-o-aniversario-com-concerto\/#article","isPartOf":{"@id":"https:\/\/portaltela.pt\/noticias\/2025\/12\/15\/banda-filarmonica-de-odemira-comemora-36-o-aniversario-com-concerto\/"},"author":{"name":"Telinha","@id":"https:\/\/portaltela.pt\/#\/schema\/person\/c4278d4a6028830caff9ee44b42d32ed"},"headline":"Banda Filarm\u00f3nica de Odemira comemora 36.\u00ba anivers\u00e1rio com concerto","datePublished":"2025-12-15T17:29:00+00:00","mainEntityOfPage":{"@id":"https:\/\/portaltela.pt\/noticias\/2025\/12\/15\/banda-filarmonica-de-odemira-comemora-36-o-aniversario-com-concerto\/"},"wordCount":221,"image":{"@id":"https:\/\/portaltela.pt\/noticias\/2025\/12\/15\/banda-filarmonica-de-odemira-comemora-36-o-aniversario-com-concerto\/#primaryimage"},"thumbnailUrl":"https:\/\/portaltela.pt\/s.01k8rhncp4jt1\/2025\/12\/h_202512151730569248.jpg","keywords":["Alentejo","associa\u00e7\u00f5es","Banda Sinf\u00f3nica Portuguesa","cultura","educa\u00e7\u00e3o","m\u00fasica"],"articleSection":["Not\u00edcias"],"inLanguage":"pt-PT"},{"@type":"WebPage","@id":"https:\/\/portaltela.pt\/noticias\/2025\/12\/15\/banda-filarmonica-de-odemira-comemora-36-o-aniversario-com-concerto\/","url":"https:\/\/portaltela.pt\/noticias\/2025\/12\/15\/banda-filarmonica-de-odemira-comemora-36-o-aniversario-com-concerto\/","name":"Banda Filarm\u00f3nica de Odemira comemora 36.\u00ba anivers\u00e1rio com concerto - Portal Tela Portugal","isPartOf":{"@id":"https:\/\/portaltela.pt\/#website"},"primaryImageOfPage":{"@id":"https:\/\/portaltela.pt\/noticias\/2025\/12\/15\/banda-filarmonica-de-odemira-comemora-36-o-aniversario-com-concerto\/#primaryimage"},"image":{"@id":"https:\/\/portaltela.pt\/noticias\/2025\/12\/15\/banda-filarmonica-de-odemira-comemora-36-o-aniversario-com-concerto\/#primaryimage"},"thumbnailUrl":"https:\/\/portaltela.pt\/s.01k8rhncp4jt1\/2025\/12\/h_202512151730569248.jpg","datePublished":"2025-12-15T17:29:00+00:00","author":{"@id":"https:\/\/portaltela.pt\/#\/schema\/person\/c4278d4a6028830caff9ee44b42d32ed"},"breadcrumb":{"@id":"https:\/\/portaltela.pt\/noticias\/2025\/12\/15\/banda-filarmonica-de-odemira-comemora-36-o-aniversario-com-concerto\/#breadcrumb"},"inLanguage":"pt-PT","potentialAction":[{"@type":"ReadAction","target":["https:\/\/portaltela.pt\/noticias\/2025\/12\/15\/banda-filarmonica-de-odemira-comemora-36-o-aniversario-com-concerto\/"]}]},{"@type":"ImageObject","inLanguage":"pt-PT","@id":"https:\/\/portaltela.pt\/noticias\/2025\/12\/15\/banda-filarmonica-de-odemira-comemora-36-o-aniversario-com-concerto\/#primaryimage","url":"https:\/\/portaltela.pt\/s.01k8rhncp4jt1\/2025\/12\/h_202512151730569248.jpg","contentUrl":"https:\/\/portaltela.pt\/s.01k8rhncp4jt1\/2025\/12\/h_202512151730569248.jpg","width":796,"height":448,"caption":"R\u00e1dio Sines"},{"@type":"BreadcrumbList","@id":"https:\/\/portaltela.pt\/noticias\/2025\/12\/15\/banda-filarmonica-de-odemira-comemora-36-o-aniversario-com-concerto\/#breadcrumb","itemListElement":[{"@type":"ListItem","position":1,"name":"In\u00edcio","item":"https:\/\/portaltela.pt\/"},{"@type":"ListItem","position":2,"name":"Banda Filarm\u00f3nica de Odemira comemora 36.\u00ba anivers\u00e1rio com concerto"}]},{"@type":"WebSite","@id":"https:\/\/portaltela.pt\/#website","url":"https:\/\/portaltela.pt\/","name":"Portal Tela Portugal","description":"","potentialAction":[{"@type":"SearchAction","target":{"@type":"EntryPoint","urlTemplate":"https:\/\/portaltela.pt\/?s={search_term_string}"},"query-input":{"@type":"PropertyValueSpecification","valueRequired":true,"valueName":"search_term_string"}}],"inLanguage":"pt-PT"},{"@type":"Person","@id":"https:\/\/portaltela.pt\/#\/schema\/person\/c4278d4a6028830caff9ee44b42d32ed","name":"Telinha","image":{"@type":"ImageObject","inLanguage":"pt-PT","@id":"https:\/\/portaltela.pt\/s.01k8rhncp4jt1\/2025\/11\/talking-bot-125x125.png","url":"https:\/\/portaltela.pt\/s.01k8rhncp4jt1\/2025\/11\/talking-bot-125x125.png","contentUrl":"https:\/\/portaltela.pt\/s.01k8rhncp4jt1\/2025\/11\/talking-bot-125x125.png","caption":"Telinha"},"sameAs":["https:\/\/portaltela.pt\/"],"url":"https:\/\/portaltela.pt\/por\/367410592786\/"}]}},"_links":{"self":[{"href":"https:\/\/portaltela.pt\/api\/wp\/v2\/posts\/77559","targetHints":{"allow":["GET"]}}],"collection":[{"href":"https:\/\/portaltela.pt\/api\/wp\/v2\/posts"}],"about":[{"href":"https:\/\/portaltela.pt\/api\/wp\/v2\/types\/post"}],"author":[{"embeddable":true,"href":"https:\/\/portaltela.pt\/api\/wp\/v2\/users\/2"}],"replies":[{"embeddable":true,"href":"https:\/\/portaltela.pt\/api\/wp\/v2\/comments?post=77559"}],"version-history":[{"count":0,"href":"https:\/\/portaltela.pt\/api\/wp\/v2\/posts\/77559\/revisions"}],"wp:featuredmedia":[{"embeddable":true,"href":"https:\/\/portaltela.pt\/api\/wp\/v2\/media\/77564"}],"wp:attachment":[{"href":"https:\/\/portaltela.pt\/api\/wp\/v2\/media?parent=77559"}],"wp:term":[{"taxonomy":"category","embeddable":true,"href":"https:\/\/portaltela.pt\/api\/wp\/v2\/categories?post=77559"},{"taxonomy":"post_tag","embeddable":true,"href":"https:\/\/portaltela.pt\/api\/wp\/v2\/tags?post=77559"}],"curies":[{"name":"wp","href":"https:\/\/api.w.org\/{rel}","templated":true}]}}