{"id":77519,"date":"2025-12-14T21:00:00","date_gmt":"2025-12-15T00:00:00","guid":{"rendered":"https:\/\/portaltela.pt\/noticias\/2025\/12\/14\/sete-adeptos-do-sporting-acusados-de-tentativa-de-homicidio-em-lisboa\/"},"modified":"2025-12-14T21:00:00","modified_gmt":"2025-12-15T00:00:00","slug":"sete-adeptos-do-sporting-acusados-de-tentativa-de-homicidio-em-lisboa","status":"publish","type":"post","link":"https:\/\/portaltela.pt\/desporto\/futebol\/2025\/12\/14\/sete-adeptos-do-sporting-acusados-de-tentativa-de-homicidio-em-lisboa\/","title":{"rendered":"Sete adeptos do Sporting acusados de tentativa de homic\u00eddio em Lisboa"},"content":{"rendered":"<p>O Minist\u00e9rio P\u00fablico acusou sete adeptos do Sporting CP de tentativa de homic\u00eddio qualificada contra cinco adeptos do FC Porto. A acusa\u00e7\u00e3o resulta de um incidente violento ocorrido em junho, ap\u00f3s um jogo de h\u00f3quei em patins, no pavilh\u00e3o Jo\u00e3o Rocha, em Alvalade.<\/p>\n<p>Segundo o MP, os arguidos planeavam antecipadamente atacar os advers\u00e1rios, atear fogo a viaturas da comitiva rival, impedir a saida, agredir com socos e bastonadas, al\u00e9m de apedrejar carros e subtrair objetos de valor. O objetivo seria queimar as viaturas em que seguiam os outros adeptos.<\/p>\n<p>A acusa\u00e7\u00e3o envolve 10 crimes entre os quais integridade f\u00edsica qualificada, inc\u00eandio, roubo e dano qualificado. Um dos ve\u00edculos chegou a ser incendiado durante o incidente, conforme a investiga\u00e7\u00e3o.<\/p>\n<p>Dos sete arguidos, cinco permanecem em pris\u00e3o preventiva e dois est\u00e3o em pris\u00e3o domicili\u00e1ria. O processo continua a ser acompanhado pelas autoridades judiciais.<\/p>\n<h3>Detalhes da acusa\u00e7\u00e3o<\/h3>\n<p>Os argu\u00eddos s\u00e3o considerados respons\u00e1veis por um plano estruturado para dificultar a sa\u00edda dos adeptos rivais e para infligir danos f\u00edsicos e materiais, conforme o MP. A acusa\u00e7\u00e3o descreve a sequ\u00eancia de a\u00e7\u00f5es e as circunst\u00e2ncias do ataque.<\/p>\n","protected":false},"excerpt":{"rendered":"<ul>\n<li>O Minist\u00e9rio P\u00fablico acusou sete adeptos do Sporting Clube de Portugal de tentativa de homic\u00eddio qualificada contra cinco adeptos do Futebol Clube do Porto, ap\u00f3s o incidente no pavilh\u00e3o Jo\u00e3o Rocha, em Alvalade, no fim de junho, ap\u00f3s um jogo de h\u00f3quei em patins.<\/li>\n<li>Al\u00e9m da tentativa de homic\u00eddio, os arguidos v\u00e3o responder por dez crimes: ofensas \u00e0 integridade f\u00edsica qualificadas, um inc\u00eandio, cinco crimes de roubo e tr\u00eas de dano qualificado.<\/li>\n<li>A acusa\u00e7\u00e3o sustenta que havia um plano pr\u00e9-definido para atear fogo \u00e0s viaturas dos advers\u00e1rios, impedir a sua sa\u00edda, agredir com socos e bastonadas, apedrejar carros e subtrair objetos de valor.<\/li>\n<li>Um dos ve\u00edculos foi incendiado com sucesso, segundo a investiga\u00e7\u00e3o.<\/li>\n<li>Dos sete arguidos, cinco encontram-se em pris\u00e3o preventiva e dois em pris\u00e3o domicili\u00e1ria; o caso est\u00e1 a ser acompanhado pelas autoridades judiciais.<\/li>\n<\/ul>\n","protected":false},"author":2,"featured_media":77523,"comment_status":"closed","ping_status":"closed","sticky":false,"template":"","format":"standard","meta":{"footnotes":""},"categories":[21,24],"tags":[147,1445,1438,981,203,939],"class_list":["post-77519","post","type-post","status-publish","format-standard","has-post-thumbnail","hentry","category-desporto","category-futebol","tag-crime","tag-dano-qualificado","tag-incendio","tag-lisboa","tag-roubo","tag-violencia"],"yoast_head":"<!-- This site is optimized with the Yoast SEO plugin v27.2 - https:\/\/yoast.com\/product\/yoast-seo-wordpress\/ -->\n<title>Sete adeptos do Sporting acusados de tentativa de homic\u00eddio em Lisboa - Portal Tela Portugal<\/title>\n<meta name=\"robots\" content=\"index, follow, max-snippet:-1, max-image-preview:large, max-video-preview:-1\" \/>\n<meta property=\"og:locale\" content=\"pt_PT\" \/>\n<meta property=\"og:type\" content=\"article\" \/>\n<meta property=\"og:title\" content=\"Sete adeptos do Sporting acusados de tentativa de homic\u00eddio em Lisboa - Portal Tela Portugal\" \/>\n<meta property=\"og:description\" content=\"O Minist\u00e9rio P\u00fablico acusou sete adeptos do Sporting Clube de Portugal de tentativa de homic\u00eddio qualificada contra cinco adeptos do Futebol Clube do Porto, ap\u00f3s o incidente no pavilh\u00e3o Jo\u00e3o Rocha, em Alvalade, no fim de junho, ap\u00f3s um jogo de h\u00f3quei em patins. Al\u00e9m da tentativa de homic\u00eddio, os arguidos v\u00e3o responder por dez crimes: ofensas \u00e0 integridade f\u00edsica qualificadas, um inc\u00eandio, cinco crimes de roubo e tr\u00eas de dano qualificado. A acusa\u00e7\u00e3o sustenta que havia um plano pr\u00e9-definido para atear fogo \u00e0s viaturas dos advers\u00e1rios, impedir a sua sa\u00edda, agredir com socos e bastonadas, apedrejar carros e subtrair objetos de valor. Um dos ve\u00edculos foi incendiado com sucesso, segundo a investiga\u00e7\u00e3o. Dos sete arguidos, cinco encontram-se em pris\u00e3o preventiva e dois em pris\u00e3o domicili\u00e1ria; o caso est\u00e1 a ser acompanhado pelas autoridades judiciais.\" \/>\n<meta property=\"og:url\" content=\"https:\/\/portaltela.pt\/noticias\/2025\/12\/14\/sete-adeptos-do-sporting-acusados-de-tentativa-de-homicidio-em-lisboa\/\" \/>\n<meta property=\"og:site_name\" content=\"Portal Tela Portugal\" \/>\n<meta property=\"article:published_time\" content=\"2025-12-15T00:00:00+00:00\" \/>\n<meta name=\"author\" content=\"Telinha\" \/>\n<meta name=\"twitter:card\" content=\"summary_large_image\" \/>\n<meta name=\"twitter:label1\" content=\"Escrito por\" \/>\n\t<meta name=\"twitter:data1\" content=\"Telinha\" \/>\n\t<meta name=\"twitter:label2\" content=\"Tempo estimado de leitura\" \/>\n\t<meta name=\"twitter:data2\" content=\"1 minuto\" \/>\n<script type=\"application\/ld+json\" class=\"yoast-schema-graph\">{\"@context\":\"https:\/\/schema.org\",\"@graph\":[{\"@type\":\"Article\",\"@id\":\"https:\/\/portaltela.pt\/noticias\/2025\/12\/14\/sete-adeptos-do-sporting-acusados-de-tentativa-de-homicidio-em-lisboa\/#article\",\"isPartOf\":{\"@id\":\"https:\/\/portaltela.pt\/noticias\/2025\/12\/14\/sete-adeptos-do-sporting-acusados-de-tentativa-de-homicidio-em-lisboa\/\"},\"author\":{\"name\":\"Telinha\",\"@id\":\"https:\/\/portaltela.pt\/#\/schema\/person\/c4278d4a6028830caff9ee44b42d32ed\"},\"headline\":\"Sete adeptos do Sporting acusados de tentativa de homic\u00eddio em Lisboa\",\"datePublished\":\"2025-12-15T00:00:00+00:00\",\"mainEntityOfPage\":{\"@id\":\"https:\/\/portaltela.pt\/noticias\/2025\/12\/14\/sete-adeptos-do-sporting-acusados-de-tentativa-de-homicidio-em-lisboa\/\"},\"wordCount\":222,\"image\":{\"@id\":\"https:\/\/portaltela.pt\/noticias\/2025\/12\/14\/sete-adeptos-do-sporting-acusados-de-tentativa-de-homicidio-em-lisboa\/#primaryimage\"},\"thumbnailUrl\":\"https:\/\/portaltela.pt\/s.01k8rhncp4jt1\/2025\/12\/naom_68d3cf55ef38e.jpg\",\"keywords\":[\"crime\",\"dano qualificado\",\"inc\u00eandio\",\"Lisboa\",\"roubo\",\"viol\u00eancia\"],\"articleSection\":[\"Desporto\",\"Futebol\"],\"inLanguage\":\"pt-PT\"},{\"@type\":\"WebPage\",\"@id\":\"https:\/\/portaltela.pt\/noticias\/2025\/12\/14\/sete-adeptos-do-sporting-acusados-de-tentativa-de-homicidio-em-lisboa\/\",\"url\":\"https:\/\/portaltela.pt\/noticias\/2025\/12\/14\/sete-adeptos-do-sporting-acusados-de-tentativa-de-homicidio-em-lisboa\/\",\"name\":\"Sete adeptos do Sporting acusados de tentativa de homic\u00eddio em Lisboa - Portal Tela Portugal\",\"isPartOf\":{\"@id\":\"https:\/\/portaltela.pt\/#website\"},\"primaryImageOfPage\":{\"@id\":\"https:\/\/portaltela.pt\/noticias\/2025\/12\/14\/sete-adeptos-do-sporting-acusados-de-tentativa-de-homicidio-em-lisboa\/#primaryimage\"},\"image\":{\"@id\":\"https:\/\/portaltela.pt\/noticias\/2025\/12\/14\/sete-adeptos-do-sporting-acusados-de-tentativa-de-homicidio-em-lisboa\/#primaryimage\"},\"thumbnailUrl\":\"https:\/\/portaltela.pt\/s.01k8rhncp4jt1\/2025\/12\/naom_68d3cf55ef38e.jpg\",\"datePublished\":\"2025-12-15T00:00:00+00:00\",\"author\":{\"@id\":\"https:\/\/portaltela.pt\/#\/schema\/person\/c4278d4a6028830caff9ee44b42d32ed\"},\"breadcrumb\":{\"@id\":\"https:\/\/portaltela.pt\/noticias\/2025\/12\/14\/sete-adeptos-do-sporting-acusados-de-tentativa-de-homicidio-em-lisboa\/#breadcrumb\"},\"inLanguage\":\"pt-PT\",\"potentialAction\":[{\"@type\":\"ReadAction\",\"target\":[\"https:\/\/portaltela.pt\/noticias\/2025\/12\/14\/sete-adeptos-do-sporting-acusados-de-tentativa-de-homicidio-em-lisboa\/\"]}]},{\"@type\":\"ImageObject\",\"inLanguage\":\"pt-PT\",\"@id\":\"https:\/\/portaltela.pt\/noticias\/2025\/12\/14\/sete-adeptos-do-sporting-acusados-de-tentativa-de-homicidio-em-lisboa\/#primaryimage\",\"url\":\"https:\/\/portaltela.pt\/s.01k8rhncp4jt1\/2025\/12\/naom_68d3cf55ef38e.jpg\",\"contentUrl\":\"https:\/\/portaltela.pt\/s.01k8rhncp4jt1\/2025\/12\/naom_68d3cf55ef38e.jpg\",\"width\":796,\"height\":448,\"caption\":\"Photo\"},{\"@type\":\"BreadcrumbList\",\"@id\":\"https:\/\/portaltela.pt\/noticias\/2025\/12\/14\/sete-adeptos-do-sporting-acusados-de-tentativa-de-homicidio-em-lisboa\/#breadcrumb\",\"itemListElement\":[{\"@type\":\"ListItem\",\"position\":1,\"name\":\"In\u00edcio\",\"item\":\"https:\/\/portaltela.pt\/\"},{\"@type\":\"ListItem\",\"position\":2,\"name\":\"Sete adeptos do Sporting acusados de tentativa de homic\u00eddio em Lisboa\"}]},{\"@type\":\"WebSite\",\"@id\":\"https:\/\/portaltela.pt\/#website\",\"url\":\"https:\/\/portaltela.pt\/\",\"name\":\"Portal Tela Portugal\",\"description\":\"\",\"potentialAction\":[{\"@type\":\"SearchAction\",\"target\":{\"@type\":\"EntryPoint\",\"urlTemplate\":\"https:\/\/portaltela.pt\/?s={search_term_string}\"},\"query-input\":{\"@type\":\"PropertyValueSpecification\",\"valueRequired\":true,\"valueName\":\"search_term_string\"}}],\"inLanguage\":\"pt-PT\"},{\"@type\":\"Person\",\"@id\":\"https:\/\/portaltela.pt\/#\/schema\/person\/c4278d4a6028830caff9ee44b42d32ed\",\"name\":\"Telinha\",\"image\":{\"@type\":\"ImageObject\",\"inLanguage\":\"pt-PT\",\"@id\":\"https:\/\/portaltela.pt\/s.01k8rhncp4jt1\/2025\/11\/talking-bot-125x125.png\",\"url\":\"https:\/\/portaltela.pt\/s.01k8rhncp4jt1\/2025\/11\/talking-bot-125x125.png\",\"contentUrl\":\"https:\/\/portaltela.pt\/s.01k8rhncp4jt1\/2025\/11\/talking-bot-125x125.png\",\"caption\":\"Telinha\"},\"sameAs\":[\"https:\/\/portaltela.pt\/\"],\"url\":\"https:\/\/portaltela.pt\/por\/367410592786\/\"}]}<\/script>\n<!-- \/ Yoast SEO plugin. -->","yoast_head_json":{"title":"Sete adeptos do Sporting acusados de tentativa de homic\u00eddio em Lisboa - Portal Tela Portugal","robots":{"index":"index","follow":"follow","max-snippet":"max-snippet:-1","max-image-preview":"max-image-preview:large","max-video-preview":"max-video-preview:-1"},"og_locale":"pt_PT","og_type":"article","og_title":"Sete adeptos do Sporting acusados de tentativa de homic\u00eddio em Lisboa - Portal Tela Portugal","og_description":"O Minist\u00e9rio P\u00fablico acusou sete adeptos do Sporting Clube de Portugal de tentativa de homic\u00eddio qualificada contra cinco adeptos do Futebol Clube do Porto, ap\u00f3s o incidente no pavilh\u00e3o Jo\u00e3o Rocha, em Alvalade, no fim de junho, ap\u00f3s um jogo de h\u00f3quei em patins. Al\u00e9m da tentativa de homic\u00eddio, os arguidos v\u00e3o responder por dez crimes: ofensas \u00e0 integridade f\u00edsica qualificadas, um inc\u00eandio, cinco crimes de roubo e tr\u00eas de dano qualificado. A acusa\u00e7\u00e3o sustenta que havia um plano pr\u00e9-definido para atear fogo \u00e0s viaturas dos advers\u00e1rios, impedir a sua sa\u00edda, agredir com socos e bastonadas, apedrejar carros e subtrair objetos de valor. Um dos ve\u00edculos foi incendiado com sucesso, segundo a investiga\u00e7\u00e3o. Dos sete arguidos, cinco encontram-se em pris\u00e3o preventiva e dois em pris\u00e3o domicili\u00e1ria; o caso est\u00e1 a ser acompanhado pelas autoridades judiciais.","og_url":"https:\/\/portaltela.pt\/noticias\/2025\/12\/14\/sete-adeptos-do-sporting-acusados-de-tentativa-de-homicidio-em-lisboa\/","og_site_name":"Portal Tela Portugal","article_published_time":"2025-12-15T00:00:00+00:00","author":"Telinha","twitter_card":"summary_large_image","twitter_misc":{"Escrito por":"Telinha","Tempo estimado de leitura":"1 minuto"},"schema":{"@context":"https:\/\/schema.org","@graph":[{"@type":"Article","@id":"https:\/\/portaltela.pt\/noticias\/2025\/12\/14\/sete-adeptos-do-sporting-acusados-de-tentativa-de-homicidio-em-lisboa\/#article","isPartOf":{"@id":"https:\/\/portaltela.pt\/noticias\/2025\/12\/14\/sete-adeptos-do-sporting-acusados-de-tentativa-de-homicidio-em-lisboa\/"},"author":{"name":"Telinha","@id":"https:\/\/portaltela.pt\/#\/schema\/person\/c4278d4a6028830caff9ee44b42d32ed"},"headline":"Sete adeptos do Sporting acusados de tentativa de homic\u00eddio em Lisboa","datePublished":"2025-12-15T00:00:00+00:00","mainEntityOfPage":{"@id":"https:\/\/portaltela.pt\/noticias\/2025\/12\/14\/sete-adeptos-do-sporting-acusados-de-tentativa-de-homicidio-em-lisboa\/"},"wordCount":222,"image":{"@id":"https:\/\/portaltela.pt\/noticias\/2025\/12\/14\/sete-adeptos-do-sporting-acusados-de-tentativa-de-homicidio-em-lisboa\/#primaryimage"},"thumbnailUrl":"https:\/\/portaltela.pt\/s.01k8rhncp4jt1\/2025\/12\/naom_68d3cf55ef38e.jpg","keywords":["crime","dano qualificado","inc\u00eandio","Lisboa","roubo","viol\u00eancia"],"articleSection":["Desporto","Futebol"],"inLanguage":"pt-PT"},{"@type":"WebPage","@id":"https:\/\/portaltela.pt\/noticias\/2025\/12\/14\/sete-adeptos-do-sporting-acusados-de-tentativa-de-homicidio-em-lisboa\/","url":"https:\/\/portaltela.pt\/noticias\/2025\/12\/14\/sete-adeptos-do-sporting-acusados-de-tentativa-de-homicidio-em-lisboa\/","name":"Sete adeptos do Sporting acusados de tentativa de homic\u00eddio em Lisboa - Portal Tela Portugal","isPartOf":{"@id":"https:\/\/portaltela.pt\/#website"},"primaryImageOfPage":{"@id":"https:\/\/portaltela.pt\/noticias\/2025\/12\/14\/sete-adeptos-do-sporting-acusados-de-tentativa-de-homicidio-em-lisboa\/#primaryimage"},"image":{"@id":"https:\/\/portaltela.pt\/noticias\/2025\/12\/14\/sete-adeptos-do-sporting-acusados-de-tentativa-de-homicidio-em-lisboa\/#primaryimage"},"thumbnailUrl":"https:\/\/portaltela.pt\/s.01k8rhncp4jt1\/2025\/12\/naom_68d3cf55ef38e.jpg","datePublished":"2025-12-15T00:00:00+00:00","author":{"@id":"https:\/\/portaltela.pt\/#\/schema\/person\/c4278d4a6028830caff9ee44b42d32ed"},"breadcrumb":{"@id":"https:\/\/portaltela.pt\/noticias\/2025\/12\/14\/sete-adeptos-do-sporting-acusados-de-tentativa-de-homicidio-em-lisboa\/#breadcrumb"},"inLanguage":"pt-PT","potentialAction":[{"@type":"ReadAction","target":["https:\/\/portaltela.pt\/noticias\/2025\/12\/14\/sete-adeptos-do-sporting-acusados-de-tentativa-de-homicidio-em-lisboa\/"]}]},{"@type":"ImageObject","inLanguage":"pt-PT","@id":"https:\/\/portaltela.pt\/noticias\/2025\/12\/14\/sete-adeptos-do-sporting-acusados-de-tentativa-de-homicidio-em-lisboa\/#primaryimage","url":"https:\/\/portaltela.pt\/s.01k8rhncp4jt1\/2025\/12\/naom_68d3cf55ef38e.jpg","contentUrl":"https:\/\/portaltela.pt\/s.01k8rhncp4jt1\/2025\/12\/naom_68d3cf55ef38e.jpg","width":796,"height":448,"caption":"Photo"},{"@type":"BreadcrumbList","@id":"https:\/\/portaltela.pt\/noticias\/2025\/12\/14\/sete-adeptos-do-sporting-acusados-de-tentativa-de-homicidio-em-lisboa\/#breadcrumb","itemListElement":[{"@type":"ListItem","position":1,"name":"In\u00edcio","item":"https:\/\/portaltela.pt\/"},{"@type":"ListItem","position":2,"name":"Sete adeptos do Sporting acusados de tentativa de homic\u00eddio em Lisboa"}]},{"@type":"WebSite","@id":"https:\/\/portaltela.pt\/#website","url":"https:\/\/portaltela.pt\/","name":"Portal Tela Portugal","description":"","potentialAction":[{"@type":"SearchAction","target":{"@type":"EntryPoint","urlTemplate":"https:\/\/portaltela.pt\/?s={search_term_string}"},"query-input":{"@type":"PropertyValueSpecification","valueRequired":true,"valueName":"search_term_string"}}],"inLanguage":"pt-PT"},{"@type":"Person","@id":"https:\/\/portaltela.pt\/#\/schema\/person\/c4278d4a6028830caff9ee44b42d32ed","name":"Telinha","image":{"@type":"ImageObject","inLanguage":"pt-PT","@id":"https:\/\/portaltela.pt\/s.01k8rhncp4jt1\/2025\/11\/talking-bot-125x125.png","url":"https:\/\/portaltela.pt\/s.01k8rhncp4jt1\/2025\/11\/talking-bot-125x125.png","contentUrl":"https:\/\/portaltela.pt\/s.01k8rhncp4jt1\/2025\/11\/talking-bot-125x125.png","caption":"Telinha"},"sameAs":["https:\/\/portaltela.pt\/"],"url":"https:\/\/portaltela.pt\/por\/367410592786\/"}]}},"_links":{"self":[{"href":"https:\/\/portaltela.pt\/api\/wp\/v2\/posts\/77519","targetHints":{"allow":["GET"]}}],"collection":[{"href":"https:\/\/portaltela.pt\/api\/wp\/v2\/posts"}],"about":[{"href":"https:\/\/portaltela.pt\/api\/wp\/v2\/types\/post"}],"author":[{"embeddable":true,"href":"https:\/\/portaltela.pt\/api\/wp\/v2\/users\/2"}],"replies":[{"embeddable":true,"href":"https:\/\/portaltela.pt\/api\/wp\/v2\/comments?post=77519"}],"version-history":[{"count":0,"href":"https:\/\/portaltela.pt\/api\/wp\/v2\/posts\/77519\/revisions"}],"wp:featuredmedia":[{"embeddable":true,"href":"https:\/\/portaltela.pt\/api\/wp\/v2\/media\/77523"}],"wp:attachment":[{"href":"https:\/\/portaltela.pt\/api\/wp\/v2\/media?parent=77519"}],"wp:term":[{"taxonomy":"category","embeddable":true,"href":"https:\/\/portaltela.pt\/api\/wp\/v2\/categories?post=77519"},{"taxonomy":"post_tag","embeddable":true,"href":"https:\/\/portaltela.pt\/api\/wp\/v2\/tags?post=77519"}],"curies":[{"name":"wp","href":"https:\/\/api.w.org\/{rel}","templated":true}]}}