{"id":77421,"date":"2025-12-14T21:00:00","date_gmt":"2025-12-15T00:00:00","guid":{"rendered":"https:\/\/portaltela.pt\/noticias\/2025\/12\/14\/mp-acusa-sete-ultras-do-sporting-de-tentativa-de-homicidio-qualificado-2\/"},"modified":"2025-12-14T21:00:00","modified_gmt":"2025-12-15T00:00:00","slug":"mp-acusa-sete-ultras-do-sporting-de-tentativa-de-homicidio-qualificado-2","status":"publish","type":"post","link":"https:\/\/portaltela.pt\/noticias\/2025\/12\/14\/mp-acusa-sete-ultras-do-sporting-de-tentativa-de-homicidio-qualificado-2\/","title":{"rendered":"MP acusa sete ultras do Sporting de tentativa de homic\u00eddio qualificado"},"content":{"rendered":"<p>O Minist\u00e9rio P\u00fablico (MP) anunciou a acusa\u00e7\u00e3o de sete adeptos do Sporting por planeamento e participa\u00e7\u00e3o em atentado contra cinco apoiantes do FC Porto, ocorridos a 10 de junho no Lumiar, Lisboa, ap\u00f3s o quinto jogo das meias-finais do Nacional de h\u00f3quei em patins 2024\/25. A acusa\u00e7\u00e3o envolve coautoria em cinco crimes de homic\u00eddio qualificado na forma tentada, entre outros crimes.<\/p>\n<p>Segundo o MP, os arguidos atuaram em grupo, numa atua\u00e7\u00e3o sustentada por um plano de atear fogo \u00e0s viaturas do clube advers\u00e1rio, o que chegou a concretizar-se numa viatura, com ocupantes no interior impedidos de sair. Al\u00e9m disso, s\u00e3o registados crimes de ofensas \u00e0 integridade f\u00edsica qualificadas, inc\u00eandio, roubo e dano qualificado.<\/p>\n<p>A investiga\u00e7\u00e3o \u00e9 da Diretoria do Minist\u00e9rio P\u00fablico de Lisboa (DIAP) com coadjuva\u00e7\u00e3o da Pol\u00edcia Judici\u00e1ria. Entre os sete arguidos, um \u00e9 reincidente. Dois permanecem em pris\u00e3o domicili\u00e1ria com pulseira eletr\u00f3nica, apesar de o processo envolver ainda cinco atos de agress\u00f5es e danos a ve\u00edculos e pessoas.<\/p>\n<h3>Acusa\u00e7\u00e3o e crimes<\/h3>\n<p>De acordo com o MP, cinco adeptos do FC Porto ficaram feridos, com queimaduras que exigiram tratamento hospitalar. O processo descreve que os arguidos atuaram de forma coordenada, visando causar dano grave aos opositores, num contexto de viol\u00eancia entre adeptos de clubes rivais.<\/p>\n<p>A acusa\u00e7\u00e3o envolve, para al\u00e9m dos crimes de homic\u00eddio qualificado na forma tentada, dez crimes de ofensa \u00e0 integridade f\u00edsica qualificada, um crime de inc\u00eandio, cinco crimes de roubo \u2014 um qualificado e consumado, quatro na forma tentada \u2014 e tr\u00eas crimes de dano qualificado. A instru\u00e7\u00e3o do caso continua no \u00e2mbito do sistema judici\u00e1rio.<\/p>\n","protected":false},"excerpt":{"rendered":"<ul>\n<li>O Minist\u00e9rio P\u00fablico acusou sete adeptos do Sporting de tentativa de homic\u00eddio qualificada de cinco apoiantes do FC Porto, entre outros crimes, ap\u00f3s o jogo de h\u00f3quei em patins entre os dois clubes.<\/li>\n<li>Segundo a acusa\u00e7\u00e3o, os arguidos atuaram em grupo, com um plano para atear fogo \u00e0s viaturas do rival, tendo conseguido incendiar um ve\u00edculo com os ocupantes dentro.<\/li>\n<li>Os factos ocorreram a 10 de junho, no Lumiar, em Lisboa, ap\u00f3s o quinto jogo das meias-finais do Nacional de h\u00f3quei em patins da \u00e9poca 2024\/25.<\/li>\n<li>Cinco arguidos continuam em pris\u00e3o preventiva e dois est\u00e3o em pris\u00e3o domicili\u00e1ria com pulseira eletr\u00f3nica; a acusa\u00e7\u00e3o envolve 10 crimes de ofensas \u00e0 integridade f\u00edsica qualificadas, um crime de inc\u00eandio, cinco crimes de roubo e tr\u00eas de dano qualificado.<\/li>\n<li>A investiga\u00e7\u00e3o \u00e9 da Dire\u00e7\u00e3o Nacional de Investiga\u00e7\u00e3o Criminal, com coadjuva\u00e7\u00e3o da Pol\u00edcia Judici\u00e1ria, tendo como base os incidentes entre adeptos de FC Porto e Sporting.<\/li>\n<\/ul>\n","protected":false},"author":2,"featured_media":77423,"comment_status":"closed","ping_status":"closed","sticky":false,"template":"","format":"standard","meta":{"footnotes":""},"categories":[1],"tags":[147,1189,1438,1447,203,939],"class_list":["post-77421","post","type-post","status-publish","format-standard","has-post-thumbnail","hentry","category-noticias","tag-crime","tag-homicidio-qualificado","tag-incendio","tag-ofensa-a-integridade-fisica-qualificada","tag-roubo","tag-violencia"],"yoast_head":"<!-- This site is optimized with the Yoast SEO plugin v27.2 - https:\/\/yoast.com\/product\/yoast-seo-wordpress\/ -->\n<title>MP acusa sete ultras do Sporting de tentativa de homic\u00eddio qualificado - Portal Tela Portugal<\/title>\n<meta name=\"robots\" content=\"index, follow, max-snippet:-1, max-image-preview:large, max-video-preview:-1\" \/>\n<meta property=\"og:locale\" content=\"pt_PT\" \/>\n<meta property=\"og:type\" content=\"article\" \/>\n<meta property=\"og:title\" content=\"MP acusa sete ultras do Sporting de tentativa de homic\u00eddio qualificado - Portal Tela Portugal\" \/>\n<meta property=\"og:description\" content=\"O Minist\u00e9rio P\u00fablico acusou sete adeptos do Sporting de tentativa de homic\u00eddio qualificada de cinco apoiantes do FC Porto, entre outros crimes, ap\u00f3s o jogo de h\u00f3quei em patins entre os dois clubes. Segundo a acusa\u00e7\u00e3o, os arguidos atuaram em grupo, com um plano para atear fogo \u00e0s viaturas do rival, tendo conseguido incendiar um ve\u00edculo com os ocupantes dentro. Os factos ocorreram a 10 de junho, no Lumiar, em Lisboa, ap\u00f3s o quinto jogo das meias-finais do Nacional de h\u00f3quei em patins da \u00e9poca 2024\/25. Cinco arguidos continuam em pris\u00e3o preventiva e dois est\u00e3o em pris\u00e3o domicili\u00e1ria com pulseira eletr\u00f3nica; a acusa\u00e7\u00e3o envolve 10 crimes de ofensas \u00e0 integridade f\u00edsica qualificadas, um crime de inc\u00eandio, cinco crimes de roubo e tr\u00eas de dano qualificado. A investiga\u00e7\u00e3o \u00e9 da Dire\u00e7\u00e3o Nacional de Investiga\u00e7\u00e3o Criminal, com coadjuva\u00e7\u00e3o da Pol\u00edcia Judici\u00e1ria, tendo como base os incidentes entre adeptos de FC Porto e Sporting.\" \/>\n<meta property=\"og:url\" content=\"https:\/\/portaltela.pt\/noticias\/2025\/12\/14\/mp-acusa-sete-ultras-do-sporting-de-tentativa-de-homicidio-qualificado-2\/\" \/>\n<meta property=\"og:site_name\" content=\"Portal Tela Portugal\" \/>\n<meta property=\"article:published_time\" content=\"2025-12-15T00:00:00+00:00\" \/>\n<meta name=\"author\" content=\"Telinha\" \/>\n<meta name=\"twitter:card\" content=\"summary_large_image\" \/>\n<meta name=\"twitter:label1\" content=\"Escrito por\" \/>\n\t<meta name=\"twitter:data1\" content=\"Telinha\" \/>\n\t<meta name=\"twitter:label2\" content=\"Tempo estimado de leitura\" \/>\n\t<meta name=\"twitter:data2\" content=\"1 minuto\" \/>\n<script type=\"application\/ld+json\" class=\"yoast-schema-graph\">{\"@context\":\"https:\/\/schema.org\",\"@graph\":[{\"@type\":\"Article\",\"@id\":\"https:\/\/portaltela.pt\/noticias\/2025\/12\/14\/mp-acusa-sete-ultras-do-sporting-de-tentativa-de-homicidio-qualificado-2\/#article\",\"isPartOf\":{\"@id\":\"https:\/\/portaltela.pt\/noticias\/2025\/12\/14\/mp-acusa-sete-ultras-do-sporting-de-tentativa-de-homicidio-qualificado-2\/\"},\"author\":{\"name\":\"Telinha\",\"@id\":\"https:\/\/portaltela.pt\/#\/schema\/person\/c4278d4a6028830caff9ee44b42d32ed\"},\"headline\":\"MP acusa sete ultras do Sporting de tentativa de homic\u00eddio qualificado\",\"datePublished\":\"2025-12-15T00:00:00+00:00\",\"mainEntityOfPage\":{\"@id\":\"https:\/\/portaltela.pt\/noticias\/2025\/12\/14\/mp-acusa-sete-ultras-do-sporting-de-tentativa-de-homicidio-qualificado-2\/\"},\"wordCount\":300,\"image\":{\"@id\":\"https:\/\/portaltela.pt\/noticias\/2025\/12\/14\/mp-acusa-sete-ultras-do-sporting-de-tentativa-de-homicidio-qualificado-2\/#primaryimage\"},\"thumbnailUrl\":\"https:\/\/portaltela.pt\/s.01k8rhncp4jt1\/2025\/12\/img_1200x721uu2025-06-10-19-31-26-2368778-2.jpg\",\"keywords\":[\"crime\",\"homic\u00eddio qualificado\",\"inc\u00eandio\",\"ofensa \u00e0 integridade f\u00edsica qualificada\",\"roubo\",\"viol\u00eancia\"],\"articleSection\":[\"Not\u00edcias\"],\"inLanguage\":\"pt-PT\"},{\"@type\":\"WebPage\",\"@id\":\"https:\/\/portaltela.pt\/noticias\/2025\/12\/14\/mp-acusa-sete-ultras-do-sporting-de-tentativa-de-homicidio-qualificado-2\/\",\"url\":\"https:\/\/portaltela.pt\/noticias\/2025\/12\/14\/mp-acusa-sete-ultras-do-sporting-de-tentativa-de-homicidio-qualificado-2\/\",\"name\":\"MP acusa sete ultras do Sporting de tentativa de homic\u00eddio qualificado - Portal Tela Portugal\",\"isPartOf\":{\"@id\":\"https:\/\/portaltela.pt\/#website\"},\"primaryImageOfPage\":{\"@id\":\"https:\/\/portaltela.pt\/noticias\/2025\/12\/14\/mp-acusa-sete-ultras-do-sporting-de-tentativa-de-homicidio-qualificado-2\/#primaryimage\"},\"image\":{\"@id\":\"https:\/\/portaltela.pt\/noticias\/2025\/12\/14\/mp-acusa-sete-ultras-do-sporting-de-tentativa-de-homicidio-qualificado-2\/#primaryimage\"},\"thumbnailUrl\":\"https:\/\/portaltela.pt\/s.01k8rhncp4jt1\/2025\/12\/img_1200x721uu2025-06-10-19-31-26-2368778-2.jpg\",\"datePublished\":\"2025-12-15T00:00:00+00:00\",\"author\":{\"@id\":\"https:\/\/portaltela.pt\/#\/schema\/person\/c4278d4a6028830caff9ee44b42d32ed\"},\"breadcrumb\":{\"@id\":\"https:\/\/portaltela.pt\/noticias\/2025\/12\/14\/mp-acusa-sete-ultras-do-sporting-de-tentativa-de-homicidio-qualificado-2\/#breadcrumb\"},\"inLanguage\":\"pt-PT\",\"potentialAction\":[{\"@type\":\"ReadAction\",\"target\":[\"https:\/\/portaltela.pt\/noticias\/2025\/12\/14\/mp-acusa-sete-ultras-do-sporting-de-tentativa-de-homicidio-qualificado-2\/\"]}]},{\"@type\":\"ImageObject\",\"inLanguage\":\"pt-PT\",\"@id\":\"https:\/\/portaltela.pt\/noticias\/2025\/12\/14\/mp-acusa-sete-ultras-do-sporting-de-tentativa-de-homicidio-qualificado-2\/#primaryimage\",\"url\":\"https:\/\/portaltela.pt\/s.01k8rhncp4jt1\/2025\/12\/img_1200x721uu2025-06-10-19-31-26-2368778-2.jpg\",\"contentUrl\":\"https:\/\/portaltela.pt\/s.01k8rhncp4jt1\/2025\/12\/img_1200x721uu2025-06-10-19-31-26-2368778-2.jpg\",\"width\":796,\"height\":448,\"caption\":\"Photo\"},{\"@type\":\"BreadcrumbList\",\"@id\":\"https:\/\/portaltela.pt\/noticias\/2025\/12\/14\/mp-acusa-sete-ultras-do-sporting-de-tentativa-de-homicidio-qualificado-2\/#breadcrumb\",\"itemListElement\":[{\"@type\":\"ListItem\",\"position\":1,\"name\":\"In\u00edcio\",\"item\":\"https:\/\/portaltela.pt\/\"},{\"@type\":\"ListItem\",\"position\":2,\"name\":\"MP acusa sete ultras do Sporting de tentativa de homic\u00eddio qualificado\"}]},{\"@type\":\"WebSite\",\"@id\":\"https:\/\/portaltela.pt\/#website\",\"url\":\"https:\/\/portaltela.pt\/\",\"name\":\"Portal Tela Portugal\",\"description\":\"\",\"potentialAction\":[{\"@type\":\"SearchAction\",\"target\":{\"@type\":\"EntryPoint\",\"urlTemplate\":\"https:\/\/portaltela.pt\/?s={search_term_string}\"},\"query-input\":{\"@type\":\"PropertyValueSpecification\",\"valueRequired\":true,\"valueName\":\"search_term_string\"}}],\"inLanguage\":\"pt-PT\"},{\"@type\":\"Person\",\"@id\":\"https:\/\/portaltela.pt\/#\/schema\/person\/c4278d4a6028830caff9ee44b42d32ed\",\"name\":\"Telinha\",\"image\":{\"@type\":\"ImageObject\",\"inLanguage\":\"pt-PT\",\"@id\":\"https:\/\/portaltela.pt\/s.01k8rhncp4jt1\/2025\/11\/talking-bot-125x125.png\",\"url\":\"https:\/\/portaltela.pt\/s.01k8rhncp4jt1\/2025\/11\/talking-bot-125x125.png\",\"contentUrl\":\"https:\/\/portaltela.pt\/s.01k8rhncp4jt1\/2025\/11\/talking-bot-125x125.png\",\"caption\":\"Telinha\"},\"sameAs\":[\"https:\/\/portaltela.pt\/\"],\"url\":\"https:\/\/portaltela.pt\/por\/367410592786\/\"}]}<\/script>\n<!-- \/ Yoast SEO plugin. -->","yoast_head_json":{"title":"MP acusa sete ultras do Sporting de tentativa de homic\u00eddio qualificado - Portal Tela Portugal","robots":{"index":"index","follow":"follow","max-snippet":"max-snippet:-1","max-image-preview":"max-image-preview:large","max-video-preview":"max-video-preview:-1"},"og_locale":"pt_PT","og_type":"article","og_title":"MP acusa sete ultras do Sporting de tentativa de homic\u00eddio qualificado - Portal Tela Portugal","og_description":"O Minist\u00e9rio P\u00fablico acusou sete adeptos do Sporting de tentativa de homic\u00eddio qualificada de cinco apoiantes do FC Porto, entre outros crimes, ap\u00f3s o jogo de h\u00f3quei em patins entre os dois clubes. Segundo a acusa\u00e7\u00e3o, os arguidos atuaram em grupo, com um plano para atear fogo \u00e0s viaturas do rival, tendo conseguido incendiar um ve\u00edculo com os ocupantes dentro. Os factos ocorreram a 10 de junho, no Lumiar, em Lisboa, ap\u00f3s o quinto jogo das meias-finais do Nacional de h\u00f3quei em patins da \u00e9poca 2024\/25. Cinco arguidos continuam em pris\u00e3o preventiva e dois est\u00e3o em pris\u00e3o domicili\u00e1ria com pulseira eletr\u00f3nica; a acusa\u00e7\u00e3o envolve 10 crimes de ofensas \u00e0 integridade f\u00edsica qualificadas, um crime de inc\u00eandio, cinco crimes de roubo e tr\u00eas de dano qualificado. A investiga\u00e7\u00e3o \u00e9 da Dire\u00e7\u00e3o Nacional de Investiga\u00e7\u00e3o Criminal, com coadjuva\u00e7\u00e3o da Pol\u00edcia Judici\u00e1ria, tendo como base os incidentes entre adeptos de FC Porto e Sporting.","og_url":"https:\/\/portaltela.pt\/noticias\/2025\/12\/14\/mp-acusa-sete-ultras-do-sporting-de-tentativa-de-homicidio-qualificado-2\/","og_site_name":"Portal Tela Portugal","article_published_time":"2025-12-15T00:00:00+00:00","author":"Telinha","twitter_card":"summary_large_image","twitter_misc":{"Escrito por":"Telinha","Tempo estimado de leitura":"1 minuto"},"schema":{"@context":"https:\/\/schema.org","@graph":[{"@type":"Article","@id":"https:\/\/portaltela.pt\/noticias\/2025\/12\/14\/mp-acusa-sete-ultras-do-sporting-de-tentativa-de-homicidio-qualificado-2\/#article","isPartOf":{"@id":"https:\/\/portaltela.pt\/noticias\/2025\/12\/14\/mp-acusa-sete-ultras-do-sporting-de-tentativa-de-homicidio-qualificado-2\/"},"author":{"name":"Telinha","@id":"https:\/\/portaltela.pt\/#\/schema\/person\/c4278d4a6028830caff9ee44b42d32ed"},"headline":"MP acusa sete ultras do Sporting de tentativa de homic\u00eddio qualificado","datePublished":"2025-12-15T00:00:00+00:00","mainEntityOfPage":{"@id":"https:\/\/portaltela.pt\/noticias\/2025\/12\/14\/mp-acusa-sete-ultras-do-sporting-de-tentativa-de-homicidio-qualificado-2\/"},"wordCount":300,"image":{"@id":"https:\/\/portaltela.pt\/noticias\/2025\/12\/14\/mp-acusa-sete-ultras-do-sporting-de-tentativa-de-homicidio-qualificado-2\/#primaryimage"},"thumbnailUrl":"https:\/\/portaltela.pt\/s.01k8rhncp4jt1\/2025\/12\/img_1200x721uu2025-06-10-19-31-26-2368778-2.jpg","keywords":["crime","homic\u00eddio qualificado","inc\u00eandio","ofensa \u00e0 integridade f\u00edsica qualificada","roubo","viol\u00eancia"],"articleSection":["Not\u00edcias"],"inLanguage":"pt-PT"},{"@type":"WebPage","@id":"https:\/\/portaltela.pt\/noticias\/2025\/12\/14\/mp-acusa-sete-ultras-do-sporting-de-tentativa-de-homicidio-qualificado-2\/","url":"https:\/\/portaltela.pt\/noticias\/2025\/12\/14\/mp-acusa-sete-ultras-do-sporting-de-tentativa-de-homicidio-qualificado-2\/","name":"MP acusa sete ultras do Sporting de tentativa de homic\u00eddio qualificado - Portal Tela Portugal","isPartOf":{"@id":"https:\/\/portaltela.pt\/#website"},"primaryImageOfPage":{"@id":"https:\/\/portaltela.pt\/noticias\/2025\/12\/14\/mp-acusa-sete-ultras-do-sporting-de-tentativa-de-homicidio-qualificado-2\/#primaryimage"},"image":{"@id":"https:\/\/portaltela.pt\/noticias\/2025\/12\/14\/mp-acusa-sete-ultras-do-sporting-de-tentativa-de-homicidio-qualificado-2\/#primaryimage"},"thumbnailUrl":"https:\/\/portaltela.pt\/s.01k8rhncp4jt1\/2025\/12\/img_1200x721uu2025-06-10-19-31-26-2368778-2.jpg","datePublished":"2025-12-15T00:00:00+00:00","author":{"@id":"https:\/\/portaltela.pt\/#\/schema\/person\/c4278d4a6028830caff9ee44b42d32ed"},"breadcrumb":{"@id":"https:\/\/portaltela.pt\/noticias\/2025\/12\/14\/mp-acusa-sete-ultras-do-sporting-de-tentativa-de-homicidio-qualificado-2\/#breadcrumb"},"inLanguage":"pt-PT","potentialAction":[{"@type":"ReadAction","target":["https:\/\/portaltela.pt\/noticias\/2025\/12\/14\/mp-acusa-sete-ultras-do-sporting-de-tentativa-de-homicidio-qualificado-2\/"]}]},{"@type":"ImageObject","inLanguage":"pt-PT","@id":"https:\/\/portaltela.pt\/noticias\/2025\/12\/14\/mp-acusa-sete-ultras-do-sporting-de-tentativa-de-homicidio-qualificado-2\/#primaryimage","url":"https:\/\/portaltela.pt\/s.01k8rhncp4jt1\/2025\/12\/img_1200x721uu2025-06-10-19-31-26-2368778-2.jpg","contentUrl":"https:\/\/portaltela.pt\/s.01k8rhncp4jt1\/2025\/12\/img_1200x721uu2025-06-10-19-31-26-2368778-2.jpg","width":796,"height":448,"caption":"Photo"},{"@type":"BreadcrumbList","@id":"https:\/\/portaltela.pt\/noticias\/2025\/12\/14\/mp-acusa-sete-ultras-do-sporting-de-tentativa-de-homicidio-qualificado-2\/#breadcrumb","itemListElement":[{"@type":"ListItem","position":1,"name":"In\u00edcio","item":"https:\/\/portaltela.pt\/"},{"@type":"ListItem","position":2,"name":"MP acusa sete ultras do Sporting de tentativa de homic\u00eddio qualificado"}]},{"@type":"WebSite","@id":"https:\/\/portaltela.pt\/#website","url":"https:\/\/portaltela.pt\/","name":"Portal Tela Portugal","description":"","potentialAction":[{"@type":"SearchAction","target":{"@type":"EntryPoint","urlTemplate":"https:\/\/portaltela.pt\/?s={search_term_string}"},"query-input":{"@type":"PropertyValueSpecification","valueRequired":true,"valueName":"search_term_string"}}],"inLanguage":"pt-PT"},{"@type":"Person","@id":"https:\/\/portaltela.pt\/#\/schema\/person\/c4278d4a6028830caff9ee44b42d32ed","name":"Telinha","image":{"@type":"ImageObject","inLanguage":"pt-PT","@id":"https:\/\/portaltela.pt\/s.01k8rhncp4jt1\/2025\/11\/talking-bot-125x125.png","url":"https:\/\/portaltela.pt\/s.01k8rhncp4jt1\/2025\/11\/talking-bot-125x125.png","contentUrl":"https:\/\/portaltela.pt\/s.01k8rhncp4jt1\/2025\/11\/talking-bot-125x125.png","caption":"Telinha"},"sameAs":["https:\/\/portaltela.pt\/"],"url":"https:\/\/portaltela.pt\/por\/367410592786\/"}]}},"_links":{"self":[{"href":"https:\/\/portaltela.pt\/api\/wp\/v2\/posts\/77421","targetHints":{"allow":["GET"]}}],"collection":[{"href":"https:\/\/portaltela.pt\/api\/wp\/v2\/posts"}],"about":[{"href":"https:\/\/portaltela.pt\/api\/wp\/v2\/types\/post"}],"author":[{"embeddable":true,"href":"https:\/\/portaltela.pt\/api\/wp\/v2\/users\/2"}],"replies":[{"embeddable":true,"href":"https:\/\/portaltela.pt\/api\/wp\/v2\/comments?post=77421"}],"version-history":[{"count":0,"href":"https:\/\/portaltela.pt\/api\/wp\/v2\/posts\/77421\/revisions"}],"wp:featuredmedia":[{"embeddable":true,"href":"https:\/\/portaltela.pt\/api\/wp\/v2\/media\/77423"}],"wp:attachment":[{"href":"https:\/\/portaltela.pt\/api\/wp\/v2\/media?parent=77421"}],"wp:term":[{"taxonomy":"category","embeddable":true,"href":"https:\/\/portaltela.pt\/api\/wp\/v2\/categories?post=77421"},{"taxonomy":"post_tag","embeddable":true,"href":"https:\/\/portaltela.pt\/api\/wp\/v2\/tags?post=77421"}],"curies":[{"name":"wp","href":"https:\/\/api.w.org\/{rel}","templated":true}]}}