{"id":77364,"date":"2025-12-14T21:00:00","date_gmt":"2025-12-15T00:00:00","guid":{"rendered":"https:\/\/portaltela.pt\/noticias\/2025\/12\/14\/phulia-orgulho-dos-vinhos-de-viana-ganha-destaque-regional\/"},"modified":"2025-12-14T21:00:00","modified_gmt":"2025-12-15T00:00:00","slug":"phulia-orgulho-dos-vinhos-de-viana-ganha-destaque-regional","status":"publish","type":"post","link":"https:\/\/portaltela.pt\/noticias\/2025\/12\/14\/phulia-orgulho-dos-vinhos-de-viana-ganha-destaque-regional\/","title":{"rendered":"Phulia, orgulho dos vinhos de Viana, ganha destaque regional"},"content":{"rendered":"<p>A trajet\u00f3ria de Phulia, vinho de Viana do Castelo, \u00e9 marcada pela liga\u00e7\u00e3o \u00e0 terra, \u00e0s tradi\u00e7\u00f5es locais e \u00e0 coopera\u00e7\u00e3o familiar. Tudo come\u00e7ou na vinha junto \u00e0 casa dos pais, h\u00e1 cerca de doze anos, com 300 garrafas sem r\u00f3tulo vinificadas na garagem.<\/p>\n<p>O projeto ganhou identidade com a cria\u00e7\u00e3o de uma marca, r\u00f3tulos de amigos artistas e o lan\u00e7amento de dois vinhos no ano seguinte: branco de loureiro e ros\u00e9 de vinh\u00e3o.<\/p>\n<p>Hoje, o tri\u00e2ngulo fundador mant\u00e9m o esp\u00edrito vignerons, cultivando as vinhas e produzindo na pr\u00f3pria adega. O foco \u00e9 refor\u00e7ar a qualidade para o mercado interno, mantendo o car\u00e1cter atl\u00e2ntico e a reinvestimento de lucros na marca.<\/p>\n<h3>Expans\u00e3o e enologia sob Rita Sousa<\/h3>\n<p>A entrada de Rita Sousa deixou claro o aprofundar da enologia no projeto. O trio fundador mant\u00e9m a parceria firme, consolidando o papel de Rita na dire\u00e7\u00e3o t\u00e9cnica. O objetivo \u00e9 criar vinhos diferenciadores com novas experi\u00eancias enol\u00f3gicas.<\/p>\n<p>A produ\u00e7\u00e3o expandiu-se para cinco hectares, repartidos por oito parcelas. S\u00e3o 25 mil garrafas de oito vinhos, com mais de 20% destinadas \u00e0 exporta\u00e7\u00e3o. O restante serve o mercado interno, com pre\u00e7o m\u00e9dio pr\u00f3ximo dos 9 euros por garrafa.<\/p>\n<h3>Identidade e localiza\u00e7\u00e3o atl\u00e2ntica<\/h3>\n<p>As vinhas situam-se entre a margem direita do Lima e a meia encosta. O aroma fresco e salino do Atl\u00e2ntico influencia a identidade dos vinhos. O projeto mant\u00e9m a filosofia de reinvestir lucros para fortalecer a marca e promover a nova gera\u00e7\u00e3o de Vinhos Verdes.<\/p>\n<p>Este conte\u00fado integra a edi\u00e7\u00e3o n.\u00ba 18 da revista Singular, do P\u00daBLICO, com apoio da Comiss\u00e3o de Viticultura da Regi\u00e3o dos Vinhos Verdes. A Singular \u00e9 editada com total independ\u00eancia e responsabilidade editorial.<\/p>\n","protected":false},"excerpt":{"rendered":"<ul>\n<li>A hist\u00f3ria foca-se numa fam\u00edlia de vignerons de Viana do Castelo, que come\u00e7ou h\u00e1 cerca de doze anos com 300 garrafas sem r\u00f3tulo na garagem junto \u00e0 casa dos pais.<\/li>\n<li>No ano seguinte criaram a marca e dois vinhos (branco de loureiro e ros\u00e9 de vinh\u00e3o), com tr\u00eas mil garrafas, investindo em novas parcelas de vinha.<\/li>\n<li>Hoje, o projeto envolve cinco hectares, oito parcelas, 25 mil garrafas e oito vinhos, com mais de um quinto destinados \u00e0 exporta\u00e7\u00e3o e o restante ao mercado interno, a um pre\u00e7o m\u00e9dio de cerca de 9 euros a garrafa.<\/li>\n<li>A entrada de Rita Sousa para cuidar da enologia consolidou o tri\u00e2ngulo fundador, expandindo parcelas, diversificando vinhos e adotando novas abordagens enol\u00f3gicas, com foco nos vinhos de Viana e na nova gera\u00e7\u00e3o de Vinhos Verdes.<\/li>\n<li>A produ\u00e7\u00e3o mant\u00e9m o car\u00e1cter atl\u00e2ntico, reinveste todos os lucros na marca e procura dar novos protagonistas aos vinhos de Viana e \u00e0 pr\u00f3xima gera\u00e7\u00e3o de Vinhos Verdes.<\/li>\n<\/ul>\n","protected":false},"author":2,"featured_media":77366,"comment_status":"closed","ping_status":"closed","sticky":false,"template":"","format":"standard","meta":{"footnotes":""},"categories":[1],"tags":[760,1222,1180,1409,779,385],"class_list":["post-77364","post","type-post","status-publish","format-standard","has-post-thumbnail","hentry","category-noticias","tag-agroalimentar","tag-agroindustria","tag-cooperativas","tag-desenvolvimento-regional","tag-vinhos","tag-vinhos-verdes"],"yoast_head":"<!-- This site is optimized with the Yoast SEO plugin v27.2 - https:\/\/yoast.com\/product\/yoast-seo-wordpress\/ -->\n<title>Phulia, orgulho dos vinhos de Viana, ganha destaque regional - Portal Tela Portugal<\/title>\n<meta name=\"robots\" content=\"index, follow, max-snippet:-1, max-image-preview:large, max-video-preview:-1\" \/>\n<meta property=\"og:locale\" content=\"pt_PT\" \/>\n<meta property=\"og:type\" content=\"article\" \/>\n<meta property=\"og:title\" content=\"Phulia, orgulho dos vinhos de Viana, ganha destaque regional - Portal Tela Portugal\" \/>\n<meta property=\"og:description\" content=\"A hist\u00f3ria foca-se numa fam\u00edlia de vignerons de Viana do Castelo, que come\u00e7ou h\u00e1 cerca de doze anos com 300 garrafas sem r\u00f3tulo na garagem junto \u00e0 casa dos pais. No ano seguinte criaram a marca e dois vinhos (branco de loureiro e ros\u00e9 de vinh\u00e3o), com tr\u00eas mil garrafas, investindo em novas parcelas de vinha. Hoje, o projeto envolve cinco hectares, oito parcelas, 25 mil garrafas e oito vinhos, com mais de um quinto destinados \u00e0 exporta\u00e7\u00e3o e o restante ao mercado interno, a um pre\u00e7o m\u00e9dio de cerca de 9 euros a garrafa. A entrada de Rita Sousa para cuidar da enologia consolidou o tri\u00e2ngulo fundador, expandindo parcelas, diversificando vinhos e adotando novas abordagens enol\u00f3gicas, com foco nos vinhos de Viana e na nova gera\u00e7\u00e3o de Vinhos Verdes. A produ\u00e7\u00e3o mant\u00e9m o car\u00e1cter atl\u00e2ntico, reinveste todos os lucros na marca e procura dar novos protagonistas aos vinhos de Viana e \u00e0 pr\u00f3xima gera\u00e7\u00e3o de Vinhos Verdes.\" \/>\n<meta property=\"og:url\" content=\"https:\/\/portaltela.pt\/noticias\/2025\/12\/14\/phulia-orgulho-dos-vinhos-de-viana-ganha-destaque-regional\/\" \/>\n<meta property=\"og:site_name\" content=\"Portal Tela Portugal\" \/>\n<meta property=\"article:published_time\" content=\"2025-12-15T00:00:00+00:00\" \/>\n<meta name=\"author\" content=\"Telinha\" \/>\n<meta name=\"twitter:card\" content=\"summary_large_image\" \/>\n<meta name=\"twitter:label1\" content=\"Escrito por\" \/>\n\t<meta name=\"twitter:data1\" content=\"Telinha\" \/>\n\t<meta name=\"twitter:label2\" content=\"Tempo estimado de leitura\" \/>\n\t<meta name=\"twitter:data2\" content=\"2 minutos\" \/>\n<script type=\"application\/ld+json\" class=\"yoast-schema-graph\">{\"@context\":\"https:\/\/schema.org\",\"@graph\":[{\"@type\":\"Article\",\"@id\":\"https:\/\/portaltela.pt\/noticias\/2025\/12\/14\/phulia-orgulho-dos-vinhos-de-viana-ganha-destaque-regional\/#article\",\"isPartOf\":{\"@id\":\"https:\/\/portaltela.pt\/noticias\/2025\/12\/14\/phulia-orgulho-dos-vinhos-de-viana-ganha-destaque-regional\/\"},\"author\":{\"name\":\"Telinha\",\"@id\":\"https:\/\/portaltela.pt\/#\/schema\/person\/c4278d4a6028830caff9ee44b42d32ed\"},\"headline\":\"Phulia, orgulho dos vinhos de Viana, ganha destaque regional\",\"datePublished\":\"2025-12-15T00:00:00+00:00\",\"mainEntityOfPage\":{\"@id\":\"https:\/\/portaltela.pt\/noticias\/2025\/12\/14\/phulia-orgulho-dos-vinhos-de-viana-ganha-destaque-regional\/\"},\"wordCount\":312,\"image\":{\"@id\":\"https:\/\/portaltela.pt\/noticias\/2025\/12\/14\/phulia-orgulho-dos-vinhos-de-viana-ganha-destaque-regional\/#primaryimage\"},\"thumbnailUrl\":\"https:\/\/portaltela.pt\/s.01k8rhncp4jt1\/2025\/12\/2052600.jpg\",\"keywords\":[\"agroalimentar\",\"agroind\u00fastria\",\"cooperativas\",\"desenvolvimento regional\",\"vinhos\",\"vinhos verdes\"],\"articleSection\":[\"Not\u00edcias\"],\"inLanguage\":\"pt-PT\"},{\"@type\":\"WebPage\",\"@id\":\"https:\/\/portaltela.pt\/noticias\/2025\/12\/14\/phulia-orgulho-dos-vinhos-de-viana-ganha-destaque-regional\/\",\"url\":\"https:\/\/portaltela.pt\/noticias\/2025\/12\/14\/phulia-orgulho-dos-vinhos-de-viana-ganha-destaque-regional\/\",\"name\":\"Phulia, orgulho dos vinhos de Viana, ganha destaque regional - Portal Tela Portugal\",\"isPartOf\":{\"@id\":\"https:\/\/portaltela.pt\/#website\"},\"primaryImageOfPage\":{\"@id\":\"https:\/\/portaltela.pt\/noticias\/2025\/12\/14\/phulia-orgulho-dos-vinhos-de-viana-ganha-destaque-regional\/#primaryimage\"},\"image\":{\"@id\":\"https:\/\/portaltela.pt\/noticias\/2025\/12\/14\/phulia-orgulho-dos-vinhos-de-viana-ganha-destaque-regional\/#primaryimage\"},\"thumbnailUrl\":\"https:\/\/portaltela.pt\/s.01k8rhncp4jt1\/2025\/12\/2052600.jpg\",\"datePublished\":\"2025-12-15T00:00:00+00:00\",\"author\":{\"@id\":\"https:\/\/portaltela.pt\/#\/schema\/person\/c4278d4a6028830caff9ee44b42d32ed\"},\"breadcrumb\":{\"@id\":\"https:\/\/portaltela.pt\/noticias\/2025\/12\/14\/phulia-orgulho-dos-vinhos-de-viana-ganha-destaque-regional\/#breadcrumb\"},\"inLanguage\":\"pt-PT\",\"potentialAction\":[{\"@type\":\"ReadAction\",\"target\":[\"https:\/\/portaltela.pt\/noticias\/2025\/12\/14\/phulia-orgulho-dos-vinhos-de-viana-ganha-destaque-regional\/\"]}]},{\"@type\":\"ImageObject\",\"inLanguage\":\"pt-PT\",\"@id\":\"https:\/\/portaltela.pt\/noticias\/2025\/12\/14\/phulia-orgulho-dos-vinhos-de-viana-ganha-destaque-regional\/#primaryimage\",\"url\":\"https:\/\/portaltela.pt\/s.01k8rhncp4jt1\/2025\/12\/2052600.jpg\",\"contentUrl\":\"https:\/\/portaltela.pt\/s.01k8rhncp4jt1\/2025\/12\/2052600.jpg\",\"width\":796,\"height\":448,\"caption\":\"Jo\u00e3o, Lu\u00eds e Rita juntaram-se com o prop\u00f3sito de fazer vinhos diferenciadores, com novas experi\u00eancias e abordagens enol\u00f3gicas. Anna Costa\"},{\"@type\":\"BreadcrumbList\",\"@id\":\"https:\/\/portaltela.pt\/noticias\/2025\/12\/14\/phulia-orgulho-dos-vinhos-de-viana-ganha-destaque-regional\/#breadcrumb\",\"itemListElement\":[{\"@type\":\"ListItem\",\"position\":1,\"name\":\"In\u00edcio\",\"item\":\"https:\/\/portaltela.pt\/\"},{\"@type\":\"ListItem\",\"position\":2,\"name\":\"Phulia, orgulho dos vinhos de Viana, ganha destaque regional\"}]},{\"@type\":\"WebSite\",\"@id\":\"https:\/\/portaltela.pt\/#website\",\"url\":\"https:\/\/portaltela.pt\/\",\"name\":\"Portal Tela Portugal\",\"description\":\"\",\"potentialAction\":[{\"@type\":\"SearchAction\",\"target\":{\"@type\":\"EntryPoint\",\"urlTemplate\":\"https:\/\/portaltela.pt\/?s={search_term_string}\"},\"query-input\":{\"@type\":\"PropertyValueSpecification\",\"valueRequired\":true,\"valueName\":\"search_term_string\"}}],\"inLanguage\":\"pt-PT\"},{\"@type\":\"Person\",\"@id\":\"https:\/\/portaltela.pt\/#\/schema\/person\/c4278d4a6028830caff9ee44b42d32ed\",\"name\":\"Telinha\",\"image\":{\"@type\":\"ImageObject\",\"inLanguage\":\"pt-PT\",\"@id\":\"https:\/\/portaltela.pt\/s.01k8rhncp4jt1\/2025\/11\/talking-bot-125x125.png\",\"url\":\"https:\/\/portaltela.pt\/s.01k8rhncp4jt1\/2025\/11\/talking-bot-125x125.png\",\"contentUrl\":\"https:\/\/portaltela.pt\/s.01k8rhncp4jt1\/2025\/11\/talking-bot-125x125.png\",\"caption\":\"Telinha\"},\"sameAs\":[\"https:\/\/portaltela.pt\/\"],\"url\":\"https:\/\/portaltela.pt\/por\/367410592786\/\"}]}<\/script>\n<!-- \/ Yoast SEO plugin. -->","yoast_head_json":{"title":"Phulia, orgulho dos vinhos de Viana, ganha destaque regional - Portal Tela Portugal","robots":{"index":"index","follow":"follow","max-snippet":"max-snippet:-1","max-image-preview":"max-image-preview:large","max-video-preview":"max-video-preview:-1"},"og_locale":"pt_PT","og_type":"article","og_title":"Phulia, orgulho dos vinhos de Viana, ganha destaque regional - Portal Tela Portugal","og_description":"A hist\u00f3ria foca-se numa fam\u00edlia de vignerons de Viana do Castelo, que come\u00e7ou h\u00e1 cerca de doze anos com 300 garrafas sem r\u00f3tulo na garagem junto \u00e0 casa dos pais. No ano seguinte criaram a marca e dois vinhos (branco de loureiro e ros\u00e9 de vinh\u00e3o), com tr\u00eas mil garrafas, investindo em novas parcelas de vinha. Hoje, o projeto envolve cinco hectares, oito parcelas, 25 mil garrafas e oito vinhos, com mais de um quinto destinados \u00e0 exporta\u00e7\u00e3o e o restante ao mercado interno, a um pre\u00e7o m\u00e9dio de cerca de 9 euros a garrafa. A entrada de Rita Sousa para cuidar da enologia consolidou o tri\u00e2ngulo fundador, expandindo parcelas, diversificando vinhos e adotando novas abordagens enol\u00f3gicas, com foco nos vinhos de Viana e na nova gera\u00e7\u00e3o de Vinhos Verdes. A produ\u00e7\u00e3o mant\u00e9m o car\u00e1cter atl\u00e2ntico, reinveste todos os lucros na marca e procura dar novos protagonistas aos vinhos de Viana e \u00e0 pr\u00f3xima gera\u00e7\u00e3o de Vinhos Verdes.","og_url":"https:\/\/portaltela.pt\/noticias\/2025\/12\/14\/phulia-orgulho-dos-vinhos-de-viana-ganha-destaque-regional\/","og_site_name":"Portal Tela Portugal","article_published_time":"2025-12-15T00:00:00+00:00","author":"Telinha","twitter_card":"summary_large_image","twitter_misc":{"Escrito por":"Telinha","Tempo estimado de leitura":"2 minutos"},"schema":{"@context":"https:\/\/schema.org","@graph":[{"@type":"Article","@id":"https:\/\/portaltela.pt\/noticias\/2025\/12\/14\/phulia-orgulho-dos-vinhos-de-viana-ganha-destaque-regional\/#article","isPartOf":{"@id":"https:\/\/portaltela.pt\/noticias\/2025\/12\/14\/phulia-orgulho-dos-vinhos-de-viana-ganha-destaque-regional\/"},"author":{"name":"Telinha","@id":"https:\/\/portaltela.pt\/#\/schema\/person\/c4278d4a6028830caff9ee44b42d32ed"},"headline":"Phulia, orgulho dos vinhos de Viana, ganha destaque regional","datePublished":"2025-12-15T00:00:00+00:00","mainEntityOfPage":{"@id":"https:\/\/portaltela.pt\/noticias\/2025\/12\/14\/phulia-orgulho-dos-vinhos-de-viana-ganha-destaque-regional\/"},"wordCount":312,"image":{"@id":"https:\/\/portaltela.pt\/noticias\/2025\/12\/14\/phulia-orgulho-dos-vinhos-de-viana-ganha-destaque-regional\/#primaryimage"},"thumbnailUrl":"https:\/\/portaltela.pt\/s.01k8rhncp4jt1\/2025\/12\/2052600.jpg","keywords":["agroalimentar","agroind\u00fastria","cooperativas","desenvolvimento regional","vinhos","vinhos verdes"],"articleSection":["Not\u00edcias"],"inLanguage":"pt-PT"},{"@type":"WebPage","@id":"https:\/\/portaltela.pt\/noticias\/2025\/12\/14\/phulia-orgulho-dos-vinhos-de-viana-ganha-destaque-regional\/","url":"https:\/\/portaltela.pt\/noticias\/2025\/12\/14\/phulia-orgulho-dos-vinhos-de-viana-ganha-destaque-regional\/","name":"Phulia, orgulho dos vinhos de Viana, ganha destaque regional - Portal Tela Portugal","isPartOf":{"@id":"https:\/\/portaltela.pt\/#website"},"primaryImageOfPage":{"@id":"https:\/\/portaltela.pt\/noticias\/2025\/12\/14\/phulia-orgulho-dos-vinhos-de-viana-ganha-destaque-regional\/#primaryimage"},"image":{"@id":"https:\/\/portaltela.pt\/noticias\/2025\/12\/14\/phulia-orgulho-dos-vinhos-de-viana-ganha-destaque-regional\/#primaryimage"},"thumbnailUrl":"https:\/\/portaltela.pt\/s.01k8rhncp4jt1\/2025\/12\/2052600.jpg","datePublished":"2025-12-15T00:00:00+00:00","author":{"@id":"https:\/\/portaltela.pt\/#\/schema\/person\/c4278d4a6028830caff9ee44b42d32ed"},"breadcrumb":{"@id":"https:\/\/portaltela.pt\/noticias\/2025\/12\/14\/phulia-orgulho-dos-vinhos-de-viana-ganha-destaque-regional\/#breadcrumb"},"inLanguage":"pt-PT","potentialAction":[{"@type":"ReadAction","target":["https:\/\/portaltela.pt\/noticias\/2025\/12\/14\/phulia-orgulho-dos-vinhos-de-viana-ganha-destaque-regional\/"]}]},{"@type":"ImageObject","inLanguage":"pt-PT","@id":"https:\/\/portaltela.pt\/noticias\/2025\/12\/14\/phulia-orgulho-dos-vinhos-de-viana-ganha-destaque-regional\/#primaryimage","url":"https:\/\/portaltela.pt\/s.01k8rhncp4jt1\/2025\/12\/2052600.jpg","contentUrl":"https:\/\/portaltela.pt\/s.01k8rhncp4jt1\/2025\/12\/2052600.jpg","width":796,"height":448,"caption":"Jo\u00e3o, Lu\u00eds e Rita juntaram-se com o prop\u00f3sito de fazer vinhos diferenciadores, com novas experi\u00eancias e abordagens enol\u00f3gicas. Anna Costa"},{"@type":"BreadcrumbList","@id":"https:\/\/portaltela.pt\/noticias\/2025\/12\/14\/phulia-orgulho-dos-vinhos-de-viana-ganha-destaque-regional\/#breadcrumb","itemListElement":[{"@type":"ListItem","position":1,"name":"In\u00edcio","item":"https:\/\/portaltela.pt\/"},{"@type":"ListItem","position":2,"name":"Phulia, orgulho dos vinhos de Viana, ganha destaque regional"}]},{"@type":"WebSite","@id":"https:\/\/portaltela.pt\/#website","url":"https:\/\/portaltela.pt\/","name":"Portal Tela Portugal","description":"","potentialAction":[{"@type":"SearchAction","target":{"@type":"EntryPoint","urlTemplate":"https:\/\/portaltela.pt\/?s={search_term_string}"},"query-input":{"@type":"PropertyValueSpecification","valueRequired":true,"valueName":"search_term_string"}}],"inLanguage":"pt-PT"},{"@type":"Person","@id":"https:\/\/portaltela.pt\/#\/schema\/person\/c4278d4a6028830caff9ee44b42d32ed","name":"Telinha","image":{"@type":"ImageObject","inLanguage":"pt-PT","@id":"https:\/\/portaltela.pt\/s.01k8rhncp4jt1\/2025\/11\/talking-bot-125x125.png","url":"https:\/\/portaltela.pt\/s.01k8rhncp4jt1\/2025\/11\/talking-bot-125x125.png","contentUrl":"https:\/\/portaltela.pt\/s.01k8rhncp4jt1\/2025\/11\/talking-bot-125x125.png","caption":"Telinha"},"sameAs":["https:\/\/portaltela.pt\/"],"url":"https:\/\/portaltela.pt\/por\/367410592786\/"}]}},"_links":{"self":[{"href":"https:\/\/portaltela.pt\/api\/wp\/v2\/posts\/77364","targetHints":{"allow":["GET"]}}],"collection":[{"href":"https:\/\/portaltela.pt\/api\/wp\/v2\/posts"}],"about":[{"href":"https:\/\/portaltela.pt\/api\/wp\/v2\/types\/post"}],"author":[{"embeddable":true,"href":"https:\/\/portaltela.pt\/api\/wp\/v2\/users\/2"}],"replies":[{"embeddable":true,"href":"https:\/\/portaltela.pt\/api\/wp\/v2\/comments?post=77364"}],"version-history":[{"count":0,"href":"https:\/\/portaltela.pt\/api\/wp\/v2\/posts\/77364\/revisions"}],"wp:featuredmedia":[{"embeddable":true,"href":"https:\/\/portaltela.pt\/api\/wp\/v2\/media\/77366"}],"wp:attachment":[{"href":"https:\/\/portaltela.pt\/api\/wp\/v2\/media?parent=77364"}],"wp:term":[{"taxonomy":"category","embeddable":true,"href":"https:\/\/portaltela.pt\/api\/wp\/v2\/categories?post=77364"},{"taxonomy":"post_tag","embeddable":true,"href":"https:\/\/portaltela.pt\/api\/wp\/v2\/tags?post=77364"}],"curies":[{"name":"wp","href":"https:\/\/api.w.org\/{rel}","templated":true}]}}