{"id":77329,"date":"2025-12-14T21:00:00","date_gmt":"2025-12-15T00:00:00","guid":{"rendered":"https:\/\/portaltela.pt\/noticias\/2025\/12\/14\/adeptos-do-sporting-acusados-de-tentativa-de-homicidio-a-apoiantes-do-fc-porto-2\/"},"modified":"2025-12-14T21:00:00","modified_gmt":"2025-12-15T00:00:00","slug":"adeptos-do-sporting-acusados-de-tentativa-de-homicidio-a-apoiantes-do-fc-porto-2","status":"publish","type":"post","link":"https:\/\/portaltela.pt\/desporto\/2025\/12\/14\/adeptos-do-sporting-acusados-de-tentativa-de-homicidio-a-apoiantes-do-fc-porto-2\/","title":{"rendered":"Adeptos do Sporting acusados de tentativa de homic\u00eddio a apoiantes do FC Porto"},"content":{"rendered":"<p>O Minist\u00e9rio P\u00fablico acusou sete adeptos do Sporting de tentativa de homic\u00eddio qualificado em coautoria, na forma tentada, ap\u00f3s o quinto jogo das meias-finais do Nacional de h\u00f3quei em patins 2024\/25 entre Sporting e FC Porto. A\u00e7\u00e3o inclui ainda crimes de ofensa \u00e0 integridade f\u00edsica qualificados, inc\u00eandio, roubo e dano qualificado.<\/p>\n<p>Segundo a acusa\u00e7\u00e3o, os arguidos atuaram em grupo com um plano para atear fogo \u00e0s viaturas da equipa rival. O alvo seria for\u00e7ar a retirada dos ocupantes, com agress\u00f5es f\u00edsicas durante o incidente no Lumiar, Lisboa, em 10 de junho. Pelo menos um ve\u00edculo ter\u00e1 sido incendiado.<\/p>\n<p>Cinco adeptos do FC Porto ficaram feridos e receberam tratamento hospitalar, conforme o Minist\u00e9rio P\u00fablico. A investiga\u00e7\u00e3o \u00e9 coordenada pelo DIAP de Lisboa com apoio da Pol\u00edcia Judici\u00e1ria.<\/p>\n<p>Dos sete arguidos, dois permanecem em pris\u00e3o domicili\u00e1ria com pulseira eletr\u00f3nica, cinco est\u00e3o em pris\u00e3o preventiva e um \u00e9 reincidente. A acusa\u00e7\u00e3o envolve cinco crimes de homic\u00eddio qualificado na forma tentada, entre outros crimes relatados.<\/p>\n<p>As informa\u00e7\u00f5es foram tornadas p\u00fablicas pelo MP e baseiam-se na investiga\u00e7\u00e3o do DIAP de Lisboa, em coadjuva\u00e7\u00e3o da Pol\u00edcia Judici\u00e1ria. A not\u00edcia \u00e9 distribu\u00edda pela LUSA.<\/p>\n<h3>Observa\u00e7\u00e3o sobre a fonte<\/h3>\n<ul>\n<li>Fonte: Minist\u00e9rio P\u00fablico, DIAP de Lisboa e Pol\u00edcia Judici\u00e1ria, com informa\u00e7\u00f5es divulgadas via servi\u00e7o oficial.<\/li>\n<\/ul>\n","protected":false},"excerpt":{"rendered":"<ul>\n<li>O Minist\u00e9rio P\u00fablico acusou sete adeptos do Sporting de tentativa de homic\u00eddio qualificado em coautoria, na forma tentada, envolvendo cinco apoiantes do FC Porto, al\u00e9m de outros crimes.<\/li>\n<li>A acusa\u00e7\u00e3o inclui dez crimes de ofensas \u00e0 integridade f\u00edsica qualificados, um crime de inc\u00eandio, cinco crimes de roubo (um qualificado e consumado e quatro na forma tentada) e tr\u00eas crimes de dano qualificado.<\/li>\n<li>Os arguidos atuaram em grupo, com um plano para atear fogo \u00e0s viaturas do rival, conseguindo incendiar pelo menos um ve\u00edculo com os ocupantes no interior.<\/li>\n<li>Dois arguidos ficam em pris\u00e3o domicili\u00e1ria com pulseira eletr\u00f3nica, cinco est\u00e3o em pris\u00e3o preventiva e um \u00e9 reincidente.<\/li>\n<li>O epis\u00f3dio ocorreu a 10 de junho, no Lumiar, em Lisboa, durante o quinto jogo das meias-finais do Nacional de h\u00f3quei em patins 2024\/25, resultando em cinco feridos entre adeptos do FC Porto.<\/li>\n<\/ul>\n","protected":false},"author":2,"featured_media":77335,"comment_status":"closed","ping_status":"closed","sticky":false,"template":"","format":"standard","meta":{"footnotes":""},"categories":[21],"tags":[1445,1189,1438,981,203,939],"class_list":["post-77329","post","type-post","status-publish","format-standard","has-post-thumbnail","hentry","category-desporto","tag-dano-qualificado","tag-homicidio-qualificado","tag-incendio","tag-lisboa","tag-roubo","tag-violencia"],"yoast_head":"<!-- This site is optimized with the Yoast SEO plugin v27.2 - https:\/\/yoast.com\/product\/yoast-seo-wordpress\/ -->\n<title>Adeptos do Sporting acusados de tentativa de homic\u00eddio a apoiantes do FC Porto - Portal Tela Portugal<\/title>\n<meta name=\"robots\" content=\"index, follow, max-snippet:-1, max-image-preview:large, max-video-preview:-1\" \/>\n<meta property=\"og:locale\" content=\"pt_PT\" \/>\n<meta property=\"og:type\" content=\"article\" \/>\n<meta property=\"og:title\" content=\"Adeptos do Sporting acusados de tentativa de homic\u00eddio a apoiantes do FC Porto - Portal Tela Portugal\" \/>\n<meta property=\"og:description\" content=\"O Minist\u00e9rio P\u00fablico acusou sete adeptos do Sporting de tentativa de homic\u00eddio qualificado em coautoria, na forma tentada, envolvendo cinco apoiantes do FC Porto, al\u00e9m de outros crimes. A acusa\u00e7\u00e3o inclui dez crimes de ofensas \u00e0 integridade f\u00edsica qualificados, um crime de inc\u00eandio, cinco crimes de roubo (um qualificado e consumado e quatro na forma tentada) e tr\u00eas crimes de dano qualificado. Os arguidos atuaram em grupo, com um plano para atear fogo \u00e0s viaturas do rival, conseguindo incendiar pelo menos um ve\u00edculo com os ocupantes no interior. Dois arguidos ficam em pris\u00e3o domicili\u00e1ria com pulseira eletr\u00f3nica, cinco est\u00e3o em pris\u00e3o preventiva e um \u00e9 reincidente. O epis\u00f3dio ocorreu a 10 de junho, no Lumiar, em Lisboa, durante o quinto jogo das meias-finais do Nacional de h\u00f3quei em patins 2024\/25, resultando em cinco feridos entre adeptos do FC Porto.\" \/>\n<meta property=\"og:url\" content=\"https:\/\/portaltela.pt\/noticias\/2025\/12\/14\/adeptos-do-sporting-acusados-de-tentativa-de-homicidio-a-apoiantes-do-fc-porto-2\/\" \/>\n<meta property=\"og:site_name\" content=\"Portal Tela Portugal\" \/>\n<meta property=\"article:published_time\" content=\"2025-12-15T00:00:00+00:00\" \/>\n<meta name=\"author\" content=\"Telinha\" \/>\n<meta name=\"twitter:card\" content=\"summary_large_image\" \/>\n<meta name=\"twitter:label1\" content=\"Escrito por\" \/>\n\t<meta name=\"twitter:data1\" content=\"Telinha\" \/>\n\t<meta name=\"twitter:label2\" content=\"Tempo estimado de leitura\" \/>\n\t<meta name=\"twitter:data2\" content=\"1 minuto\" \/>\n<script type=\"application\/ld+json\" class=\"yoast-schema-graph\">{\"@context\":\"https:\/\/schema.org\",\"@graph\":[{\"@type\":\"Article\",\"@id\":\"https:\/\/portaltela.pt\/noticias\/2025\/12\/14\/adeptos-do-sporting-acusados-de-tentativa-de-homicidio-a-apoiantes-do-fc-porto-2\/#article\",\"isPartOf\":{\"@id\":\"https:\/\/portaltela.pt\/noticias\/2025\/12\/14\/adeptos-do-sporting-acusados-de-tentativa-de-homicidio-a-apoiantes-do-fc-porto-2\/\"},\"author\":{\"name\":\"Telinha\",\"@id\":\"https:\/\/portaltela.pt\/#\/schema\/person\/c4278d4a6028830caff9ee44b42d32ed\"},\"headline\":\"Adeptos do Sporting acusados de tentativa de homic\u00eddio a apoiantes do FC Porto\",\"datePublished\":\"2025-12-15T00:00:00+00:00\",\"mainEntityOfPage\":{\"@id\":\"https:\/\/portaltela.pt\/noticias\/2025\/12\/14\/adeptos-do-sporting-acusados-de-tentativa-de-homicidio-a-apoiantes-do-fc-porto-2\/\"},\"wordCount\":254,\"image\":{\"@id\":\"https:\/\/portaltela.pt\/noticias\/2025\/12\/14\/adeptos-do-sporting-acusados-de-tentativa-de-homicidio-a-apoiantes-do-fc-porto-2\/#primaryimage\"},\"thumbnailUrl\":\"https:\/\/portaltela.pt\/s.01k8rhncp4jt1\/2025\/12\/mw-1200-206.jpg\",\"keywords\":[\"dano qualificado\",\"homic\u00eddio qualificado\",\"inc\u00eandio\",\"Lisboa\",\"roubo\",\"viol\u00eancia\"],\"articleSection\":[\"Desporto\"],\"inLanguage\":\"pt-PT\"},{\"@type\":\"WebPage\",\"@id\":\"https:\/\/portaltela.pt\/noticias\/2025\/12\/14\/adeptos-do-sporting-acusados-de-tentativa-de-homicidio-a-apoiantes-do-fc-porto-2\/\",\"url\":\"https:\/\/portaltela.pt\/noticias\/2025\/12\/14\/adeptos-do-sporting-acusados-de-tentativa-de-homicidio-a-apoiantes-do-fc-porto-2\/\",\"name\":\"Adeptos do Sporting acusados de tentativa de homic\u00eddio a apoiantes do FC Porto - Portal Tela Portugal\",\"isPartOf\":{\"@id\":\"https:\/\/portaltela.pt\/#website\"},\"primaryImageOfPage\":{\"@id\":\"https:\/\/portaltela.pt\/noticias\/2025\/12\/14\/adeptos-do-sporting-acusados-de-tentativa-de-homicidio-a-apoiantes-do-fc-porto-2\/#primaryimage\"},\"image\":{\"@id\":\"https:\/\/portaltela.pt\/noticias\/2025\/12\/14\/adeptos-do-sporting-acusados-de-tentativa-de-homicidio-a-apoiantes-do-fc-porto-2\/#primaryimage\"},\"thumbnailUrl\":\"https:\/\/portaltela.pt\/s.01k8rhncp4jt1\/2025\/12\/mw-1200-206.jpg\",\"datePublished\":\"2025-12-15T00:00:00+00:00\",\"author\":{\"@id\":\"https:\/\/portaltela.pt\/#\/schema\/person\/c4278d4a6028830caff9ee44b42d32ed\"},\"breadcrumb\":{\"@id\":\"https:\/\/portaltela.pt\/noticias\/2025\/12\/14\/adeptos-do-sporting-acusados-de-tentativa-de-homicidio-a-apoiantes-do-fc-porto-2\/#breadcrumb\"},\"inLanguage\":\"pt-PT\",\"potentialAction\":[{\"@type\":\"ReadAction\",\"target\":[\"https:\/\/portaltela.pt\/noticias\/2025\/12\/14\/adeptos-do-sporting-acusados-de-tentativa-de-homicidio-a-apoiantes-do-fc-porto-2\/\"]}]},{\"@type\":\"ImageObject\",\"inLanguage\":\"pt-PT\",\"@id\":\"https:\/\/portaltela.pt\/noticias\/2025\/12\/14\/adeptos-do-sporting-acusados-de-tentativa-de-homicidio-a-apoiantes-do-fc-porto-2\/#primaryimage\",\"url\":\"https:\/\/portaltela.pt\/s.01k8rhncp4jt1\/2025\/12\/mw-1200-206.jpg\",\"contentUrl\":\"https:\/\/portaltela.pt\/s.01k8rhncp4jt1\/2025\/12\/mw-1200-206.jpg\",\"width\":796,\"height\":448,\"caption\":\"Photo\"},{\"@type\":\"BreadcrumbList\",\"@id\":\"https:\/\/portaltela.pt\/noticias\/2025\/12\/14\/adeptos-do-sporting-acusados-de-tentativa-de-homicidio-a-apoiantes-do-fc-porto-2\/#breadcrumb\",\"itemListElement\":[{\"@type\":\"ListItem\",\"position\":1,\"name\":\"In\u00edcio\",\"item\":\"https:\/\/portaltela.pt\/\"},{\"@type\":\"ListItem\",\"position\":2,\"name\":\"Adeptos do Sporting acusados de tentativa de homic\u00eddio a apoiantes do FC Porto\"}]},{\"@type\":\"WebSite\",\"@id\":\"https:\/\/portaltela.pt\/#website\",\"url\":\"https:\/\/portaltela.pt\/\",\"name\":\"Portal Tela Portugal\",\"description\":\"\",\"potentialAction\":[{\"@type\":\"SearchAction\",\"target\":{\"@type\":\"EntryPoint\",\"urlTemplate\":\"https:\/\/portaltela.pt\/?s={search_term_string}\"},\"query-input\":{\"@type\":\"PropertyValueSpecification\",\"valueRequired\":true,\"valueName\":\"search_term_string\"}}],\"inLanguage\":\"pt-PT\"},{\"@type\":\"Person\",\"@id\":\"https:\/\/portaltela.pt\/#\/schema\/person\/c4278d4a6028830caff9ee44b42d32ed\",\"name\":\"Telinha\",\"image\":{\"@type\":\"ImageObject\",\"inLanguage\":\"pt-PT\",\"@id\":\"https:\/\/portaltela.pt\/s.01k8rhncp4jt1\/2025\/11\/talking-bot-125x125.png\",\"url\":\"https:\/\/portaltela.pt\/s.01k8rhncp4jt1\/2025\/11\/talking-bot-125x125.png\",\"contentUrl\":\"https:\/\/portaltela.pt\/s.01k8rhncp4jt1\/2025\/11\/talking-bot-125x125.png\",\"caption\":\"Telinha\"},\"sameAs\":[\"https:\/\/portaltela.pt\/\"],\"url\":\"https:\/\/portaltela.pt\/por\/367410592786\/\"}]}<\/script>\n<!-- \/ Yoast SEO plugin. -->","yoast_head_json":{"title":"Adeptos do Sporting acusados de tentativa de homic\u00eddio a apoiantes do FC Porto - Portal Tela Portugal","robots":{"index":"index","follow":"follow","max-snippet":"max-snippet:-1","max-image-preview":"max-image-preview:large","max-video-preview":"max-video-preview:-1"},"og_locale":"pt_PT","og_type":"article","og_title":"Adeptos do Sporting acusados de tentativa de homic\u00eddio a apoiantes do FC Porto - Portal Tela Portugal","og_description":"O Minist\u00e9rio P\u00fablico acusou sete adeptos do Sporting de tentativa de homic\u00eddio qualificado em coautoria, na forma tentada, envolvendo cinco apoiantes do FC Porto, al\u00e9m de outros crimes. A acusa\u00e7\u00e3o inclui dez crimes de ofensas \u00e0 integridade f\u00edsica qualificados, um crime de inc\u00eandio, cinco crimes de roubo (um qualificado e consumado e quatro na forma tentada) e tr\u00eas crimes de dano qualificado. Os arguidos atuaram em grupo, com um plano para atear fogo \u00e0s viaturas do rival, conseguindo incendiar pelo menos um ve\u00edculo com os ocupantes no interior. Dois arguidos ficam em pris\u00e3o domicili\u00e1ria com pulseira eletr\u00f3nica, cinco est\u00e3o em pris\u00e3o preventiva e um \u00e9 reincidente. O epis\u00f3dio ocorreu a 10 de junho, no Lumiar, em Lisboa, durante o quinto jogo das meias-finais do Nacional de h\u00f3quei em patins 2024\/25, resultando em cinco feridos entre adeptos do FC Porto.","og_url":"https:\/\/portaltela.pt\/noticias\/2025\/12\/14\/adeptos-do-sporting-acusados-de-tentativa-de-homicidio-a-apoiantes-do-fc-porto-2\/","og_site_name":"Portal Tela Portugal","article_published_time":"2025-12-15T00:00:00+00:00","author":"Telinha","twitter_card":"summary_large_image","twitter_misc":{"Escrito por":"Telinha","Tempo estimado de leitura":"1 minuto"},"schema":{"@context":"https:\/\/schema.org","@graph":[{"@type":"Article","@id":"https:\/\/portaltela.pt\/noticias\/2025\/12\/14\/adeptos-do-sporting-acusados-de-tentativa-de-homicidio-a-apoiantes-do-fc-porto-2\/#article","isPartOf":{"@id":"https:\/\/portaltela.pt\/noticias\/2025\/12\/14\/adeptos-do-sporting-acusados-de-tentativa-de-homicidio-a-apoiantes-do-fc-porto-2\/"},"author":{"name":"Telinha","@id":"https:\/\/portaltela.pt\/#\/schema\/person\/c4278d4a6028830caff9ee44b42d32ed"},"headline":"Adeptos do Sporting acusados de tentativa de homic\u00eddio a apoiantes do FC Porto","datePublished":"2025-12-15T00:00:00+00:00","mainEntityOfPage":{"@id":"https:\/\/portaltela.pt\/noticias\/2025\/12\/14\/adeptos-do-sporting-acusados-de-tentativa-de-homicidio-a-apoiantes-do-fc-porto-2\/"},"wordCount":254,"image":{"@id":"https:\/\/portaltela.pt\/noticias\/2025\/12\/14\/adeptos-do-sporting-acusados-de-tentativa-de-homicidio-a-apoiantes-do-fc-porto-2\/#primaryimage"},"thumbnailUrl":"https:\/\/portaltela.pt\/s.01k8rhncp4jt1\/2025\/12\/mw-1200-206.jpg","keywords":["dano qualificado","homic\u00eddio qualificado","inc\u00eandio","Lisboa","roubo","viol\u00eancia"],"articleSection":["Desporto"],"inLanguage":"pt-PT"},{"@type":"WebPage","@id":"https:\/\/portaltela.pt\/noticias\/2025\/12\/14\/adeptos-do-sporting-acusados-de-tentativa-de-homicidio-a-apoiantes-do-fc-porto-2\/","url":"https:\/\/portaltela.pt\/noticias\/2025\/12\/14\/adeptos-do-sporting-acusados-de-tentativa-de-homicidio-a-apoiantes-do-fc-porto-2\/","name":"Adeptos do Sporting acusados de tentativa de homic\u00eddio a apoiantes do FC Porto - Portal Tela Portugal","isPartOf":{"@id":"https:\/\/portaltela.pt\/#website"},"primaryImageOfPage":{"@id":"https:\/\/portaltela.pt\/noticias\/2025\/12\/14\/adeptos-do-sporting-acusados-de-tentativa-de-homicidio-a-apoiantes-do-fc-porto-2\/#primaryimage"},"image":{"@id":"https:\/\/portaltela.pt\/noticias\/2025\/12\/14\/adeptos-do-sporting-acusados-de-tentativa-de-homicidio-a-apoiantes-do-fc-porto-2\/#primaryimage"},"thumbnailUrl":"https:\/\/portaltela.pt\/s.01k8rhncp4jt1\/2025\/12\/mw-1200-206.jpg","datePublished":"2025-12-15T00:00:00+00:00","author":{"@id":"https:\/\/portaltela.pt\/#\/schema\/person\/c4278d4a6028830caff9ee44b42d32ed"},"breadcrumb":{"@id":"https:\/\/portaltela.pt\/noticias\/2025\/12\/14\/adeptos-do-sporting-acusados-de-tentativa-de-homicidio-a-apoiantes-do-fc-porto-2\/#breadcrumb"},"inLanguage":"pt-PT","potentialAction":[{"@type":"ReadAction","target":["https:\/\/portaltela.pt\/noticias\/2025\/12\/14\/adeptos-do-sporting-acusados-de-tentativa-de-homicidio-a-apoiantes-do-fc-porto-2\/"]}]},{"@type":"ImageObject","inLanguage":"pt-PT","@id":"https:\/\/portaltela.pt\/noticias\/2025\/12\/14\/adeptos-do-sporting-acusados-de-tentativa-de-homicidio-a-apoiantes-do-fc-porto-2\/#primaryimage","url":"https:\/\/portaltela.pt\/s.01k8rhncp4jt1\/2025\/12\/mw-1200-206.jpg","contentUrl":"https:\/\/portaltela.pt\/s.01k8rhncp4jt1\/2025\/12\/mw-1200-206.jpg","width":796,"height":448,"caption":"Photo"},{"@type":"BreadcrumbList","@id":"https:\/\/portaltela.pt\/noticias\/2025\/12\/14\/adeptos-do-sporting-acusados-de-tentativa-de-homicidio-a-apoiantes-do-fc-porto-2\/#breadcrumb","itemListElement":[{"@type":"ListItem","position":1,"name":"In\u00edcio","item":"https:\/\/portaltela.pt\/"},{"@type":"ListItem","position":2,"name":"Adeptos do Sporting acusados de tentativa de homic\u00eddio a apoiantes do FC Porto"}]},{"@type":"WebSite","@id":"https:\/\/portaltela.pt\/#website","url":"https:\/\/portaltela.pt\/","name":"Portal Tela Portugal","description":"","potentialAction":[{"@type":"SearchAction","target":{"@type":"EntryPoint","urlTemplate":"https:\/\/portaltela.pt\/?s={search_term_string}"},"query-input":{"@type":"PropertyValueSpecification","valueRequired":true,"valueName":"search_term_string"}}],"inLanguage":"pt-PT"},{"@type":"Person","@id":"https:\/\/portaltela.pt\/#\/schema\/person\/c4278d4a6028830caff9ee44b42d32ed","name":"Telinha","image":{"@type":"ImageObject","inLanguage":"pt-PT","@id":"https:\/\/portaltela.pt\/s.01k8rhncp4jt1\/2025\/11\/talking-bot-125x125.png","url":"https:\/\/portaltela.pt\/s.01k8rhncp4jt1\/2025\/11\/talking-bot-125x125.png","contentUrl":"https:\/\/portaltela.pt\/s.01k8rhncp4jt1\/2025\/11\/talking-bot-125x125.png","caption":"Telinha"},"sameAs":["https:\/\/portaltela.pt\/"],"url":"https:\/\/portaltela.pt\/por\/367410592786\/"}]}},"_links":{"self":[{"href":"https:\/\/portaltela.pt\/api\/wp\/v2\/posts\/77329","targetHints":{"allow":["GET"]}}],"collection":[{"href":"https:\/\/portaltela.pt\/api\/wp\/v2\/posts"}],"about":[{"href":"https:\/\/portaltela.pt\/api\/wp\/v2\/types\/post"}],"author":[{"embeddable":true,"href":"https:\/\/portaltela.pt\/api\/wp\/v2\/users\/2"}],"replies":[{"embeddable":true,"href":"https:\/\/portaltela.pt\/api\/wp\/v2\/comments?post=77329"}],"version-history":[{"count":0,"href":"https:\/\/portaltela.pt\/api\/wp\/v2\/posts\/77329\/revisions"}],"wp:featuredmedia":[{"embeddable":true,"href":"https:\/\/portaltela.pt\/api\/wp\/v2\/media\/77335"}],"wp:attachment":[{"href":"https:\/\/portaltela.pt\/api\/wp\/v2\/media?parent=77329"}],"wp:term":[{"taxonomy":"category","embeddable":true,"href":"https:\/\/portaltela.pt\/api\/wp\/v2\/categories?post=77329"},{"taxonomy":"post_tag","embeddable":true,"href":"https:\/\/portaltela.pt\/api\/wp\/v2\/tags?post=77329"}],"curies":[{"name":"wp","href":"https:\/\/api.w.org\/{rel}","templated":true}]}}