{"id":77182,"date":"2025-12-15T12:29:00","date_gmt":"2025-12-15T15:29:00","guid":{"rendered":"https:\/\/portaltela.pt\/noticias\/2025\/12\/15\/prima-de-monica-silva-condenada-a-multa-por-agredir-mae-de-fernando-valente\/"},"modified":"2025-12-15T12:29:00","modified_gmt":"2025-12-15T15:29:00","slug":"prima-de-monica-silva-condenada-a-multa-por-agredir-mae-de-fernando-valente","status":"publish","type":"post","link":"https:\/\/portaltela.pt\/noticias\/2025\/12\/15\/prima-de-monica-silva-condenada-a-multa-por-agredir-mae-de-fernando-valente\/","title":{"rendered":"Prima de M\u00f3nica Silva condenada a multa por agredir m\u00e3e de Fernando Valente"},"content":{"rendered":"<p>Foi conhecido que o tribunal de Estarreja condenou Carla Vieira, prima de M\u00f3nica Silva, ao pagamento de uma multa de 1280 euros. A decis\u00e3o envolve ofensas \u00e0 integridade f\u00edsica simples e dano praticados contra Rosa Cruz, m\u00e3e de Fernando Valente.<\/p>\n<p>A senten\u00e7a resulta de desentendimentos entre fam\u00edlias relacionados com o desaparecimento de M\u00f3nica, em Murtosa, a 3 de outubro de 2023. A acusa\u00e7\u00e3o afirma que Carla Vieira entrou na loja Florista Rosita, da fam\u00edlia Valente, agrediu Rosa Cruz e fez amea\u00e7as.<\/p>\n<h3>Condena\u00e7\u00f5es e indemniza\u00e7\u00f5es<\/h3>\n<p>Segundo o Minist\u00e9rio P\u00fablico, a arguida apertou o pesco\u00e7o \u00e0 v\u00edtima, desferiu pontap\u00e9s na barriga e um murro na cabe\u00e7a, e destruiu um port\u00e1til. O tribunal condenou ainda Carla Vieira a indemnizar Rosa Cruz com 1480 euros pelo dano no equipamento.<\/p>\n","protected":false},"excerpt":{"rendered":"<ul>\n<li>Carla Vieira, prima de M\u00f3nica Silva desaparecida em Murtosa a 3 de outubro de 2023, foi condenada pelo tribunal de Estarreja.<\/li>\n<li>Foi decretada uma multa de 1280 euros por ofensas \u00e0 integridade f\u00edsica simples e dano praticado na loja Florista Rosita, propriedade da fam\u00edlia Valente.<\/li>\n<li>O tribunal fixou ainda uma indemniza\u00e7\u00e3o de 1480 euros pela destrui\u00e7\u00e3o de um port\u00e1til.<\/li>\n<li>A acusa\u00e7\u00e3o sustenta que Carla Vieira agrediu a m\u00e3e de Fernando Valente, Rosa Cruz, apertou-lhe o pesco\u00e7o, desferiu pontap\u00e9s na barriga e um murro na cabe\u00e7a.<\/li>\n<li>As a\u00e7\u00f5es ocorrem no \u00e2mbito de desentendimentos entre as fam\u00edlias Valente e Cruz, relacionados com o caso do homic\u00eddio da gr\u00e1vida da Murtosa.<\/li>\n<\/ul>\n","protected":false},"author":2,"featured_media":77193,"comment_status":"closed","ping_status":"closed","sticky":false,"template":"","format":"standard","meta":{"footnotes":""},"categories":[1],"tags":[1162,147,848,64,52,939],"class_list":["post-77182","post","type-post","status-publish","format-standard","has-post-thumbnail","hentry","category-noticias","tag-agressoes-simples","tag-crime","tag-dano-agravado","tag-familia","tag-tribunal","tag-violencia"],"yoast_head":"<!-- This site is optimized with the Yoast SEO plugin v27.2 - https:\/\/yoast.com\/product\/yoast-seo-wordpress\/ -->\n<title>Prima de M\u00f3nica Silva condenada a multa por agredir m\u00e3e de Fernando Valente - Portal Tela Portugal<\/title>\n<meta name=\"robots\" content=\"index, follow, max-snippet:-1, max-image-preview:large, max-video-preview:-1\" \/>\n<meta property=\"og:locale\" content=\"pt_PT\" \/>\n<meta property=\"og:type\" content=\"article\" \/>\n<meta property=\"og:title\" content=\"Prima de M\u00f3nica Silva condenada a multa por agredir m\u00e3e de Fernando Valente - Portal Tela Portugal\" \/>\n<meta property=\"og:description\" content=\"Carla Vieira, prima de M\u00f3nica Silva desaparecida em Murtosa a 3 de outubro de 2023, foi condenada pelo tribunal de Estarreja. Foi decretada uma multa de 1280 euros por ofensas \u00e0 integridade f\u00edsica simples e dano praticado na loja Florista Rosita, propriedade da fam\u00edlia Valente. O tribunal fixou ainda uma indemniza\u00e7\u00e3o de 1480 euros pela destrui\u00e7\u00e3o de um port\u00e1til. A acusa\u00e7\u00e3o sustenta que Carla Vieira agrediu a m\u00e3e de Fernando Valente, Rosa Cruz, apertou-lhe o pesco\u00e7o, desferiu pontap\u00e9s na barriga e um murro na cabe\u00e7a. As a\u00e7\u00f5es ocorrem no \u00e2mbito de desentendimentos entre as fam\u00edlias Valente e Cruz, relacionados com o caso do homic\u00eddio da gr\u00e1vida da Murtosa.\" \/>\n<meta property=\"og:url\" content=\"https:\/\/portaltela.pt\/noticias\/2025\/12\/15\/prima-de-monica-silva-condenada-a-multa-por-agredir-mae-de-fernando-valente\/\" \/>\n<meta property=\"og:site_name\" content=\"Portal Tela Portugal\" \/>\n<meta property=\"article:published_time\" content=\"2025-12-15T15:29:00+00:00\" \/>\n<meta name=\"author\" content=\"Telinha\" \/>\n<meta name=\"twitter:card\" content=\"summary_large_image\" \/>\n<meta name=\"twitter:label1\" content=\"Escrito por\" \/>\n\t<meta name=\"twitter:data1\" content=\"Telinha\" \/>\n\t<meta name=\"twitter:label2\" content=\"Tempo estimado de leitura\" \/>\n\t<meta name=\"twitter:data2\" content=\"1 minuto\" \/>\n<script type=\"application\/ld+json\" class=\"yoast-schema-graph\">{\"@context\":\"https:\/\/schema.org\",\"@graph\":[{\"@type\":\"Article\",\"@id\":\"https:\/\/portaltela.pt\/noticias\/2025\/12\/15\/prima-de-monica-silva-condenada-a-multa-por-agredir-mae-de-fernando-valente\/#article\",\"isPartOf\":{\"@id\":\"https:\/\/portaltela.pt\/noticias\/2025\/12\/15\/prima-de-monica-silva-condenada-a-multa-por-agredir-mae-de-fernando-valente\/\"},\"author\":{\"name\":\"Telinha\",\"@id\":\"https:\/\/portaltela.pt\/#\/schema\/person\/c4278d4a6028830caff9ee44b42d32ed\"},\"headline\":\"Prima de M\u00f3nica Silva condenada a multa por agredir m\u00e3e de Fernando Valente\",\"datePublished\":\"2025-12-15T15:29:00+00:00\",\"mainEntityOfPage\":{\"@id\":\"https:\/\/portaltela.pt\/noticias\/2025\/12\/15\/prima-de-monica-silva-condenada-a-multa-por-agredir-mae-de-fernando-valente\/\"},\"wordCount\":153,\"image\":{\"@id\":\"https:\/\/portaltela.pt\/noticias\/2025\/12\/15\/prima-de-monica-silva-condenada-a-multa-por-agredir-mae-de-fernando-valente\/#primaryimage\"},\"thumbnailUrl\":\"https:\/\/portaltela.pt\/s.01k8rhncp4jt1\/2025\/12\/img_1280x721uu2025-06-12-19-20-34-2215905.jpg\",\"keywords\":[\"agress\u00f5es simples\",\"crime\",\"dano agravado\",\"fam\u00edlia\",\"tribunal\",\"viol\u00eancia\"],\"articleSection\":[\"Not\u00edcias\"],\"inLanguage\":\"pt-PT\"},{\"@type\":\"WebPage\",\"@id\":\"https:\/\/portaltela.pt\/noticias\/2025\/12\/15\/prima-de-monica-silva-condenada-a-multa-por-agredir-mae-de-fernando-valente\/\",\"url\":\"https:\/\/portaltela.pt\/noticias\/2025\/12\/15\/prima-de-monica-silva-condenada-a-multa-por-agredir-mae-de-fernando-valente\/\",\"name\":\"Prima de M\u00f3nica Silva condenada a multa por agredir m\u00e3e de Fernando Valente - Portal Tela Portugal\",\"isPartOf\":{\"@id\":\"https:\/\/portaltela.pt\/#website\"},\"primaryImageOfPage\":{\"@id\":\"https:\/\/portaltela.pt\/noticias\/2025\/12\/15\/prima-de-monica-silva-condenada-a-multa-por-agredir-mae-de-fernando-valente\/#primaryimage\"},\"image\":{\"@id\":\"https:\/\/portaltela.pt\/noticias\/2025\/12\/15\/prima-de-monica-silva-condenada-a-multa-por-agredir-mae-de-fernando-valente\/#primaryimage\"},\"thumbnailUrl\":\"https:\/\/portaltela.pt\/s.01k8rhncp4jt1\/2025\/12\/img_1280x721uu2025-06-12-19-20-34-2215905.jpg\",\"datePublished\":\"2025-12-15T15:29:00+00:00\",\"author\":{\"@id\":\"https:\/\/portaltela.pt\/#\/schema\/person\/c4278d4a6028830caff9ee44b42d32ed\"},\"breadcrumb\":{\"@id\":\"https:\/\/portaltela.pt\/noticias\/2025\/12\/15\/prima-de-monica-silva-condenada-a-multa-por-agredir-mae-de-fernando-valente\/#breadcrumb\"},\"inLanguage\":\"pt-PT\",\"potentialAction\":[{\"@type\":\"ReadAction\",\"target\":[\"https:\/\/portaltela.pt\/noticias\/2025\/12\/15\/prima-de-monica-silva-condenada-a-multa-por-agredir-mae-de-fernando-valente\/\"]}]},{\"@type\":\"ImageObject\",\"inLanguage\":\"pt-PT\",\"@id\":\"https:\/\/portaltela.pt\/noticias\/2025\/12\/15\/prima-de-monica-silva-condenada-a-multa-por-agredir-mae-de-fernando-valente\/#primaryimage\",\"url\":\"https:\/\/portaltela.pt\/s.01k8rhncp4jt1\/2025\/12\/img_1280x721uu2025-06-12-19-20-34-2215905.jpg\",\"contentUrl\":\"https:\/\/portaltela.pt\/s.01k8rhncp4jt1\/2025\/12\/img_1280x721uu2025-06-12-19-20-34-2215905.jpg\",\"width\":796,\"height\":448,\"caption\":\"M\u00f3nica Silva \u2013 FOTO: DR\"},{\"@type\":\"BreadcrumbList\",\"@id\":\"https:\/\/portaltela.pt\/noticias\/2025\/12\/15\/prima-de-monica-silva-condenada-a-multa-por-agredir-mae-de-fernando-valente\/#breadcrumb\",\"itemListElement\":[{\"@type\":\"ListItem\",\"position\":1,\"name\":\"In\u00edcio\",\"item\":\"https:\/\/portaltela.pt\/\"},{\"@type\":\"ListItem\",\"position\":2,\"name\":\"Prima de M\u00f3nica Silva condenada a multa por agredir m\u00e3e de Fernando Valente\"}]},{\"@type\":\"WebSite\",\"@id\":\"https:\/\/portaltela.pt\/#website\",\"url\":\"https:\/\/portaltela.pt\/\",\"name\":\"Portal Tela Portugal\",\"description\":\"\",\"potentialAction\":[{\"@type\":\"SearchAction\",\"target\":{\"@type\":\"EntryPoint\",\"urlTemplate\":\"https:\/\/portaltela.pt\/?s={search_term_string}\"},\"query-input\":{\"@type\":\"PropertyValueSpecification\",\"valueRequired\":true,\"valueName\":\"search_term_string\"}}],\"inLanguage\":\"pt-PT\"},{\"@type\":\"Person\",\"@id\":\"https:\/\/portaltela.pt\/#\/schema\/person\/c4278d4a6028830caff9ee44b42d32ed\",\"name\":\"Telinha\",\"image\":{\"@type\":\"ImageObject\",\"inLanguage\":\"pt-PT\",\"@id\":\"https:\/\/portaltela.pt\/s.01k8rhncp4jt1\/2025\/11\/talking-bot-125x125.png\",\"url\":\"https:\/\/portaltela.pt\/s.01k8rhncp4jt1\/2025\/11\/talking-bot-125x125.png\",\"contentUrl\":\"https:\/\/portaltela.pt\/s.01k8rhncp4jt1\/2025\/11\/talking-bot-125x125.png\",\"caption\":\"Telinha\"},\"sameAs\":[\"https:\/\/portaltela.pt\/\"],\"url\":\"https:\/\/portaltela.pt\/por\/367410592786\/\"}]}<\/script>\n<!-- \/ Yoast SEO plugin. -->","yoast_head_json":{"title":"Prima de M\u00f3nica Silva condenada a multa por agredir m\u00e3e de Fernando Valente - Portal Tela Portugal","robots":{"index":"index","follow":"follow","max-snippet":"max-snippet:-1","max-image-preview":"max-image-preview:large","max-video-preview":"max-video-preview:-1"},"og_locale":"pt_PT","og_type":"article","og_title":"Prima de M\u00f3nica Silva condenada a multa por agredir m\u00e3e de Fernando Valente - Portal Tela Portugal","og_description":"Carla Vieira, prima de M\u00f3nica Silva desaparecida em Murtosa a 3 de outubro de 2023, foi condenada pelo tribunal de Estarreja. Foi decretada uma multa de 1280 euros por ofensas \u00e0 integridade f\u00edsica simples e dano praticado na loja Florista Rosita, propriedade da fam\u00edlia Valente. O tribunal fixou ainda uma indemniza\u00e7\u00e3o de 1480 euros pela destrui\u00e7\u00e3o de um port\u00e1til. A acusa\u00e7\u00e3o sustenta que Carla Vieira agrediu a m\u00e3e de Fernando Valente, Rosa Cruz, apertou-lhe o pesco\u00e7o, desferiu pontap\u00e9s na barriga e um murro na cabe\u00e7a. As a\u00e7\u00f5es ocorrem no \u00e2mbito de desentendimentos entre as fam\u00edlias Valente e Cruz, relacionados com o caso do homic\u00eddio da gr\u00e1vida da Murtosa.","og_url":"https:\/\/portaltela.pt\/noticias\/2025\/12\/15\/prima-de-monica-silva-condenada-a-multa-por-agredir-mae-de-fernando-valente\/","og_site_name":"Portal Tela Portugal","article_published_time":"2025-12-15T15:29:00+00:00","author":"Telinha","twitter_card":"summary_large_image","twitter_misc":{"Escrito por":"Telinha","Tempo estimado de leitura":"1 minuto"},"schema":{"@context":"https:\/\/schema.org","@graph":[{"@type":"Article","@id":"https:\/\/portaltela.pt\/noticias\/2025\/12\/15\/prima-de-monica-silva-condenada-a-multa-por-agredir-mae-de-fernando-valente\/#article","isPartOf":{"@id":"https:\/\/portaltela.pt\/noticias\/2025\/12\/15\/prima-de-monica-silva-condenada-a-multa-por-agredir-mae-de-fernando-valente\/"},"author":{"name":"Telinha","@id":"https:\/\/portaltela.pt\/#\/schema\/person\/c4278d4a6028830caff9ee44b42d32ed"},"headline":"Prima de M\u00f3nica Silva condenada a multa por agredir m\u00e3e de Fernando Valente","datePublished":"2025-12-15T15:29:00+00:00","mainEntityOfPage":{"@id":"https:\/\/portaltela.pt\/noticias\/2025\/12\/15\/prima-de-monica-silva-condenada-a-multa-por-agredir-mae-de-fernando-valente\/"},"wordCount":153,"image":{"@id":"https:\/\/portaltela.pt\/noticias\/2025\/12\/15\/prima-de-monica-silva-condenada-a-multa-por-agredir-mae-de-fernando-valente\/#primaryimage"},"thumbnailUrl":"https:\/\/portaltela.pt\/s.01k8rhncp4jt1\/2025\/12\/img_1280x721uu2025-06-12-19-20-34-2215905.jpg","keywords":["agress\u00f5es simples","crime","dano agravado","fam\u00edlia","tribunal","viol\u00eancia"],"articleSection":["Not\u00edcias"],"inLanguage":"pt-PT"},{"@type":"WebPage","@id":"https:\/\/portaltela.pt\/noticias\/2025\/12\/15\/prima-de-monica-silva-condenada-a-multa-por-agredir-mae-de-fernando-valente\/","url":"https:\/\/portaltela.pt\/noticias\/2025\/12\/15\/prima-de-monica-silva-condenada-a-multa-por-agredir-mae-de-fernando-valente\/","name":"Prima de M\u00f3nica Silva condenada a multa por agredir m\u00e3e de Fernando Valente - Portal Tela Portugal","isPartOf":{"@id":"https:\/\/portaltela.pt\/#website"},"primaryImageOfPage":{"@id":"https:\/\/portaltela.pt\/noticias\/2025\/12\/15\/prima-de-monica-silva-condenada-a-multa-por-agredir-mae-de-fernando-valente\/#primaryimage"},"image":{"@id":"https:\/\/portaltela.pt\/noticias\/2025\/12\/15\/prima-de-monica-silva-condenada-a-multa-por-agredir-mae-de-fernando-valente\/#primaryimage"},"thumbnailUrl":"https:\/\/portaltela.pt\/s.01k8rhncp4jt1\/2025\/12\/img_1280x721uu2025-06-12-19-20-34-2215905.jpg","datePublished":"2025-12-15T15:29:00+00:00","author":{"@id":"https:\/\/portaltela.pt\/#\/schema\/person\/c4278d4a6028830caff9ee44b42d32ed"},"breadcrumb":{"@id":"https:\/\/portaltela.pt\/noticias\/2025\/12\/15\/prima-de-monica-silva-condenada-a-multa-por-agredir-mae-de-fernando-valente\/#breadcrumb"},"inLanguage":"pt-PT","potentialAction":[{"@type":"ReadAction","target":["https:\/\/portaltela.pt\/noticias\/2025\/12\/15\/prima-de-monica-silva-condenada-a-multa-por-agredir-mae-de-fernando-valente\/"]}]},{"@type":"ImageObject","inLanguage":"pt-PT","@id":"https:\/\/portaltela.pt\/noticias\/2025\/12\/15\/prima-de-monica-silva-condenada-a-multa-por-agredir-mae-de-fernando-valente\/#primaryimage","url":"https:\/\/portaltela.pt\/s.01k8rhncp4jt1\/2025\/12\/img_1280x721uu2025-06-12-19-20-34-2215905.jpg","contentUrl":"https:\/\/portaltela.pt\/s.01k8rhncp4jt1\/2025\/12\/img_1280x721uu2025-06-12-19-20-34-2215905.jpg","width":796,"height":448,"caption":"M\u00f3nica Silva \u2013 FOTO: DR"},{"@type":"BreadcrumbList","@id":"https:\/\/portaltela.pt\/noticias\/2025\/12\/15\/prima-de-monica-silva-condenada-a-multa-por-agredir-mae-de-fernando-valente\/#breadcrumb","itemListElement":[{"@type":"ListItem","position":1,"name":"In\u00edcio","item":"https:\/\/portaltela.pt\/"},{"@type":"ListItem","position":2,"name":"Prima de M\u00f3nica Silva condenada a multa por agredir m\u00e3e de Fernando Valente"}]},{"@type":"WebSite","@id":"https:\/\/portaltela.pt\/#website","url":"https:\/\/portaltela.pt\/","name":"Portal Tela Portugal","description":"","potentialAction":[{"@type":"SearchAction","target":{"@type":"EntryPoint","urlTemplate":"https:\/\/portaltela.pt\/?s={search_term_string}"},"query-input":{"@type":"PropertyValueSpecification","valueRequired":true,"valueName":"search_term_string"}}],"inLanguage":"pt-PT"},{"@type":"Person","@id":"https:\/\/portaltela.pt\/#\/schema\/person\/c4278d4a6028830caff9ee44b42d32ed","name":"Telinha","image":{"@type":"ImageObject","inLanguage":"pt-PT","@id":"https:\/\/portaltela.pt\/s.01k8rhncp4jt1\/2025\/11\/talking-bot-125x125.png","url":"https:\/\/portaltela.pt\/s.01k8rhncp4jt1\/2025\/11\/talking-bot-125x125.png","contentUrl":"https:\/\/portaltela.pt\/s.01k8rhncp4jt1\/2025\/11\/talking-bot-125x125.png","caption":"Telinha"},"sameAs":["https:\/\/portaltela.pt\/"],"url":"https:\/\/portaltela.pt\/por\/367410592786\/"}]}},"_links":{"self":[{"href":"https:\/\/portaltela.pt\/api\/wp\/v2\/posts\/77182","targetHints":{"allow":["GET"]}}],"collection":[{"href":"https:\/\/portaltela.pt\/api\/wp\/v2\/posts"}],"about":[{"href":"https:\/\/portaltela.pt\/api\/wp\/v2\/types\/post"}],"author":[{"embeddable":true,"href":"https:\/\/portaltela.pt\/api\/wp\/v2\/users\/2"}],"replies":[{"embeddable":true,"href":"https:\/\/portaltela.pt\/api\/wp\/v2\/comments?post=77182"}],"version-history":[{"count":0,"href":"https:\/\/portaltela.pt\/api\/wp\/v2\/posts\/77182\/revisions"}],"wp:featuredmedia":[{"embeddable":true,"href":"https:\/\/portaltela.pt\/api\/wp\/v2\/media\/77193"}],"wp:attachment":[{"href":"https:\/\/portaltela.pt\/api\/wp\/v2\/media?parent=77182"}],"wp:term":[{"taxonomy":"category","embeddable":true,"href":"https:\/\/portaltela.pt\/api\/wp\/v2\/categories?post=77182"},{"taxonomy":"post_tag","embeddable":true,"href":"https:\/\/portaltela.pt\/api\/wp\/v2\/tags?post=77182"}],"curies":[{"name":"wp","href":"https:\/\/api.w.org\/{rel}","templated":true}]}}