{"id":76756,"date":"2025-12-15T09:39:00","date_gmt":"2025-12-15T12:39:00","guid":{"rendered":"https:\/\/portaltela.pt\/noticias\/2025\/12\/15\/sao-silvestre-regressa-ao-crato\/"},"modified":"2025-12-15T09:39:00","modified_gmt":"2025-12-15T12:39:00","slug":"sao-silvestre-regressa-ao-crato","status":"publish","type":"post","link":"https:\/\/portaltela.pt\/desporto\/2025\/12\/15\/sao-silvestre-regressa-ao-crato\/","title":{"rendered":"S\u00e3o Silvestre regressa ao Crato"},"content":{"rendered":"<p>O Munic\u00edpio do Crato organiza a 26\u00aa Corrida e 11\u00aa Caminhada de S\u00e3o Silvestre, com partida no Jardim Municipal do Crato, no dia 20 de Dezembro. A prova \u00e9 uma das maiores do Distrito de Portalegre e decorre em parceria com a AADP e a ADFR.<\/p>\n<p>As inscri\u00e7\u00f5es para a Corrida est\u00e3o abertas atrav\u00e9s da plataforma da AADP, com custo de 2\u20ac, sendo gratuitas para atletas filiados na AADP e para residentes no concelho do Crato. A Caminhada tem inscri\u00e7\u00f5es gratuitas, efetu\u00e1veis por telefone, e-mail ou diretamente na C\u00e2mara.<\/p>\n<p>O prazo final de inscri\u00e7\u00f5es \u00e9 17 de Dezembro, \u00e0s 18h. Ser\u00e3o atribu\u00eddas medalhas e trof\u00e9us aos tr\u00eas primeiros de cada escal\u00e3o, com pr\u00e9mios monet\u00e1rios at\u00e9 500\u20ac para os primeiros classificados masculinos e femininos. Regulamento dispon\u00edvel em cm-crato.pt e aadp.pt.<\/p>\n<h3>Inscri\u00e7\u00f5es em aberto<\/h3>\n<ul>\n<li>Corrida: 2\u20ac (gr\u00e1tis para associados AADP e residentes no Crato)<\/li>\n<li>Caminhada: inscri\u00e7\u00e3o gratuita via telefone, e-mail ou [desporto@cm-crato.pt](mailto:desporto@cm-crato.pt)<\/li>\n<\/ul>\n<p>Estas provas contam com a participa\u00e7\u00e3o da AADP \u2013 Associa\u00e7\u00e3o de Atletismo do Distrito de Portalegre \u2013 e da ADFR \u2013 Associa\u00e7\u00e3o Desportiva de Flor da Rosa.<\/p>\n","protected":false},"excerpt":{"rendered":"<ul>\n<li>No dia 20 de dezembro o Munic\u00edpio do Crato organiza a 26\u00aa Corrida e 11\u00aa Caminhada de S\u00e3o Silvestre, com partida no Jardim Municipal do Crato, uma das maiores provas do Distrito de Portalegre.<\/li>\n<li>As inscri\u00e7\u00f5es para a Corrida custam 2\u20ac, sendo gratuitas para associados da AADP e para residentes no Crato, com liga\u00e7\u00e3o dispon\u00edvel na plataforma da AADP.<\/li>\n<li>A Caminhada tem inscri\u00e7\u00f5es gratuitas atrav\u00e9s dos n\u00fameros 245 990 136, 245 996 794, 969 234 607 ou pelo e-mail desporto@cm-crato.pt, com prazo at\u00e9 17 de dezembro \u00e0s 18h.<\/li>\n<li>Os pr\u00e9mios incluem medalhas e trof\u00e9us aos tr\u00eas primeiros classificados de cada escal\u00e3o, al\u00e9m de pr\u00e9mios monet\u00e1rios at\u00e9 500\u20ac para os primeiros classificados masculino e feminino.<\/li>\n<li>As provas contam com a parceria da Associa\u00e7\u00e3o de Atletismo do Distrito de Portalegre (AADP) e da Associa\u00e7\u00e3o Desportiva de Flor da Rosa (ADFR); regulamentos dispon\u00edveis em cm-crato.pt e aadp.pt.<\/li>\n<\/ul>\n","protected":false},"author":2,"featured_media":76760,"comment_status":"closed","ping_status":"closed","sticky":false,"template":"","format":"standard","meta":{"footnotes":""},"categories":[21],"tags":[883,1264,252,152,186,282],"class_list":["post-76756","post","type-post","status-publish","format-standard","has-post-thumbnail","hentry","category-desporto","tag-alentejo","tag-associacao-desportiva","tag-atletas","tag-desporto","tag-desportos","tag-evento-desportivo-do-ano"],"yoast_head":"<!-- This site is optimized with the Yoast SEO plugin v27.2 - https:\/\/yoast.com\/product\/yoast-seo-wordpress\/ -->\n<title>S\u00e3o Silvestre regressa ao Crato - Portal Tela Portugal<\/title>\n<meta name=\"robots\" content=\"index, follow, max-snippet:-1, max-image-preview:large, max-video-preview:-1\" \/>\n<meta property=\"og:locale\" content=\"pt_PT\" \/>\n<meta property=\"og:type\" content=\"article\" \/>\n<meta property=\"og:title\" content=\"S\u00e3o Silvestre regressa ao Crato - Portal Tela Portugal\" \/>\n<meta property=\"og:description\" content=\"No dia 20 de dezembro o Munic\u00edpio do Crato organiza a 26\u00aa Corrida e 11\u00aa Caminhada de S\u00e3o Silvestre, com partida no Jardim Municipal do Crato, uma das maiores provas do Distrito de Portalegre. As inscri\u00e7\u00f5es para a Corrida custam 2\u20ac, sendo gratuitas para associados da AADP e para residentes no Crato, com liga\u00e7\u00e3o dispon\u00edvel na plataforma da AADP. A Caminhada tem inscri\u00e7\u00f5es gratuitas atrav\u00e9s dos n\u00fameros 245 990 136, 245 996 794, 969 234 607 ou pelo e-mail desporto@cm-crato.pt, com prazo at\u00e9 17 de dezembro \u00e0s 18h. Os pr\u00e9mios incluem medalhas e trof\u00e9us aos tr\u00eas primeiros classificados de cada escal\u00e3o, al\u00e9m de pr\u00e9mios monet\u00e1rios at\u00e9 500\u20ac para os primeiros classificados masculino e feminino. As provas contam com a parceria da Associa\u00e7\u00e3o de Atletismo do Distrito de Portalegre (AADP) e da Associa\u00e7\u00e3o Desportiva de Flor da Rosa (ADFR); regulamentos dispon\u00edveis em cm-crato.pt e aadp.pt.\" \/>\n<meta property=\"og:url\" content=\"https:\/\/portaltela.pt\/noticias\/2025\/12\/15\/sao-silvestre-regressa-ao-crato\/\" \/>\n<meta property=\"og:site_name\" content=\"Portal Tela Portugal\" \/>\n<meta property=\"article:published_time\" content=\"2025-12-15T12:39:00+00:00\" \/>\n<meta name=\"author\" content=\"Telinha\" \/>\n<meta name=\"twitter:card\" content=\"summary_large_image\" \/>\n<meta name=\"twitter:label1\" content=\"Escrito por\" \/>\n\t<meta name=\"twitter:data1\" content=\"Telinha\" \/>\n\t<meta name=\"twitter:label2\" content=\"Tempo estimado de leitura\" \/>\n\t<meta name=\"twitter:data2\" content=\"1 minuto\" \/>\n<script type=\"application\/ld+json\" class=\"yoast-schema-graph\">{\"@context\":\"https:\/\/schema.org\",\"@graph\":[{\"@type\":\"Article\",\"@id\":\"https:\/\/portaltela.pt\/noticias\/2025\/12\/15\/sao-silvestre-regressa-ao-crato\/#article\",\"isPartOf\":{\"@id\":\"https:\/\/portaltela.pt\/noticias\/2025\/12\/15\/sao-silvestre-regressa-ao-crato\/\"},\"author\":{\"name\":\"Telinha\",\"@id\":\"https:\/\/portaltela.pt\/#\/schema\/person\/c4278d4a6028830caff9ee44b42d32ed\"},\"headline\":\"S\u00e3o Silvestre regressa ao Crato\",\"datePublished\":\"2025-12-15T12:39:00+00:00\",\"mainEntityOfPage\":{\"@id\":\"https:\/\/portaltela.pt\/noticias\/2025\/12\/15\/sao-silvestre-regressa-ao-crato\/\"},\"wordCount\":202,\"image\":{\"@id\":\"https:\/\/portaltela.pt\/noticias\/2025\/12\/15\/sao-silvestre-regressa-ao-crato\/#primaryimage\"},\"thumbnailUrl\":\"https:\/\/portaltela.pt\/s.01k8rhncp4jt1\/2025\/12\/84114e920f09a69b5070ee38b855056c9f1f53c5-26.jpg\",\"keywords\":[\"Alentejo\",\"associa\u00e7\u00e3o desportiva\",\"atletas\",\"desporto\",\"desportos\",\"Evento Desportivo do Ano\"],\"articleSection\":[\"Desporto\"],\"inLanguage\":\"pt-PT\"},{\"@type\":\"WebPage\",\"@id\":\"https:\/\/portaltela.pt\/noticias\/2025\/12\/15\/sao-silvestre-regressa-ao-crato\/\",\"url\":\"https:\/\/portaltela.pt\/noticias\/2025\/12\/15\/sao-silvestre-regressa-ao-crato\/\",\"name\":\"S\u00e3o Silvestre regressa ao Crato - Portal Tela Portugal\",\"isPartOf\":{\"@id\":\"https:\/\/portaltela.pt\/#website\"},\"primaryImageOfPage\":{\"@id\":\"https:\/\/portaltela.pt\/noticias\/2025\/12\/15\/sao-silvestre-regressa-ao-crato\/#primaryimage\"},\"image\":{\"@id\":\"https:\/\/portaltela.pt\/noticias\/2025\/12\/15\/sao-silvestre-regressa-ao-crato\/#primaryimage\"},\"thumbnailUrl\":\"https:\/\/portaltela.pt\/s.01k8rhncp4jt1\/2025\/12\/84114e920f09a69b5070ee38b855056c9f1f53c5-26.jpg\",\"datePublished\":\"2025-12-15T12:39:00+00:00\",\"author\":{\"@id\":\"https:\/\/portaltela.pt\/#\/schema\/person\/c4278d4a6028830caff9ee44b42d32ed\"},\"breadcrumb\":{\"@id\":\"https:\/\/portaltela.pt\/noticias\/2025\/12\/15\/sao-silvestre-regressa-ao-crato\/#breadcrumb\"},\"inLanguage\":\"pt-PT\",\"potentialAction\":[{\"@type\":\"ReadAction\",\"target\":[\"https:\/\/portaltela.pt\/noticias\/2025\/12\/15\/sao-silvestre-regressa-ao-crato\/\"]}]},{\"@type\":\"ImageObject\",\"inLanguage\":\"pt-PT\",\"@id\":\"https:\/\/portaltela.pt\/noticias\/2025\/12\/15\/sao-silvestre-regressa-ao-crato\/#primaryimage\",\"url\":\"https:\/\/portaltela.pt\/s.01k8rhncp4jt1\/2025\/12\/84114e920f09a69b5070ee38b855056c9f1f53c5-26.jpg\",\"contentUrl\":\"https:\/\/portaltela.pt\/s.01k8rhncp4jt1\/2025\/12\/84114e920f09a69b5070ee38b855056c9f1f53c5-26.jpg\",\"width\":796,\"height\":448,\"caption\":\"Alto Alentejo\"},{\"@type\":\"BreadcrumbList\",\"@id\":\"https:\/\/portaltela.pt\/noticias\/2025\/12\/15\/sao-silvestre-regressa-ao-crato\/#breadcrumb\",\"itemListElement\":[{\"@type\":\"ListItem\",\"position\":1,\"name\":\"In\u00edcio\",\"item\":\"https:\/\/portaltela.pt\/\"},{\"@type\":\"ListItem\",\"position\":2,\"name\":\"S\u00e3o Silvestre regressa ao Crato\"}]},{\"@type\":\"WebSite\",\"@id\":\"https:\/\/portaltela.pt\/#website\",\"url\":\"https:\/\/portaltela.pt\/\",\"name\":\"Portal Tela Portugal\",\"description\":\"\",\"potentialAction\":[{\"@type\":\"SearchAction\",\"target\":{\"@type\":\"EntryPoint\",\"urlTemplate\":\"https:\/\/portaltela.pt\/?s={search_term_string}\"},\"query-input\":{\"@type\":\"PropertyValueSpecification\",\"valueRequired\":true,\"valueName\":\"search_term_string\"}}],\"inLanguage\":\"pt-PT\"},{\"@type\":\"Person\",\"@id\":\"https:\/\/portaltela.pt\/#\/schema\/person\/c4278d4a6028830caff9ee44b42d32ed\",\"name\":\"Telinha\",\"image\":{\"@type\":\"ImageObject\",\"inLanguage\":\"pt-PT\",\"@id\":\"https:\/\/portaltela.pt\/s.01k8rhncp4jt1\/2025\/11\/talking-bot-125x125.png\",\"url\":\"https:\/\/portaltela.pt\/s.01k8rhncp4jt1\/2025\/11\/talking-bot-125x125.png\",\"contentUrl\":\"https:\/\/portaltela.pt\/s.01k8rhncp4jt1\/2025\/11\/talking-bot-125x125.png\",\"caption\":\"Telinha\"},\"sameAs\":[\"https:\/\/portaltela.pt\/\"],\"url\":\"https:\/\/portaltela.pt\/por\/367410592786\/\"}]}<\/script>\n<!-- \/ Yoast SEO plugin. -->","yoast_head_json":{"title":"S\u00e3o Silvestre regressa ao Crato - Portal Tela Portugal","robots":{"index":"index","follow":"follow","max-snippet":"max-snippet:-1","max-image-preview":"max-image-preview:large","max-video-preview":"max-video-preview:-1"},"og_locale":"pt_PT","og_type":"article","og_title":"S\u00e3o Silvestre regressa ao Crato - Portal Tela Portugal","og_description":"No dia 20 de dezembro o Munic\u00edpio do Crato organiza a 26\u00aa Corrida e 11\u00aa Caminhada de S\u00e3o Silvestre, com partida no Jardim Municipal do Crato, uma das maiores provas do Distrito de Portalegre. As inscri\u00e7\u00f5es para a Corrida custam 2\u20ac, sendo gratuitas para associados da AADP e para residentes no Crato, com liga\u00e7\u00e3o dispon\u00edvel na plataforma da AADP. A Caminhada tem inscri\u00e7\u00f5es gratuitas atrav\u00e9s dos n\u00fameros 245 990 136, 245 996 794, 969 234 607 ou pelo e-mail desporto@cm-crato.pt, com prazo at\u00e9 17 de dezembro \u00e0s 18h. Os pr\u00e9mios incluem medalhas e trof\u00e9us aos tr\u00eas primeiros classificados de cada escal\u00e3o, al\u00e9m de pr\u00e9mios monet\u00e1rios at\u00e9 500\u20ac para os primeiros classificados masculino e feminino. As provas contam com a parceria da Associa\u00e7\u00e3o de Atletismo do Distrito de Portalegre (AADP) e da Associa\u00e7\u00e3o Desportiva de Flor da Rosa (ADFR); regulamentos dispon\u00edveis em cm-crato.pt e aadp.pt.","og_url":"https:\/\/portaltela.pt\/noticias\/2025\/12\/15\/sao-silvestre-regressa-ao-crato\/","og_site_name":"Portal Tela Portugal","article_published_time":"2025-12-15T12:39:00+00:00","author":"Telinha","twitter_card":"summary_large_image","twitter_misc":{"Escrito por":"Telinha","Tempo estimado de leitura":"1 minuto"},"schema":{"@context":"https:\/\/schema.org","@graph":[{"@type":"Article","@id":"https:\/\/portaltela.pt\/noticias\/2025\/12\/15\/sao-silvestre-regressa-ao-crato\/#article","isPartOf":{"@id":"https:\/\/portaltela.pt\/noticias\/2025\/12\/15\/sao-silvestre-regressa-ao-crato\/"},"author":{"name":"Telinha","@id":"https:\/\/portaltela.pt\/#\/schema\/person\/c4278d4a6028830caff9ee44b42d32ed"},"headline":"S\u00e3o Silvestre regressa ao Crato","datePublished":"2025-12-15T12:39:00+00:00","mainEntityOfPage":{"@id":"https:\/\/portaltela.pt\/noticias\/2025\/12\/15\/sao-silvestre-regressa-ao-crato\/"},"wordCount":202,"image":{"@id":"https:\/\/portaltela.pt\/noticias\/2025\/12\/15\/sao-silvestre-regressa-ao-crato\/#primaryimage"},"thumbnailUrl":"https:\/\/portaltela.pt\/s.01k8rhncp4jt1\/2025\/12\/84114e920f09a69b5070ee38b855056c9f1f53c5-26.jpg","keywords":["Alentejo","associa\u00e7\u00e3o desportiva","atletas","desporto","desportos","Evento Desportivo do Ano"],"articleSection":["Desporto"],"inLanguage":"pt-PT"},{"@type":"WebPage","@id":"https:\/\/portaltela.pt\/noticias\/2025\/12\/15\/sao-silvestre-regressa-ao-crato\/","url":"https:\/\/portaltela.pt\/noticias\/2025\/12\/15\/sao-silvestre-regressa-ao-crato\/","name":"S\u00e3o Silvestre regressa ao Crato - Portal Tela Portugal","isPartOf":{"@id":"https:\/\/portaltela.pt\/#website"},"primaryImageOfPage":{"@id":"https:\/\/portaltela.pt\/noticias\/2025\/12\/15\/sao-silvestre-regressa-ao-crato\/#primaryimage"},"image":{"@id":"https:\/\/portaltela.pt\/noticias\/2025\/12\/15\/sao-silvestre-regressa-ao-crato\/#primaryimage"},"thumbnailUrl":"https:\/\/portaltela.pt\/s.01k8rhncp4jt1\/2025\/12\/84114e920f09a69b5070ee38b855056c9f1f53c5-26.jpg","datePublished":"2025-12-15T12:39:00+00:00","author":{"@id":"https:\/\/portaltela.pt\/#\/schema\/person\/c4278d4a6028830caff9ee44b42d32ed"},"breadcrumb":{"@id":"https:\/\/portaltela.pt\/noticias\/2025\/12\/15\/sao-silvestre-regressa-ao-crato\/#breadcrumb"},"inLanguage":"pt-PT","potentialAction":[{"@type":"ReadAction","target":["https:\/\/portaltela.pt\/noticias\/2025\/12\/15\/sao-silvestre-regressa-ao-crato\/"]}]},{"@type":"ImageObject","inLanguage":"pt-PT","@id":"https:\/\/portaltela.pt\/noticias\/2025\/12\/15\/sao-silvestre-regressa-ao-crato\/#primaryimage","url":"https:\/\/portaltela.pt\/s.01k8rhncp4jt1\/2025\/12\/84114e920f09a69b5070ee38b855056c9f1f53c5-26.jpg","contentUrl":"https:\/\/portaltela.pt\/s.01k8rhncp4jt1\/2025\/12\/84114e920f09a69b5070ee38b855056c9f1f53c5-26.jpg","width":796,"height":448,"caption":"Alto Alentejo"},{"@type":"BreadcrumbList","@id":"https:\/\/portaltela.pt\/noticias\/2025\/12\/15\/sao-silvestre-regressa-ao-crato\/#breadcrumb","itemListElement":[{"@type":"ListItem","position":1,"name":"In\u00edcio","item":"https:\/\/portaltela.pt\/"},{"@type":"ListItem","position":2,"name":"S\u00e3o Silvestre regressa ao Crato"}]},{"@type":"WebSite","@id":"https:\/\/portaltela.pt\/#website","url":"https:\/\/portaltela.pt\/","name":"Portal Tela Portugal","description":"","potentialAction":[{"@type":"SearchAction","target":{"@type":"EntryPoint","urlTemplate":"https:\/\/portaltela.pt\/?s={search_term_string}"},"query-input":{"@type":"PropertyValueSpecification","valueRequired":true,"valueName":"search_term_string"}}],"inLanguage":"pt-PT"},{"@type":"Person","@id":"https:\/\/portaltela.pt\/#\/schema\/person\/c4278d4a6028830caff9ee44b42d32ed","name":"Telinha","image":{"@type":"ImageObject","inLanguage":"pt-PT","@id":"https:\/\/portaltela.pt\/s.01k8rhncp4jt1\/2025\/11\/talking-bot-125x125.png","url":"https:\/\/portaltela.pt\/s.01k8rhncp4jt1\/2025\/11\/talking-bot-125x125.png","contentUrl":"https:\/\/portaltela.pt\/s.01k8rhncp4jt1\/2025\/11\/talking-bot-125x125.png","caption":"Telinha"},"sameAs":["https:\/\/portaltela.pt\/"],"url":"https:\/\/portaltela.pt\/por\/367410592786\/"}]}},"_links":{"self":[{"href":"https:\/\/portaltela.pt\/api\/wp\/v2\/posts\/76756","targetHints":{"allow":["GET"]}}],"collection":[{"href":"https:\/\/portaltela.pt\/api\/wp\/v2\/posts"}],"about":[{"href":"https:\/\/portaltela.pt\/api\/wp\/v2\/types\/post"}],"author":[{"embeddable":true,"href":"https:\/\/portaltela.pt\/api\/wp\/v2\/users\/2"}],"replies":[{"embeddable":true,"href":"https:\/\/portaltela.pt\/api\/wp\/v2\/comments?post=76756"}],"version-history":[{"count":0,"href":"https:\/\/portaltela.pt\/api\/wp\/v2\/posts\/76756\/revisions"}],"wp:featuredmedia":[{"embeddable":true,"href":"https:\/\/portaltela.pt\/api\/wp\/v2\/media\/76760"}],"wp:attachment":[{"href":"https:\/\/portaltela.pt\/api\/wp\/v2\/media?parent=76756"}],"wp:term":[{"taxonomy":"category","embeddable":true,"href":"https:\/\/portaltela.pt\/api\/wp\/v2\/categories?post=76756"},{"taxonomy":"post_tag","embeddable":true,"href":"https:\/\/portaltela.pt\/api\/wp\/v2\/tags?post=76756"}],"curies":[{"name":"wp","href":"https:\/\/api.w.org\/{rel}","templated":true}]}}