{"id":76723,"date":"2025-12-15T08:54:00","date_gmt":"2025-12-15T11:54:00","guid":{"rendered":"https:\/\/portaltela.pt\/noticias\/2025\/12\/15\/camara-perde-milhoes-com-terrenos-doados-ao-vitoria-ligados-a-vistos-gold\/"},"modified":"2025-12-15T08:54:00","modified_gmt":"2025-12-15T11:54:00","slug":"camara-perde-milhoes-com-terrenos-doados-ao-vitoria-ligados-a-vistos-gold","status":"publish","type":"post","link":"https:\/\/portaltela.pt\/noticias\/2025\/12\/15\/camara-perde-milhoes-com-terrenos-doados-ao-vitoria-ligados-a-vistos-gold\/","title":{"rendered":"C\u00e2mara perde milh\u00f5es com terrenos doados ao Vit\u00f3ria ligados a vistos gold"},"content":{"rendered":"<p>A autarquia de Set\u00fabal tentou estabilizar o Vit\u00f3ria, clube da cidade, atrav\u00e9s da ced\u00eancia de ativos municipais. Os terrenos, que deveriam sustentar o apoio ao clube, acabaram por ser transferidos para a empresa Importantaltura, ligada a um esquema de vistos gold. O objetivo inicial era melhorar a situa\u00e7\u00e3o financeira do Vit\u00f3ria.<\/p>\n<p>No desenrolar do processo, os terrenos sa\u00edram do controlo p\u00fablico e passaram a m\u00e3os de terceiros n\u00e3o vinculados ao munic\u00edpio. O munic\u00edpio ficou sem acesso direto ao patrim\u00f3nio, com perdas estimadas em milh\u00f5es de euros. A transfer\u00eancia exp\u00f4s falhas no acompanhamento da opera\u00e7\u00e3o e na gest\u00e3o de ativos municipais.<\/p>\n<h3>Controv\u00e9rsia e impactos<\/h3>\n<p>For\u00e7as pol\u00edticas locais e observadores questionam os mecanismos de controlo utilizados na ced\u00eancia de patrim\u00f3nio p\u00fablico a entidades privadas. O caso surge num contexto de endividamento elevado do munic\u00edpio e de forte press\u00e3o or\u00e7amental sobre servi\u00e7os locais, aumentando o impacto financeiro do desfecho.<\/p>\n<p>A pol\u00e9mica impulsiona o debate sobre a gest\u00e3o de recursos p\u00fablicos em Set\u00fabal e levanta d\u00favidas sobre as garantias exigidas antes da ced\u00eancia de terrenos. A not\u00edcia foi avan\u00e7ada pelo jornal P\u00fablico, que revelou os detalhes do processo e as falhas associadas.<\/p>\n","protected":false},"excerpt":{"rendered":"<ul>\n<li>A autarquia de Set\u00fabal v\u00ea-se com um rombo financeiro ap\u00f3s apoiar o Vit\u00f3ria, com terrenos municipais cedidos que acabaram transferidos para a empresa Importantaltura, ligada a um esquema de vistos gold.<\/li>\n<li>O desfecho desviou-se do plano inicial de estabilizar financeiramente o clube; os terrenos sa\u00edram do controlo p\u00fablico, deixando o munic\u00edpio sem o patrim\u00f3nio.<\/li>\n<li>As perdas s\u00e3o avaliadas em milh\u00f5es de euros, expondo falhas de acompanhamento da opera\u00e7\u00e3o.<\/li>\n<li>For\u00e7as pol\u00edticas locais e observadores questionam os mecanismos de controlo e as garantias exigidas antes da ced\u00eancia dos terrenos.<\/li>\n<li>O caso surge num contexto de elevado endividamento municipal e press\u00f5es or\u00e7amentais, com a not\u00edcia avan\u00e7ada pelo jornal P\u00fablico.<\/li>\n<\/ul>\n","protected":false},"author":2,"featured_media":76724,"comment_status":"closed","ping_status":"closed","sticky":false,"template":"","format":"standard","meta":{"footnotes":""},"categories":[1],"tags":[168,83,733,217,704,994],"class_list":["post-76723","post","type-post","status-publish","format-standard","has-post-thumbnail","hentry","category-noticias","tag-administracao-publica","tag-corrupcao","tag-financas-publicas","tag-investigacao-criminal","tag-patrimonial","tag-setubal"],"yoast_head":"<!-- This site is optimized with the Yoast SEO plugin v27.2 - https:\/\/yoast.com\/product\/yoast-seo-wordpress\/ -->\n<title>C\u00e2mara perde milh\u00f5es com terrenos doados ao Vit\u00f3ria ligados a vistos gold - Portal Tela Portugal<\/title>\n<meta name=\"robots\" content=\"index, follow, max-snippet:-1, max-image-preview:large, max-video-preview:-1\" \/>\n<meta property=\"og:locale\" content=\"pt_PT\" \/>\n<meta property=\"og:type\" content=\"article\" \/>\n<meta property=\"og:title\" content=\"C\u00e2mara perde milh\u00f5es com terrenos doados ao Vit\u00f3ria ligados a vistos gold - Portal Tela Portugal\" \/>\n<meta property=\"og:description\" content=\"A autarquia de Set\u00fabal v\u00ea-se com um rombo financeiro ap\u00f3s apoiar o Vit\u00f3ria, com terrenos municipais cedidos que acabaram transferidos para a empresa Importantaltura, ligada a um esquema de vistos gold. O desfecho desviou-se do plano inicial de estabilizar financeiramente o clube; os terrenos sa\u00edram do controlo p\u00fablico, deixando o munic\u00edpio sem o patrim\u00f3nio. As perdas s\u00e3o avaliadas em milh\u00f5es de euros, expondo falhas de acompanhamento da opera\u00e7\u00e3o. For\u00e7as pol\u00edticas locais e observadores questionam os mecanismos de controlo e as garantias exigidas antes da ced\u00eancia dos terrenos. O caso surge num contexto de elevado endividamento municipal e press\u00f5es or\u00e7amentais, com a not\u00edcia avan\u00e7ada pelo jornal P\u00fablico.\" \/>\n<meta property=\"og:url\" content=\"https:\/\/portaltela.pt\/noticias\/2025\/12\/15\/camara-perde-milhoes-com-terrenos-doados-ao-vitoria-ligados-a-vistos-gold\/\" \/>\n<meta property=\"og:site_name\" content=\"Portal Tela Portugal\" \/>\n<meta property=\"article:published_time\" content=\"2025-12-15T11:54:00+00:00\" \/>\n<meta name=\"author\" content=\"Telinha\" \/>\n<meta name=\"twitter:card\" content=\"summary_large_image\" \/>\n<meta name=\"twitter:label1\" content=\"Escrito por\" \/>\n\t<meta name=\"twitter:data1\" content=\"Telinha\" \/>\n\t<meta name=\"twitter:label2\" content=\"Tempo estimado de leitura\" \/>\n\t<meta name=\"twitter:data2\" content=\"1 minuto\" \/>\n<script type=\"application\/ld+json\" class=\"yoast-schema-graph\">{\"@context\":\"https:\/\/schema.org\",\"@graph\":[{\"@type\":\"Article\",\"@id\":\"https:\/\/portaltela.pt\/noticias\/2025\/12\/15\/camara-perde-milhoes-com-terrenos-doados-ao-vitoria-ligados-a-vistos-gold\/#article\",\"isPartOf\":{\"@id\":\"https:\/\/portaltela.pt\/noticias\/2025\/12\/15\/camara-perde-milhoes-com-terrenos-doados-ao-vitoria-ligados-a-vistos-gold\/\"},\"author\":{\"name\":\"Telinha\",\"@id\":\"https:\/\/portaltela.pt\/#\/schema\/person\/c4278d4a6028830caff9ee44b42d32ed\"},\"headline\":\"C\u00e2mara perde milh\u00f5es com terrenos doados ao Vit\u00f3ria ligados a vistos gold\",\"datePublished\":\"2025-12-15T11:54:00+00:00\",\"mainEntityOfPage\":{\"@id\":\"https:\/\/portaltela.pt\/noticias\/2025\/12\/15\/camara-perde-milhoes-com-terrenos-doados-ao-vitoria-ligados-a-vistos-gold\/\"},\"wordCount\":240,\"image\":{\"@id\":\"https:\/\/portaltela.pt\/noticias\/2025\/12\/15\/camara-perde-milhoes-com-terrenos-doados-ao-vitoria-ligados-a-vistos-gold\/#primaryimage\"},\"thumbnailUrl\":\"https:\/\/portaltela.pt\/s.01k8rhncp4jt1\/2025\/12\/Design-sem-nome-8.jpg\",\"keywords\":[\"administra\u00e7\u00e3o p\u00fablica\",\"corrup\u00e7\u00e3o\",\"finan\u00e7as p\u00fablicas\",\"investiga\u00e7\u00e3o criminal\",\"patrimonial\",\"Set\u00fabal\"],\"articleSection\":[\"Not\u00edcias\"],\"inLanguage\":\"pt-PT\"},{\"@type\":\"WebPage\",\"@id\":\"https:\/\/portaltela.pt\/noticias\/2025\/12\/15\/camara-perde-milhoes-com-terrenos-doados-ao-vitoria-ligados-a-vistos-gold\/\",\"url\":\"https:\/\/portaltela.pt\/noticias\/2025\/12\/15\/camara-perde-milhoes-com-terrenos-doados-ao-vitoria-ligados-a-vistos-gold\/\",\"name\":\"C\u00e2mara perde milh\u00f5es com terrenos doados ao Vit\u00f3ria ligados a vistos gold - Portal Tela Portugal\",\"isPartOf\":{\"@id\":\"https:\/\/portaltela.pt\/#website\"},\"primaryImageOfPage\":{\"@id\":\"https:\/\/portaltela.pt\/noticias\/2025\/12\/15\/camara-perde-milhoes-com-terrenos-doados-ao-vitoria-ligados-a-vistos-gold\/#primaryimage\"},\"image\":{\"@id\":\"https:\/\/portaltela.pt\/noticias\/2025\/12\/15\/camara-perde-milhoes-com-terrenos-doados-ao-vitoria-ligados-a-vistos-gold\/#primaryimage\"},\"thumbnailUrl\":\"https:\/\/portaltela.pt\/s.01k8rhncp4jt1\/2025\/12\/Design-sem-nome-8.jpg\",\"datePublished\":\"2025-12-15T11:54:00+00:00\",\"author\":{\"@id\":\"https:\/\/portaltela.pt\/#\/schema\/person\/c4278d4a6028830caff9ee44b42d32ed\"},\"breadcrumb\":{\"@id\":\"https:\/\/portaltela.pt\/noticias\/2025\/12\/15\/camara-perde-milhoes-com-terrenos-doados-ao-vitoria-ligados-a-vistos-gold\/#breadcrumb\"},\"inLanguage\":\"pt-PT\",\"potentialAction\":[{\"@type\":\"ReadAction\",\"target\":[\"https:\/\/portaltela.pt\/noticias\/2025\/12\/15\/camara-perde-milhoes-com-terrenos-doados-ao-vitoria-ligados-a-vistos-gold\/\"]}]},{\"@type\":\"ImageObject\",\"inLanguage\":\"pt-PT\",\"@id\":\"https:\/\/portaltela.pt\/noticias\/2025\/12\/15\/camara-perde-milhoes-com-terrenos-doados-ao-vitoria-ligados-a-vistos-gold\/#primaryimage\",\"url\":\"https:\/\/portaltela.pt\/s.01k8rhncp4jt1\/2025\/12\/Design-sem-nome-8.jpg\",\"contentUrl\":\"https:\/\/portaltela.pt\/s.01k8rhncp4jt1\/2025\/12\/Design-sem-nome-8.jpg\",\"width\":796,\"height\":448,\"caption\":\"Jornal Concelho de Palmela\"},{\"@type\":\"BreadcrumbList\",\"@id\":\"https:\/\/portaltela.pt\/noticias\/2025\/12\/15\/camara-perde-milhoes-com-terrenos-doados-ao-vitoria-ligados-a-vistos-gold\/#breadcrumb\",\"itemListElement\":[{\"@type\":\"ListItem\",\"position\":1,\"name\":\"In\u00edcio\",\"item\":\"https:\/\/portaltela.pt\/\"},{\"@type\":\"ListItem\",\"position\":2,\"name\":\"C\u00e2mara perde milh\u00f5es com terrenos doados ao Vit\u00f3ria ligados a vistos gold\"}]},{\"@type\":\"WebSite\",\"@id\":\"https:\/\/portaltela.pt\/#website\",\"url\":\"https:\/\/portaltela.pt\/\",\"name\":\"Portal Tela Portugal\",\"description\":\"\",\"potentialAction\":[{\"@type\":\"SearchAction\",\"target\":{\"@type\":\"EntryPoint\",\"urlTemplate\":\"https:\/\/portaltela.pt\/?s={search_term_string}\"},\"query-input\":{\"@type\":\"PropertyValueSpecification\",\"valueRequired\":true,\"valueName\":\"search_term_string\"}}],\"inLanguage\":\"pt-PT\"},{\"@type\":\"Person\",\"@id\":\"https:\/\/portaltela.pt\/#\/schema\/person\/c4278d4a6028830caff9ee44b42d32ed\",\"name\":\"Telinha\",\"image\":{\"@type\":\"ImageObject\",\"inLanguage\":\"pt-PT\",\"@id\":\"https:\/\/portaltela.pt\/s.01k8rhncp4jt1\/2025\/11\/talking-bot-125x125.png\",\"url\":\"https:\/\/portaltela.pt\/s.01k8rhncp4jt1\/2025\/11\/talking-bot-125x125.png\",\"contentUrl\":\"https:\/\/portaltela.pt\/s.01k8rhncp4jt1\/2025\/11\/talking-bot-125x125.png\",\"caption\":\"Telinha\"},\"sameAs\":[\"https:\/\/portaltela.pt\/\"],\"url\":\"https:\/\/portaltela.pt\/por\/367410592786\/\"}]}<\/script>\n<!-- \/ Yoast SEO plugin. -->","yoast_head_json":{"title":"C\u00e2mara perde milh\u00f5es com terrenos doados ao Vit\u00f3ria ligados a vistos gold - Portal Tela Portugal","robots":{"index":"index","follow":"follow","max-snippet":"max-snippet:-1","max-image-preview":"max-image-preview:large","max-video-preview":"max-video-preview:-1"},"og_locale":"pt_PT","og_type":"article","og_title":"C\u00e2mara perde milh\u00f5es com terrenos doados ao Vit\u00f3ria ligados a vistos gold - Portal Tela Portugal","og_description":"A autarquia de Set\u00fabal v\u00ea-se com um rombo financeiro ap\u00f3s apoiar o Vit\u00f3ria, com terrenos municipais cedidos que acabaram transferidos para a empresa Importantaltura, ligada a um esquema de vistos gold. O desfecho desviou-se do plano inicial de estabilizar financeiramente o clube; os terrenos sa\u00edram do controlo p\u00fablico, deixando o munic\u00edpio sem o patrim\u00f3nio. As perdas s\u00e3o avaliadas em milh\u00f5es de euros, expondo falhas de acompanhamento da opera\u00e7\u00e3o. For\u00e7as pol\u00edticas locais e observadores questionam os mecanismos de controlo e as garantias exigidas antes da ced\u00eancia dos terrenos. O caso surge num contexto de elevado endividamento municipal e press\u00f5es or\u00e7amentais, com a not\u00edcia avan\u00e7ada pelo jornal P\u00fablico.","og_url":"https:\/\/portaltela.pt\/noticias\/2025\/12\/15\/camara-perde-milhoes-com-terrenos-doados-ao-vitoria-ligados-a-vistos-gold\/","og_site_name":"Portal Tela Portugal","article_published_time":"2025-12-15T11:54:00+00:00","author":"Telinha","twitter_card":"summary_large_image","twitter_misc":{"Escrito por":"Telinha","Tempo estimado de leitura":"1 minuto"},"schema":{"@context":"https:\/\/schema.org","@graph":[{"@type":"Article","@id":"https:\/\/portaltela.pt\/noticias\/2025\/12\/15\/camara-perde-milhoes-com-terrenos-doados-ao-vitoria-ligados-a-vistos-gold\/#article","isPartOf":{"@id":"https:\/\/portaltela.pt\/noticias\/2025\/12\/15\/camara-perde-milhoes-com-terrenos-doados-ao-vitoria-ligados-a-vistos-gold\/"},"author":{"name":"Telinha","@id":"https:\/\/portaltela.pt\/#\/schema\/person\/c4278d4a6028830caff9ee44b42d32ed"},"headline":"C\u00e2mara perde milh\u00f5es com terrenos doados ao Vit\u00f3ria ligados a vistos gold","datePublished":"2025-12-15T11:54:00+00:00","mainEntityOfPage":{"@id":"https:\/\/portaltela.pt\/noticias\/2025\/12\/15\/camara-perde-milhoes-com-terrenos-doados-ao-vitoria-ligados-a-vistos-gold\/"},"wordCount":240,"image":{"@id":"https:\/\/portaltela.pt\/noticias\/2025\/12\/15\/camara-perde-milhoes-com-terrenos-doados-ao-vitoria-ligados-a-vistos-gold\/#primaryimage"},"thumbnailUrl":"https:\/\/portaltela.pt\/s.01k8rhncp4jt1\/2025\/12\/Design-sem-nome-8.jpg","keywords":["administra\u00e7\u00e3o p\u00fablica","corrup\u00e7\u00e3o","finan\u00e7as p\u00fablicas","investiga\u00e7\u00e3o criminal","patrimonial","Set\u00fabal"],"articleSection":["Not\u00edcias"],"inLanguage":"pt-PT"},{"@type":"WebPage","@id":"https:\/\/portaltela.pt\/noticias\/2025\/12\/15\/camara-perde-milhoes-com-terrenos-doados-ao-vitoria-ligados-a-vistos-gold\/","url":"https:\/\/portaltela.pt\/noticias\/2025\/12\/15\/camara-perde-milhoes-com-terrenos-doados-ao-vitoria-ligados-a-vistos-gold\/","name":"C\u00e2mara perde milh\u00f5es com terrenos doados ao Vit\u00f3ria ligados a vistos gold - Portal Tela Portugal","isPartOf":{"@id":"https:\/\/portaltela.pt\/#website"},"primaryImageOfPage":{"@id":"https:\/\/portaltela.pt\/noticias\/2025\/12\/15\/camara-perde-milhoes-com-terrenos-doados-ao-vitoria-ligados-a-vistos-gold\/#primaryimage"},"image":{"@id":"https:\/\/portaltela.pt\/noticias\/2025\/12\/15\/camara-perde-milhoes-com-terrenos-doados-ao-vitoria-ligados-a-vistos-gold\/#primaryimage"},"thumbnailUrl":"https:\/\/portaltela.pt\/s.01k8rhncp4jt1\/2025\/12\/Design-sem-nome-8.jpg","datePublished":"2025-12-15T11:54:00+00:00","author":{"@id":"https:\/\/portaltela.pt\/#\/schema\/person\/c4278d4a6028830caff9ee44b42d32ed"},"breadcrumb":{"@id":"https:\/\/portaltela.pt\/noticias\/2025\/12\/15\/camara-perde-milhoes-com-terrenos-doados-ao-vitoria-ligados-a-vistos-gold\/#breadcrumb"},"inLanguage":"pt-PT","potentialAction":[{"@type":"ReadAction","target":["https:\/\/portaltela.pt\/noticias\/2025\/12\/15\/camara-perde-milhoes-com-terrenos-doados-ao-vitoria-ligados-a-vistos-gold\/"]}]},{"@type":"ImageObject","inLanguage":"pt-PT","@id":"https:\/\/portaltela.pt\/noticias\/2025\/12\/15\/camara-perde-milhoes-com-terrenos-doados-ao-vitoria-ligados-a-vistos-gold\/#primaryimage","url":"https:\/\/portaltela.pt\/s.01k8rhncp4jt1\/2025\/12\/Design-sem-nome-8.jpg","contentUrl":"https:\/\/portaltela.pt\/s.01k8rhncp4jt1\/2025\/12\/Design-sem-nome-8.jpg","width":796,"height":448,"caption":"Jornal Concelho de Palmela"},{"@type":"BreadcrumbList","@id":"https:\/\/portaltela.pt\/noticias\/2025\/12\/15\/camara-perde-milhoes-com-terrenos-doados-ao-vitoria-ligados-a-vistos-gold\/#breadcrumb","itemListElement":[{"@type":"ListItem","position":1,"name":"In\u00edcio","item":"https:\/\/portaltela.pt\/"},{"@type":"ListItem","position":2,"name":"C\u00e2mara perde milh\u00f5es com terrenos doados ao Vit\u00f3ria ligados a vistos gold"}]},{"@type":"WebSite","@id":"https:\/\/portaltela.pt\/#website","url":"https:\/\/portaltela.pt\/","name":"Portal Tela Portugal","description":"","potentialAction":[{"@type":"SearchAction","target":{"@type":"EntryPoint","urlTemplate":"https:\/\/portaltela.pt\/?s={search_term_string}"},"query-input":{"@type":"PropertyValueSpecification","valueRequired":true,"valueName":"search_term_string"}}],"inLanguage":"pt-PT"},{"@type":"Person","@id":"https:\/\/portaltela.pt\/#\/schema\/person\/c4278d4a6028830caff9ee44b42d32ed","name":"Telinha","image":{"@type":"ImageObject","inLanguage":"pt-PT","@id":"https:\/\/portaltela.pt\/s.01k8rhncp4jt1\/2025\/11\/talking-bot-125x125.png","url":"https:\/\/portaltela.pt\/s.01k8rhncp4jt1\/2025\/11\/talking-bot-125x125.png","contentUrl":"https:\/\/portaltela.pt\/s.01k8rhncp4jt1\/2025\/11\/talking-bot-125x125.png","caption":"Telinha"},"sameAs":["https:\/\/portaltela.pt\/"],"url":"https:\/\/portaltela.pt\/por\/367410592786\/"}]}},"_links":{"self":[{"href":"https:\/\/portaltela.pt\/api\/wp\/v2\/posts\/76723","targetHints":{"allow":["GET"]}}],"collection":[{"href":"https:\/\/portaltela.pt\/api\/wp\/v2\/posts"}],"about":[{"href":"https:\/\/portaltela.pt\/api\/wp\/v2\/types\/post"}],"author":[{"embeddable":true,"href":"https:\/\/portaltela.pt\/api\/wp\/v2\/users\/2"}],"replies":[{"embeddable":true,"href":"https:\/\/portaltela.pt\/api\/wp\/v2\/comments?post=76723"}],"version-history":[{"count":0,"href":"https:\/\/portaltela.pt\/api\/wp\/v2\/posts\/76723\/revisions"}],"wp:featuredmedia":[{"embeddable":true,"href":"https:\/\/portaltela.pt\/api\/wp\/v2\/media\/76724"}],"wp:attachment":[{"href":"https:\/\/portaltela.pt\/api\/wp\/v2\/media?parent=76723"}],"wp:term":[{"taxonomy":"category","embeddable":true,"href":"https:\/\/portaltela.pt\/api\/wp\/v2\/categories?post=76723"},{"taxonomy":"post_tag","embeddable":true,"href":"https:\/\/portaltela.pt\/api\/wp\/v2\/tags?post=76723"}],"curies":[{"name":"wp","href":"https:\/\/api.w.org\/{rel}","templated":true}]}}