{"id":76708,"date":"2025-12-14T21:00:00","date_gmt":"2025-12-15T00:00:00","guid":{"rendered":"https:\/\/portaltela.pt\/noticias\/2025\/12\/14\/mulher-brasileira-acusa-ex-marido-de-levar-filho-a-portugal-em-viagem-clandestina\/"},"modified":"2025-12-14T21:00:00","modified_gmt":"2025-12-15T00:00:00","slug":"mulher-brasileira-acusa-ex-marido-de-levar-filho-a-portugal-em-viagem-clandestina","status":"publish","type":"post","link":"https:\/\/portaltela.pt\/noticias\/2025\/12\/14\/mulher-brasileira-acusa-ex-marido-de-levar-filho-a-portugal-em-viagem-clandestina\/","title":{"rendered":"Mulher brasileira acusa ex-marido de levar filho a Portugal em viagem clandestina"},"content":{"rendered":"<p>Ana Beatriz Sampaio, brasileira, acusa o ex-marido Jos\u00e9 Sampaio, portugu\u00eas, de ter levado o filho do casal para Portugal numa viagem clandestina, com utiliza\u00e7\u00e3o de documentos falsos junto dos pilotos. A crian\u00e7a viajou sem o consentimento da m\u00e3e, acompanhada do pai, da av\u00f3 paterna e de outras pessoas.<\/p>\n<p>O roteiro incluiu passagem por Paragominas, no Par\u00e1, e Oiapoque, no Amap\u00e1, at\u00e9 chegar a Portugal, onde a crian\u00e7a se encontra atualmente em Viana do Castelo. Passaportes brasileiro e portugu\u00eas teriam ficado retidos por decis\u00e3o judicial durante o embarque.<\/p>\n<h3>Contexto jur\u00eddico e desdobramentos<\/h3>\n<p>A Justi\u00e7a brasileira j\u00e1 decidiu que a resid\u00eancia habitual da crian\u00e7a \u00e9 Portugal, mantendo o processo de guarda no pa\u00eds. A defesa de Ana Beatriz anunciou recurso \u00e0 decis\u00e3o. Em Portugal, a tutela est\u00e1 sob guarda unilateral provis\u00f3ria do pai.<\/p>\n<p>Ana Beatriz afirma manter contactos limitados com o filho; o acesso permanece supervisionado em encontros espor\u00e1dicos. Ainda h\u00e1 processos abertos nos dois pa\u00edses, com desdobramentos em curso.<\/p>\n","protected":false},"excerpt":{"rendered":"<ul>\n<li>A m\u00e3e brasileira Ana Beatriz Sampaio acusa o ex-marido portugu\u00eas Jos\u00e9 Sampaio de ter levado o filho para Portugal numa viagem clandestina, com documentos falsos.<\/li>\n<li>A crian\u00e7a viajou num avi\u00e3o particular, acompanhada pelo pai, pela av\u00f3 paterna e outras pessoas, passando por Paragominas e Oiapoque antes de chegar a Portugal.<\/li>\n<li>Em Portugal, a Justi\u00e7a determinou a resid\u00eancia habitual da crian\u00e7a no pa\u00eds e a guarda unilateral provis\u00f3ria ao pai; no Brasil, o processo segue em curso.<\/li>\n<li>A m\u00e3e tem contado com contatos limitados e viu o filho apenas cinco meses ap\u00f3s a viagem, em encontro supervisionado.<\/li>\n<li>O caso evidencia falhas de fiscaliza\u00e7\u00e3o e est\u00e1 em recursos e desdobramentos legais em ambos os pa\u00edses.<\/li>\n<\/ul>\n","protected":false},"author":2,"featured_media":76712,"comment_status":"closed","ping_status":"closed","sticky":false,"template":"","format":"standard","meta":{"footnotes":""},"categories":[1],"tags":[64,81,215,803,1014,1232],"class_list":["post-76708","post","type-post","status-publish","format-standard","has-post-thumbnail","hentry","category-noticias","tag-familia","tag-internacionais","tag-investigacao","tag-justica","tag-portugal","tag-trafico-de-menor-dependente-ou-em-situacao-vulneravel"],"yoast_head":"<!-- This site is optimized with the Yoast SEO plugin v27.2 - https:\/\/yoast.com\/product\/yoast-seo-wordpress\/ -->\n<title>Mulher brasileira acusa ex-marido de levar filho a Portugal em viagem clandestina - Portal Tela Portugal<\/title>\n<meta name=\"robots\" content=\"index, follow, max-snippet:-1, max-image-preview:large, max-video-preview:-1\" \/>\n<meta property=\"og:locale\" content=\"pt_PT\" \/>\n<meta property=\"og:type\" content=\"article\" \/>\n<meta property=\"og:title\" content=\"Mulher brasileira acusa ex-marido de levar filho a Portugal em viagem clandestina - Portal Tela Portugal\" \/>\n<meta property=\"og:description\" content=\"A m\u00e3e brasileira Ana Beatriz Sampaio acusa o ex-marido portugu\u00eas Jos\u00e9 Sampaio de ter levado o filho para Portugal numa viagem clandestina, com documentos falsos. A crian\u00e7a viajou num avi\u00e3o particular, acompanhada pelo pai, pela av\u00f3 paterna e outras pessoas, passando por Paragominas e Oiapoque antes de chegar a Portugal. Em Portugal, a Justi\u00e7a determinou a resid\u00eancia habitual da crian\u00e7a no pa\u00eds e a guarda unilateral provis\u00f3ria ao pai; no Brasil, o processo segue em curso. A m\u00e3e tem contado com contatos limitados e viu o filho apenas cinco meses ap\u00f3s a viagem, em encontro supervisionado. O caso evidencia falhas de fiscaliza\u00e7\u00e3o e est\u00e1 em recursos e desdobramentos legais em ambos os pa\u00edses.\" \/>\n<meta property=\"og:url\" content=\"https:\/\/portaltela.pt\/noticias\/2025\/12\/14\/mulher-brasileira-acusa-ex-marido-de-levar-filho-a-portugal-em-viagem-clandestina\/\" \/>\n<meta property=\"og:site_name\" content=\"Portal Tela Portugal\" \/>\n<meta property=\"article:published_time\" content=\"2025-12-15T00:00:00+00:00\" \/>\n<meta name=\"author\" content=\"Telinha\" \/>\n<meta name=\"twitter:card\" content=\"summary_large_image\" \/>\n<meta name=\"twitter:label1\" content=\"Escrito por\" \/>\n\t<meta name=\"twitter:data1\" content=\"Telinha\" \/>\n\t<meta name=\"twitter:label2\" content=\"Tempo estimado de leitura\" \/>\n\t<meta name=\"twitter:data2\" content=\"1 minuto\" \/>\n<script type=\"application\/ld+json\" class=\"yoast-schema-graph\">{\"@context\":\"https:\/\/schema.org\",\"@graph\":[{\"@type\":\"Article\",\"@id\":\"https:\/\/portaltela.pt\/noticias\/2025\/12\/14\/mulher-brasileira-acusa-ex-marido-de-levar-filho-a-portugal-em-viagem-clandestina\/#article\",\"isPartOf\":{\"@id\":\"https:\/\/portaltela.pt\/noticias\/2025\/12\/14\/mulher-brasileira-acusa-ex-marido-de-levar-filho-a-portugal-em-viagem-clandestina\/\"},\"author\":{\"name\":\"Telinha\",\"@id\":\"https:\/\/portaltela.pt\/#\/schema\/person\/c4278d4a6028830caff9ee44b42d32ed\"},\"headline\":\"Mulher brasileira acusa ex-marido de levar filho a Portugal em viagem clandestina\",\"datePublished\":\"2025-12-15T00:00:00+00:00\",\"mainEntityOfPage\":{\"@id\":\"https:\/\/portaltela.pt\/noticias\/2025\/12\/14\/mulher-brasileira-acusa-ex-marido-de-levar-filho-a-portugal-em-viagem-clandestina\/\"},\"wordCount\":184,\"image\":{\"@id\":\"https:\/\/portaltela.pt\/noticias\/2025\/12\/14\/mulher-brasileira-acusa-ex-marido-de-levar-filho-a-portugal-em-viagem-clandestina\/#primaryimage\"},\"thumbnailUrl\":\"https:\/\/portaltela.pt\/s.01k8rhncp4jt1\/2025\/12\/queda-de-criancas.jpg\",\"keywords\":[\"fam\u00edlia\",\"internacionais\",\"investiga\u00e7\u00e3o\",\"justi\u00e7a\",\"Portugal\",\"tr\u00e1fico de menor dependente ou em situa\u00e7\u00e3o vulner\u00e1vel\"],\"articleSection\":[\"Not\u00edcias\"],\"inLanguage\":\"pt-PT\"},{\"@type\":\"WebPage\",\"@id\":\"https:\/\/portaltela.pt\/noticias\/2025\/12\/14\/mulher-brasileira-acusa-ex-marido-de-levar-filho-a-portugal-em-viagem-clandestina\/\",\"url\":\"https:\/\/portaltela.pt\/noticias\/2025\/12\/14\/mulher-brasileira-acusa-ex-marido-de-levar-filho-a-portugal-em-viagem-clandestina\/\",\"name\":\"Mulher brasileira acusa ex-marido de levar filho a Portugal em viagem clandestina - Portal Tela Portugal\",\"isPartOf\":{\"@id\":\"https:\/\/portaltela.pt\/#website\"},\"primaryImageOfPage\":{\"@id\":\"https:\/\/portaltela.pt\/noticias\/2025\/12\/14\/mulher-brasileira-acusa-ex-marido-de-levar-filho-a-portugal-em-viagem-clandestina\/#primaryimage\"},\"image\":{\"@id\":\"https:\/\/portaltela.pt\/noticias\/2025\/12\/14\/mulher-brasileira-acusa-ex-marido-de-levar-filho-a-portugal-em-viagem-clandestina\/#primaryimage\"},\"thumbnailUrl\":\"https:\/\/portaltela.pt\/s.01k8rhncp4jt1\/2025\/12\/queda-de-criancas.jpg\",\"datePublished\":\"2025-12-15T00:00:00+00:00\",\"author\":{\"@id\":\"https:\/\/portaltela.pt\/#\/schema\/person\/c4278d4a6028830caff9ee44b42d32ed\"},\"breadcrumb\":{\"@id\":\"https:\/\/portaltela.pt\/noticias\/2025\/12\/14\/mulher-brasileira-acusa-ex-marido-de-levar-filho-a-portugal-em-viagem-clandestina\/#breadcrumb\"},\"inLanguage\":\"pt-PT\",\"potentialAction\":[{\"@type\":\"ReadAction\",\"target\":[\"https:\/\/portaltela.pt\/noticias\/2025\/12\/14\/mulher-brasileira-acusa-ex-marido-de-levar-filho-a-portugal-em-viagem-clandestina\/\"]}]},{\"@type\":\"ImageObject\",\"inLanguage\":\"pt-PT\",\"@id\":\"https:\/\/portaltela.pt\/noticias\/2025\/12\/14\/mulher-brasileira-acusa-ex-marido-de-levar-filho-a-portugal-em-viagem-clandestina\/#primaryimage\",\"url\":\"https:\/\/portaltela.pt\/s.01k8rhncp4jt1\/2025\/12\/queda-de-criancas.jpg\",\"contentUrl\":\"https:\/\/portaltela.pt\/s.01k8rhncp4jt1\/2025\/12\/queda-de-criancas.jpg\",\"width\":796,\"height\":448,\"caption\":\"Uma mulher brasileira, Ana Beatriz Sampaio, acusa o ex-marido portugu\u00eas, Jos\u00e9 Sampaio, de ter levado o filho do casal para Portugal numa viagem clandestina, utilizando documentos falsos.\"},{\"@type\":\"BreadcrumbList\",\"@id\":\"https:\/\/portaltela.pt\/noticias\/2025\/12\/14\/mulher-brasileira-acusa-ex-marido-de-levar-filho-a-portugal-em-viagem-clandestina\/#breadcrumb\",\"itemListElement\":[{\"@type\":\"ListItem\",\"position\":1,\"name\":\"In\u00edcio\",\"item\":\"https:\/\/portaltela.pt\/\"},{\"@type\":\"ListItem\",\"position\":2,\"name\":\"Mulher brasileira acusa ex-marido de levar filho a Portugal em viagem clandestina\"}]},{\"@type\":\"WebSite\",\"@id\":\"https:\/\/portaltela.pt\/#website\",\"url\":\"https:\/\/portaltela.pt\/\",\"name\":\"Portal Tela Portugal\",\"description\":\"\",\"potentialAction\":[{\"@type\":\"SearchAction\",\"target\":{\"@type\":\"EntryPoint\",\"urlTemplate\":\"https:\/\/portaltela.pt\/?s={search_term_string}\"},\"query-input\":{\"@type\":\"PropertyValueSpecification\",\"valueRequired\":true,\"valueName\":\"search_term_string\"}}],\"inLanguage\":\"pt-PT\"},{\"@type\":\"Person\",\"@id\":\"https:\/\/portaltela.pt\/#\/schema\/person\/c4278d4a6028830caff9ee44b42d32ed\",\"name\":\"Telinha\",\"image\":{\"@type\":\"ImageObject\",\"inLanguage\":\"pt-PT\",\"@id\":\"https:\/\/portaltela.pt\/s.01k8rhncp4jt1\/2025\/11\/talking-bot-125x125.png\",\"url\":\"https:\/\/portaltela.pt\/s.01k8rhncp4jt1\/2025\/11\/talking-bot-125x125.png\",\"contentUrl\":\"https:\/\/portaltela.pt\/s.01k8rhncp4jt1\/2025\/11\/talking-bot-125x125.png\",\"caption\":\"Telinha\"},\"sameAs\":[\"https:\/\/portaltela.pt\/\"],\"url\":\"https:\/\/portaltela.pt\/por\/367410592786\/\"}]}<\/script>\n<!-- \/ Yoast SEO plugin. -->","yoast_head_json":{"title":"Mulher brasileira acusa ex-marido de levar filho a Portugal em viagem clandestina - Portal Tela Portugal","robots":{"index":"index","follow":"follow","max-snippet":"max-snippet:-1","max-image-preview":"max-image-preview:large","max-video-preview":"max-video-preview:-1"},"og_locale":"pt_PT","og_type":"article","og_title":"Mulher brasileira acusa ex-marido de levar filho a Portugal em viagem clandestina - Portal Tela Portugal","og_description":"A m\u00e3e brasileira Ana Beatriz Sampaio acusa o ex-marido portugu\u00eas Jos\u00e9 Sampaio de ter levado o filho para Portugal numa viagem clandestina, com documentos falsos. A crian\u00e7a viajou num avi\u00e3o particular, acompanhada pelo pai, pela av\u00f3 paterna e outras pessoas, passando por Paragominas e Oiapoque antes de chegar a Portugal. Em Portugal, a Justi\u00e7a determinou a resid\u00eancia habitual da crian\u00e7a no pa\u00eds e a guarda unilateral provis\u00f3ria ao pai; no Brasil, o processo segue em curso. A m\u00e3e tem contado com contatos limitados e viu o filho apenas cinco meses ap\u00f3s a viagem, em encontro supervisionado. O caso evidencia falhas de fiscaliza\u00e7\u00e3o e est\u00e1 em recursos e desdobramentos legais em ambos os pa\u00edses.","og_url":"https:\/\/portaltela.pt\/noticias\/2025\/12\/14\/mulher-brasileira-acusa-ex-marido-de-levar-filho-a-portugal-em-viagem-clandestina\/","og_site_name":"Portal Tela Portugal","article_published_time":"2025-12-15T00:00:00+00:00","author":"Telinha","twitter_card":"summary_large_image","twitter_misc":{"Escrito por":"Telinha","Tempo estimado de leitura":"1 minuto"},"schema":{"@context":"https:\/\/schema.org","@graph":[{"@type":"Article","@id":"https:\/\/portaltela.pt\/noticias\/2025\/12\/14\/mulher-brasileira-acusa-ex-marido-de-levar-filho-a-portugal-em-viagem-clandestina\/#article","isPartOf":{"@id":"https:\/\/portaltela.pt\/noticias\/2025\/12\/14\/mulher-brasileira-acusa-ex-marido-de-levar-filho-a-portugal-em-viagem-clandestina\/"},"author":{"name":"Telinha","@id":"https:\/\/portaltela.pt\/#\/schema\/person\/c4278d4a6028830caff9ee44b42d32ed"},"headline":"Mulher brasileira acusa ex-marido de levar filho a Portugal em viagem clandestina","datePublished":"2025-12-15T00:00:00+00:00","mainEntityOfPage":{"@id":"https:\/\/portaltela.pt\/noticias\/2025\/12\/14\/mulher-brasileira-acusa-ex-marido-de-levar-filho-a-portugal-em-viagem-clandestina\/"},"wordCount":184,"image":{"@id":"https:\/\/portaltela.pt\/noticias\/2025\/12\/14\/mulher-brasileira-acusa-ex-marido-de-levar-filho-a-portugal-em-viagem-clandestina\/#primaryimage"},"thumbnailUrl":"https:\/\/portaltela.pt\/s.01k8rhncp4jt1\/2025\/12\/queda-de-criancas.jpg","keywords":["fam\u00edlia","internacionais","investiga\u00e7\u00e3o","justi\u00e7a","Portugal","tr\u00e1fico de menor dependente ou em situa\u00e7\u00e3o vulner\u00e1vel"],"articleSection":["Not\u00edcias"],"inLanguage":"pt-PT"},{"@type":"WebPage","@id":"https:\/\/portaltela.pt\/noticias\/2025\/12\/14\/mulher-brasileira-acusa-ex-marido-de-levar-filho-a-portugal-em-viagem-clandestina\/","url":"https:\/\/portaltela.pt\/noticias\/2025\/12\/14\/mulher-brasileira-acusa-ex-marido-de-levar-filho-a-portugal-em-viagem-clandestina\/","name":"Mulher brasileira acusa ex-marido de levar filho a Portugal em viagem clandestina - Portal Tela Portugal","isPartOf":{"@id":"https:\/\/portaltela.pt\/#website"},"primaryImageOfPage":{"@id":"https:\/\/portaltela.pt\/noticias\/2025\/12\/14\/mulher-brasileira-acusa-ex-marido-de-levar-filho-a-portugal-em-viagem-clandestina\/#primaryimage"},"image":{"@id":"https:\/\/portaltela.pt\/noticias\/2025\/12\/14\/mulher-brasileira-acusa-ex-marido-de-levar-filho-a-portugal-em-viagem-clandestina\/#primaryimage"},"thumbnailUrl":"https:\/\/portaltela.pt\/s.01k8rhncp4jt1\/2025\/12\/queda-de-criancas.jpg","datePublished":"2025-12-15T00:00:00+00:00","author":{"@id":"https:\/\/portaltela.pt\/#\/schema\/person\/c4278d4a6028830caff9ee44b42d32ed"},"breadcrumb":{"@id":"https:\/\/portaltela.pt\/noticias\/2025\/12\/14\/mulher-brasileira-acusa-ex-marido-de-levar-filho-a-portugal-em-viagem-clandestina\/#breadcrumb"},"inLanguage":"pt-PT","potentialAction":[{"@type":"ReadAction","target":["https:\/\/portaltela.pt\/noticias\/2025\/12\/14\/mulher-brasileira-acusa-ex-marido-de-levar-filho-a-portugal-em-viagem-clandestina\/"]}]},{"@type":"ImageObject","inLanguage":"pt-PT","@id":"https:\/\/portaltela.pt\/noticias\/2025\/12\/14\/mulher-brasileira-acusa-ex-marido-de-levar-filho-a-portugal-em-viagem-clandestina\/#primaryimage","url":"https:\/\/portaltela.pt\/s.01k8rhncp4jt1\/2025\/12\/queda-de-criancas.jpg","contentUrl":"https:\/\/portaltela.pt\/s.01k8rhncp4jt1\/2025\/12\/queda-de-criancas.jpg","width":796,"height":448,"caption":"Uma mulher brasileira, Ana Beatriz Sampaio, acusa o ex-marido portugu\u00eas, Jos\u00e9 Sampaio, de ter levado o filho do casal para Portugal numa viagem clandestina, utilizando documentos falsos."},{"@type":"BreadcrumbList","@id":"https:\/\/portaltela.pt\/noticias\/2025\/12\/14\/mulher-brasileira-acusa-ex-marido-de-levar-filho-a-portugal-em-viagem-clandestina\/#breadcrumb","itemListElement":[{"@type":"ListItem","position":1,"name":"In\u00edcio","item":"https:\/\/portaltela.pt\/"},{"@type":"ListItem","position":2,"name":"Mulher brasileira acusa ex-marido de levar filho a Portugal em viagem clandestina"}]},{"@type":"WebSite","@id":"https:\/\/portaltela.pt\/#website","url":"https:\/\/portaltela.pt\/","name":"Portal Tela Portugal","description":"","potentialAction":[{"@type":"SearchAction","target":{"@type":"EntryPoint","urlTemplate":"https:\/\/portaltela.pt\/?s={search_term_string}"},"query-input":{"@type":"PropertyValueSpecification","valueRequired":true,"valueName":"search_term_string"}}],"inLanguage":"pt-PT"},{"@type":"Person","@id":"https:\/\/portaltela.pt\/#\/schema\/person\/c4278d4a6028830caff9ee44b42d32ed","name":"Telinha","image":{"@type":"ImageObject","inLanguage":"pt-PT","@id":"https:\/\/portaltela.pt\/s.01k8rhncp4jt1\/2025\/11\/talking-bot-125x125.png","url":"https:\/\/portaltela.pt\/s.01k8rhncp4jt1\/2025\/11\/talking-bot-125x125.png","contentUrl":"https:\/\/portaltela.pt\/s.01k8rhncp4jt1\/2025\/11\/talking-bot-125x125.png","caption":"Telinha"},"sameAs":["https:\/\/portaltela.pt\/"],"url":"https:\/\/portaltela.pt\/por\/367410592786\/"}]}},"_links":{"self":[{"href":"https:\/\/portaltela.pt\/api\/wp\/v2\/posts\/76708","targetHints":{"allow":["GET"]}}],"collection":[{"href":"https:\/\/portaltela.pt\/api\/wp\/v2\/posts"}],"about":[{"href":"https:\/\/portaltela.pt\/api\/wp\/v2\/types\/post"}],"author":[{"embeddable":true,"href":"https:\/\/portaltela.pt\/api\/wp\/v2\/users\/2"}],"replies":[{"embeddable":true,"href":"https:\/\/portaltela.pt\/api\/wp\/v2\/comments?post=76708"}],"version-history":[{"count":0,"href":"https:\/\/portaltela.pt\/api\/wp\/v2\/posts\/76708\/revisions"}],"wp:featuredmedia":[{"embeddable":true,"href":"https:\/\/portaltela.pt\/api\/wp\/v2\/media\/76712"}],"wp:attachment":[{"href":"https:\/\/portaltela.pt\/api\/wp\/v2\/media?parent=76708"}],"wp:term":[{"taxonomy":"category","embeddable":true,"href":"https:\/\/portaltela.pt\/api\/wp\/v2\/categories?post=76708"},{"taxonomy":"post_tag","embeddable":true,"href":"https:\/\/portaltela.pt\/api\/wp\/v2\/tags?post=76708"}],"curies":[{"name":"wp","href":"https:\/\/api.w.org\/{rel}","templated":true}]}}