{"id":76625,"date":"2025-12-15T08:41:00","date_gmt":"2025-12-15T11:41:00","guid":{"rendered":"https:\/\/portaltela.pt\/noticias\/2025\/12\/15\/policia-judiciaria-detem-formador-desportivo-suspeito-de-abuso-sexual-de-menores\/"},"modified":"2025-12-15T08:41:00","modified_gmt":"2025-12-15T11:41:00","slug":"policia-judiciaria-detem-formador-desportivo-suspeito-de-abuso-sexual-de-menores","status":"publish","type":"post","link":"https:\/\/portaltela.pt\/noticias\/2025\/12\/15\/policia-judiciaria-detem-formador-desportivo-suspeito-de-abuso-sexual-de-menores\/","title":{"rendered":"Pol\u00edcia Judici\u00e1ria det\u00e9m formador desportivo suspeito de abuso sexual de menores"},"content":{"rendered":"<p>A Pol\u00edcia Judici\u00e1ria deteve, em Alenquer, um homem de 22 anos suspeito de crimes contra menores dependentes ou em situa\u00e7\u00e3o vulner\u00e1vel, incluindo abuso sexual, pornografia de menores e abuso sexual de crian\u00e7as. A deten\u00e7\u00e3o ocorreu ap\u00f3s a pr\u00e1tica de crimes contra dois rapazes de 11 e 14 anos, entre abril e novembro deste ano, na sequ\u00eancia de investiga\u00e7\u00f5es urgentes.<\/p>\n<p>O suspeito atua como formador de uma modalidade desportiva extracurricular e acompanha crian\u00e7as com idades entre 6 e 16 anos em competi\u00e7\u00f5es. Durante o exerc\u00edcio das suas fun\u00e7\u00f5es, ele tamb\u00e9m acompanha os formandos em idas a eventos desportivos, segundo a investiga\u00e7\u00e3o.<\/p>\n<p>A den\u00fancia inicial ter\u00e1 partido de um jovem praticante da modalidade, o que levou a PJ a abrir dilig\u00eancias r\u00e1pidas. As autoridades n\u00e3o divulgam detalhes adicionais sobre os fatos nem sobre as v\u00edtimas, mantendo o sigilo processual.<\/p>\n<h3>Deten\u00e7\u00e3o e medidas de coa\u00e7\u00e3o<\/h3>\n<p>A autoridade judici\u00e1ria recebeu o caso e aplicou pris\u00e3o preventiva ao suspeito, no \u00e2mbito das dilig\u00eancias j\u00e1 em curso. A Pol\u00edcia Judici\u00e1ria da Diretoria de Lisboa e Vale do Tejo continua a investigar, com o objetivo de apurar a extens\u00e3o dos factos e identificar eventuais outras v\u00edtimas.<\/p>\n<p>A investiga\u00e7\u00e3o permanece ativa, com a hip\u00f3tese de existirem mais pessoas que possam ter sido lesadas. As autoridades n\u00e3o fornecem prazos nem previs\u00f5es sobre o evoluir do processo, mantendo o foco na recolha de provas e na prote\u00e7\u00e3o de eventuais testemunhas.<\/p>\n","protected":false},"excerpt":{"rendered":"<ul>\n<li>A Pol\u00edcia Judici\u00e1ria, Diretoria de Lisboa e Vale do Tejo, deteve, em Alenquer, um homem de 22 anos, suspeito de abuso sexual de menores dependentes ou em situa\u00e7\u00e3o particularmente vulner\u00e1vel, pornografia de menores e abuso sexual de crian\u00e7as.<\/li>\n<li>O suspeito \u00e9 formador de uma modalidade desportiva extracurricular e acompanha crian\u00e7as dos 6 aos 16 anos em competi\u00e7\u00f5es.<\/li>\n<li>Os crimes ocorreram entre abril e novembro deste ano, envolvendo dois rapazes de 11 e 14 anos, com perspetiva de existirem mais v\u00edtimas.<\/li>\n<li>A den\u00fancia partiu de um jovem praticante da modalidade, levando a dilig\u00eancias urgentes da pol\u00edcia.<\/li>\n<li>Ao arguido foi aplicada a pris\u00e3o preventiva, a revelar \u00e0 autoridade judici\u00e1ria.<\/li>\n<\/ul>\n","protected":false},"author":2,"featured_media":76628,"comment_status":"closed","ping_status":"closed","sticky":false,"template":"","format":"standard","meta":{"footnotes":""},"categories":[1],"tags":[817,208,199,152,215,1091],"class_list":["post-76625","post","type-post","status-publish","format-standard","has-post-thumbnail","hentry","category-noticias","tag-abuso-de-menor-dependente-ou-em-situacao-vulneravel","tag-abuso-de-menores-dependentes","tag-abuso-sexual-de-menor-dependente-ou-em-situacao-vulneravel","tag-desporto","tag-investigacao","tag-pornografia-de-menores-agravada"],"yoast_head":"<!-- This site is optimized with the Yoast SEO plugin v27.2 - https:\/\/yoast.com\/product\/yoast-seo-wordpress\/ -->\n<title>Pol\u00edcia Judici\u00e1ria det\u00e9m formador desportivo suspeito de abuso sexual de menores - Portal Tela Portugal<\/title>\n<meta name=\"robots\" content=\"index, follow, max-snippet:-1, max-image-preview:large, max-video-preview:-1\" \/>\n<meta property=\"og:locale\" content=\"pt_PT\" \/>\n<meta property=\"og:type\" content=\"article\" \/>\n<meta property=\"og:title\" content=\"Pol\u00edcia Judici\u00e1ria det\u00e9m formador desportivo suspeito de abuso sexual de menores - Portal Tela Portugal\" \/>\n<meta property=\"og:description\" content=\"A Pol\u00edcia Judici\u00e1ria, Diretoria de Lisboa e Vale do Tejo, deteve, em Alenquer, um homem de 22 anos, suspeito de abuso sexual de menores dependentes ou em situa\u00e7\u00e3o particularmente vulner\u00e1vel, pornografia de menores e abuso sexual de crian\u00e7as. O suspeito \u00e9 formador de uma modalidade desportiva extracurricular e acompanha crian\u00e7as dos 6 aos 16 anos em competi\u00e7\u00f5es. Os crimes ocorreram entre abril e novembro deste ano, envolvendo dois rapazes de 11 e 14 anos, com perspetiva de existirem mais v\u00edtimas. A den\u00fancia partiu de um jovem praticante da modalidade, levando a dilig\u00eancias urgentes da pol\u00edcia. Ao arguido foi aplicada a pris\u00e3o preventiva, a revelar \u00e0 autoridade judici\u00e1ria.\" \/>\n<meta property=\"og:url\" content=\"https:\/\/portaltela.pt\/noticias\/2025\/12\/15\/policia-judiciaria-detem-formador-desportivo-suspeito-de-abuso-sexual-de-menores\/\" \/>\n<meta property=\"og:site_name\" content=\"Portal Tela Portugal\" \/>\n<meta property=\"article:published_time\" content=\"2025-12-15T11:41:00+00:00\" \/>\n<meta name=\"author\" content=\"Telinha\" \/>\n<meta name=\"twitter:card\" content=\"summary_large_image\" \/>\n<meta name=\"twitter:label1\" content=\"Escrito por\" \/>\n\t<meta name=\"twitter:data1\" content=\"Telinha\" \/>\n\t<meta name=\"twitter:label2\" content=\"Tempo estimado de leitura\" \/>\n\t<meta name=\"twitter:data2\" content=\"1 minuto\" \/>\n<script type=\"application\/ld+json\" class=\"yoast-schema-graph\">{\"@context\":\"https:\/\/schema.org\",\"@graph\":[{\"@type\":\"Article\",\"@id\":\"https:\/\/portaltela.pt\/noticias\/2025\/12\/15\/policia-judiciaria-detem-formador-desportivo-suspeito-de-abuso-sexual-de-menores\/#article\",\"isPartOf\":{\"@id\":\"https:\/\/portaltela.pt\/noticias\/2025\/12\/15\/policia-judiciaria-detem-formador-desportivo-suspeito-de-abuso-sexual-de-menores\/\"},\"author\":{\"name\":\"Telinha\",\"@id\":\"https:\/\/portaltela.pt\/#\/schema\/person\/c4278d4a6028830caff9ee44b42d32ed\"},\"headline\":\"Pol\u00edcia Judici\u00e1ria det\u00e9m formador desportivo suspeito de abuso sexual de menores\",\"datePublished\":\"2025-12-15T11:41:00+00:00\",\"mainEntityOfPage\":{\"@id\":\"https:\/\/portaltela.pt\/noticias\/2025\/12\/15\/policia-judiciaria-detem-formador-desportivo-suspeito-de-abuso-sexual-de-menores\/\"},\"wordCount\":274,\"image\":{\"@id\":\"https:\/\/portaltela.pt\/noticias\/2025\/12\/15\/policia-judiciaria-detem-formador-desportivo-suspeito-de-abuso-sexual-de-menores\/#primaryimage\"},\"thumbnailUrl\":\"https:\/\/portaltela.pt\/s.01k8rhncp4jt1\/2025\/12\/636ff376e1c7fbacbb58136acb0884eb989c3cc2-1.jpg\",\"keywords\":[\"abuso de menor dependente ou em situa\u00e7\u00e3o vulner\u00e1vel\",\"abuso de menores dependentes\",\"abuso sexual de menor dependente ou em situa\u00e7\u00e3o vulner\u00e1vel\",\"desporto\",\"investiga\u00e7\u00e3o\",\"pornografia de menores agravada\"],\"articleSection\":[\"Not\u00edcias\"],\"inLanguage\":\"pt-PT\"},{\"@type\":\"WebPage\",\"@id\":\"https:\/\/portaltela.pt\/noticias\/2025\/12\/15\/policia-judiciaria-detem-formador-desportivo-suspeito-de-abuso-sexual-de-menores\/\",\"url\":\"https:\/\/portaltela.pt\/noticias\/2025\/12\/15\/policia-judiciaria-detem-formador-desportivo-suspeito-de-abuso-sexual-de-menores\/\",\"name\":\"Pol\u00edcia Judici\u00e1ria det\u00e9m formador desportivo suspeito de abuso sexual de menores - Portal Tela Portugal\",\"isPartOf\":{\"@id\":\"https:\/\/portaltela.pt\/#website\"},\"primaryImageOfPage\":{\"@id\":\"https:\/\/portaltela.pt\/noticias\/2025\/12\/15\/policia-judiciaria-detem-formador-desportivo-suspeito-de-abuso-sexual-de-menores\/#primaryimage\"},\"image\":{\"@id\":\"https:\/\/portaltela.pt\/noticias\/2025\/12\/15\/policia-judiciaria-detem-formador-desportivo-suspeito-de-abuso-sexual-de-menores\/#primaryimage\"},\"thumbnailUrl\":\"https:\/\/portaltela.pt\/s.01k8rhncp4jt1\/2025\/12\/636ff376e1c7fbacbb58136acb0884eb989c3cc2-1.jpg\",\"datePublished\":\"2025-12-15T11:41:00+00:00\",\"author\":{\"@id\":\"https:\/\/portaltela.pt\/#\/schema\/person\/c4278d4a6028830caff9ee44b42d32ed\"},\"breadcrumb\":{\"@id\":\"https:\/\/portaltela.pt\/noticias\/2025\/12\/15\/policia-judiciaria-detem-formador-desportivo-suspeito-de-abuso-sexual-de-menores\/#breadcrumb\"},\"inLanguage\":\"pt-PT\",\"potentialAction\":[{\"@type\":\"ReadAction\",\"target\":[\"https:\/\/portaltela.pt\/noticias\/2025\/12\/15\/policia-judiciaria-detem-formador-desportivo-suspeito-de-abuso-sexual-de-menores\/\"]}]},{\"@type\":\"ImageObject\",\"inLanguage\":\"pt-PT\",\"@id\":\"https:\/\/portaltela.pt\/noticias\/2025\/12\/15\/policia-judiciaria-detem-formador-desportivo-suspeito-de-abuso-sexual-de-menores\/#primaryimage\",\"url\":\"https:\/\/portaltela.pt\/s.01k8rhncp4jt1\/2025\/12\/636ff376e1c7fbacbb58136acb0884eb989c3cc2-1.jpg\",\"contentUrl\":\"https:\/\/portaltela.pt\/s.01k8rhncp4jt1\/2025\/12\/636ff376e1c7fbacbb58136acb0884eb989c3cc2-1.jpg\",\"width\":796,\"height\":448,\"caption\":\"Di\u00e1rio Criminal\"},{\"@type\":\"BreadcrumbList\",\"@id\":\"https:\/\/portaltela.pt\/noticias\/2025\/12\/15\/policia-judiciaria-detem-formador-desportivo-suspeito-de-abuso-sexual-de-menores\/#breadcrumb\",\"itemListElement\":[{\"@type\":\"ListItem\",\"position\":1,\"name\":\"In\u00edcio\",\"item\":\"https:\/\/portaltela.pt\/\"},{\"@type\":\"ListItem\",\"position\":2,\"name\":\"Pol\u00edcia Judici\u00e1ria det\u00e9m formador desportivo suspeito de abuso sexual de menores\"}]},{\"@type\":\"WebSite\",\"@id\":\"https:\/\/portaltela.pt\/#website\",\"url\":\"https:\/\/portaltela.pt\/\",\"name\":\"Portal Tela Portugal\",\"description\":\"\",\"potentialAction\":[{\"@type\":\"SearchAction\",\"target\":{\"@type\":\"EntryPoint\",\"urlTemplate\":\"https:\/\/portaltela.pt\/?s={search_term_string}\"},\"query-input\":{\"@type\":\"PropertyValueSpecification\",\"valueRequired\":true,\"valueName\":\"search_term_string\"}}],\"inLanguage\":\"pt-PT\"},{\"@type\":\"Person\",\"@id\":\"https:\/\/portaltela.pt\/#\/schema\/person\/c4278d4a6028830caff9ee44b42d32ed\",\"name\":\"Telinha\",\"image\":{\"@type\":\"ImageObject\",\"inLanguage\":\"pt-PT\",\"@id\":\"https:\/\/portaltela.pt\/s.01k8rhncp4jt1\/2025\/11\/talking-bot-125x125.png\",\"url\":\"https:\/\/portaltela.pt\/s.01k8rhncp4jt1\/2025\/11\/talking-bot-125x125.png\",\"contentUrl\":\"https:\/\/portaltela.pt\/s.01k8rhncp4jt1\/2025\/11\/talking-bot-125x125.png\",\"caption\":\"Telinha\"},\"sameAs\":[\"https:\/\/portaltela.pt\/\"],\"url\":\"https:\/\/portaltela.pt\/por\/367410592786\/\"}]}<\/script>\n<!-- \/ Yoast SEO plugin. -->","yoast_head_json":{"title":"Pol\u00edcia Judici\u00e1ria det\u00e9m formador desportivo suspeito de abuso sexual de menores - Portal Tela Portugal","robots":{"index":"index","follow":"follow","max-snippet":"max-snippet:-1","max-image-preview":"max-image-preview:large","max-video-preview":"max-video-preview:-1"},"og_locale":"pt_PT","og_type":"article","og_title":"Pol\u00edcia Judici\u00e1ria det\u00e9m formador desportivo suspeito de abuso sexual de menores - Portal Tela Portugal","og_description":"A Pol\u00edcia Judici\u00e1ria, Diretoria de Lisboa e Vale do Tejo, deteve, em Alenquer, um homem de 22 anos, suspeito de abuso sexual de menores dependentes ou em situa\u00e7\u00e3o particularmente vulner\u00e1vel, pornografia de menores e abuso sexual de crian\u00e7as. O suspeito \u00e9 formador de uma modalidade desportiva extracurricular e acompanha crian\u00e7as dos 6 aos 16 anos em competi\u00e7\u00f5es. Os crimes ocorreram entre abril e novembro deste ano, envolvendo dois rapazes de 11 e 14 anos, com perspetiva de existirem mais v\u00edtimas. A den\u00fancia partiu de um jovem praticante da modalidade, levando a dilig\u00eancias urgentes da pol\u00edcia. Ao arguido foi aplicada a pris\u00e3o preventiva, a revelar \u00e0 autoridade judici\u00e1ria.","og_url":"https:\/\/portaltela.pt\/noticias\/2025\/12\/15\/policia-judiciaria-detem-formador-desportivo-suspeito-de-abuso-sexual-de-menores\/","og_site_name":"Portal Tela Portugal","article_published_time":"2025-12-15T11:41:00+00:00","author":"Telinha","twitter_card":"summary_large_image","twitter_misc":{"Escrito por":"Telinha","Tempo estimado de leitura":"1 minuto"},"schema":{"@context":"https:\/\/schema.org","@graph":[{"@type":"Article","@id":"https:\/\/portaltela.pt\/noticias\/2025\/12\/15\/policia-judiciaria-detem-formador-desportivo-suspeito-de-abuso-sexual-de-menores\/#article","isPartOf":{"@id":"https:\/\/portaltela.pt\/noticias\/2025\/12\/15\/policia-judiciaria-detem-formador-desportivo-suspeito-de-abuso-sexual-de-menores\/"},"author":{"name":"Telinha","@id":"https:\/\/portaltela.pt\/#\/schema\/person\/c4278d4a6028830caff9ee44b42d32ed"},"headline":"Pol\u00edcia Judici\u00e1ria det\u00e9m formador desportivo suspeito de abuso sexual de menores","datePublished":"2025-12-15T11:41:00+00:00","mainEntityOfPage":{"@id":"https:\/\/portaltela.pt\/noticias\/2025\/12\/15\/policia-judiciaria-detem-formador-desportivo-suspeito-de-abuso-sexual-de-menores\/"},"wordCount":274,"image":{"@id":"https:\/\/portaltela.pt\/noticias\/2025\/12\/15\/policia-judiciaria-detem-formador-desportivo-suspeito-de-abuso-sexual-de-menores\/#primaryimage"},"thumbnailUrl":"https:\/\/portaltela.pt\/s.01k8rhncp4jt1\/2025\/12\/636ff376e1c7fbacbb58136acb0884eb989c3cc2-1.jpg","keywords":["abuso de menor dependente ou em situa\u00e7\u00e3o vulner\u00e1vel","abuso de menores dependentes","abuso sexual de menor dependente ou em situa\u00e7\u00e3o vulner\u00e1vel","desporto","investiga\u00e7\u00e3o","pornografia de menores agravada"],"articleSection":["Not\u00edcias"],"inLanguage":"pt-PT"},{"@type":"WebPage","@id":"https:\/\/portaltela.pt\/noticias\/2025\/12\/15\/policia-judiciaria-detem-formador-desportivo-suspeito-de-abuso-sexual-de-menores\/","url":"https:\/\/portaltela.pt\/noticias\/2025\/12\/15\/policia-judiciaria-detem-formador-desportivo-suspeito-de-abuso-sexual-de-menores\/","name":"Pol\u00edcia Judici\u00e1ria det\u00e9m formador desportivo suspeito de abuso sexual de menores - Portal Tela Portugal","isPartOf":{"@id":"https:\/\/portaltela.pt\/#website"},"primaryImageOfPage":{"@id":"https:\/\/portaltela.pt\/noticias\/2025\/12\/15\/policia-judiciaria-detem-formador-desportivo-suspeito-de-abuso-sexual-de-menores\/#primaryimage"},"image":{"@id":"https:\/\/portaltela.pt\/noticias\/2025\/12\/15\/policia-judiciaria-detem-formador-desportivo-suspeito-de-abuso-sexual-de-menores\/#primaryimage"},"thumbnailUrl":"https:\/\/portaltela.pt\/s.01k8rhncp4jt1\/2025\/12\/636ff376e1c7fbacbb58136acb0884eb989c3cc2-1.jpg","datePublished":"2025-12-15T11:41:00+00:00","author":{"@id":"https:\/\/portaltela.pt\/#\/schema\/person\/c4278d4a6028830caff9ee44b42d32ed"},"breadcrumb":{"@id":"https:\/\/portaltela.pt\/noticias\/2025\/12\/15\/policia-judiciaria-detem-formador-desportivo-suspeito-de-abuso-sexual-de-menores\/#breadcrumb"},"inLanguage":"pt-PT","potentialAction":[{"@type":"ReadAction","target":["https:\/\/portaltela.pt\/noticias\/2025\/12\/15\/policia-judiciaria-detem-formador-desportivo-suspeito-de-abuso-sexual-de-menores\/"]}]},{"@type":"ImageObject","inLanguage":"pt-PT","@id":"https:\/\/portaltela.pt\/noticias\/2025\/12\/15\/policia-judiciaria-detem-formador-desportivo-suspeito-de-abuso-sexual-de-menores\/#primaryimage","url":"https:\/\/portaltela.pt\/s.01k8rhncp4jt1\/2025\/12\/636ff376e1c7fbacbb58136acb0884eb989c3cc2-1.jpg","contentUrl":"https:\/\/portaltela.pt\/s.01k8rhncp4jt1\/2025\/12\/636ff376e1c7fbacbb58136acb0884eb989c3cc2-1.jpg","width":796,"height":448,"caption":"Di\u00e1rio Criminal"},{"@type":"BreadcrumbList","@id":"https:\/\/portaltela.pt\/noticias\/2025\/12\/15\/policia-judiciaria-detem-formador-desportivo-suspeito-de-abuso-sexual-de-menores\/#breadcrumb","itemListElement":[{"@type":"ListItem","position":1,"name":"In\u00edcio","item":"https:\/\/portaltela.pt\/"},{"@type":"ListItem","position":2,"name":"Pol\u00edcia Judici\u00e1ria det\u00e9m formador desportivo suspeito de abuso sexual de menores"}]},{"@type":"WebSite","@id":"https:\/\/portaltela.pt\/#website","url":"https:\/\/portaltela.pt\/","name":"Portal Tela Portugal","description":"","potentialAction":[{"@type":"SearchAction","target":{"@type":"EntryPoint","urlTemplate":"https:\/\/portaltela.pt\/?s={search_term_string}"},"query-input":{"@type":"PropertyValueSpecification","valueRequired":true,"valueName":"search_term_string"}}],"inLanguage":"pt-PT"},{"@type":"Person","@id":"https:\/\/portaltela.pt\/#\/schema\/person\/c4278d4a6028830caff9ee44b42d32ed","name":"Telinha","image":{"@type":"ImageObject","inLanguage":"pt-PT","@id":"https:\/\/portaltela.pt\/s.01k8rhncp4jt1\/2025\/11\/talking-bot-125x125.png","url":"https:\/\/portaltela.pt\/s.01k8rhncp4jt1\/2025\/11\/talking-bot-125x125.png","contentUrl":"https:\/\/portaltela.pt\/s.01k8rhncp4jt1\/2025\/11\/talking-bot-125x125.png","caption":"Telinha"},"sameAs":["https:\/\/portaltela.pt\/"],"url":"https:\/\/portaltela.pt\/por\/367410592786\/"}]}},"_links":{"self":[{"href":"https:\/\/portaltela.pt\/api\/wp\/v2\/posts\/76625","targetHints":{"allow":["GET"]}}],"collection":[{"href":"https:\/\/portaltela.pt\/api\/wp\/v2\/posts"}],"about":[{"href":"https:\/\/portaltela.pt\/api\/wp\/v2\/types\/post"}],"author":[{"embeddable":true,"href":"https:\/\/portaltela.pt\/api\/wp\/v2\/users\/2"}],"replies":[{"embeddable":true,"href":"https:\/\/portaltela.pt\/api\/wp\/v2\/comments?post=76625"}],"version-history":[{"count":0,"href":"https:\/\/portaltela.pt\/api\/wp\/v2\/posts\/76625\/revisions"}],"wp:featuredmedia":[{"embeddable":true,"href":"https:\/\/portaltela.pt\/api\/wp\/v2\/media\/76628"}],"wp:attachment":[{"href":"https:\/\/portaltela.pt\/api\/wp\/v2\/media?parent=76625"}],"wp:term":[{"taxonomy":"category","embeddable":true,"href":"https:\/\/portaltela.pt\/api\/wp\/v2\/categories?post=76625"},{"taxonomy":"post_tag","embeddable":true,"href":"https:\/\/portaltela.pt\/api\/wp\/v2\/tags?post=76625"}],"curies":[{"name":"wp","href":"https:\/\/api.w.org\/{rel}","templated":true}]}}