{"id":76574,"date":"2025-12-14T21:00:00","date_gmt":"2025-12-15T00:00:00","guid":{"rendered":"https:\/\/portaltela.pt\/noticias\/2025\/12\/14\/mariah-carey-abre-os-jogos-olimpicos-de-inverno-de-2026-3\/"},"modified":"2025-12-14T21:00:00","modified_gmt":"2025-12-15T00:00:00","slug":"mariah-carey-abre-os-jogos-olimpicos-de-inverno-de-2026-3","status":"publish","type":"post","link":"https:\/\/portaltela.pt\/desporto\/futebol\/2025\/12\/14\/mariah-carey-abre-os-jogos-olimpicos-de-inverno-de-2026-3\/","title":{"rendered":"Mariah Carey abre os Jogos Ol\u00edmpicos de Inverno de 2026"},"content":{"rendered":"<p>A organiza\u00e7\u00e3o dos Jogos Ol\u00edmpicos de Inverno Mil\u00e3o-Cortina 2026 anunciou que a cerim\u00f3nia de abertura est\u00e1 marcada para 6 de fevereiro, no Est\u00e1dio Giuseppe Meazza, em Mil\u00e3o. O evento acontece no calend\u00e1rio principal de 6 a 22 de fevereiro, com alguns desportos a come\u00e7ar dois dias antes.<\/p>\n<p>Mariah Carey foi confirmada como protagonista da cerim\u00f3nia de abertura, a realizar no est\u00e1dio onde atuam as equipas AC Milan e Inter Mil\u00e3o. Os organizadores destacam a carreira global da artista e a capacidade de criar uma atmosfera emocional associada ao caminho at\u00e9 os Jogos.<\/p>\n<p>Mais participantes da cerim\u00f3nia ser\u00e3o revelados em an\u00fancios futuros, indicou a organiza\u00e7\u00e3o. A confirma\u00e7\u00e3o foi anunciada nesta segunda-feira e integra a divulga\u00e7\u00e3o de detalhes sobre o espet\u00e1culo de abertura.<\/p>\n<h3>Protagonista da cerim\u00f3nia<\/h3>\n<p>Mariah Carey \u00e9 apresentada pela organiza\u00e7\u00e3o como a figura principal do espet\u00e1culo de abertura, cuja atua\u00e7\u00e3o dever\u00e1 abrir o programa ol\u00edmpico. A cerim\u00f3nia est\u00e1 prevista para o dia 6 de fevereiro, antes do in\u00edcio oficial das competi\u00e7\u00f5es. O evento no Giuseppe Meazza marca a estreia desta edi\u00e7\u00e3o dos Jogos.<\/p>\n<h3>Perspetiva de calend\u00e1rio<\/h3>\n<p>Os Jogos de Mil\u00e3o-Cortina 2026 decorrem at\u00e9 22 de fevereiro, com algumas modalidades a iniciar antes da cerim\u00f3nia de abertura. A organiza\u00e7\u00e3o n\u00e3o divulgou novos nomes de participantes, mantendo o foco na atriz anunciada e na cerim\u00f3nia em si. Fonte: Lusa.<\/p>\n","protected":false},"excerpt":{"rendered":"<ul>\n<li>Mariah Carey ser\u00e1 a protagonista da cerim\u00f3nia de abertura dos Jogos Ol\u00edmpicos de Inverno Mil\u00e3o\u2011Cortina 2026, a seis de fevereiro, no Est\u00e1dio Giuseppe Meazza.<\/li>\n<li>A organiza\u00e7\u00e3o indicou que outros participantes ser\u00e3o revelados posteriormente.<\/li>\n<li>A cerim\u00f3nia acontecer\u00e1 no est\u00e1dio onde atuam as equipas de futebol do AC Milan e do Inter Mil\u00e3o.<\/li>\n<li>A competi\u00e7\u00e3o decorre entre seis e vinte e dois de fevereiro, com alguns desportos a abrir dois dias antes.<\/li>\n<li>A not\u00edcia foi disponibilizada pela ag\u00eancia Lusa.<\/li>\n<\/ul>\n","protected":false},"author":2,"featured_media":76576,"comment_status":"closed","ping_status":"closed","sticky":false,"template":"","format":"standard","meta":{"footnotes":""},"categories":[21,24],"tags":[76,152,282,122,84,466],"class_list":["post-76574","post","type-post","status-publish","format-standard","has-post-thumbnail","hentry","category-desporto","category-futebol","tag-celebridades","tag-desporto","tag-evento-desportivo-do-ano","tag-musica","tag-olimpiadas","tag-organizacao-internacional"],"yoast_head":"<!-- This site is optimized with the Yoast SEO plugin v27.2 - https:\/\/yoast.com\/product\/yoast-seo-wordpress\/ -->\n<title>Mariah Carey abre os Jogos Ol\u00edmpicos de Inverno de 2026 - Portal Tela Portugal<\/title>\n<meta name=\"robots\" content=\"index, follow, max-snippet:-1, max-image-preview:large, max-video-preview:-1\" \/>\n<meta property=\"og:locale\" content=\"pt_PT\" \/>\n<meta property=\"og:type\" content=\"article\" \/>\n<meta property=\"og:title\" content=\"Mariah Carey abre os Jogos Ol\u00edmpicos de Inverno de 2026 - Portal Tela Portugal\" \/>\n<meta property=\"og:description\" content=\"Mariah Carey ser\u00e1 a protagonista da cerim\u00f3nia de abertura dos Jogos Ol\u00edmpicos de Inverno Mil\u00e3o\u2011Cortina 2026, a seis de fevereiro, no Est\u00e1dio Giuseppe Meazza. A organiza\u00e7\u00e3o indicou que outros participantes ser\u00e3o revelados posteriormente. A cerim\u00f3nia acontecer\u00e1 no est\u00e1dio onde atuam as equipas de futebol do AC Milan e do Inter Mil\u00e3o. A competi\u00e7\u00e3o decorre entre seis e vinte e dois de fevereiro, com alguns desportos a abrir dois dias antes. A not\u00edcia foi disponibilizada pela ag\u00eancia Lusa.\" \/>\n<meta property=\"og:url\" content=\"https:\/\/portaltela.pt\/noticias\/2025\/12\/14\/mariah-carey-abre-os-jogos-olimpicos-de-inverno-de-2026-3\/\" \/>\n<meta property=\"og:site_name\" content=\"Portal Tela Portugal\" \/>\n<meta property=\"article:published_time\" content=\"2025-12-15T00:00:00+00:00\" \/>\n<meta name=\"author\" content=\"Telinha\" \/>\n<meta name=\"twitter:card\" content=\"summary_large_image\" \/>\n<meta name=\"twitter:label1\" content=\"Escrito por\" \/>\n\t<meta name=\"twitter:data1\" content=\"Telinha\" \/>\n\t<meta name=\"twitter:label2\" content=\"Tempo estimado de leitura\" \/>\n\t<meta name=\"twitter:data2\" content=\"1 minuto\" \/>\n<script type=\"application\/ld+json\" class=\"yoast-schema-graph\">{\"@context\":\"https:\/\/schema.org\",\"@graph\":[{\"@type\":\"Article\",\"@id\":\"https:\/\/portaltela.pt\/noticias\/2025\/12\/14\/mariah-carey-abre-os-jogos-olimpicos-de-inverno-de-2026-3\/#article\",\"isPartOf\":{\"@id\":\"https:\/\/portaltela.pt\/noticias\/2025\/12\/14\/mariah-carey-abre-os-jogos-olimpicos-de-inverno-de-2026-3\/\"},\"author\":{\"name\":\"Telinha\",\"@id\":\"https:\/\/portaltela.pt\/#\/schema\/person\/c4278d4a6028830caff9ee44b42d32ed\"},\"headline\":\"Mariah Carey abre os Jogos Ol\u00edmpicos de Inverno de 2026\",\"datePublished\":\"2025-12-15T00:00:00+00:00\",\"mainEntityOfPage\":{\"@id\":\"https:\/\/portaltela.pt\/noticias\/2025\/12\/14\/mariah-carey-abre-os-jogos-olimpicos-de-inverno-de-2026-3\/\"},\"wordCount\":252,\"image\":{\"@id\":\"https:\/\/portaltela.pt\/noticias\/2025\/12\/14\/mariah-carey-abre-os-jogos-olimpicos-de-inverno-de-2026-3\/#primaryimage\"},\"thumbnailUrl\":\"https:\/\/portaltela.pt\/s.01k8rhncp4jt1\/2025\/12\/img_1200x721uu2024-08-27-09-10-53-2289043.jpg\",\"keywords\":[\"celebridades\",\"desporto\",\"Evento Desportivo do Ano\",\"m\u00fasica\",\"olimp\u00edadas\",\"organiza\u00e7\u00e3o internacional\"],\"articleSection\":[\"Desporto\",\"Futebol\"],\"inLanguage\":\"pt-PT\"},{\"@type\":\"WebPage\",\"@id\":\"https:\/\/portaltela.pt\/noticias\/2025\/12\/14\/mariah-carey-abre-os-jogos-olimpicos-de-inverno-de-2026-3\/\",\"url\":\"https:\/\/portaltela.pt\/noticias\/2025\/12\/14\/mariah-carey-abre-os-jogos-olimpicos-de-inverno-de-2026-3\/\",\"name\":\"Mariah Carey abre os Jogos Ol\u00edmpicos de Inverno de 2026 - Portal Tela Portugal\",\"isPartOf\":{\"@id\":\"https:\/\/portaltela.pt\/#website\"},\"primaryImageOfPage\":{\"@id\":\"https:\/\/portaltela.pt\/noticias\/2025\/12\/14\/mariah-carey-abre-os-jogos-olimpicos-de-inverno-de-2026-3\/#primaryimage\"},\"image\":{\"@id\":\"https:\/\/portaltela.pt\/noticias\/2025\/12\/14\/mariah-carey-abre-os-jogos-olimpicos-de-inverno-de-2026-3\/#primaryimage\"},\"thumbnailUrl\":\"https:\/\/portaltela.pt\/s.01k8rhncp4jt1\/2025\/12\/img_1200x721uu2024-08-27-09-10-53-2289043.jpg\",\"datePublished\":\"2025-12-15T00:00:00+00:00\",\"author\":{\"@id\":\"https:\/\/portaltela.pt\/#\/schema\/person\/c4278d4a6028830caff9ee44b42d32ed\"},\"breadcrumb\":{\"@id\":\"https:\/\/portaltela.pt\/noticias\/2025\/12\/14\/mariah-carey-abre-os-jogos-olimpicos-de-inverno-de-2026-3\/#breadcrumb\"},\"inLanguage\":\"pt-PT\",\"potentialAction\":[{\"@type\":\"ReadAction\",\"target\":[\"https:\/\/portaltela.pt\/noticias\/2025\/12\/14\/mariah-carey-abre-os-jogos-olimpicos-de-inverno-de-2026-3\/\"]}]},{\"@type\":\"ImageObject\",\"inLanguage\":\"pt-PT\",\"@id\":\"https:\/\/portaltela.pt\/noticias\/2025\/12\/14\/mariah-carey-abre-os-jogos-olimpicos-de-inverno-de-2026-3\/#primaryimage\",\"url\":\"https:\/\/portaltela.pt\/s.01k8rhncp4jt1\/2025\/12\/img_1200x721uu2024-08-27-09-10-53-2289043.jpg\",\"contentUrl\":\"https:\/\/portaltela.pt\/s.01k8rhncp4jt1\/2025\/12\/img_1200x721uu2024-08-27-09-10-53-2289043.jpg\",\"width\":796,\"height\":448,\"caption\":\"Mariah Carey\"},{\"@type\":\"BreadcrumbList\",\"@id\":\"https:\/\/portaltela.pt\/noticias\/2025\/12\/14\/mariah-carey-abre-os-jogos-olimpicos-de-inverno-de-2026-3\/#breadcrumb\",\"itemListElement\":[{\"@type\":\"ListItem\",\"position\":1,\"name\":\"In\u00edcio\",\"item\":\"https:\/\/portaltela.pt\/\"},{\"@type\":\"ListItem\",\"position\":2,\"name\":\"Mariah Carey abre os Jogos Ol\u00edmpicos de Inverno de 2026\"}]},{\"@type\":\"WebSite\",\"@id\":\"https:\/\/portaltela.pt\/#website\",\"url\":\"https:\/\/portaltela.pt\/\",\"name\":\"Portal Tela Portugal\",\"description\":\"\",\"potentialAction\":[{\"@type\":\"SearchAction\",\"target\":{\"@type\":\"EntryPoint\",\"urlTemplate\":\"https:\/\/portaltela.pt\/?s={search_term_string}\"},\"query-input\":{\"@type\":\"PropertyValueSpecification\",\"valueRequired\":true,\"valueName\":\"search_term_string\"}}],\"inLanguage\":\"pt-PT\"},{\"@type\":\"Person\",\"@id\":\"https:\/\/portaltela.pt\/#\/schema\/person\/c4278d4a6028830caff9ee44b42d32ed\",\"name\":\"Telinha\",\"image\":{\"@type\":\"ImageObject\",\"inLanguage\":\"pt-PT\",\"@id\":\"https:\/\/portaltela.pt\/s.01k8rhncp4jt1\/2025\/11\/talking-bot-125x125.png\",\"url\":\"https:\/\/portaltela.pt\/s.01k8rhncp4jt1\/2025\/11\/talking-bot-125x125.png\",\"contentUrl\":\"https:\/\/portaltela.pt\/s.01k8rhncp4jt1\/2025\/11\/talking-bot-125x125.png\",\"caption\":\"Telinha\"},\"sameAs\":[\"https:\/\/portaltela.pt\/\"],\"url\":\"https:\/\/portaltela.pt\/por\/367410592786\/\"}]}<\/script>\n<!-- \/ Yoast SEO plugin. -->","yoast_head_json":{"title":"Mariah Carey abre os Jogos Ol\u00edmpicos de Inverno de 2026 - Portal Tela Portugal","robots":{"index":"index","follow":"follow","max-snippet":"max-snippet:-1","max-image-preview":"max-image-preview:large","max-video-preview":"max-video-preview:-1"},"og_locale":"pt_PT","og_type":"article","og_title":"Mariah Carey abre os Jogos Ol\u00edmpicos de Inverno de 2026 - Portal Tela Portugal","og_description":"Mariah Carey ser\u00e1 a protagonista da cerim\u00f3nia de abertura dos Jogos Ol\u00edmpicos de Inverno Mil\u00e3o\u2011Cortina 2026, a seis de fevereiro, no Est\u00e1dio Giuseppe Meazza. A organiza\u00e7\u00e3o indicou que outros participantes ser\u00e3o revelados posteriormente. A cerim\u00f3nia acontecer\u00e1 no est\u00e1dio onde atuam as equipas de futebol do AC Milan e do Inter Mil\u00e3o. A competi\u00e7\u00e3o decorre entre seis e vinte e dois de fevereiro, com alguns desportos a abrir dois dias antes. A not\u00edcia foi disponibilizada pela ag\u00eancia Lusa.","og_url":"https:\/\/portaltela.pt\/noticias\/2025\/12\/14\/mariah-carey-abre-os-jogos-olimpicos-de-inverno-de-2026-3\/","og_site_name":"Portal Tela Portugal","article_published_time":"2025-12-15T00:00:00+00:00","author":"Telinha","twitter_card":"summary_large_image","twitter_misc":{"Escrito por":"Telinha","Tempo estimado de leitura":"1 minuto"},"schema":{"@context":"https:\/\/schema.org","@graph":[{"@type":"Article","@id":"https:\/\/portaltela.pt\/noticias\/2025\/12\/14\/mariah-carey-abre-os-jogos-olimpicos-de-inverno-de-2026-3\/#article","isPartOf":{"@id":"https:\/\/portaltela.pt\/noticias\/2025\/12\/14\/mariah-carey-abre-os-jogos-olimpicos-de-inverno-de-2026-3\/"},"author":{"name":"Telinha","@id":"https:\/\/portaltela.pt\/#\/schema\/person\/c4278d4a6028830caff9ee44b42d32ed"},"headline":"Mariah Carey abre os Jogos Ol\u00edmpicos de Inverno de 2026","datePublished":"2025-12-15T00:00:00+00:00","mainEntityOfPage":{"@id":"https:\/\/portaltela.pt\/noticias\/2025\/12\/14\/mariah-carey-abre-os-jogos-olimpicos-de-inverno-de-2026-3\/"},"wordCount":252,"image":{"@id":"https:\/\/portaltela.pt\/noticias\/2025\/12\/14\/mariah-carey-abre-os-jogos-olimpicos-de-inverno-de-2026-3\/#primaryimage"},"thumbnailUrl":"https:\/\/portaltela.pt\/s.01k8rhncp4jt1\/2025\/12\/img_1200x721uu2024-08-27-09-10-53-2289043.jpg","keywords":["celebridades","desporto","Evento Desportivo do Ano","m\u00fasica","olimp\u00edadas","organiza\u00e7\u00e3o internacional"],"articleSection":["Desporto","Futebol"],"inLanguage":"pt-PT"},{"@type":"WebPage","@id":"https:\/\/portaltela.pt\/noticias\/2025\/12\/14\/mariah-carey-abre-os-jogos-olimpicos-de-inverno-de-2026-3\/","url":"https:\/\/portaltela.pt\/noticias\/2025\/12\/14\/mariah-carey-abre-os-jogos-olimpicos-de-inverno-de-2026-3\/","name":"Mariah Carey abre os Jogos Ol\u00edmpicos de Inverno de 2026 - Portal Tela Portugal","isPartOf":{"@id":"https:\/\/portaltela.pt\/#website"},"primaryImageOfPage":{"@id":"https:\/\/portaltela.pt\/noticias\/2025\/12\/14\/mariah-carey-abre-os-jogos-olimpicos-de-inverno-de-2026-3\/#primaryimage"},"image":{"@id":"https:\/\/portaltela.pt\/noticias\/2025\/12\/14\/mariah-carey-abre-os-jogos-olimpicos-de-inverno-de-2026-3\/#primaryimage"},"thumbnailUrl":"https:\/\/portaltela.pt\/s.01k8rhncp4jt1\/2025\/12\/img_1200x721uu2024-08-27-09-10-53-2289043.jpg","datePublished":"2025-12-15T00:00:00+00:00","author":{"@id":"https:\/\/portaltela.pt\/#\/schema\/person\/c4278d4a6028830caff9ee44b42d32ed"},"breadcrumb":{"@id":"https:\/\/portaltela.pt\/noticias\/2025\/12\/14\/mariah-carey-abre-os-jogos-olimpicos-de-inverno-de-2026-3\/#breadcrumb"},"inLanguage":"pt-PT","potentialAction":[{"@type":"ReadAction","target":["https:\/\/portaltela.pt\/noticias\/2025\/12\/14\/mariah-carey-abre-os-jogos-olimpicos-de-inverno-de-2026-3\/"]}]},{"@type":"ImageObject","inLanguage":"pt-PT","@id":"https:\/\/portaltela.pt\/noticias\/2025\/12\/14\/mariah-carey-abre-os-jogos-olimpicos-de-inverno-de-2026-3\/#primaryimage","url":"https:\/\/portaltela.pt\/s.01k8rhncp4jt1\/2025\/12\/img_1200x721uu2024-08-27-09-10-53-2289043.jpg","contentUrl":"https:\/\/portaltela.pt\/s.01k8rhncp4jt1\/2025\/12\/img_1200x721uu2024-08-27-09-10-53-2289043.jpg","width":796,"height":448,"caption":"Mariah Carey"},{"@type":"BreadcrumbList","@id":"https:\/\/portaltela.pt\/noticias\/2025\/12\/14\/mariah-carey-abre-os-jogos-olimpicos-de-inverno-de-2026-3\/#breadcrumb","itemListElement":[{"@type":"ListItem","position":1,"name":"In\u00edcio","item":"https:\/\/portaltela.pt\/"},{"@type":"ListItem","position":2,"name":"Mariah Carey abre os Jogos Ol\u00edmpicos de Inverno de 2026"}]},{"@type":"WebSite","@id":"https:\/\/portaltela.pt\/#website","url":"https:\/\/portaltela.pt\/","name":"Portal Tela Portugal","description":"","potentialAction":[{"@type":"SearchAction","target":{"@type":"EntryPoint","urlTemplate":"https:\/\/portaltela.pt\/?s={search_term_string}"},"query-input":{"@type":"PropertyValueSpecification","valueRequired":true,"valueName":"search_term_string"}}],"inLanguage":"pt-PT"},{"@type":"Person","@id":"https:\/\/portaltela.pt\/#\/schema\/person\/c4278d4a6028830caff9ee44b42d32ed","name":"Telinha","image":{"@type":"ImageObject","inLanguage":"pt-PT","@id":"https:\/\/portaltela.pt\/s.01k8rhncp4jt1\/2025\/11\/talking-bot-125x125.png","url":"https:\/\/portaltela.pt\/s.01k8rhncp4jt1\/2025\/11\/talking-bot-125x125.png","contentUrl":"https:\/\/portaltela.pt\/s.01k8rhncp4jt1\/2025\/11\/talking-bot-125x125.png","caption":"Telinha"},"sameAs":["https:\/\/portaltela.pt\/"],"url":"https:\/\/portaltela.pt\/por\/367410592786\/"}]}},"_links":{"self":[{"href":"https:\/\/portaltela.pt\/api\/wp\/v2\/posts\/76574","targetHints":{"allow":["GET"]}}],"collection":[{"href":"https:\/\/portaltela.pt\/api\/wp\/v2\/posts"}],"about":[{"href":"https:\/\/portaltela.pt\/api\/wp\/v2\/types\/post"}],"author":[{"embeddable":true,"href":"https:\/\/portaltela.pt\/api\/wp\/v2\/users\/2"}],"replies":[{"embeddable":true,"href":"https:\/\/portaltela.pt\/api\/wp\/v2\/comments?post=76574"}],"version-history":[{"count":0,"href":"https:\/\/portaltela.pt\/api\/wp\/v2\/posts\/76574\/revisions"}],"wp:featuredmedia":[{"embeddable":true,"href":"https:\/\/portaltela.pt\/api\/wp\/v2\/media\/76576"}],"wp:attachment":[{"href":"https:\/\/portaltela.pt\/api\/wp\/v2\/media?parent=76574"}],"wp:term":[{"taxonomy":"category","embeddable":true,"href":"https:\/\/portaltela.pt\/api\/wp\/v2\/categories?post=76574"},{"taxonomy":"post_tag","embeddable":true,"href":"https:\/\/portaltela.pt\/api\/wp\/v2\/tags?post=76574"}],"curies":[{"name":"wp","href":"https:\/\/api.w.org\/{rel}","templated":true}]}}