{"id":76164,"date":"2025-12-15T06:00:00","date_gmt":"2025-12-15T09:00:00","guid":{"rendered":"https:\/\/portaltela.pt\/noticias\/2025\/12\/15\/chega-aprova-propostas-contra-abuso-de-menores-e-mutilacao-genital-feminina\/"},"modified":"2025-12-15T06:00:00","modified_gmt":"2025-12-15T09:00:00","slug":"chega-aprova-propostas-contra-abuso-de-menores-e-mutilacao-genital-feminina","status":"publish","type":"post","link":"https:\/\/portaltela.pt\/noticias\/politica\/2025\/12\/15\/chega-aprova-propostas-contra-abuso-de-menores-e-mutilacao-genital-feminina\/","title":{"rendered":"CHEGA aprova propostas contra abuso de menores e mutila\u00e7\u00e3o genital feminina"},"content":{"rendered":"<p>O Chega na Assembleia da Rep\u00fablica conseguiu aprovar medidas que visam campanhas nacionais de combate ao abuso sexual de menores e de preven\u00e7\u00e3o da mutila\u00e7\u00e3o genital feminina. As propostas integram a discuss\u00e3o no \u00e2mbito do Or\u00e7amento de Estado para 2026, com contexto de apoio de PSD e CDS.<\/p>\n<p>Segundo o grupo parlamentar, as iniciativas s\u00e3o consideradas priorit\u00e1rias para proteger crian\u00e7as e jovens em todo o territ\u00f3rio. A nota destaca a preven\u00e7\u00e3o, forma\u00e7\u00e3o especializada e informa\u00e7\u00e3o p\u00fablica como fundamentais para impedir estas pr\u00e1ticas.<\/p>\n<p>Na linha de frente, o Chega sustenta que n\u00e3o h\u00e1 espa\u00e7o para relativismo cultural quando se trata de direitos humanos. O partido refor\u00e7a que o abuso sexual e a mutila\u00e7\u00e3o genital s\u00e3o crimes b\u00e1rbaros e inaceit\u00e1veis, a defender sempre uma resposta firme do Governo.<\/p>\n<h3>Progresso parlamentar<\/h3>\n<p>A proposta sobre mutila\u00e7\u00e3o genital feminina foi aprovada a 26 de novembro, com voto favor\u00e1vel de PSD e CDS e oposi\u00e7\u00e3o de PS, mais absten\u00e7\u00f5es de Livre, PCP e IL. A medida exige campanhas nacionais de preven\u00e7\u00e3o e den\u00fancia.<\/p>\n<p>A proposta sobre abuso sexual de menores teve aprova\u00e7\u00e3o no seguimento, cerca de 20 dias antes, tamb\u00e9m integrada no debate do Or\u00e7amento de 2026. Ambas as iniciativas visam refor\u00e7ar mecanismos de vigil\u00e2ncia e forma\u00e7\u00e3o.<\/p>\n<h3>Contexto adicional<\/h3>\n<p>Francisco Gomes, deputado do Chega pela Madeira, emite comunica\u00e7\u00e3o em que refor\u00e7a a necessidade de atua\u00e7\u00e3o estatal firme. A posi\u00e7\u00e3o do partido \u00e9 de promover campanhas e formas de den\u00fancia para reduzir crimes contra menores em Portugal.<\/p>\n","protected":false},"excerpt":{"rendered":"<ul>\n<li>O Chega aprovou legisla\u00e7\u00e3o que determina a cria\u00e7\u00e3o de campanhas nacionais de combate ao abuso sexual de menores e de preven\u00e7\u00e3o da mutila\u00e7\u00e3o genital feminina, no \u00e2mbito da especialidade do Or\u00e7amento de Estado para 2026.<\/li>\n<li>A proposta sobre mutila\u00e7\u00e3o genital feminina ficou aprovada a 26 de novembro, com votos favor\u00e1veis do PSD e CDS, e contra do PS, com absten\u00e7\u00f5es de Livre, PCP e IL.<\/li>\n<li>A proposta sobre abuso sexual de menores foi aprovada na sequ\u00eancia, h\u00e1 cerca de vinte dias, integrada na mesma discuss\u00e3o or\u00e7amental de 2026.<\/li>\n<li>Francisco Gomes, deputado do Chega, disse que as medidas s\u00e3o priorit\u00e1rias e que a preven\u00e7\u00e3o, a forma\u00e7\u00e3o especializada e a informa\u00e7\u00e3o p\u00fablica s\u00e3o fundamentais para impedir estas pr\u00e1ticas.<\/li>\n<li>O Chega sublinha a prote\u00e7\u00e3o de crian\u00e7as como absoluta, rejeita relativismo cultural e alerta que a globaliza\u00e7\u00e3o pode trazer pr\u00e1ticas contr\u00e1rias aos valores nacionais, defendendo vigil\u00e2ncia, preven\u00e7\u00e3o e mecanismos de den\u00fancia.<\/li>\n<\/ul>\n","protected":false},"author":2,"featured_media":76168,"comment_status":"closed","ping_status":"closed","sticky":false,"template":"","format":"standard","meta":{"footnotes":""},"categories":[5],"tags":[208,199,177,1414,806,173],"class_list":["post-76164","post","type-post","status-publish","format-standard","has-post-thumbnail","hentry","category-politica","tag-abuso-de-menores-dependentes","tag-abuso-sexual-de-menor-dependente-ou-em-situacao-vulneravel","tag-crimes","tag-mutilacao-genital-feminina","tag-protecao-publica","tag-protecao-social"],"yoast_head":"<!-- This site is optimized with the Yoast SEO plugin v27.2 - https:\/\/yoast.com\/product\/yoast-seo-wordpress\/ -->\n<title>CHEGA aprova propostas contra abuso de menores e mutila\u00e7\u00e3o genital feminina - Portal Tela Portugal<\/title>\n<meta name=\"robots\" content=\"index, follow, max-snippet:-1, max-image-preview:large, max-video-preview:-1\" \/>\n<meta property=\"og:locale\" content=\"pt_PT\" \/>\n<meta property=\"og:type\" content=\"article\" \/>\n<meta property=\"og:title\" content=\"CHEGA aprova propostas contra abuso de menores e mutila\u00e7\u00e3o genital feminina - Portal Tela Portugal\" \/>\n<meta property=\"og:description\" content=\"O Chega aprovou legisla\u00e7\u00e3o que determina a cria\u00e7\u00e3o de campanhas nacionais de combate ao abuso sexual de menores e de preven\u00e7\u00e3o da mutila\u00e7\u00e3o genital feminina, no \u00e2mbito da especialidade do Or\u00e7amento de Estado para 2026. A proposta sobre mutila\u00e7\u00e3o genital feminina ficou aprovada a 26 de novembro, com votos favor\u00e1veis do PSD e CDS, e contra do PS, com absten\u00e7\u00f5es de Livre, PCP e IL. A proposta sobre abuso sexual de menores foi aprovada na sequ\u00eancia, h\u00e1 cerca de vinte dias, integrada na mesma discuss\u00e3o or\u00e7amental de 2026. Francisco Gomes, deputado do Chega, disse que as medidas s\u00e3o priorit\u00e1rias e que a preven\u00e7\u00e3o, a forma\u00e7\u00e3o especializada e a informa\u00e7\u00e3o p\u00fablica s\u00e3o fundamentais para impedir estas pr\u00e1ticas. O Chega sublinha a prote\u00e7\u00e3o de crian\u00e7as como absoluta, rejeita relativismo cultural e alerta que a globaliza\u00e7\u00e3o pode trazer pr\u00e1ticas contr\u00e1rias aos valores nacionais, defendendo vigil\u00e2ncia, preven\u00e7\u00e3o e mecanismos de den\u00fancia.\" \/>\n<meta property=\"og:url\" content=\"https:\/\/portaltela.pt\/noticias\/2025\/12\/15\/chega-aprova-propostas-contra-abuso-de-menores-e-mutilacao-genital-feminina\/\" \/>\n<meta property=\"og:site_name\" content=\"Portal Tela Portugal\" \/>\n<meta property=\"article:published_time\" content=\"2025-12-15T09:00:00+00:00\" \/>\n<meta name=\"author\" content=\"Telinha\" \/>\n<meta name=\"twitter:card\" content=\"summary_large_image\" \/>\n<meta name=\"twitter:label1\" content=\"Escrito por\" \/>\n\t<meta name=\"twitter:data1\" content=\"Telinha\" \/>\n\t<meta name=\"twitter:label2\" content=\"Tempo estimado de leitura\" \/>\n\t<meta name=\"twitter:data2\" content=\"1 minuto\" \/>\n<script type=\"application\/ld+json\" class=\"yoast-schema-graph\">{\"@context\":\"https:\/\/schema.org\",\"@graph\":[{\"@type\":\"Article\",\"@id\":\"https:\/\/portaltela.pt\/noticias\/2025\/12\/15\/chega-aprova-propostas-contra-abuso-de-menores-e-mutilacao-genital-feminina\/#article\",\"isPartOf\":{\"@id\":\"https:\/\/portaltela.pt\/noticias\/2025\/12\/15\/chega-aprova-propostas-contra-abuso-de-menores-e-mutilacao-genital-feminina\/\"},\"author\":{\"name\":\"Telinha\",\"@id\":\"https:\/\/portaltela.pt\/#\/schema\/person\/c4278d4a6028830caff9ee44b42d32ed\"},\"headline\":\"CHEGA aprova propostas contra abuso de menores e mutila\u00e7\u00e3o genital feminina\",\"datePublished\":\"2025-12-15T09:00:00+00:00\",\"mainEntityOfPage\":{\"@id\":\"https:\/\/portaltela.pt\/noticias\/2025\/12\/15\/chega-aprova-propostas-contra-abuso-de-menores-e-mutilacao-genital-feminina\/\"},\"wordCount\":285,\"image\":{\"@id\":\"https:\/\/portaltela.pt\/noticias\/2025\/12\/15\/chega-aprova-propostas-contra-abuso-de-menores-e-mutilacao-genital-feminina\/#primaryimage\"},\"thumbnailUrl\":\"https:\/\/portaltela.pt\/s.01k8rhncp4jt1\/2025\/12\/IMG-20251110-WA0028.jpg\",\"keywords\":[\"abuso de menores dependentes\",\"abuso sexual de menor dependente ou em situa\u00e7\u00e3o vulner\u00e1vel\",\"crimes\",\"mutila\u00e7\u00e3o genital feminina\",\"prote\u00e7\u00e3o p\u00fablica\",\"prote\u00e7\u00e3o social\"],\"articleSection\":[\"Pol\u00edtica\"],\"inLanguage\":\"pt-PT\"},{\"@type\":\"WebPage\",\"@id\":\"https:\/\/portaltela.pt\/noticias\/2025\/12\/15\/chega-aprova-propostas-contra-abuso-de-menores-e-mutilacao-genital-feminina\/\",\"url\":\"https:\/\/portaltela.pt\/noticias\/2025\/12\/15\/chega-aprova-propostas-contra-abuso-de-menores-e-mutilacao-genital-feminina\/\",\"name\":\"CHEGA aprova propostas contra abuso de menores e mutila\u00e7\u00e3o genital feminina - Portal Tela Portugal\",\"isPartOf\":{\"@id\":\"https:\/\/portaltela.pt\/#website\"},\"primaryImageOfPage\":{\"@id\":\"https:\/\/portaltela.pt\/noticias\/2025\/12\/15\/chega-aprova-propostas-contra-abuso-de-menores-e-mutilacao-genital-feminina\/#primaryimage\"},\"image\":{\"@id\":\"https:\/\/portaltela.pt\/noticias\/2025\/12\/15\/chega-aprova-propostas-contra-abuso-de-menores-e-mutilacao-genital-feminina\/#primaryimage\"},\"thumbnailUrl\":\"https:\/\/portaltela.pt\/s.01k8rhncp4jt1\/2025\/12\/IMG-20251110-WA0028.jpg\",\"datePublished\":\"2025-12-15T09:00:00+00:00\",\"author\":{\"@id\":\"https:\/\/portaltela.pt\/#\/schema\/person\/c4278d4a6028830caff9ee44b42d32ed\"},\"breadcrumb\":{\"@id\":\"https:\/\/portaltela.pt\/noticias\/2025\/12\/15\/chega-aprova-propostas-contra-abuso-de-menores-e-mutilacao-genital-feminina\/#breadcrumb\"},\"inLanguage\":\"pt-PT\",\"potentialAction\":[{\"@type\":\"ReadAction\",\"target\":[\"https:\/\/portaltela.pt\/noticias\/2025\/12\/15\/chega-aprova-propostas-contra-abuso-de-menores-e-mutilacao-genital-feminina\/\"]}]},{\"@type\":\"ImageObject\",\"inLanguage\":\"pt-PT\",\"@id\":\"https:\/\/portaltela.pt\/noticias\/2025\/12\/15\/chega-aprova-propostas-contra-abuso-de-menores-e-mutilacao-genital-feminina\/#primaryimage\",\"url\":\"https:\/\/portaltela.pt\/s.01k8rhncp4jt1\/2025\/12\/IMG-20251110-WA0028.jpg\",\"contentUrl\":\"https:\/\/portaltela.pt\/s.01k8rhncp4jt1\/2025\/12\/IMG-20251110-WA0028.jpg\",\"width\":796,\"height\":448,\"caption\":\"Di\u00e1rio de Not\u00edcias da Madeira\"},{\"@type\":\"BreadcrumbList\",\"@id\":\"https:\/\/portaltela.pt\/noticias\/2025\/12\/15\/chega-aprova-propostas-contra-abuso-de-menores-e-mutilacao-genital-feminina\/#breadcrumb\",\"itemListElement\":[{\"@type\":\"ListItem\",\"position\":1,\"name\":\"In\u00edcio\",\"item\":\"https:\/\/portaltela.pt\/\"},{\"@type\":\"ListItem\",\"position\":2,\"name\":\"CHEGA aprova propostas contra abuso de menores e mutila\u00e7\u00e3o genital feminina\"}]},{\"@type\":\"WebSite\",\"@id\":\"https:\/\/portaltela.pt\/#website\",\"url\":\"https:\/\/portaltela.pt\/\",\"name\":\"Portal Tela Portugal\",\"description\":\"\",\"potentialAction\":[{\"@type\":\"SearchAction\",\"target\":{\"@type\":\"EntryPoint\",\"urlTemplate\":\"https:\/\/portaltela.pt\/?s={search_term_string}\"},\"query-input\":{\"@type\":\"PropertyValueSpecification\",\"valueRequired\":true,\"valueName\":\"search_term_string\"}}],\"inLanguage\":\"pt-PT\"},{\"@type\":\"Person\",\"@id\":\"https:\/\/portaltela.pt\/#\/schema\/person\/c4278d4a6028830caff9ee44b42d32ed\",\"name\":\"Telinha\",\"image\":{\"@type\":\"ImageObject\",\"inLanguage\":\"pt-PT\",\"@id\":\"https:\/\/portaltela.pt\/s.01k8rhncp4jt1\/2025\/11\/talking-bot-125x125.png\",\"url\":\"https:\/\/portaltela.pt\/s.01k8rhncp4jt1\/2025\/11\/talking-bot-125x125.png\",\"contentUrl\":\"https:\/\/portaltela.pt\/s.01k8rhncp4jt1\/2025\/11\/talking-bot-125x125.png\",\"caption\":\"Telinha\"},\"sameAs\":[\"https:\/\/portaltela.pt\/\"],\"url\":\"https:\/\/portaltela.pt\/por\/367410592786\/\"}]}<\/script>\n<!-- \/ Yoast SEO plugin. -->","yoast_head_json":{"title":"CHEGA aprova propostas contra abuso de menores e mutila\u00e7\u00e3o genital feminina - Portal Tela Portugal","robots":{"index":"index","follow":"follow","max-snippet":"max-snippet:-1","max-image-preview":"max-image-preview:large","max-video-preview":"max-video-preview:-1"},"og_locale":"pt_PT","og_type":"article","og_title":"CHEGA aprova propostas contra abuso de menores e mutila\u00e7\u00e3o genital feminina - Portal Tela Portugal","og_description":"O Chega aprovou legisla\u00e7\u00e3o que determina a cria\u00e7\u00e3o de campanhas nacionais de combate ao abuso sexual de menores e de preven\u00e7\u00e3o da mutila\u00e7\u00e3o genital feminina, no \u00e2mbito da especialidade do Or\u00e7amento de Estado para 2026. A proposta sobre mutila\u00e7\u00e3o genital feminina ficou aprovada a 26 de novembro, com votos favor\u00e1veis do PSD e CDS, e contra do PS, com absten\u00e7\u00f5es de Livre, PCP e IL. A proposta sobre abuso sexual de menores foi aprovada na sequ\u00eancia, h\u00e1 cerca de vinte dias, integrada na mesma discuss\u00e3o or\u00e7amental de 2026. Francisco Gomes, deputado do Chega, disse que as medidas s\u00e3o priorit\u00e1rias e que a preven\u00e7\u00e3o, a forma\u00e7\u00e3o especializada e a informa\u00e7\u00e3o p\u00fablica s\u00e3o fundamentais para impedir estas pr\u00e1ticas. O Chega sublinha a prote\u00e7\u00e3o de crian\u00e7as como absoluta, rejeita relativismo cultural e alerta que a globaliza\u00e7\u00e3o pode trazer pr\u00e1ticas contr\u00e1rias aos valores nacionais, defendendo vigil\u00e2ncia, preven\u00e7\u00e3o e mecanismos de den\u00fancia.","og_url":"https:\/\/portaltela.pt\/noticias\/2025\/12\/15\/chega-aprova-propostas-contra-abuso-de-menores-e-mutilacao-genital-feminina\/","og_site_name":"Portal Tela Portugal","article_published_time":"2025-12-15T09:00:00+00:00","author":"Telinha","twitter_card":"summary_large_image","twitter_misc":{"Escrito por":"Telinha","Tempo estimado de leitura":"1 minuto"},"schema":{"@context":"https:\/\/schema.org","@graph":[{"@type":"Article","@id":"https:\/\/portaltela.pt\/noticias\/2025\/12\/15\/chega-aprova-propostas-contra-abuso-de-menores-e-mutilacao-genital-feminina\/#article","isPartOf":{"@id":"https:\/\/portaltela.pt\/noticias\/2025\/12\/15\/chega-aprova-propostas-contra-abuso-de-menores-e-mutilacao-genital-feminina\/"},"author":{"name":"Telinha","@id":"https:\/\/portaltela.pt\/#\/schema\/person\/c4278d4a6028830caff9ee44b42d32ed"},"headline":"CHEGA aprova propostas contra abuso de menores e mutila\u00e7\u00e3o genital feminina","datePublished":"2025-12-15T09:00:00+00:00","mainEntityOfPage":{"@id":"https:\/\/portaltela.pt\/noticias\/2025\/12\/15\/chega-aprova-propostas-contra-abuso-de-menores-e-mutilacao-genital-feminina\/"},"wordCount":285,"image":{"@id":"https:\/\/portaltela.pt\/noticias\/2025\/12\/15\/chega-aprova-propostas-contra-abuso-de-menores-e-mutilacao-genital-feminina\/#primaryimage"},"thumbnailUrl":"https:\/\/portaltela.pt\/s.01k8rhncp4jt1\/2025\/12\/IMG-20251110-WA0028.jpg","keywords":["abuso de menores dependentes","abuso sexual de menor dependente ou em situa\u00e7\u00e3o vulner\u00e1vel","crimes","mutila\u00e7\u00e3o genital feminina","prote\u00e7\u00e3o p\u00fablica","prote\u00e7\u00e3o social"],"articleSection":["Pol\u00edtica"],"inLanguage":"pt-PT"},{"@type":"WebPage","@id":"https:\/\/portaltela.pt\/noticias\/2025\/12\/15\/chega-aprova-propostas-contra-abuso-de-menores-e-mutilacao-genital-feminina\/","url":"https:\/\/portaltela.pt\/noticias\/2025\/12\/15\/chega-aprova-propostas-contra-abuso-de-menores-e-mutilacao-genital-feminina\/","name":"CHEGA aprova propostas contra abuso de menores e mutila\u00e7\u00e3o genital feminina - Portal Tela Portugal","isPartOf":{"@id":"https:\/\/portaltela.pt\/#website"},"primaryImageOfPage":{"@id":"https:\/\/portaltela.pt\/noticias\/2025\/12\/15\/chega-aprova-propostas-contra-abuso-de-menores-e-mutilacao-genital-feminina\/#primaryimage"},"image":{"@id":"https:\/\/portaltela.pt\/noticias\/2025\/12\/15\/chega-aprova-propostas-contra-abuso-de-menores-e-mutilacao-genital-feminina\/#primaryimage"},"thumbnailUrl":"https:\/\/portaltela.pt\/s.01k8rhncp4jt1\/2025\/12\/IMG-20251110-WA0028.jpg","datePublished":"2025-12-15T09:00:00+00:00","author":{"@id":"https:\/\/portaltela.pt\/#\/schema\/person\/c4278d4a6028830caff9ee44b42d32ed"},"breadcrumb":{"@id":"https:\/\/portaltela.pt\/noticias\/2025\/12\/15\/chega-aprova-propostas-contra-abuso-de-menores-e-mutilacao-genital-feminina\/#breadcrumb"},"inLanguage":"pt-PT","potentialAction":[{"@type":"ReadAction","target":["https:\/\/portaltela.pt\/noticias\/2025\/12\/15\/chega-aprova-propostas-contra-abuso-de-menores-e-mutilacao-genital-feminina\/"]}]},{"@type":"ImageObject","inLanguage":"pt-PT","@id":"https:\/\/portaltela.pt\/noticias\/2025\/12\/15\/chega-aprova-propostas-contra-abuso-de-menores-e-mutilacao-genital-feminina\/#primaryimage","url":"https:\/\/portaltela.pt\/s.01k8rhncp4jt1\/2025\/12\/IMG-20251110-WA0028.jpg","contentUrl":"https:\/\/portaltela.pt\/s.01k8rhncp4jt1\/2025\/12\/IMG-20251110-WA0028.jpg","width":796,"height":448,"caption":"Di\u00e1rio de Not\u00edcias da Madeira"},{"@type":"BreadcrumbList","@id":"https:\/\/portaltela.pt\/noticias\/2025\/12\/15\/chega-aprova-propostas-contra-abuso-de-menores-e-mutilacao-genital-feminina\/#breadcrumb","itemListElement":[{"@type":"ListItem","position":1,"name":"In\u00edcio","item":"https:\/\/portaltela.pt\/"},{"@type":"ListItem","position":2,"name":"CHEGA aprova propostas contra abuso de menores e mutila\u00e7\u00e3o genital feminina"}]},{"@type":"WebSite","@id":"https:\/\/portaltela.pt\/#website","url":"https:\/\/portaltela.pt\/","name":"Portal Tela Portugal","description":"","potentialAction":[{"@type":"SearchAction","target":{"@type":"EntryPoint","urlTemplate":"https:\/\/portaltela.pt\/?s={search_term_string}"},"query-input":{"@type":"PropertyValueSpecification","valueRequired":true,"valueName":"search_term_string"}}],"inLanguage":"pt-PT"},{"@type":"Person","@id":"https:\/\/portaltela.pt\/#\/schema\/person\/c4278d4a6028830caff9ee44b42d32ed","name":"Telinha","image":{"@type":"ImageObject","inLanguage":"pt-PT","@id":"https:\/\/portaltela.pt\/s.01k8rhncp4jt1\/2025\/11\/talking-bot-125x125.png","url":"https:\/\/portaltela.pt\/s.01k8rhncp4jt1\/2025\/11\/talking-bot-125x125.png","contentUrl":"https:\/\/portaltela.pt\/s.01k8rhncp4jt1\/2025\/11\/talking-bot-125x125.png","caption":"Telinha"},"sameAs":["https:\/\/portaltela.pt\/"],"url":"https:\/\/portaltela.pt\/por\/367410592786\/"}]}},"_links":{"self":[{"href":"https:\/\/portaltela.pt\/api\/wp\/v2\/posts\/76164","targetHints":{"allow":["GET"]}}],"collection":[{"href":"https:\/\/portaltela.pt\/api\/wp\/v2\/posts"}],"about":[{"href":"https:\/\/portaltela.pt\/api\/wp\/v2\/types\/post"}],"author":[{"embeddable":true,"href":"https:\/\/portaltela.pt\/api\/wp\/v2\/users\/2"}],"replies":[{"embeddable":true,"href":"https:\/\/portaltela.pt\/api\/wp\/v2\/comments?post=76164"}],"version-history":[{"count":0,"href":"https:\/\/portaltela.pt\/api\/wp\/v2\/posts\/76164\/revisions"}],"wp:featuredmedia":[{"embeddable":true,"href":"https:\/\/portaltela.pt\/api\/wp\/v2\/media\/76168"}],"wp:attachment":[{"href":"https:\/\/portaltela.pt\/api\/wp\/v2\/media?parent=76164"}],"wp:term":[{"taxonomy":"category","embeddable":true,"href":"https:\/\/portaltela.pt\/api\/wp\/v2\/categories?post=76164"},{"taxonomy":"post_tag","embeddable":true,"href":"https:\/\/portaltela.pt\/api\/wp\/v2\/tags?post=76164"}],"curies":[{"name":"wp","href":"https:\/\/api.w.org\/{rel}","templated":true}]}}