{"id":75462,"date":"2025-12-14T18:13:00","date_gmt":"2025-12-14T21:13:00","guid":{"rendered":"https:\/\/portaltela.pt\/noticias\/2025\/12\/14\/advogado-tera-admitido-abusos-a-duas-criancas\/"},"modified":"2025-12-14T18:13:00","modified_gmt":"2025-12-14T21:13:00","slug":"advogado-tera-admitido-abusos-a-duas-criancas","status":"publish","type":"post","link":"https:\/\/portaltela.pt\/noticias\/2025\/12\/14\/advogado-tera-admitido-abusos-a-duas-criancas\/","title":{"rendered":"Advogado ter\u00e1 admitido abusos a duas crian\u00e7as"},"content":{"rendered":"<p>O advogado Paulo Abreu dos Santos, adjunto da ex-ministra da Justi\u00e7a Catarina Sarmento e Castro, foi detido pela Pol\u00edcia Judici\u00e1ria (PJ) e indiciado por crimes sexuais contra crian\u00e7as. Buscas foram realizadas em casa e na sociedade de advogados Ana Bruno &amp; Associados. A deten\u00e7\u00e3o ocorreu no fim de semana.<\/p>\n<p>Segundo a CNN Portugal, o arguido confessou num interrogat\u00f3rio que abusou de duas crian\u00e7as portuguesas com cerca de 10 anos. A PJ investiga a exist\u00eancia de uma poss\u00edvel rede nacional de pedofilia e a possibilidade de contactos com outros ped\u00f3filos.<\/p>\n<p>A PJ est\u00e1 a identificar as v\u00edtimas para que sejam ouvidas no inqu\u00e9rito aberto ao antigo adjunto da ex-ministra. Al\u00e9m das den\u00fancias, foram recolhidos cerca de 500 ficheiros de pornografia infantil, incluindo v\u00eddeos dos abusos.<\/p>\n<p>As investiga\u00e7\u00f5es visam ainda perceber se Abreu dos Santos mantinha contacto com outros envolvidos no pa\u00eds. A este respeito, a PJ quer aceder ao telem\u00f3vel do arguido para localizar eventuais liga\u00e7\u00f5es relevantes para o caso.<\/p>\n<p>Paulo Abreu dos Santos, 38 anos, ficou em pris\u00e3o preventiva ap\u00f3s a deten\u00e7\u00e3o, realizada pela PJ em colabora\u00e7\u00e3o com o DIAP de Lisboa. A firma de advogados indicou que realizar\u00e1 uma investiga\u00e7\u00e3o interna exaustiva.<\/p>\n","protected":false},"excerpt":{"rendered":"<ul>\n<li>O advogado Paulo Abreu dos Santos, adjunto da ex-ministra da Justi\u00e7a Catarina Sarmento e Castro, foi detido e indiciado por crimes sexuais contra menores, com buscas na casa e na sociedade de advogados Ana Bruno &amp; Associados.<\/li>\n<li>Segundo a CNN Portugal, confessou, num interrogat\u00f3rio conduzido por um juiz, ter abusado de duas crian\u00e7as portuguesas com cerca de dez anos.<\/li>\n<li>A Pol\u00edcia Judici\u00e1ria est\u00e1 a tentar identificar as v\u00edtimas e obter o telem\u00f3vel para evid\u00eancias, suspeitando de uma rede nacional de pedofilia.<\/li>\n<li>Em posse do suspeito foram encontrados cerca de 500 ficheiros de pornografia infantil, incluindo v\u00eddeos que o teriam mostrado a abusar das crian\u00e7as.<\/li>\n<li>Paulo Abreu dos Santos, de 38 anos, ficou em pris\u00e3o preventiva; a firma de advogados abriu uma investiga\u00e7\u00e3o interna e ele j\u00e1 tinha atuado como assistente convidado na Faculdade de Direito da Universidade de Lisboa.<\/li>\n<\/ul>\n","protected":false},"author":2,"featured_media":75464,"comment_status":"closed","ping_status":"closed","sticky":false,"template":"","format":"standard","meta":{"footnotes":""},"categories":[1],"tags":[657,147,1318,217,803,1091],"class_list":["post-75462","post","type-post","status-publish","format-standard","has-post-thumbnail","hentry","category-noticias","tag-abuso-de-sexual-de-menor-dependente-ou-em-situacao-vulneravel","tag-crime","tag-exploracao-sexual-de-menor-dependente-ou-em-situacao-vulneravel","tag-investigacao-criminal","tag-justica","tag-pornografia-de-menores-agravada"],"yoast_head":"<!-- This site is optimized with the Yoast SEO plugin v27.2 - https:\/\/yoast.com\/product\/yoast-seo-wordpress\/ -->\n<title>Advogado ter\u00e1 admitido abusos a duas crian\u00e7as - Portal Tela Portugal<\/title>\n<meta name=\"robots\" content=\"index, follow, max-snippet:-1, max-image-preview:large, max-video-preview:-1\" \/>\n<meta property=\"og:locale\" content=\"pt_PT\" \/>\n<meta property=\"og:type\" content=\"article\" \/>\n<meta property=\"og:title\" content=\"Advogado ter\u00e1 admitido abusos a duas crian\u00e7as - Portal Tela Portugal\" \/>\n<meta property=\"og:description\" content=\"O advogado Paulo Abreu dos Santos, adjunto da ex-ministra da Justi\u00e7a Catarina Sarmento e Castro, foi detido e indiciado por crimes sexuais contra menores, com buscas na casa e na sociedade de advogados Ana Bruno &amp; Associados. Segundo a CNN Portugal, confessou, num interrogat\u00f3rio conduzido por um juiz, ter abusado de duas crian\u00e7as portuguesas com cerca de dez anos. A Pol\u00edcia Judici\u00e1ria est\u00e1 a tentar identificar as v\u00edtimas e obter o telem\u00f3vel para evid\u00eancias, suspeitando de uma rede nacional de pedofilia. Em posse do suspeito foram encontrados cerca de 500 ficheiros de pornografia infantil, incluindo v\u00eddeos que o teriam mostrado a abusar das crian\u00e7as. Paulo Abreu dos Santos, de 38 anos, ficou em pris\u00e3o preventiva; a firma de advogados abriu uma investiga\u00e7\u00e3o interna e ele j\u00e1 tinha atuado como assistente convidado na Faculdade de Direito da Universidade de Lisboa.\" \/>\n<meta property=\"og:url\" content=\"https:\/\/portaltela.pt\/noticias\/2025\/12\/14\/advogado-tera-admitido-abusos-a-duas-criancas\/\" \/>\n<meta property=\"og:site_name\" content=\"Portal Tela Portugal\" \/>\n<meta property=\"article:published_time\" content=\"2025-12-14T21:13:00+00:00\" \/>\n<meta name=\"author\" content=\"Telinha\" \/>\n<meta name=\"twitter:card\" content=\"summary_large_image\" \/>\n<meta name=\"twitter:label1\" content=\"Escrito por\" \/>\n\t<meta name=\"twitter:data1\" content=\"Telinha\" \/>\n\t<meta name=\"twitter:label2\" content=\"Tempo estimado de leitura\" \/>\n\t<meta name=\"twitter:data2\" content=\"1 minuto\" \/>\n<script type=\"application\/ld+json\" class=\"yoast-schema-graph\">{\"@context\":\"https:\/\/schema.org\",\"@graph\":[{\"@type\":\"Article\",\"@id\":\"https:\/\/portaltela.pt\/noticias\/2025\/12\/14\/advogado-tera-admitido-abusos-a-duas-criancas\/#article\",\"isPartOf\":{\"@id\":\"https:\/\/portaltela.pt\/noticias\/2025\/12\/14\/advogado-tera-admitido-abusos-a-duas-criancas\/\"},\"author\":{\"name\":\"Telinha\",\"@id\":\"https:\/\/portaltela.pt\/#\/schema\/person\/c4278d4a6028830caff9ee44b42d32ed\"},\"headline\":\"Advogado ter\u00e1 admitido abusos a duas crian\u00e7as\",\"datePublished\":\"2025-12-14T21:13:00+00:00\",\"mainEntityOfPage\":{\"@id\":\"https:\/\/portaltela.pt\/noticias\/2025\/12\/14\/advogado-tera-admitido-abusos-a-duas-criancas\/\"},\"wordCount\":222,\"image\":{\"@id\":\"https:\/\/portaltela.pt\/noticias\/2025\/12\/14\/advogado-tera-admitido-abusos-a-duas-criancas\/#primaryimage\"},\"thumbnailUrl\":\"https:\/\/portaltela.pt\/s.01k8rhncp4jt1\/2025\/12\/equipa-paulo-abreu-santos-1.jpg\",\"keywords\":[\"abuso de sexual de menor dependente ou em situa\u00e7\u00e3o vulner\u00e1vel\",\"crime\",\"explora\u00e7\u00e3o sexual de menor dependente ou em situa\u00e7\u00e3o vulner\u00e1vel\",\"investiga\u00e7\u00e3o criminal\",\"justi\u00e7a\",\"pornografia de menores agravada\"],\"articleSection\":[\"Not\u00edcias\"],\"inLanguage\":\"pt-PT\"},{\"@type\":\"WebPage\",\"@id\":\"https:\/\/portaltela.pt\/noticias\/2025\/12\/14\/advogado-tera-admitido-abusos-a-duas-criancas\/\",\"url\":\"https:\/\/portaltela.pt\/noticias\/2025\/12\/14\/advogado-tera-admitido-abusos-a-duas-criancas\/\",\"name\":\"Advogado ter\u00e1 admitido abusos a duas crian\u00e7as - Portal Tela Portugal\",\"isPartOf\":{\"@id\":\"https:\/\/portaltela.pt\/#website\"},\"primaryImageOfPage\":{\"@id\":\"https:\/\/portaltela.pt\/noticias\/2025\/12\/14\/advogado-tera-admitido-abusos-a-duas-criancas\/#primaryimage\"},\"image\":{\"@id\":\"https:\/\/portaltela.pt\/noticias\/2025\/12\/14\/advogado-tera-admitido-abusos-a-duas-criancas\/#primaryimage\"},\"thumbnailUrl\":\"https:\/\/portaltela.pt\/s.01k8rhncp4jt1\/2025\/12\/equipa-paulo-abreu-santos-1.jpg\",\"datePublished\":\"2025-12-14T21:13:00+00:00\",\"author\":{\"@id\":\"https:\/\/portaltela.pt\/#\/schema\/person\/c4278d4a6028830caff9ee44b42d32ed\"},\"breadcrumb\":{\"@id\":\"https:\/\/portaltela.pt\/noticias\/2025\/12\/14\/advogado-tera-admitido-abusos-a-duas-criancas\/#breadcrumb\"},\"inLanguage\":\"pt-PT\",\"potentialAction\":[{\"@type\":\"ReadAction\",\"target\":[\"https:\/\/portaltela.pt\/noticias\/2025\/12\/14\/advogado-tera-admitido-abusos-a-duas-criancas\/\"]}]},{\"@type\":\"ImageObject\",\"inLanguage\":\"pt-PT\",\"@id\":\"https:\/\/portaltela.pt\/noticias\/2025\/12\/14\/advogado-tera-admitido-abusos-a-duas-criancas\/#primaryimage\",\"url\":\"https:\/\/portaltela.pt\/s.01k8rhncp4jt1\/2025\/12\/equipa-paulo-abreu-santos-1.jpg\",\"contentUrl\":\"https:\/\/portaltela.pt\/s.01k8rhncp4jt1\/2025\/12\/equipa-paulo-abreu-santos-1.jpg\",\"width\":796,\"height\":448,\"caption\":\"Observador\"},{\"@type\":\"BreadcrumbList\",\"@id\":\"https:\/\/portaltela.pt\/noticias\/2025\/12\/14\/advogado-tera-admitido-abusos-a-duas-criancas\/#breadcrumb\",\"itemListElement\":[{\"@type\":\"ListItem\",\"position\":1,\"name\":\"In\u00edcio\",\"item\":\"https:\/\/portaltela.pt\/\"},{\"@type\":\"ListItem\",\"position\":2,\"name\":\"Advogado ter\u00e1 admitido abusos a duas crian\u00e7as\"}]},{\"@type\":\"WebSite\",\"@id\":\"https:\/\/portaltela.pt\/#website\",\"url\":\"https:\/\/portaltela.pt\/\",\"name\":\"Portal Tela Portugal\",\"description\":\"\",\"potentialAction\":[{\"@type\":\"SearchAction\",\"target\":{\"@type\":\"EntryPoint\",\"urlTemplate\":\"https:\/\/portaltela.pt\/?s={search_term_string}\"},\"query-input\":{\"@type\":\"PropertyValueSpecification\",\"valueRequired\":true,\"valueName\":\"search_term_string\"}}],\"inLanguage\":\"pt-PT\"},{\"@type\":\"Person\",\"@id\":\"https:\/\/portaltela.pt\/#\/schema\/person\/c4278d4a6028830caff9ee44b42d32ed\",\"name\":\"Telinha\",\"image\":{\"@type\":\"ImageObject\",\"inLanguage\":\"pt-PT\",\"@id\":\"https:\/\/portaltela.pt\/s.01k8rhncp4jt1\/2025\/11\/talking-bot-125x125.png\",\"url\":\"https:\/\/portaltela.pt\/s.01k8rhncp4jt1\/2025\/11\/talking-bot-125x125.png\",\"contentUrl\":\"https:\/\/portaltela.pt\/s.01k8rhncp4jt1\/2025\/11\/talking-bot-125x125.png\",\"caption\":\"Telinha\"},\"sameAs\":[\"https:\/\/portaltela.pt\/\"],\"url\":\"https:\/\/portaltela.pt\/por\/367410592786\/\"}]}<\/script>\n<!-- \/ Yoast SEO plugin. -->","yoast_head_json":{"title":"Advogado ter\u00e1 admitido abusos a duas crian\u00e7as - Portal Tela Portugal","robots":{"index":"index","follow":"follow","max-snippet":"max-snippet:-1","max-image-preview":"max-image-preview:large","max-video-preview":"max-video-preview:-1"},"og_locale":"pt_PT","og_type":"article","og_title":"Advogado ter\u00e1 admitido abusos a duas crian\u00e7as - Portal Tela Portugal","og_description":"O advogado Paulo Abreu dos Santos, adjunto da ex-ministra da Justi\u00e7a Catarina Sarmento e Castro, foi detido e indiciado por crimes sexuais contra menores, com buscas na casa e na sociedade de advogados Ana Bruno &amp; Associados. Segundo a CNN Portugal, confessou, num interrogat\u00f3rio conduzido por um juiz, ter abusado de duas crian\u00e7as portuguesas com cerca de dez anos. A Pol\u00edcia Judici\u00e1ria est\u00e1 a tentar identificar as v\u00edtimas e obter o telem\u00f3vel para evid\u00eancias, suspeitando de uma rede nacional de pedofilia. Em posse do suspeito foram encontrados cerca de 500 ficheiros de pornografia infantil, incluindo v\u00eddeos que o teriam mostrado a abusar das crian\u00e7as. Paulo Abreu dos Santos, de 38 anos, ficou em pris\u00e3o preventiva; a firma de advogados abriu uma investiga\u00e7\u00e3o interna e ele j\u00e1 tinha atuado como assistente convidado na Faculdade de Direito da Universidade de Lisboa.","og_url":"https:\/\/portaltela.pt\/noticias\/2025\/12\/14\/advogado-tera-admitido-abusos-a-duas-criancas\/","og_site_name":"Portal Tela Portugal","article_published_time":"2025-12-14T21:13:00+00:00","author":"Telinha","twitter_card":"summary_large_image","twitter_misc":{"Escrito por":"Telinha","Tempo estimado de leitura":"1 minuto"},"schema":{"@context":"https:\/\/schema.org","@graph":[{"@type":"Article","@id":"https:\/\/portaltela.pt\/noticias\/2025\/12\/14\/advogado-tera-admitido-abusos-a-duas-criancas\/#article","isPartOf":{"@id":"https:\/\/portaltela.pt\/noticias\/2025\/12\/14\/advogado-tera-admitido-abusos-a-duas-criancas\/"},"author":{"name":"Telinha","@id":"https:\/\/portaltela.pt\/#\/schema\/person\/c4278d4a6028830caff9ee44b42d32ed"},"headline":"Advogado ter\u00e1 admitido abusos a duas crian\u00e7as","datePublished":"2025-12-14T21:13:00+00:00","mainEntityOfPage":{"@id":"https:\/\/portaltela.pt\/noticias\/2025\/12\/14\/advogado-tera-admitido-abusos-a-duas-criancas\/"},"wordCount":222,"image":{"@id":"https:\/\/portaltela.pt\/noticias\/2025\/12\/14\/advogado-tera-admitido-abusos-a-duas-criancas\/#primaryimage"},"thumbnailUrl":"https:\/\/portaltela.pt\/s.01k8rhncp4jt1\/2025\/12\/equipa-paulo-abreu-santos-1.jpg","keywords":["abuso de sexual de menor dependente ou em situa\u00e7\u00e3o vulner\u00e1vel","crime","explora\u00e7\u00e3o sexual de menor dependente ou em situa\u00e7\u00e3o vulner\u00e1vel","investiga\u00e7\u00e3o criminal","justi\u00e7a","pornografia de menores agravada"],"articleSection":["Not\u00edcias"],"inLanguage":"pt-PT"},{"@type":"WebPage","@id":"https:\/\/portaltela.pt\/noticias\/2025\/12\/14\/advogado-tera-admitido-abusos-a-duas-criancas\/","url":"https:\/\/portaltela.pt\/noticias\/2025\/12\/14\/advogado-tera-admitido-abusos-a-duas-criancas\/","name":"Advogado ter\u00e1 admitido abusos a duas crian\u00e7as - Portal Tela Portugal","isPartOf":{"@id":"https:\/\/portaltela.pt\/#website"},"primaryImageOfPage":{"@id":"https:\/\/portaltela.pt\/noticias\/2025\/12\/14\/advogado-tera-admitido-abusos-a-duas-criancas\/#primaryimage"},"image":{"@id":"https:\/\/portaltela.pt\/noticias\/2025\/12\/14\/advogado-tera-admitido-abusos-a-duas-criancas\/#primaryimage"},"thumbnailUrl":"https:\/\/portaltela.pt\/s.01k8rhncp4jt1\/2025\/12\/equipa-paulo-abreu-santos-1.jpg","datePublished":"2025-12-14T21:13:00+00:00","author":{"@id":"https:\/\/portaltela.pt\/#\/schema\/person\/c4278d4a6028830caff9ee44b42d32ed"},"breadcrumb":{"@id":"https:\/\/portaltela.pt\/noticias\/2025\/12\/14\/advogado-tera-admitido-abusos-a-duas-criancas\/#breadcrumb"},"inLanguage":"pt-PT","potentialAction":[{"@type":"ReadAction","target":["https:\/\/portaltela.pt\/noticias\/2025\/12\/14\/advogado-tera-admitido-abusos-a-duas-criancas\/"]}]},{"@type":"ImageObject","inLanguage":"pt-PT","@id":"https:\/\/portaltela.pt\/noticias\/2025\/12\/14\/advogado-tera-admitido-abusos-a-duas-criancas\/#primaryimage","url":"https:\/\/portaltela.pt\/s.01k8rhncp4jt1\/2025\/12\/equipa-paulo-abreu-santos-1.jpg","contentUrl":"https:\/\/portaltela.pt\/s.01k8rhncp4jt1\/2025\/12\/equipa-paulo-abreu-santos-1.jpg","width":796,"height":448,"caption":"Observador"},{"@type":"BreadcrumbList","@id":"https:\/\/portaltela.pt\/noticias\/2025\/12\/14\/advogado-tera-admitido-abusos-a-duas-criancas\/#breadcrumb","itemListElement":[{"@type":"ListItem","position":1,"name":"In\u00edcio","item":"https:\/\/portaltela.pt\/"},{"@type":"ListItem","position":2,"name":"Advogado ter\u00e1 admitido abusos a duas crian\u00e7as"}]},{"@type":"WebSite","@id":"https:\/\/portaltela.pt\/#website","url":"https:\/\/portaltela.pt\/","name":"Portal Tela Portugal","description":"","potentialAction":[{"@type":"SearchAction","target":{"@type":"EntryPoint","urlTemplate":"https:\/\/portaltela.pt\/?s={search_term_string}"},"query-input":{"@type":"PropertyValueSpecification","valueRequired":true,"valueName":"search_term_string"}}],"inLanguage":"pt-PT"},{"@type":"Person","@id":"https:\/\/portaltela.pt\/#\/schema\/person\/c4278d4a6028830caff9ee44b42d32ed","name":"Telinha","image":{"@type":"ImageObject","inLanguage":"pt-PT","@id":"https:\/\/portaltela.pt\/s.01k8rhncp4jt1\/2025\/11\/talking-bot-125x125.png","url":"https:\/\/portaltela.pt\/s.01k8rhncp4jt1\/2025\/11\/talking-bot-125x125.png","contentUrl":"https:\/\/portaltela.pt\/s.01k8rhncp4jt1\/2025\/11\/talking-bot-125x125.png","caption":"Telinha"},"sameAs":["https:\/\/portaltela.pt\/"],"url":"https:\/\/portaltela.pt\/por\/367410592786\/"}]}},"_links":{"self":[{"href":"https:\/\/portaltela.pt\/api\/wp\/v2\/posts\/75462","targetHints":{"allow":["GET"]}}],"collection":[{"href":"https:\/\/portaltela.pt\/api\/wp\/v2\/posts"}],"about":[{"href":"https:\/\/portaltela.pt\/api\/wp\/v2\/types\/post"}],"author":[{"embeddable":true,"href":"https:\/\/portaltela.pt\/api\/wp\/v2\/users\/2"}],"replies":[{"embeddable":true,"href":"https:\/\/portaltela.pt\/api\/wp\/v2\/comments?post=75462"}],"version-history":[{"count":0,"href":"https:\/\/portaltela.pt\/api\/wp\/v2\/posts\/75462\/revisions"}],"wp:featuredmedia":[{"embeddable":true,"href":"https:\/\/portaltela.pt\/api\/wp\/v2\/media\/75464"}],"wp:attachment":[{"href":"https:\/\/portaltela.pt\/api\/wp\/v2\/media?parent=75462"}],"wp:term":[{"taxonomy":"category","embeddable":true,"href":"https:\/\/portaltela.pt\/api\/wp\/v2\/categories?post=75462"},{"taxonomy":"post_tag","embeddable":true,"href":"https:\/\/portaltela.pt\/api\/wp\/v2\/tags?post=75462"}],"curies":[{"name":"wp","href":"https:\/\/api.w.org\/{rel}","templated":true}]}}