{"id":75445,"date":"2025-12-14T18:01:00","date_gmt":"2025-12-14T21:01:00","guid":{"rendered":"https:\/\/portaltela.pt\/noticias\/2025\/12\/14\/casal-de-cinza-mantem-lideranca-no-distrital-de-juniores\/"},"modified":"2025-12-14T18:01:00","modified_gmt":"2025-12-14T21:01:00","slug":"casal-de-cinza-mantem-lideranca-no-distrital-de-juniores","status":"publish","type":"post","link":"https:\/\/portaltela.pt\/desporto\/futebol\/2025\/12\/14\/casal-de-cinza-mantem-lideranca-no-distrital-de-juniores\/","title":{"rendered":"Casal de Cinza mant\u00e9m lideran\u00e7a no distrital de juniores"},"content":{"rendered":"<p>Casal de Cinza manteve a lideran\u00e7a do campeonato distrital de juniores com uma goleada sobre o Sameiro, 8-0, num jogo disputado neste domingo. A equipa soma agora 18 pontos, com apenas uma derrota em sete jornadas, consolidando a posi\u00e7\u00e3o no topo.<\/p>\n<p>O SC Sabugal tamb\u00e9m esteve em campo, venceram o Estrela Almeida por 10-2, passando para 15 pontos e assegurando a segunda posi\u00e7\u00e3o. A vit\u00f3ria refor\u00e7a a dist\u00e2ncia para os perseguidores na tabela.<\/p>\n<h3>Resultados da jornada<\/h3>\n<p>A quatro jornadas do fim, Casal de Cinza e Sabugal refor\u00e7am as suas posi\u00e7\u00f5es, mantendo a dist\u00e2ncia entre ambos e o resto da classifica\u00e7\u00e3o. O Casal de Cinza lidera com vantagem de tr\u00eas pontos sobre o Sabugal.<\/p>\n","protected":false},"excerpt":{"rendered":"<ul>\n<li>Casal de Cinza manteve a lideran\u00e7a do campeonato distrital de juniores, ao vencer o Sameiro por 8-0.<\/li>\n<li>A equipa soma 18 pontos, com apenas uma derrota em sete jornadas.<\/li>\n<li>O SC Sabugal venceu o Estrela Almeida por 10-2, subindo para 15 pontos.<\/li>\n<li>Faltam quatro jornadas para o fim da competi\u00e7\u00e3o, com Casal de Cinza na lideran\u00e7a e Sabugal em segundo.<\/li>\n<\/ul>\n","protected":false},"author":2,"featured_media":75446,"comment_status":"closed","ping_status":"closed","sticky":false,"template":"","format":"standard","meta":{"footnotes":""},"categories":[21,24],"tags":[660,123,152,1364,32,1155],"class_list":["post-75445","post","type-post","status-publish","format-standard","has-post-thumbnail","hentry","category-desporto","category-futebol","tag-assuntos-desportivos","tag-desportivos","tag-desporto","tag-estrela-almeida","tag-futebol","tag-regional"],"yoast_head":"<!-- This site is optimized with the Yoast SEO plugin v27.2 - https:\/\/yoast.com\/product\/yoast-seo-wordpress\/ -->\n<title>Casal de Cinza mant\u00e9m lideran\u00e7a no distrital de juniores - Portal Tela Portugal<\/title>\n<meta name=\"robots\" content=\"index, follow, max-snippet:-1, max-image-preview:large, max-video-preview:-1\" \/>\n<meta property=\"og:locale\" content=\"pt_PT\" \/>\n<meta property=\"og:type\" content=\"article\" \/>\n<meta property=\"og:title\" content=\"Casal de Cinza mant\u00e9m lideran\u00e7a no distrital de juniores - Portal Tela Portugal\" \/>\n<meta property=\"og:description\" content=\"Casal de Cinza manteve a lideran\u00e7a do campeonato distrital de juniores, ao vencer o Sameiro por 8-0. A equipa soma 18 pontos, com apenas uma derrota em sete jornadas. O SC Sabugal venceu o Estrela Almeida por 10-2, subindo para 15 pontos. Faltam quatro jornadas para o fim da competi\u00e7\u00e3o, com Casal de Cinza na lideran\u00e7a e Sabugal em segundo.\" \/>\n<meta property=\"og:url\" content=\"https:\/\/portaltela.pt\/noticias\/2025\/12\/14\/casal-de-cinza-mantem-lideranca-no-distrital-de-juniores\/\" \/>\n<meta property=\"og:site_name\" content=\"Portal Tela Portugal\" \/>\n<meta property=\"article:published_time\" content=\"2025-12-14T21:01:00+00:00\" \/>\n<meta name=\"author\" content=\"Telinha\" \/>\n<meta name=\"twitter:card\" content=\"summary_large_image\" \/>\n<meta name=\"twitter:label1\" content=\"Escrito por\" \/>\n\t<meta name=\"twitter:data1\" content=\"Telinha\" \/>\n\t<meta name=\"twitter:label2\" content=\"Tempo estimado de leitura\" \/>\n\t<meta name=\"twitter:data2\" content=\"1 minuto\" \/>\n<script type=\"application\/ld+json\" class=\"yoast-schema-graph\">{\"@context\":\"https:\/\/schema.org\",\"@graph\":[{\"@type\":\"Article\",\"@id\":\"https:\/\/portaltela.pt\/noticias\/2025\/12\/14\/casal-de-cinza-mantem-lideranca-no-distrital-de-juniores\/#article\",\"isPartOf\":{\"@id\":\"https:\/\/portaltela.pt\/noticias\/2025\/12\/14\/casal-de-cinza-mantem-lideranca-no-distrital-de-juniores\/\"},\"author\":{\"name\":\"Telinha\",\"@id\":\"https:\/\/portaltela.pt\/#\/schema\/person\/c4278d4a6028830caff9ee44b42d32ed\"},\"headline\":\"Casal de Cinza mant\u00e9m lideran\u00e7a no distrital de juniores\",\"datePublished\":\"2025-12-14T21:01:00+00:00\",\"mainEntityOfPage\":{\"@id\":\"https:\/\/portaltela.pt\/noticias\/2025\/12\/14\/casal-de-cinza-mantem-lideranca-no-distrital-de-juniores\/\"},\"wordCount\":134,\"image\":{\"@id\":\"https:\/\/portaltela.pt\/noticias\/2025\/12\/14\/casal-de-cinza-mantem-lideranca-no-distrital-de-juniores\/#primaryimage\"},\"thumbnailUrl\":\"https:\/\/portaltela.pt\/s.01k8rhncp4jt1\/2025\/12\/Captura-de-ecra-2025-12-14-210043.jpg\",\"keywords\":[\"assuntos desportivos\",\"desportivos\",\"desporto\",\"Estrela Almeida\",\"futebol\",\"Regional\"],\"articleSection\":[\"Desporto\",\"Futebol\"],\"inLanguage\":\"pt-PT\"},{\"@type\":\"WebPage\",\"@id\":\"https:\/\/portaltela.pt\/noticias\/2025\/12\/14\/casal-de-cinza-mantem-lideranca-no-distrital-de-juniores\/\",\"url\":\"https:\/\/portaltela.pt\/noticias\/2025\/12\/14\/casal-de-cinza-mantem-lideranca-no-distrital-de-juniores\/\",\"name\":\"Casal de Cinza mant\u00e9m lideran\u00e7a no distrital de juniores - Portal Tela Portugal\",\"isPartOf\":{\"@id\":\"https:\/\/portaltela.pt\/#website\"},\"primaryImageOfPage\":{\"@id\":\"https:\/\/portaltela.pt\/noticias\/2025\/12\/14\/casal-de-cinza-mantem-lideranca-no-distrital-de-juniores\/#primaryimage\"},\"image\":{\"@id\":\"https:\/\/portaltela.pt\/noticias\/2025\/12\/14\/casal-de-cinza-mantem-lideranca-no-distrital-de-juniores\/#primaryimage\"},\"thumbnailUrl\":\"https:\/\/portaltela.pt\/s.01k8rhncp4jt1\/2025\/12\/Captura-de-ecra-2025-12-14-210043.jpg\",\"datePublished\":\"2025-12-14T21:01:00+00:00\",\"author\":{\"@id\":\"https:\/\/portaltela.pt\/#\/schema\/person\/c4278d4a6028830caff9ee44b42d32ed\"},\"breadcrumb\":{\"@id\":\"https:\/\/portaltela.pt\/noticias\/2025\/12\/14\/casal-de-cinza-mantem-lideranca-no-distrital-de-juniores\/#breadcrumb\"},\"inLanguage\":\"pt-PT\",\"potentialAction\":[{\"@type\":\"ReadAction\",\"target\":[\"https:\/\/portaltela.pt\/noticias\/2025\/12\/14\/casal-de-cinza-mantem-lideranca-no-distrital-de-juniores\/\"]}]},{\"@type\":\"ImageObject\",\"inLanguage\":\"pt-PT\",\"@id\":\"https:\/\/portaltela.pt\/noticias\/2025\/12\/14\/casal-de-cinza-mantem-lideranca-no-distrital-de-juniores\/#primaryimage\",\"url\":\"https:\/\/portaltela.pt\/s.01k8rhncp4jt1\/2025\/12\/Captura-de-ecra-2025-12-14-210043.jpg\",\"contentUrl\":\"https:\/\/portaltela.pt\/s.01k8rhncp4jt1\/2025\/12\/Captura-de-ecra-2025-12-14-210043.jpg\",\"width\":796,\"height\":448,\"caption\":\"MaisBeiras\"},{\"@type\":\"BreadcrumbList\",\"@id\":\"https:\/\/portaltela.pt\/noticias\/2025\/12\/14\/casal-de-cinza-mantem-lideranca-no-distrital-de-juniores\/#breadcrumb\",\"itemListElement\":[{\"@type\":\"ListItem\",\"position\":1,\"name\":\"In\u00edcio\",\"item\":\"https:\/\/portaltela.pt\/\"},{\"@type\":\"ListItem\",\"position\":2,\"name\":\"Casal de Cinza mant\u00e9m lideran\u00e7a no distrital de juniores\"}]},{\"@type\":\"WebSite\",\"@id\":\"https:\/\/portaltela.pt\/#website\",\"url\":\"https:\/\/portaltela.pt\/\",\"name\":\"Portal Tela Portugal\",\"description\":\"\",\"potentialAction\":[{\"@type\":\"SearchAction\",\"target\":{\"@type\":\"EntryPoint\",\"urlTemplate\":\"https:\/\/portaltela.pt\/?s={search_term_string}\"},\"query-input\":{\"@type\":\"PropertyValueSpecification\",\"valueRequired\":true,\"valueName\":\"search_term_string\"}}],\"inLanguage\":\"pt-PT\"},{\"@type\":\"Person\",\"@id\":\"https:\/\/portaltela.pt\/#\/schema\/person\/c4278d4a6028830caff9ee44b42d32ed\",\"name\":\"Telinha\",\"image\":{\"@type\":\"ImageObject\",\"inLanguage\":\"pt-PT\",\"@id\":\"https:\/\/portaltela.pt\/s.01k8rhncp4jt1\/2025\/11\/talking-bot-125x125.png\",\"url\":\"https:\/\/portaltela.pt\/s.01k8rhncp4jt1\/2025\/11\/talking-bot-125x125.png\",\"contentUrl\":\"https:\/\/portaltela.pt\/s.01k8rhncp4jt1\/2025\/11\/talking-bot-125x125.png\",\"caption\":\"Telinha\"},\"sameAs\":[\"https:\/\/portaltela.pt\/\"],\"url\":\"https:\/\/portaltela.pt\/por\/367410592786\/\"}]}<\/script>\n<!-- \/ Yoast SEO plugin. -->","yoast_head_json":{"title":"Casal de Cinza mant\u00e9m lideran\u00e7a no distrital de juniores - Portal Tela Portugal","robots":{"index":"index","follow":"follow","max-snippet":"max-snippet:-1","max-image-preview":"max-image-preview:large","max-video-preview":"max-video-preview:-1"},"og_locale":"pt_PT","og_type":"article","og_title":"Casal de Cinza mant\u00e9m lideran\u00e7a no distrital de juniores - Portal Tela Portugal","og_description":"Casal de Cinza manteve a lideran\u00e7a do campeonato distrital de juniores, ao vencer o Sameiro por 8-0. A equipa soma 18 pontos, com apenas uma derrota em sete jornadas. O SC Sabugal venceu o Estrela Almeida por 10-2, subindo para 15 pontos. Faltam quatro jornadas para o fim da competi\u00e7\u00e3o, com Casal de Cinza na lideran\u00e7a e Sabugal em segundo.","og_url":"https:\/\/portaltela.pt\/noticias\/2025\/12\/14\/casal-de-cinza-mantem-lideranca-no-distrital-de-juniores\/","og_site_name":"Portal Tela Portugal","article_published_time":"2025-12-14T21:01:00+00:00","author":"Telinha","twitter_card":"summary_large_image","twitter_misc":{"Escrito por":"Telinha","Tempo estimado de leitura":"1 minuto"},"schema":{"@context":"https:\/\/schema.org","@graph":[{"@type":"Article","@id":"https:\/\/portaltela.pt\/noticias\/2025\/12\/14\/casal-de-cinza-mantem-lideranca-no-distrital-de-juniores\/#article","isPartOf":{"@id":"https:\/\/portaltela.pt\/noticias\/2025\/12\/14\/casal-de-cinza-mantem-lideranca-no-distrital-de-juniores\/"},"author":{"name":"Telinha","@id":"https:\/\/portaltela.pt\/#\/schema\/person\/c4278d4a6028830caff9ee44b42d32ed"},"headline":"Casal de Cinza mant\u00e9m lideran\u00e7a no distrital de juniores","datePublished":"2025-12-14T21:01:00+00:00","mainEntityOfPage":{"@id":"https:\/\/portaltela.pt\/noticias\/2025\/12\/14\/casal-de-cinza-mantem-lideranca-no-distrital-de-juniores\/"},"wordCount":134,"image":{"@id":"https:\/\/portaltela.pt\/noticias\/2025\/12\/14\/casal-de-cinza-mantem-lideranca-no-distrital-de-juniores\/#primaryimage"},"thumbnailUrl":"https:\/\/portaltela.pt\/s.01k8rhncp4jt1\/2025\/12\/Captura-de-ecra-2025-12-14-210043.jpg","keywords":["assuntos desportivos","desportivos","desporto","Estrela Almeida","futebol","Regional"],"articleSection":["Desporto","Futebol"],"inLanguage":"pt-PT"},{"@type":"WebPage","@id":"https:\/\/portaltela.pt\/noticias\/2025\/12\/14\/casal-de-cinza-mantem-lideranca-no-distrital-de-juniores\/","url":"https:\/\/portaltela.pt\/noticias\/2025\/12\/14\/casal-de-cinza-mantem-lideranca-no-distrital-de-juniores\/","name":"Casal de Cinza mant\u00e9m lideran\u00e7a no distrital de juniores - Portal Tela Portugal","isPartOf":{"@id":"https:\/\/portaltela.pt\/#website"},"primaryImageOfPage":{"@id":"https:\/\/portaltela.pt\/noticias\/2025\/12\/14\/casal-de-cinza-mantem-lideranca-no-distrital-de-juniores\/#primaryimage"},"image":{"@id":"https:\/\/portaltela.pt\/noticias\/2025\/12\/14\/casal-de-cinza-mantem-lideranca-no-distrital-de-juniores\/#primaryimage"},"thumbnailUrl":"https:\/\/portaltela.pt\/s.01k8rhncp4jt1\/2025\/12\/Captura-de-ecra-2025-12-14-210043.jpg","datePublished":"2025-12-14T21:01:00+00:00","author":{"@id":"https:\/\/portaltela.pt\/#\/schema\/person\/c4278d4a6028830caff9ee44b42d32ed"},"breadcrumb":{"@id":"https:\/\/portaltela.pt\/noticias\/2025\/12\/14\/casal-de-cinza-mantem-lideranca-no-distrital-de-juniores\/#breadcrumb"},"inLanguage":"pt-PT","potentialAction":[{"@type":"ReadAction","target":["https:\/\/portaltela.pt\/noticias\/2025\/12\/14\/casal-de-cinza-mantem-lideranca-no-distrital-de-juniores\/"]}]},{"@type":"ImageObject","inLanguage":"pt-PT","@id":"https:\/\/portaltela.pt\/noticias\/2025\/12\/14\/casal-de-cinza-mantem-lideranca-no-distrital-de-juniores\/#primaryimage","url":"https:\/\/portaltela.pt\/s.01k8rhncp4jt1\/2025\/12\/Captura-de-ecra-2025-12-14-210043.jpg","contentUrl":"https:\/\/portaltela.pt\/s.01k8rhncp4jt1\/2025\/12\/Captura-de-ecra-2025-12-14-210043.jpg","width":796,"height":448,"caption":"MaisBeiras"},{"@type":"BreadcrumbList","@id":"https:\/\/portaltela.pt\/noticias\/2025\/12\/14\/casal-de-cinza-mantem-lideranca-no-distrital-de-juniores\/#breadcrumb","itemListElement":[{"@type":"ListItem","position":1,"name":"In\u00edcio","item":"https:\/\/portaltela.pt\/"},{"@type":"ListItem","position":2,"name":"Casal de Cinza mant\u00e9m lideran\u00e7a no distrital de juniores"}]},{"@type":"WebSite","@id":"https:\/\/portaltela.pt\/#website","url":"https:\/\/portaltela.pt\/","name":"Portal Tela Portugal","description":"","potentialAction":[{"@type":"SearchAction","target":{"@type":"EntryPoint","urlTemplate":"https:\/\/portaltela.pt\/?s={search_term_string}"},"query-input":{"@type":"PropertyValueSpecification","valueRequired":true,"valueName":"search_term_string"}}],"inLanguage":"pt-PT"},{"@type":"Person","@id":"https:\/\/portaltela.pt\/#\/schema\/person\/c4278d4a6028830caff9ee44b42d32ed","name":"Telinha","image":{"@type":"ImageObject","inLanguage":"pt-PT","@id":"https:\/\/portaltela.pt\/s.01k8rhncp4jt1\/2025\/11\/talking-bot-125x125.png","url":"https:\/\/portaltela.pt\/s.01k8rhncp4jt1\/2025\/11\/talking-bot-125x125.png","contentUrl":"https:\/\/portaltela.pt\/s.01k8rhncp4jt1\/2025\/11\/talking-bot-125x125.png","caption":"Telinha"},"sameAs":["https:\/\/portaltela.pt\/"],"url":"https:\/\/portaltela.pt\/por\/367410592786\/"}]}},"_links":{"self":[{"href":"https:\/\/portaltela.pt\/api\/wp\/v2\/posts\/75445","targetHints":{"allow":["GET"]}}],"collection":[{"href":"https:\/\/portaltela.pt\/api\/wp\/v2\/posts"}],"about":[{"href":"https:\/\/portaltela.pt\/api\/wp\/v2\/types\/post"}],"author":[{"embeddable":true,"href":"https:\/\/portaltela.pt\/api\/wp\/v2\/users\/2"}],"replies":[{"embeddable":true,"href":"https:\/\/portaltela.pt\/api\/wp\/v2\/comments?post=75445"}],"version-history":[{"count":0,"href":"https:\/\/portaltela.pt\/api\/wp\/v2\/posts\/75445\/revisions"}],"wp:featuredmedia":[{"embeddable":true,"href":"https:\/\/portaltela.pt\/api\/wp\/v2\/media\/75446"}],"wp:attachment":[{"href":"https:\/\/portaltela.pt\/api\/wp\/v2\/media?parent=75445"}],"wp:term":[{"taxonomy":"category","embeddable":true,"href":"https:\/\/portaltela.pt\/api\/wp\/v2\/categories?post=75445"},{"taxonomy":"post_tag","embeddable":true,"href":"https:\/\/portaltela.pt\/api\/wp\/v2\/tags?post=75445"}],"curies":[{"name":"wp","href":"https:\/\/api.w.org\/{rel}","templated":true}]}}