{"id":73279,"date":"2025-12-13T17:58:00","date_gmt":"2025-12-13T20:58:00","guid":{"rendered":"https:\/\/portaltela.pt\/noticias\/2025\/12\/13\/ex-adjunto-do-ministerio-da-justica-em-prisao-preventiva-por-abuso-de-menores\/"},"modified":"2025-12-13T17:58:00","modified_gmt":"2025-12-13T20:58:00","slug":"ex-adjunto-do-ministerio-da-justica-em-prisao-preventiva-por-abuso-de-menores","status":"publish","type":"post","link":"https:\/\/portaltela.pt\/noticias\/2025\/12\/13\/ex-adjunto-do-ministerio-da-justica-em-prisao-preventiva-por-abuso-de-menores\/","title":{"rendered":"Ex-adjunto do Minist\u00e9rio da Justi\u00e7a em pris\u00e3o preventiva por abuso de menores"},"content":{"rendered":"<p>O ex-adjunto da ministra da Justi\u00e7a, Catarina Sarmento e Castro, Paulo Abreu dos Santos, foi colocado em pris\u00e3o preventiva. A deten\u00e7\u00e3o ocorreu na quinta-feira, ap\u00f3s uma opera\u00e7\u00e3o da Pol\u00edcia Judici\u00e1ria, seguida de busca \u00e0 resid\u00eancia. A medida foi decretada pelo tribunal neste s\u00e1bado. As suspeitas envolvem pornografia de menores e abusos sexuais contra crian\u00e7as.<\/p>\n<p>A deten\u00e7\u00e3o foi confirmada pela TVI\/CNN, com confirma\u00e7\u00e3o de fonte policial \u00e0 Lusa. Os ficheiros alegadamente incriminat\u00f3rios foram encontrados durante a busca \u00e0 resid\u00eancia do arguido, de 38 anos. Paulo Abreu dos Santos tinha exercido fun\u00e7\u00f5es no Minist\u00e9rio da Justi\u00e7a entre 2023 e 2024.<\/p>\n<p>Segundo a nota curricular publicada no Di\u00e1rio da Rep\u00fablica, Abreu dos Santos \u00e9 licenciado em Direito e atuou como advogado e parecerista. A \u00e1rea de atua\u00e7\u00e3o inclui contencioso societ\u00e1rio e comercial, insolv\u00eancia e arbitragem. A pris\u00e3o preventiva visa assegurar a investiga\u00e7\u00e3o e a ordem p\u00fablica.<\/p>\n<h3>Pris\u00e3o preventiva<\/h3>\n<p>Os pr\u00f3ximos passos processuais dever\u00e3o ocorrer no \u00e2mbito do processo em curso na Judici\u00e1ria. N\u00e3o foram ainda divulgados detalhes adicionais sobre a den\u00fancia formal ou sobre o estado de investiga\u00e7\u00e3o. O Minist\u00e9rio da Justi\u00e7a n\u00e3o efetuou declara\u00e7\u00f5es adicionais sobre o caso.<\/p>\n","protected":false},"excerpt":{"rendered":"<ul>\n<li>O advogado Paulo Abreu dos Santos, ex-adjunto da ministra da Justi\u00e7a Catarina Sarmento e Castro, ficou em pris\u00e3o preventiva este s\u00e1bado por suspeitas de pornografia de menores e abusos sexuais de crian\u00e7as.<\/li>\n<li>A deten\u00e7\u00e3o ocorreu na quinta-feira pela Pol\u00edcia Judici\u00e1ria, ap\u00f3s busca \u00e0 resid\u00eancia onde teriam sido encontrados ficheiros incriminat\u00f3rios.<\/li>\n<li>O tribunal decretou a pris\u00e3o preventiva do arguido, de 38 anos.<\/li>\n<li>Segundo nota curricular publicada no Di\u00e1rio da Rep\u00fablica, Paulo Jorge Abreu dos Santos \u00e9 licenciado em Direito e atuou como advogado e parecerista, sobretudo em contencioso societ\u00e1rio e comercial, insolv\u00eancia e arbitragem.<\/li>\n<li>A not\u00edcia foi adiantada pela TVI\/CNN e confirmada por fonte policial \u00e0 ag\u00eancia Lusa.<\/li>\n<\/ul>\n","protected":false},"author":2,"featured_media":73283,"comment_status":"closed","ping_status":"closed","sticky":false,"template":"","format":"standard","meta":{"footnotes":""},"categories":[1],"tags":[817,208,217,803,1091,52],"class_list":["post-73279","post","type-post","status-publish","format-standard","has-post-thumbnail","hentry","category-noticias","tag-abuso-de-menor-dependente-ou-em-situacao-vulneravel","tag-abuso-de-menores-dependentes","tag-investigacao-criminal","tag-justica","tag-pornografia-de-menores-agravada","tag-tribunal"],"yoast_head":"<!-- This site is optimized with the Yoast SEO plugin v27.2 - https:\/\/yoast.com\/product\/yoast-seo-wordpress\/ -->\n<title>Ex-adjunto do Minist\u00e9rio da Justi\u00e7a em pris\u00e3o preventiva por abuso de menores - Portal Tela Portugal<\/title>\n<meta name=\"robots\" content=\"index, follow, max-snippet:-1, max-image-preview:large, max-video-preview:-1\" \/>\n<meta property=\"og:locale\" content=\"pt_PT\" \/>\n<meta property=\"og:type\" content=\"article\" \/>\n<meta property=\"og:title\" content=\"Ex-adjunto do Minist\u00e9rio da Justi\u00e7a em pris\u00e3o preventiva por abuso de menores - Portal Tela Portugal\" \/>\n<meta property=\"og:description\" content=\"O advogado Paulo Abreu dos Santos, ex-adjunto da ministra da Justi\u00e7a Catarina Sarmento e Castro, ficou em pris\u00e3o preventiva este s\u00e1bado por suspeitas de pornografia de menores e abusos sexuais de crian\u00e7as. A deten\u00e7\u00e3o ocorreu na quinta-feira pela Pol\u00edcia Judici\u00e1ria, ap\u00f3s busca \u00e0 resid\u00eancia onde teriam sido encontrados ficheiros incriminat\u00f3rios. O tribunal decretou a pris\u00e3o preventiva do arguido, de 38 anos. Segundo nota curricular publicada no Di\u00e1rio da Rep\u00fablica, Paulo Jorge Abreu dos Santos \u00e9 licenciado em Direito e atuou como advogado e parecerista, sobretudo em contencioso societ\u00e1rio e comercial, insolv\u00eancia e arbitragem. A not\u00edcia foi adiantada pela TVI\/CNN e confirmada por fonte policial \u00e0 ag\u00eancia Lusa.\" \/>\n<meta property=\"og:url\" content=\"https:\/\/portaltela.pt\/noticias\/2025\/12\/13\/ex-adjunto-do-ministerio-da-justica-em-prisao-preventiva-por-abuso-de-menores\/\" \/>\n<meta property=\"og:site_name\" content=\"Portal Tela Portugal\" \/>\n<meta property=\"article:published_time\" content=\"2025-12-13T20:58:00+00:00\" \/>\n<meta name=\"author\" content=\"Telinha\" \/>\n<meta name=\"twitter:card\" content=\"summary_large_image\" \/>\n<meta name=\"twitter:label1\" content=\"Escrito por\" \/>\n\t<meta name=\"twitter:data1\" content=\"Telinha\" \/>\n\t<meta name=\"twitter:label2\" content=\"Tempo estimado de leitura\" \/>\n\t<meta name=\"twitter:data2\" content=\"1 minuto\" \/>\n<script type=\"application\/ld+json\" class=\"yoast-schema-graph\">{\"@context\":\"https:\/\/schema.org\",\"@graph\":[{\"@type\":\"Article\",\"@id\":\"https:\/\/portaltela.pt\/noticias\/2025\/12\/13\/ex-adjunto-do-ministerio-da-justica-em-prisao-preventiva-por-abuso-de-menores\/#article\",\"isPartOf\":{\"@id\":\"https:\/\/portaltela.pt\/noticias\/2025\/12\/13\/ex-adjunto-do-ministerio-da-justica-em-prisao-preventiva-por-abuso-de-menores\/\"},\"author\":{\"name\":\"Telinha\",\"@id\":\"https:\/\/portaltela.pt\/#\/schema\/person\/c4278d4a6028830caff9ee44b42d32ed\"},\"headline\":\"Ex-adjunto do Minist\u00e9rio da Justi\u00e7a em pris\u00e3o preventiva por abuso de menores\",\"datePublished\":\"2025-12-13T20:58:00+00:00\",\"mainEntityOfPage\":{\"@id\":\"https:\/\/portaltela.pt\/noticias\/2025\/12\/13\/ex-adjunto-do-ministerio-da-justica-em-prisao-preventiva-por-abuso-de-menores\/\"},\"wordCount\":231,\"image\":{\"@id\":\"https:\/\/portaltela.pt\/noticias\/2025\/12\/13\/ex-adjunto-do-ministerio-da-justica-em-prisao-preventiva-por-abuso-de-menores\/#primaryimage\"},\"thumbnailUrl\":\"https:\/\/portaltela.pt\/s.01k8rhncp4jt1\/2025\/12\/img_1280x721uu2022-08-28-17-26-45-1180935.jpg\",\"keywords\":[\"abuso de menor dependente ou em situa\u00e7\u00e3o vulner\u00e1vel\",\"abuso de menores dependentes\",\"investiga\u00e7\u00e3o criminal\",\"justi\u00e7a\",\"pornografia de menores agravada\",\"tribunal\"],\"articleSection\":[\"Not\u00edcias\"],\"inLanguage\":\"pt-PT\"},{\"@type\":\"WebPage\",\"@id\":\"https:\/\/portaltela.pt\/noticias\/2025\/12\/13\/ex-adjunto-do-ministerio-da-justica-em-prisao-preventiva-por-abuso-de-menores\/\",\"url\":\"https:\/\/portaltela.pt\/noticias\/2025\/12\/13\/ex-adjunto-do-ministerio-da-justica-em-prisao-preventiva-por-abuso-de-menores\/\",\"name\":\"Ex-adjunto do Minist\u00e9rio da Justi\u00e7a em pris\u00e3o preventiva por abuso de menores - Portal Tela Portugal\",\"isPartOf\":{\"@id\":\"https:\/\/portaltela.pt\/#website\"},\"primaryImageOfPage\":{\"@id\":\"https:\/\/portaltela.pt\/noticias\/2025\/12\/13\/ex-adjunto-do-ministerio-da-justica-em-prisao-preventiva-por-abuso-de-menores\/#primaryimage\"},\"image\":{\"@id\":\"https:\/\/portaltela.pt\/noticias\/2025\/12\/13\/ex-adjunto-do-ministerio-da-justica-em-prisao-preventiva-por-abuso-de-menores\/#primaryimage\"},\"thumbnailUrl\":\"https:\/\/portaltela.pt\/s.01k8rhncp4jt1\/2025\/12\/img_1280x721uu2022-08-28-17-26-45-1180935.jpg\",\"datePublished\":\"2025-12-13T20:58:00+00:00\",\"author\":{\"@id\":\"https:\/\/portaltela.pt\/#\/schema\/person\/c4278d4a6028830caff9ee44b42d32ed\"},\"breadcrumb\":{\"@id\":\"https:\/\/portaltela.pt\/noticias\/2025\/12\/13\/ex-adjunto-do-ministerio-da-justica-em-prisao-preventiva-por-abuso-de-menores\/#breadcrumb\"},\"inLanguage\":\"pt-PT\",\"potentialAction\":[{\"@type\":\"ReadAction\",\"target\":[\"https:\/\/portaltela.pt\/noticias\/2025\/12\/13\/ex-adjunto-do-ministerio-da-justica-em-prisao-preventiva-por-abuso-de-menores\/\"]}]},{\"@type\":\"ImageObject\",\"inLanguage\":\"pt-PT\",\"@id\":\"https:\/\/portaltela.pt\/noticias\/2025\/12\/13\/ex-adjunto-do-ministerio-da-justica-em-prisao-preventiva-por-abuso-de-menores\/#primaryimage\",\"url\":\"https:\/\/portaltela.pt\/s.01k8rhncp4jt1\/2025\/12\/img_1280x721uu2022-08-28-17-26-45-1180935.jpg\",\"contentUrl\":\"https:\/\/portaltela.pt\/s.01k8rhncp4jt1\/2025\/12\/img_1280x721uu2022-08-28-17-26-45-1180935.jpg\",\"width\":796,\"height\":448,\"caption\":\"Prisao FOTO: Getty Images\/iStockphoto\"},{\"@type\":\"BreadcrumbList\",\"@id\":\"https:\/\/portaltela.pt\/noticias\/2025\/12\/13\/ex-adjunto-do-ministerio-da-justica-em-prisao-preventiva-por-abuso-de-menores\/#breadcrumb\",\"itemListElement\":[{\"@type\":\"ListItem\",\"position\":1,\"name\":\"In\u00edcio\",\"item\":\"https:\/\/portaltela.pt\/\"},{\"@type\":\"ListItem\",\"position\":2,\"name\":\"Ex-adjunto do Minist\u00e9rio da Justi\u00e7a em pris\u00e3o preventiva por abuso de menores\"}]},{\"@type\":\"WebSite\",\"@id\":\"https:\/\/portaltela.pt\/#website\",\"url\":\"https:\/\/portaltela.pt\/\",\"name\":\"Portal Tela Portugal\",\"description\":\"\",\"potentialAction\":[{\"@type\":\"SearchAction\",\"target\":{\"@type\":\"EntryPoint\",\"urlTemplate\":\"https:\/\/portaltela.pt\/?s={search_term_string}\"},\"query-input\":{\"@type\":\"PropertyValueSpecification\",\"valueRequired\":true,\"valueName\":\"search_term_string\"}}],\"inLanguage\":\"pt-PT\"},{\"@type\":\"Person\",\"@id\":\"https:\/\/portaltela.pt\/#\/schema\/person\/c4278d4a6028830caff9ee44b42d32ed\",\"name\":\"Telinha\",\"image\":{\"@type\":\"ImageObject\",\"inLanguage\":\"pt-PT\",\"@id\":\"https:\/\/portaltela.pt\/s.01k8rhncp4jt1\/2025\/11\/talking-bot-125x125.png\",\"url\":\"https:\/\/portaltela.pt\/s.01k8rhncp4jt1\/2025\/11\/talking-bot-125x125.png\",\"contentUrl\":\"https:\/\/portaltela.pt\/s.01k8rhncp4jt1\/2025\/11\/talking-bot-125x125.png\",\"caption\":\"Telinha\"},\"sameAs\":[\"https:\/\/portaltela.pt\/\"],\"url\":\"https:\/\/portaltela.pt\/por\/367410592786\/\"}]}<\/script>\n<!-- \/ Yoast SEO plugin. -->","yoast_head_json":{"title":"Ex-adjunto do Minist\u00e9rio da Justi\u00e7a em pris\u00e3o preventiva por abuso de menores - Portal Tela Portugal","robots":{"index":"index","follow":"follow","max-snippet":"max-snippet:-1","max-image-preview":"max-image-preview:large","max-video-preview":"max-video-preview:-1"},"og_locale":"pt_PT","og_type":"article","og_title":"Ex-adjunto do Minist\u00e9rio da Justi\u00e7a em pris\u00e3o preventiva por abuso de menores - Portal Tela Portugal","og_description":"O advogado Paulo Abreu dos Santos, ex-adjunto da ministra da Justi\u00e7a Catarina Sarmento e Castro, ficou em pris\u00e3o preventiva este s\u00e1bado por suspeitas de pornografia de menores e abusos sexuais de crian\u00e7as. A deten\u00e7\u00e3o ocorreu na quinta-feira pela Pol\u00edcia Judici\u00e1ria, ap\u00f3s busca \u00e0 resid\u00eancia onde teriam sido encontrados ficheiros incriminat\u00f3rios. O tribunal decretou a pris\u00e3o preventiva do arguido, de 38 anos. Segundo nota curricular publicada no Di\u00e1rio da Rep\u00fablica, Paulo Jorge Abreu dos Santos \u00e9 licenciado em Direito e atuou como advogado e parecerista, sobretudo em contencioso societ\u00e1rio e comercial, insolv\u00eancia e arbitragem. A not\u00edcia foi adiantada pela TVI\/CNN e confirmada por fonte policial \u00e0 ag\u00eancia Lusa.","og_url":"https:\/\/portaltela.pt\/noticias\/2025\/12\/13\/ex-adjunto-do-ministerio-da-justica-em-prisao-preventiva-por-abuso-de-menores\/","og_site_name":"Portal Tela Portugal","article_published_time":"2025-12-13T20:58:00+00:00","author":"Telinha","twitter_card":"summary_large_image","twitter_misc":{"Escrito por":"Telinha","Tempo estimado de leitura":"1 minuto"},"schema":{"@context":"https:\/\/schema.org","@graph":[{"@type":"Article","@id":"https:\/\/portaltela.pt\/noticias\/2025\/12\/13\/ex-adjunto-do-ministerio-da-justica-em-prisao-preventiva-por-abuso-de-menores\/#article","isPartOf":{"@id":"https:\/\/portaltela.pt\/noticias\/2025\/12\/13\/ex-adjunto-do-ministerio-da-justica-em-prisao-preventiva-por-abuso-de-menores\/"},"author":{"name":"Telinha","@id":"https:\/\/portaltela.pt\/#\/schema\/person\/c4278d4a6028830caff9ee44b42d32ed"},"headline":"Ex-adjunto do Minist\u00e9rio da Justi\u00e7a em pris\u00e3o preventiva por abuso de menores","datePublished":"2025-12-13T20:58:00+00:00","mainEntityOfPage":{"@id":"https:\/\/portaltela.pt\/noticias\/2025\/12\/13\/ex-adjunto-do-ministerio-da-justica-em-prisao-preventiva-por-abuso-de-menores\/"},"wordCount":231,"image":{"@id":"https:\/\/portaltela.pt\/noticias\/2025\/12\/13\/ex-adjunto-do-ministerio-da-justica-em-prisao-preventiva-por-abuso-de-menores\/#primaryimage"},"thumbnailUrl":"https:\/\/portaltela.pt\/s.01k8rhncp4jt1\/2025\/12\/img_1280x721uu2022-08-28-17-26-45-1180935.jpg","keywords":["abuso de menor dependente ou em situa\u00e7\u00e3o vulner\u00e1vel","abuso de menores dependentes","investiga\u00e7\u00e3o criminal","justi\u00e7a","pornografia de menores agravada","tribunal"],"articleSection":["Not\u00edcias"],"inLanguage":"pt-PT"},{"@type":"WebPage","@id":"https:\/\/portaltela.pt\/noticias\/2025\/12\/13\/ex-adjunto-do-ministerio-da-justica-em-prisao-preventiva-por-abuso-de-menores\/","url":"https:\/\/portaltela.pt\/noticias\/2025\/12\/13\/ex-adjunto-do-ministerio-da-justica-em-prisao-preventiva-por-abuso-de-menores\/","name":"Ex-adjunto do Minist\u00e9rio da Justi\u00e7a em pris\u00e3o preventiva por abuso de menores - Portal Tela Portugal","isPartOf":{"@id":"https:\/\/portaltela.pt\/#website"},"primaryImageOfPage":{"@id":"https:\/\/portaltela.pt\/noticias\/2025\/12\/13\/ex-adjunto-do-ministerio-da-justica-em-prisao-preventiva-por-abuso-de-menores\/#primaryimage"},"image":{"@id":"https:\/\/portaltela.pt\/noticias\/2025\/12\/13\/ex-adjunto-do-ministerio-da-justica-em-prisao-preventiva-por-abuso-de-menores\/#primaryimage"},"thumbnailUrl":"https:\/\/portaltela.pt\/s.01k8rhncp4jt1\/2025\/12\/img_1280x721uu2022-08-28-17-26-45-1180935.jpg","datePublished":"2025-12-13T20:58:00+00:00","author":{"@id":"https:\/\/portaltela.pt\/#\/schema\/person\/c4278d4a6028830caff9ee44b42d32ed"},"breadcrumb":{"@id":"https:\/\/portaltela.pt\/noticias\/2025\/12\/13\/ex-adjunto-do-ministerio-da-justica-em-prisao-preventiva-por-abuso-de-menores\/#breadcrumb"},"inLanguage":"pt-PT","potentialAction":[{"@type":"ReadAction","target":["https:\/\/portaltela.pt\/noticias\/2025\/12\/13\/ex-adjunto-do-ministerio-da-justica-em-prisao-preventiva-por-abuso-de-menores\/"]}]},{"@type":"ImageObject","inLanguage":"pt-PT","@id":"https:\/\/portaltela.pt\/noticias\/2025\/12\/13\/ex-adjunto-do-ministerio-da-justica-em-prisao-preventiva-por-abuso-de-menores\/#primaryimage","url":"https:\/\/portaltela.pt\/s.01k8rhncp4jt1\/2025\/12\/img_1280x721uu2022-08-28-17-26-45-1180935.jpg","contentUrl":"https:\/\/portaltela.pt\/s.01k8rhncp4jt1\/2025\/12\/img_1280x721uu2022-08-28-17-26-45-1180935.jpg","width":796,"height":448,"caption":"Prisao FOTO: Getty Images\/iStockphoto"},{"@type":"BreadcrumbList","@id":"https:\/\/portaltela.pt\/noticias\/2025\/12\/13\/ex-adjunto-do-ministerio-da-justica-em-prisao-preventiva-por-abuso-de-menores\/#breadcrumb","itemListElement":[{"@type":"ListItem","position":1,"name":"In\u00edcio","item":"https:\/\/portaltela.pt\/"},{"@type":"ListItem","position":2,"name":"Ex-adjunto do Minist\u00e9rio da Justi\u00e7a em pris\u00e3o preventiva por abuso de menores"}]},{"@type":"WebSite","@id":"https:\/\/portaltela.pt\/#website","url":"https:\/\/portaltela.pt\/","name":"Portal Tela Portugal","description":"","potentialAction":[{"@type":"SearchAction","target":{"@type":"EntryPoint","urlTemplate":"https:\/\/portaltela.pt\/?s={search_term_string}"},"query-input":{"@type":"PropertyValueSpecification","valueRequired":true,"valueName":"search_term_string"}}],"inLanguage":"pt-PT"},{"@type":"Person","@id":"https:\/\/portaltela.pt\/#\/schema\/person\/c4278d4a6028830caff9ee44b42d32ed","name":"Telinha","image":{"@type":"ImageObject","inLanguage":"pt-PT","@id":"https:\/\/portaltela.pt\/s.01k8rhncp4jt1\/2025\/11\/talking-bot-125x125.png","url":"https:\/\/portaltela.pt\/s.01k8rhncp4jt1\/2025\/11\/talking-bot-125x125.png","contentUrl":"https:\/\/portaltela.pt\/s.01k8rhncp4jt1\/2025\/11\/talking-bot-125x125.png","caption":"Telinha"},"sameAs":["https:\/\/portaltela.pt\/"],"url":"https:\/\/portaltela.pt\/por\/367410592786\/"}]}},"_links":{"self":[{"href":"https:\/\/portaltela.pt\/api\/wp\/v2\/posts\/73279","targetHints":{"allow":["GET"]}}],"collection":[{"href":"https:\/\/portaltela.pt\/api\/wp\/v2\/posts"}],"about":[{"href":"https:\/\/portaltela.pt\/api\/wp\/v2\/types\/post"}],"author":[{"embeddable":true,"href":"https:\/\/portaltela.pt\/api\/wp\/v2\/users\/2"}],"replies":[{"embeddable":true,"href":"https:\/\/portaltela.pt\/api\/wp\/v2\/comments?post=73279"}],"version-history":[{"count":0,"href":"https:\/\/portaltela.pt\/api\/wp\/v2\/posts\/73279\/revisions"}],"wp:featuredmedia":[{"embeddable":true,"href":"https:\/\/portaltela.pt\/api\/wp\/v2\/media\/73283"}],"wp:attachment":[{"href":"https:\/\/portaltela.pt\/api\/wp\/v2\/media?parent=73279"}],"wp:term":[{"taxonomy":"category","embeddable":true,"href":"https:\/\/portaltela.pt\/api\/wp\/v2\/categories?post=73279"},{"taxonomy":"post_tag","embeddable":true,"href":"https:\/\/portaltela.pt\/api\/wp\/v2\/tags?post=73279"}],"curies":[{"name":"wp","href":"https:\/\/api.w.org\/{rel}","templated":true}]}}