{"id":72452,"date":"2025-12-13T10:15:00","date_gmt":"2025-12-13T13:15:00","guid":{"rendered":"https:\/\/portaltela.pt\/noticias\/2025\/12\/13\/lindsey-vonn-volta-aos-41-e-faz-historia-no-esqui\/"},"modified":"2025-12-13T10:15:00","modified_gmt":"2025-12-13T13:15:00","slug":"lindsey-vonn-volta-aos-41-e-faz-historia-no-esqui","status":"publish","type":"post","link":"https:\/\/portaltela.pt\/desporto\/2025\/12\/13\/lindsey-vonn-volta-aos-41-e-faz-historia-no-esqui\/","title":{"rendered":"Lindsey Vonn volta aos 41 e faz hist\u00f3ria no esqui"},"content":{"rendered":"<p>Lindsey Vonn, ex\u2013n\u00ba1 mundial, venceu o downhill da Ta\u00e7a do Mundo em St. Moritz, com 41 anos. A vit\u00f3ria \u00e9 a 83.\u00aa da carreira e a 44.\u00aa em downhill, com tempo de 1:29.63. Ultrapassou todas as advers\u00e1rias por 0,98 s.<\/p>\n<p>A norte-americana tornou-se na esquiadora mais velha a vencer uma prova da Ta\u00e7a do Mundo. O regresso \u00e0 competi\u00e7\u00e3o ocorre desde 2018, depois de uma cirurgia no joelho direito que envolveu reparos com tit\u00e2nio.<\/p>\n<p>Vonn chegou ao topo no final do percurso, ap\u00f3s manter velocidade alta nos setores cr\u00edticos. A ex-atleta afirmou ter trabalhado com a equipa para otimizar o equipamento e a prepara\u00e7\u00e3o f\u00edsica, e mostrou entusiasmo para o resto da \u00e9poca.<\/p>\n<h3>Contexto: hist\u00f3ria de uma estrela<\/h3>\n<p>Vonn encerrou a carreira por quest\u00f5es f\u00edsicas em 2019, ap\u00f3s v\u00e1rias les\u00f5es. Registou 20 globos de cristal e recordes em downhill e Super G, al\u00e9m de ser campe\u00e3 ol\u00edmpica de downhill em Vancouver 2010.<\/p>\n<h3>Dados da prova<\/h3>\n<p>A vit\u00f3ria ocorreu no primeiro downhill da \u00e9poca ol\u00edmpica de 2026, em St. Moritz, com velocidade m\u00e1xima de 114 km\/h. A marca de 0,98 s de vantagem evidenciou dom\u00ednio nos \u00faltimos setores da pista.<\/p>\n","protected":false},"excerpt":{"rendered":"<ul>\n<li>Lindsey Vonn, aos 41 anos, venceu o downhill da Ta\u00e7a do Mundo em St. Moritz com o tempo de 1:29.63, 0,98 segundos \u00e0 frente da segunda classificada.<\/li>\n<li>Foi a 83.\u00aa vit\u00f3ria da carreira na Ta\u00e7a do Mundo e a 44.\u00aa em downhill, tornando-a a esquiadora mais velha a vencer uma prova da Ta\u00e7a do Mundo.<\/li>\n<li>O triunfo marca o regresso desde 2018, sendo a primeira vit\u00f3ria desde mar\u00e7o de 2018, em Are, na Su\u00e9cia.<\/li>\n<li>A prova teve velocidade m\u00e1xima de 114 km\/h, com Vonn a dominar os tr\u00eas \u00faltimos setores da pista.<\/li>\n<li>A carreira de Vonn foi encerrada por quest\u00f5es f\u00edsicas, incluindo uma opera\u00e7\u00e3o ao joelho direito com partes substitu\u00eddas por tit\u00e2nio; regressou primeiramente como forerunner antes de voltar a competir.<\/li>\n<\/ul>\n","protected":false},"author":2,"featured_media":72454,"comment_status":"closed","ping_status":"closed","sticky":false,"template":"","format":"standard","meta":{"footnotes":""},"categories":[21],"tags":[279,152,60,299,84],"class_list":["post-72452","post","type-post","status-publish","format-standard","has-post-thumbnail","hentry","category-desporto","tag-atleta-do-ano","tag-desporto","tag-esportes","tag-historia","tag-olimpiadas"],"yoast_head":"<!-- This site is optimized with the Yoast SEO plugin v27.2 - https:\/\/yoast.com\/product\/yoast-seo-wordpress\/ -->\n<title>Lindsey Vonn volta aos 41 e faz hist\u00f3ria no esqui - Portal Tela Portugal<\/title>\n<meta name=\"robots\" content=\"index, follow, max-snippet:-1, max-image-preview:large, max-video-preview:-1\" \/>\n<meta property=\"og:locale\" content=\"pt_PT\" \/>\n<meta property=\"og:type\" content=\"article\" \/>\n<meta property=\"og:title\" content=\"Lindsey Vonn volta aos 41 e faz hist\u00f3ria no esqui - Portal Tela Portugal\" \/>\n<meta property=\"og:description\" content=\"Lindsey Vonn, aos 41 anos, venceu o downhill da Ta\u00e7a do Mundo em St. Moritz com o tempo de 1:29.63, 0,98 segundos \u00e0 frente da segunda classificada. Foi a 83.\u00aa vit\u00f3ria da carreira na Ta\u00e7a do Mundo e a 44.\u00aa em downhill, tornando-a a esquiadora mais velha a vencer uma prova da Ta\u00e7a do Mundo. O triunfo marca o regresso desde 2018, sendo a primeira vit\u00f3ria desde mar\u00e7o de 2018, em Are, na Su\u00e9cia. A prova teve velocidade m\u00e1xima de 114 km\/h, com Vonn a dominar os tr\u00eas \u00faltimos setores da pista. A carreira de Vonn foi encerrada por quest\u00f5es f\u00edsicas, incluindo uma opera\u00e7\u00e3o ao joelho direito com partes substitu\u00eddas por tit\u00e2nio; regressou primeiramente como forerunner antes de voltar a competir.\" \/>\n<meta property=\"og:url\" content=\"https:\/\/portaltela.pt\/noticias\/2025\/12\/13\/lindsey-vonn-volta-aos-41-e-faz-historia-no-esqui\/\" \/>\n<meta property=\"og:site_name\" content=\"Portal Tela Portugal\" \/>\n<meta property=\"article:published_time\" content=\"2025-12-13T13:15:00+00:00\" \/>\n<meta name=\"author\" content=\"Telinha\" \/>\n<meta name=\"twitter:card\" content=\"summary_large_image\" \/>\n<meta name=\"twitter:label1\" content=\"Escrito por\" \/>\n\t<meta name=\"twitter:data1\" content=\"Telinha\" \/>\n\t<meta name=\"twitter:label2\" content=\"Tempo estimado de leitura\" \/>\n\t<meta name=\"twitter:data2\" content=\"1 minuto\" \/>\n<script type=\"application\/ld+json\" class=\"yoast-schema-graph\">{\"@context\":\"https:\/\/schema.org\",\"@graph\":[{\"@type\":\"Article\",\"@id\":\"https:\/\/portaltela.pt\/noticias\/2025\/12\/13\/lindsey-vonn-volta-aos-41-e-faz-historia-no-esqui\/#article\",\"isPartOf\":{\"@id\":\"https:\/\/portaltela.pt\/noticias\/2025\/12\/13\/lindsey-vonn-volta-aos-41-e-faz-historia-no-esqui\/\"},\"author\":{\"name\":\"Telinha\",\"@id\":\"https:\/\/portaltela.pt\/#\/schema\/person\/c4278d4a6028830caff9ee44b42d32ed\"},\"headline\":\"Lindsey Vonn volta aos 41 e faz hist\u00f3ria no esqui\",\"datePublished\":\"2025-12-13T13:15:00+00:00\",\"mainEntityOfPage\":{\"@id\":\"https:\/\/portaltela.pt\/noticias\/2025\/12\/13\/lindsey-vonn-volta-aos-41-e-faz-historia-no-esqui\/\"},\"wordCount\":209,\"image\":{\"@id\":\"https:\/\/portaltela.pt\/noticias\/2025\/12\/13\/lindsey-vonn-volta-aos-41-e-faz-historia-no-esqui\/#primaryimage\"},\"thumbnailUrl\":\"https:\/\/portaltela.pt\/s.01k8rhncp4jt1\/2025\/12\/3b6fc334-c08d-448c-801b-7da3f2327072.jpg\",\"keywords\":[\"Atleta do Ano\",\"desporto\",\"esportes\",\"hist\u00f3ria\",\"olimp\u00edadas\"],\"articleSection\":[\"Desporto\"],\"inLanguage\":\"pt-PT\"},{\"@type\":\"WebPage\",\"@id\":\"https:\/\/portaltela.pt\/noticias\/2025\/12\/13\/lindsey-vonn-volta-aos-41-e-faz-historia-no-esqui\/\",\"url\":\"https:\/\/portaltela.pt\/noticias\/2025\/12\/13\/lindsey-vonn-volta-aos-41-e-faz-historia-no-esqui\/\",\"name\":\"Lindsey Vonn volta aos 41 e faz hist\u00f3ria no esqui - Portal Tela Portugal\",\"isPartOf\":{\"@id\":\"https:\/\/portaltela.pt\/#website\"},\"primaryImageOfPage\":{\"@id\":\"https:\/\/portaltela.pt\/noticias\/2025\/12\/13\/lindsey-vonn-volta-aos-41-e-faz-historia-no-esqui\/#primaryimage\"},\"image\":{\"@id\":\"https:\/\/portaltela.pt\/noticias\/2025\/12\/13\/lindsey-vonn-volta-aos-41-e-faz-historia-no-esqui\/#primaryimage\"},\"thumbnailUrl\":\"https:\/\/portaltela.pt\/s.01k8rhncp4jt1\/2025\/12\/3b6fc334-c08d-448c-801b-7da3f2327072.jpg\",\"datePublished\":\"2025-12-13T13:15:00+00:00\",\"author\":{\"@id\":\"https:\/\/portaltela.pt\/#\/schema\/person\/c4278d4a6028830caff9ee44b42d32ed\"},\"breadcrumb\":{\"@id\":\"https:\/\/portaltela.pt\/noticias\/2025\/12\/13\/lindsey-vonn-volta-aos-41-e-faz-historia-no-esqui\/#breadcrumb\"},\"inLanguage\":\"pt-PT\",\"potentialAction\":[{\"@type\":\"ReadAction\",\"target\":[\"https:\/\/portaltela.pt\/noticias\/2025\/12\/13\/lindsey-vonn-volta-aos-41-e-faz-historia-no-esqui\/\"]}]},{\"@type\":\"ImageObject\",\"inLanguage\":\"pt-PT\",\"@id\":\"https:\/\/portaltela.pt\/noticias\/2025\/12\/13\/lindsey-vonn-volta-aos-41-e-faz-historia-no-esqui\/#primaryimage\",\"url\":\"https:\/\/portaltela.pt\/s.01k8rhncp4jt1\/2025\/12\/3b6fc334-c08d-448c-801b-7da3f2327072.jpg\",\"contentUrl\":\"https:\/\/portaltela.pt\/s.01k8rhncp4jt1\/2025\/12\/3b6fc334-c08d-448c-801b-7da3f2327072.jpg\",\"width\":796,\"height\":448,\"caption\":\"Photo\"},{\"@type\":\"BreadcrumbList\",\"@id\":\"https:\/\/portaltela.pt\/noticias\/2025\/12\/13\/lindsey-vonn-volta-aos-41-e-faz-historia-no-esqui\/#breadcrumb\",\"itemListElement\":[{\"@type\":\"ListItem\",\"position\":1,\"name\":\"In\u00edcio\",\"item\":\"https:\/\/portaltela.pt\/\"},{\"@type\":\"ListItem\",\"position\":2,\"name\":\"Lindsey Vonn volta aos 41 e faz hist\u00f3ria no esqui\"}]},{\"@type\":\"WebSite\",\"@id\":\"https:\/\/portaltela.pt\/#website\",\"url\":\"https:\/\/portaltela.pt\/\",\"name\":\"Portal Tela Portugal\",\"description\":\"\",\"potentialAction\":[{\"@type\":\"SearchAction\",\"target\":{\"@type\":\"EntryPoint\",\"urlTemplate\":\"https:\/\/portaltela.pt\/?s={search_term_string}\"},\"query-input\":{\"@type\":\"PropertyValueSpecification\",\"valueRequired\":true,\"valueName\":\"search_term_string\"}}],\"inLanguage\":\"pt-PT\"},{\"@type\":\"Person\",\"@id\":\"https:\/\/portaltela.pt\/#\/schema\/person\/c4278d4a6028830caff9ee44b42d32ed\",\"name\":\"Telinha\",\"image\":{\"@type\":\"ImageObject\",\"inLanguage\":\"pt-PT\",\"@id\":\"https:\/\/portaltela.pt\/s.01k8rhncp4jt1\/2025\/11\/talking-bot-125x125.png\",\"url\":\"https:\/\/portaltela.pt\/s.01k8rhncp4jt1\/2025\/11\/talking-bot-125x125.png\",\"contentUrl\":\"https:\/\/portaltela.pt\/s.01k8rhncp4jt1\/2025\/11\/talking-bot-125x125.png\",\"caption\":\"Telinha\"},\"sameAs\":[\"https:\/\/portaltela.pt\/\"],\"url\":\"https:\/\/portaltela.pt\/por\/367410592786\/\"}]}<\/script>\n<!-- \/ Yoast SEO plugin. -->","yoast_head_json":{"title":"Lindsey Vonn volta aos 41 e faz hist\u00f3ria no esqui - Portal Tela Portugal","robots":{"index":"index","follow":"follow","max-snippet":"max-snippet:-1","max-image-preview":"max-image-preview:large","max-video-preview":"max-video-preview:-1"},"og_locale":"pt_PT","og_type":"article","og_title":"Lindsey Vonn volta aos 41 e faz hist\u00f3ria no esqui - Portal Tela Portugal","og_description":"Lindsey Vonn, aos 41 anos, venceu o downhill da Ta\u00e7a do Mundo em St. Moritz com o tempo de 1:29.63, 0,98 segundos \u00e0 frente da segunda classificada. Foi a 83.\u00aa vit\u00f3ria da carreira na Ta\u00e7a do Mundo e a 44.\u00aa em downhill, tornando-a a esquiadora mais velha a vencer uma prova da Ta\u00e7a do Mundo. O triunfo marca o regresso desde 2018, sendo a primeira vit\u00f3ria desde mar\u00e7o de 2018, em Are, na Su\u00e9cia. A prova teve velocidade m\u00e1xima de 114 km\/h, com Vonn a dominar os tr\u00eas \u00faltimos setores da pista. A carreira de Vonn foi encerrada por quest\u00f5es f\u00edsicas, incluindo uma opera\u00e7\u00e3o ao joelho direito com partes substitu\u00eddas por tit\u00e2nio; regressou primeiramente como forerunner antes de voltar a competir.","og_url":"https:\/\/portaltela.pt\/noticias\/2025\/12\/13\/lindsey-vonn-volta-aos-41-e-faz-historia-no-esqui\/","og_site_name":"Portal Tela Portugal","article_published_time":"2025-12-13T13:15:00+00:00","author":"Telinha","twitter_card":"summary_large_image","twitter_misc":{"Escrito por":"Telinha","Tempo estimado de leitura":"1 minuto"},"schema":{"@context":"https:\/\/schema.org","@graph":[{"@type":"Article","@id":"https:\/\/portaltela.pt\/noticias\/2025\/12\/13\/lindsey-vonn-volta-aos-41-e-faz-historia-no-esqui\/#article","isPartOf":{"@id":"https:\/\/portaltela.pt\/noticias\/2025\/12\/13\/lindsey-vonn-volta-aos-41-e-faz-historia-no-esqui\/"},"author":{"name":"Telinha","@id":"https:\/\/portaltela.pt\/#\/schema\/person\/c4278d4a6028830caff9ee44b42d32ed"},"headline":"Lindsey Vonn volta aos 41 e faz hist\u00f3ria no esqui","datePublished":"2025-12-13T13:15:00+00:00","mainEntityOfPage":{"@id":"https:\/\/portaltela.pt\/noticias\/2025\/12\/13\/lindsey-vonn-volta-aos-41-e-faz-historia-no-esqui\/"},"wordCount":209,"image":{"@id":"https:\/\/portaltela.pt\/noticias\/2025\/12\/13\/lindsey-vonn-volta-aos-41-e-faz-historia-no-esqui\/#primaryimage"},"thumbnailUrl":"https:\/\/portaltela.pt\/s.01k8rhncp4jt1\/2025\/12\/3b6fc334-c08d-448c-801b-7da3f2327072.jpg","keywords":["Atleta do Ano","desporto","esportes","hist\u00f3ria","olimp\u00edadas"],"articleSection":["Desporto"],"inLanguage":"pt-PT"},{"@type":"WebPage","@id":"https:\/\/portaltela.pt\/noticias\/2025\/12\/13\/lindsey-vonn-volta-aos-41-e-faz-historia-no-esqui\/","url":"https:\/\/portaltela.pt\/noticias\/2025\/12\/13\/lindsey-vonn-volta-aos-41-e-faz-historia-no-esqui\/","name":"Lindsey Vonn volta aos 41 e faz hist\u00f3ria no esqui - Portal Tela Portugal","isPartOf":{"@id":"https:\/\/portaltela.pt\/#website"},"primaryImageOfPage":{"@id":"https:\/\/portaltela.pt\/noticias\/2025\/12\/13\/lindsey-vonn-volta-aos-41-e-faz-historia-no-esqui\/#primaryimage"},"image":{"@id":"https:\/\/portaltela.pt\/noticias\/2025\/12\/13\/lindsey-vonn-volta-aos-41-e-faz-historia-no-esqui\/#primaryimage"},"thumbnailUrl":"https:\/\/portaltela.pt\/s.01k8rhncp4jt1\/2025\/12\/3b6fc334-c08d-448c-801b-7da3f2327072.jpg","datePublished":"2025-12-13T13:15:00+00:00","author":{"@id":"https:\/\/portaltela.pt\/#\/schema\/person\/c4278d4a6028830caff9ee44b42d32ed"},"breadcrumb":{"@id":"https:\/\/portaltela.pt\/noticias\/2025\/12\/13\/lindsey-vonn-volta-aos-41-e-faz-historia-no-esqui\/#breadcrumb"},"inLanguage":"pt-PT","potentialAction":[{"@type":"ReadAction","target":["https:\/\/portaltela.pt\/noticias\/2025\/12\/13\/lindsey-vonn-volta-aos-41-e-faz-historia-no-esqui\/"]}]},{"@type":"ImageObject","inLanguage":"pt-PT","@id":"https:\/\/portaltela.pt\/noticias\/2025\/12\/13\/lindsey-vonn-volta-aos-41-e-faz-historia-no-esqui\/#primaryimage","url":"https:\/\/portaltela.pt\/s.01k8rhncp4jt1\/2025\/12\/3b6fc334-c08d-448c-801b-7da3f2327072.jpg","contentUrl":"https:\/\/portaltela.pt\/s.01k8rhncp4jt1\/2025\/12\/3b6fc334-c08d-448c-801b-7da3f2327072.jpg","width":796,"height":448,"caption":"Photo"},{"@type":"BreadcrumbList","@id":"https:\/\/portaltela.pt\/noticias\/2025\/12\/13\/lindsey-vonn-volta-aos-41-e-faz-historia-no-esqui\/#breadcrumb","itemListElement":[{"@type":"ListItem","position":1,"name":"In\u00edcio","item":"https:\/\/portaltela.pt\/"},{"@type":"ListItem","position":2,"name":"Lindsey Vonn volta aos 41 e faz hist\u00f3ria no esqui"}]},{"@type":"WebSite","@id":"https:\/\/portaltela.pt\/#website","url":"https:\/\/portaltela.pt\/","name":"Portal Tela Portugal","description":"","potentialAction":[{"@type":"SearchAction","target":{"@type":"EntryPoint","urlTemplate":"https:\/\/portaltela.pt\/?s={search_term_string}"},"query-input":{"@type":"PropertyValueSpecification","valueRequired":true,"valueName":"search_term_string"}}],"inLanguage":"pt-PT"},{"@type":"Person","@id":"https:\/\/portaltela.pt\/#\/schema\/person\/c4278d4a6028830caff9ee44b42d32ed","name":"Telinha","image":{"@type":"ImageObject","inLanguage":"pt-PT","@id":"https:\/\/portaltela.pt\/s.01k8rhncp4jt1\/2025\/11\/talking-bot-125x125.png","url":"https:\/\/portaltela.pt\/s.01k8rhncp4jt1\/2025\/11\/talking-bot-125x125.png","contentUrl":"https:\/\/portaltela.pt\/s.01k8rhncp4jt1\/2025\/11\/talking-bot-125x125.png","caption":"Telinha"},"sameAs":["https:\/\/portaltela.pt\/"],"url":"https:\/\/portaltela.pt\/por\/367410592786\/"}]}},"_links":{"self":[{"href":"https:\/\/portaltela.pt\/api\/wp\/v2\/posts\/72452","targetHints":{"allow":["GET"]}}],"collection":[{"href":"https:\/\/portaltela.pt\/api\/wp\/v2\/posts"}],"about":[{"href":"https:\/\/portaltela.pt\/api\/wp\/v2\/types\/post"}],"author":[{"embeddable":true,"href":"https:\/\/portaltela.pt\/api\/wp\/v2\/users\/2"}],"replies":[{"embeddable":true,"href":"https:\/\/portaltela.pt\/api\/wp\/v2\/comments?post=72452"}],"version-history":[{"count":0,"href":"https:\/\/portaltela.pt\/api\/wp\/v2\/posts\/72452\/revisions"}],"wp:featuredmedia":[{"embeddable":true,"href":"https:\/\/portaltela.pt\/api\/wp\/v2\/media\/72454"}],"wp:attachment":[{"href":"https:\/\/portaltela.pt\/api\/wp\/v2\/media?parent=72452"}],"wp:term":[{"taxonomy":"category","embeddable":true,"href":"https:\/\/portaltela.pt\/api\/wp\/v2\/categories?post=72452"},{"taxonomy":"post_tag","embeddable":true,"href":"https:\/\/portaltela.pt\/api\/wp\/v2\/tags?post=72452"}],"curies":[{"name":"wp","href":"https:\/\/api.w.org\/{rel}","templated":true}]}}