{"id":72297,"date":"2025-12-13T08:45:00","date_gmt":"2025-12-13T11:45:00","guid":{"rendered":"https:\/\/portaltela.pt\/noticias\/2025\/12\/13\/vandalismo-danificou-decoracoes-do-pinhel-de-natal-2025\/"},"modified":"2025-12-13T08:45:00","modified_gmt":"2025-12-13T11:45:00","slug":"vandalismo-danificou-decoracoes-do-pinhel-de-natal-2025","status":"publish","type":"post","link":"https:\/\/portaltela.pt\/noticias\/2025\/12\/13\/vandalismo-danificou-decoracoes-do-pinhel-de-natal-2025\/","title":{"rendered":"Vandalismo danificou decora\u00e7\u00f5es do Pinhel de Natal 2025"},"content":{"rendered":"<p>O Munic\u00edpio de Pinhel identificou na madrugada de sexta para s\u00e1bado, 12 de dezembro, atos de vandalismo que danificaram parte das decora\u00e7\u00f5es natal\u00edcias da iniciativa Pinhel de Natal 2025, instaladas na cidade. A ocorr\u00eancia foi registada pela autarquia.<\/p>\n<p>A autarquia expressa tristeza e indigna\u00e7\u00e3o pela destrui\u00e7\u00e3o de elementos decorativos criados com dedica\u00e7\u00e3o para trazer magia \u00e0s fam\u00edlias, sobretudo \u00e0s crian\u00e7as, durante a \u00e9poca festiva.<\/p>\n<p>O munic\u00edpio lamenta que a destrui\u00e7\u00e3o de patrim\u00f3nio p\u00fablico envolva preju\u00edzo financeiro e desrespeito pelo esp\u00edrito de uni\u00e3o, partilha e alegria que marca o Natal. Pinhel mant\u00e9m o compromisso de preservar a magia natal\u00edcia na cidade.<\/p>\n<p>Apesar dos danos, a autarquia assegura que continuar\u00e1 a promover o esp\u00edrito do Natal e faz um apelo ao civismo e ao respeito pelo espa\u00e7o p\u00fablico, reiterando que a preserva\u00e7\u00e3o depende da responsabilidade de todos.<\/p>\n<h3>Compromisso c\u00edvico e pr\u00f3ximos passos<\/h3>\n<p>A autarquia n\u00e3o revelou, de momento, medidas adicionais de resposta ou investiga\u00e7\u00e3o, mantendo o foco na continuidade das iniciativas natal\u00edcias e na prote\u00e7\u00e3o do patrim\u00f3nio comum.<\/p>\n","protected":false},"excerpt":{"rendered":"<ul>\n<li>O Munic\u00edpio de Pinhel informou atos de vandalismo na madrugada de sexta-feira, 12 de dezembro, que danificaram parte das decora\u00e7\u00f5es de Natal da iniciativa &#8220;Pinhel de Natal 2025&#8221;.<\/li>\n<li>A autarquia disse sentir profunda tristeza e indigna\u00e7\u00e3o pela destrui\u00e7\u00e3o de elementos decorativos criados com dedica\u00e7\u00e3o para trazer magia \u00e0s fam\u00edlias, especialmente \u00e0s crian\u00e7as.<\/li>\n<li>O vandalismo provocou preju\u00edzo financeiro e desrespeito pelo esp\u00edrito de uni\u00e3o, partilha e alegria que caracteriza a \u00e9poca natal\u00edcia.<\/li>\n<li>Mesmo com os danos, o munic\u00edpio compromete-se a manter viva a magia do Natal na cidade e faz um apelo ao civismo e ao respeito pelo espa\u00e7o p\u00fablico.<\/li>\n<li>A autarquia sublinha que a preserva\u00e7\u00e3o do patrim\u00f3nio comum depende da responsabilidade de todos.<\/li>\n<\/ul>\n","protected":false},"author":2,"featured_media":72301,"comment_status":"closed","ping_status":"closed","sticky":false,"template":"","format":"standard","meta":{"footnotes":""},"categories":[1],"tags":[168,1323,848,814,1014,806],"class_list":["post-72297","post","type-post","status-publish","format-standard","has-post-thumbnail","hentry","category-noticias","tag-administracao-publica","tag-coesao-social","tag-dano-agravado","tag-patrimonio","tag-portugal","tag-protecao-publica"],"yoast_head":"<!-- This site is optimized with the Yoast SEO plugin v27.2 - https:\/\/yoast.com\/product\/yoast-seo-wordpress\/ -->\n<title>Vandalismo danificou decora\u00e7\u00f5es do Pinhel de Natal 2025 - Portal Tela Portugal<\/title>\n<meta name=\"robots\" content=\"index, follow, max-snippet:-1, max-image-preview:large, max-video-preview:-1\" \/>\n<meta property=\"og:locale\" content=\"pt_PT\" \/>\n<meta property=\"og:type\" content=\"article\" \/>\n<meta property=\"og:title\" content=\"Vandalismo danificou decora\u00e7\u00f5es do Pinhel de Natal 2025 - Portal Tela Portugal\" \/>\n<meta property=\"og:description\" content=\"O Munic\u00edpio de Pinhel informou atos de vandalismo na madrugada de sexta-feira, 12 de dezembro, que danificaram parte das decora\u00e7\u00f5es de Natal da iniciativa &quot;Pinhel de Natal 2025&quot;. A autarquia disse sentir profunda tristeza e indigna\u00e7\u00e3o pela destrui\u00e7\u00e3o de elementos decorativos criados com dedica\u00e7\u00e3o para trazer magia \u00e0s fam\u00edlias, especialmente \u00e0s crian\u00e7as. O vandalismo provocou preju\u00edzo financeiro e desrespeito pelo esp\u00edrito de uni\u00e3o, partilha e alegria que caracteriza a \u00e9poca natal\u00edcia. Mesmo com os danos, o munic\u00edpio compromete-se a manter viva a magia do Natal na cidade e faz um apelo ao civismo e ao respeito pelo espa\u00e7o p\u00fablico. A autarquia sublinha que a preserva\u00e7\u00e3o do patrim\u00f3nio comum depende da responsabilidade de todos.\" \/>\n<meta property=\"og:url\" content=\"https:\/\/portaltela.pt\/noticias\/2025\/12\/13\/vandalismo-danificou-decoracoes-do-pinhel-de-natal-2025\/\" \/>\n<meta property=\"og:site_name\" content=\"Portal Tela Portugal\" \/>\n<meta property=\"article:published_time\" content=\"2025-12-13T11:45:00+00:00\" \/>\n<meta name=\"author\" content=\"Telinha\" \/>\n<meta name=\"twitter:card\" content=\"summary_large_image\" \/>\n<meta name=\"twitter:label1\" content=\"Escrito por\" \/>\n\t<meta name=\"twitter:data1\" content=\"Telinha\" \/>\n\t<meta name=\"twitter:label2\" content=\"Tempo estimado de leitura\" \/>\n\t<meta name=\"twitter:data2\" content=\"1 minuto\" \/>\n<script type=\"application\/ld+json\" class=\"yoast-schema-graph\">{\"@context\":\"https:\/\/schema.org\",\"@graph\":[{\"@type\":\"Article\",\"@id\":\"https:\/\/portaltela.pt\/noticias\/2025\/12\/13\/vandalismo-danificou-decoracoes-do-pinhel-de-natal-2025\/#article\",\"isPartOf\":{\"@id\":\"https:\/\/portaltela.pt\/noticias\/2025\/12\/13\/vandalismo-danificou-decoracoes-do-pinhel-de-natal-2025\/\"},\"author\":{\"name\":\"Telinha\",\"@id\":\"https:\/\/portaltela.pt\/#\/schema\/person\/c4278d4a6028830caff9ee44b42d32ed\"},\"headline\":\"Vandalismo danificou decora\u00e7\u00f5es do Pinhel de Natal 2025\",\"datePublished\":\"2025-12-13T11:45:00+00:00\",\"mainEntityOfPage\":{\"@id\":\"https:\/\/portaltela.pt\/noticias\/2025\/12\/13\/vandalismo-danificou-decoracoes-do-pinhel-de-natal-2025\/\"},\"wordCount\":202,\"image\":{\"@id\":\"https:\/\/portaltela.pt\/noticias\/2025\/12\/13\/vandalismo-danificou-decoracoes-do-pinhel-de-natal-2025\/#primaryimage\"},\"thumbnailUrl\":\"https:\/\/portaltela.pt\/s.01k8rhncp4jt1\/2025\/12\/98217792339e21fbc7042b0349b9b299867cde30-10.jpg\",\"keywords\":[\"administra\u00e7\u00e3o p\u00fablica\",\"Coes\u00e3o social\",\"dano agravado\",\"patrim\u00f3nio\",\"Portugal\",\"prote\u00e7\u00e3o p\u00fablica\"],\"articleSection\":[\"Not\u00edcias\"],\"inLanguage\":\"pt-PT\"},{\"@type\":\"WebPage\",\"@id\":\"https:\/\/portaltela.pt\/noticias\/2025\/12\/13\/vandalismo-danificou-decoracoes-do-pinhel-de-natal-2025\/\",\"url\":\"https:\/\/portaltela.pt\/noticias\/2025\/12\/13\/vandalismo-danificou-decoracoes-do-pinhel-de-natal-2025\/\",\"name\":\"Vandalismo danificou decora\u00e7\u00f5es do Pinhel de Natal 2025 - Portal Tela Portugal\",\"isPartOf\":{\"@id\":\"https:\/\/portaltela.pt\/#website\"},\"primaryImageOfPage\":{\"@id\":\"https:\/\/portaltela.pt\/noticias\/2025\/12\/13\/vandalismo-danificou-decoracoes-do-pinhel-de-natal-2025\/#primaryimage\"},\"image\":{\"@id\":\"https:\/\/portaltela.pt\/noticias\/2025\/12\/13\/vandalismo-danificou-decoracoes-do-pinhel-de-natal-2025\/#primaryimage\"},\"thumbnailUrl\":\"https:\/\/portaltela.pt\/s.01k8rhncp4jt1\/2025\/12\/98217792339e21fbc7042b0349b9b299867cde30-10.jpg\",\"datePublished\":\"2025-12-13T11:45:00+00:00\",\"author\":{\"@id\":\"https:\/\/portaltela.pt\/#\/schema\/person\/c4278d4a6028830caff9ee44b42d32ed\"},\"breadcrumb\":{\"@id\":\"https:\/\/portaltela.pt\/noticias\/2025\/12\/13\/vandalismo-danificou-decoracoes-do-pinhel-de-natal-2025\/#breadcrumb\"},\"inLanguage\":\"pt-PT\",\"potentialAction\":[{\"@type\":\"ReadAction\",\"target\":[\"https:\/\/portaltela.pt\/noticias\/2025\/12\/13\/vandalismo-danificou-decoracoes-do-pinhel-de-natal-2025\/\"]}]},{\"@type\":\"ImageObject\",\"inLanguage\":\"pt-PT\",\"@id\":\"https:\/\/portaltela.pt\/noticias\/2025\/12\/13\/vandalismo-danificou-decoracoes-do-pinhel-de-natal-2025\/#primaryimage\",\"url\":\"https:\/\/portaltela.pt\/s.01k8rhncp4jt1\/2025\/12\/98217792339e21fbc7042b0349b9b299867cde30-10.jpg\",\"contentUrl\":\"https:\/\/portaltela.pt\/s.01k8rhncp4jt1\/2025\/12\/98217792339e21fbc7042b0349b9b299867cde30-10.jpg\",\"width\":796,\"height\":448,\"caption\":\"Beira Alta TV\"},{\"@type\":\"BreadcrumbList\",\"@id\":\"https:\/\/portaltela.pt\/noticias\/2025\/12\/13\/vandalismo-danificou-decoracoes-do-pinhel-de-natal-2025\/#breadcrumb\",\"itemListElement\":[{\"@type\":\"ListItem\",\"position\":1,\"name\":\"In\u00edcio\",\"item\":\"https:\/\/portaltela.pt\/\"},{\"@type\":\"ListItem\",\"position\":2,\"name\":\"Vandalismo danificou decora\u00e7\u00f5es do Pinhel de Natal 2025\"}]},{\"@type\":\"WebSite\",\"@id\":\"https:\/\/portaltela.pt\/#website\",\"url\":\"https:\/\/portaltela.pt\/\",\"name\":\"Portal Tela Portugal\",\"description\":\"\",\"potentialAction\":[{\"@type\":\"SearchAction\",\"target\":{\"@type\":\"EntryPoint\",\"urlTemplate\":\"https:\/\/portaltela.pt\/?s={search_term_string}\"},\"query-input\":{\"@type\":\"PropertyValueSpecification\",\"valueRequired\":true,\"valueName\":\"search_term_string\"}}],\"inLanguage\":\"pt-PT\"},{\"@type\":\"Person\",\"@id\":\"https:\/\/portaltela.pt\/#\/schema\/person\/c4278d4a6028830caff9ee44b42d32ed\",\"name\":\"Telinha\",\"image\":{\"@type\":\"ImageObject\",\"inLanguage\":\"pt-PT\",\"@id\":\"https:\/\/portaltela.pt\/s.01k8rhncp4jt1\/2025\/11\/talking-bot-125x125.png\",\"url\":\"https:\/\/portaltela.pt\/s.01k8rhncp4jt1\/2025\/11\/talking-bot-125x125.png\",\"contentUrl\":\"https:\/\/portaltela.pt\/s.01k8rhncp4jt1\/2025\/11\/talking-bot-125x125.png\",\"caption\":\"Telinha\"},\"sameAs\":[\"https:\/\/portaltela.pt\/\"],\"url\":\"https:\/\/portaltela.pt\/por\/367410592786\/\"}]}<\/script>\n<!-- \/ Yoast SEO plugin. -->","yoast_head_json":{"title":"Vandalismo danificou decora\u00e7\u00f5es do Pinhel de Natal 2025 - Portal Tela Portugal","robots":{"index":"index","follow":"follow","max-snippet":"max-snippet:-1","max-image-preview":"max-image-preview:large","max-video-preview":"max-video-preview:-1"},"og_locale":"pt_PT","og_type":"article","og_title":"Vandalismo danificou decora\u00e7\u00f5es do Pinhel de Natal 2025 - Portal Tela Portugal","og_description":"O Munic\u00edpio de Pinhel informou atos de vandalismo na madrugada de sexta-feira, 12 de dezembro, que danificaram parte das decora\u00e7\u00f5es de Natal da iniciativa \"Pinhel de Natal 2025\". A autarquia disse sentir profunda tristeza e indigna\u00e7\u00e3o pela destrui\u00e7\u00e3o de elementos decorativos criados com dedica\u00e7\u00e3o para trazer magia \u00e0s fam\u00edlias, especialmente \u00e0s crian\u00e7as. O vandalismo provocou preju\u00edzo financeiro e desrespeito pelo esp\u00edrito de uni\u00e3o, partilha e alegria que caracteriza a \u00e9poca natal\u00edcia. Mesmo com os danos, o munic\u00edpio compromete-se a manter viva a magia do Natal na cidade e faz um apelo ao civismo e ao respeito pelo espa\u00e7o p\u00fablico. A autarquia sublinha que a preserva\u00e7\u00e3o do patrim\u00f3nio comum depende da responsabilidade de todos.","og_url":"https:\/\/portaltela.pt\/noticias\/2025\/12\/13\/vandalismo-danificou-decoracoes-do-pinhel-de-natal-2025\/","og_site_name":"Portal Tela Portugal","article_published_time":"2025-12-13T11:45:00+00:00","author":"Telinha","twitter_card":"summary_large_image","twitter_misc":{"Escrito por":"Telinha","Tempo estimado de leitura":"1 minuto"},"schema":{"@context":"https:\/\/schema.org","@graph":[{"@type":"Article","@id":"https:\/\/portaltela.pt\/noticias\/2025\/12\/13\/vandalismo-danificou-decoracoes-do-pinhel-de-natal-2025\/#article","isPartOf":{"@id":"https:\/\/portaltela.pt\/noticias\/2025\/12\/13\/vandalismo-danificou-decoracoes-do-pinhel-de-natal-2025\/"},"author":{"name":"Telinha","@id":"https:\/\/portaltela.pt\/#\/schema\/person\/c4278d4a6028830caff9ee44b42d32ed"},"headline":"Vandalismo danificou decora\u00e7\u00f5es do Pinhel de Natal 2025","datePublished":"2025-12-13T11:45:00+00:00","mainEntityOfPage":{"@id":"https:\/\/portaltela.pt\/noticias\/2025\/12\/13\/vandalismo-danificou-decoracoes-do-pinhel-de-natal-2025\/"},"wordCount":202,"image":{"@id":"https:\/\/portaltela.pt\/noticias\/2025\/12\/13\/vandalismo-danificou-decoracoes-do-pinhel-de-natal-2025\/#primaryimage"},"thumbnailUrl":"https:\/\/portaltela.pt\/s.01k8rhncp4jt1\/2025\/12\/98217792339e21fbc7042b0349b9b299867cde30-10.jpg","keywords":["administra\u00e7\u00e3o p\u00fablica","Coes\u00e3o social","dano agravado","patrim\u00f3nio","Portugal","prote\u00e7\u00e3o p\u00fablica"],"articleSection":["Not\u00edcias"],"inLanguage":"pt-PT"},{"@type":"WebPage","@id":"https:\/\/portaltela.pt\/noticias\/2025\/12\/13\/vandalismo-danificou-decoracoes-do-pinhel-de-natal-2025\/","url":"https:\/\/portaltela.pt\/noticias\/2025\/12\/13\/vandalismo-danificou-decoracoes-do-pinhel-de-natal-2025\/","name":"Vandalismo danificou decora\u00e7\u00f5es do Pinhel de Natal 2025 - Portal Tela Portugal","isPartOf":{"@id":"https:\/\/portaltela.pt\/#website"},"primaryImageOfPage":{"@id":"https:\/\/portaltela.pt\/noticias\/2025\/12\/13\/vandalismo-danificou-decoracoes-do-pinhel-de-natal-2025\/#primaryimage"},"image":{"@id":"https:\/\/portaltela.pt\/noticias\/2025\/12\/13\/vandalismo-danificou-decoracoes-do-pinhel-de-natal-2025\/#primaryimage"},"thumbnailUrl":"https:\/\/portaltela.pt\/s.01k8rhncp4jt1\/2025\/12\/98217792339e21fbc7042b0349b9b299867cde30-10.jpg","datePublished":"2025-12-13T11:45:00+00:00","author":{"@id":"https:\/\/portaltela.pt\/#\/schema\/person\/c4278d4a6028830caff9ee44b42d32ed"},"breadcrumb":{"@id":"https:\/\/portaltela.pt\/noticias\/2025\/12\/13\/vandalismo-danificou-decoracoes-do-pinhel-de-natal-2025\/#breadcrumb"},"inLanguage":"pt-PT","potentialAction":[{"@type":"ReadAction","target":["https:\/\/portaltela.pt\/noticias\/2025\/12\/13\/vandalismo-danificou-decoracoes-do-pinhel-de-natal-2025\/"]}]},{"@type":"ImageObject","inLanguage":"pt-PT","@id":"https:\/\/portaltela.pt\/noticias\/2025\/12\/13\/vandalismo-danificou-decoracoes-do-pinhel-de-natal-2025\/#primaryimage","url":"https:\/\/portaltela.pt\/s.01k8rhncp4jt1\/2025\/12\/98217792339e21fbc7042b0349b9b299867cde30-10.jpg","contentUrl":"https:\/\/portaltela.pt\/s.01k8rhncp4jt1\/2025\/12\/98217792339e21fbc7042b0349b9b299867cde30-10.jpg","width":796,"height":448,"caption":"Beira Alta TV"},{"@type":"BreadcrumbList","@id":"https:\/\/portaltela.pt\/noticias\/2025\/12\/13\/vandalismo-danificou-decoracoes-do-pinhel-de-natal-2025\/#breadcrumb","itemListElement":[{"@type":"ListItem","position":1,"name":"In\u00edcio","item":"https:\/\/portaltela.pt\/"},{"@type":"ListItem","position":2,"name":"Vandalismo danificou decora\u00e7\u00f5es do Pinhel de Natal 2025"}]},{"@type":"WebSite","@id":"https:\/\/portaltela.pt\/#website","url":"https:\/\/portaltela.pt\/","name":"Portal Tela Portugal","description":"","potentialAction":[{"@type":"SearchAction","target":{"@type":"EntryPoint","urlTemplate":"https:\/\/portaltela.pt\/?s={search_term_string}"},"query-input":{"@type":"PropertyValueSpecification","valueRequired":true,"valueName":"search_term_string"}}],"inLanguage":"pt-PT"},{"@type":"Person","@id":"https:\/\/portaltela.pt\/#\/schema\/person\/c4278d4a6028830caff9ee44b42d32ed","name":"Telinha","image":{"@type":"ImageObject","inLanguage":"pt-PT","@id":"https:\/\/portaltela.pt\/s.01k8rhncp4jt1\/2025\/11\/talking-bot-125x125.png","url":"https:\/\/portaltela.pt\/s.01k8rhncp4jt1\/2025\/11\/talking-bot-125x125.png","contentUrl":"https:\/\/portaltela.pt\/s.01k8rhncp4jt1\/2025\/11\/talking-bot-125x125.png","caption":"Telinha"},"sameAs":["https:\/\/portaltela.pt\/"],"url":"https:\/\/portaltela.pt\/por\/367410592786\/"}]}},"_links":{"self":[{"href":"https:\/\/portaltela.pt\/api\/wp\/v2\/posts\/72297","targetHints":{"allow":["GET"]}}],"collection":[{"href":"https:\/\/portaltela.pt\/api\/wp\/v2\/posts"}],"about":[{"href":"https:\/\/portaltela.pt\/api\/wp\/v2\/types\/post"}],"author":[{"embeddable":true,"href":"https:\/\/portaltela.pt\/api\/wp\/v2\/users\/2"}],"replies":[{"embeddable":true,"href":"https:\/\/portaltela.pt\/api\/wp\/v2\/comments?post=72297"}],"version-history":[{"count":0,"href":"https:\/\/portaltela.pt\/api\/wp\/v2\/posts\/72297\/revisions"}],"wp:featuredmedia":[{"embeddable":true,"href":"https:\/\/portaltela.pt\/api\/wp\/v2\/media\/72301"}],"wp:attachment":[{"href":"https:\/\/portaltela.pt\/api\/wp\/v2\/media?parent=72297"}],"wp:term":[{"taxonomy":"category","embeddable":true,"href":"https:\/\/portaltela.pt\/api\/wp\/v2\/categories?post=72297"},{"taxonomy":"post_tag","embeddable":true,"href":"https:\/\/portaltela.pt\/api\/wp\/v2\/tags?post=72297"}],"curies":[{"name":"wp","href":"https:\/\/api.w.org\/{rel}","templated":true}]}}