{"id":72246,"date":"2025-12-13T08:37:00","date_gmt":"2025-12-13T11:37:00","guid":{"rendered":"https:\/\/portaltela.pt\/noticias\/2025\/12\/13\/inundacoes-na-indonesia-ja-causaram-mais-de-mil-mortes\/"},"modified":"2025-12-13T08:37:00","modified_gmt":"2025-12-13T11:37:00","slug":"inundacoes-na-indonesia-ja-causaram-mais-de-mil-mortes","status":"publish","type":"post","link":"https:\/\/portaltela.pt\/noticias\/2025\/12\/13\/inundacoes-na-indonesia-ja-causaram-mais-de-mil-mortes\/","title":{"rendered":"Inunda\u00e7\u00f5es na Indon\u00e9sia j\u00e1 causaram mais de mil mortes"},"content":{"rendered":"<p>A atualiza\u00e7\u00e3o mais recente aponta 1.003 mortos, 218 desaparecidos e mais de 5.400 feridos. Cerca de 1,2 milh\u00f5es de habitantes permanecem em abrigos, ap\u00f3s inunda\u00e7\u00f5es e deslizamentos que atingiram Sumatra do Norte, Sumatra Ocidental e Aceh h\u00e1 cerca de duas semanas. O custo estimado para reconstru\u00e7\u00e3o \u00e9 de 2,6 mil milh\u00f5es de euros.<\/p>\n<p>As inunda\u00e7\u00e3o e os deslizamentos causaram danos significativos \u00e0 infraestrutura, com estradas e pontes afetadas e comunidades deslocadas em toda a regi\u00e3o.<\/p>\n<p>O Governo indon\u00e9sio enfrenta cr\u00edticas por n\u00e3o ter declarado estado de cat\u00e1strofe natural nem pedido ajuda internacional. A coordena\u00e7\u00e3o e a mobiliza\u00e7\u00e3o de recursos foram questionadas pela oposi\u00e7\u00e3o e por organiza\u00e7\u00f5es de socorro.<\/p>\n<p>Hoje, o Presidente Prabowo Subianto visitou as \u00e1reas afetadas, reconhecendo problemas e avaliando a resposta. Disse que as condi\u00e7\u00f5es variam por localidade e que servi\u00e7os e mantimentos s\u00e3o, em geral, suficientes.<\/p>\n<p>Segundo o Presidente, h\u00e1 atrasos pontuais devido \u00e0s condi\u00e7\u00f5es naturais e f\u00edsicas, mas as inspe\u00e7\u00f5es ocorreram em Langkat, Takengon e Bener Meriah. Em Takengon, a prioridade \u00e9 reabrir estradas de acesso e na ponte de Bener Meriah, afirmou.<\/p>\n<p>A visita ocorreu a partir da base a\u00e9rea de Soewondo, na regi\u00e3o de Sumatra do Norte, com participa\u00e7\u00e3o de autoridades locais e equipes de resgate. O governo afirmou manter o foco na assist\u00eancia \u00e0s popula\u00e7\u00f5es mais isoladas.<\/p>\n","protected":false},"excerpt":{"rendered":"<ul>\n<li>O n\u00famero de mortos subiu para 1.003, com 218 desaparecidos, mais de 5.400 feridos e 1,2 milh\u00f5es de pessoas ainda em abrigos tempor\u00e1rios.<\/li>\n<li>O custo de reconstru\u00e7\u00e3o \u00e9 estimado em 2,6 mil milh\u00f5es de euros (2,6 mil milh\u00f5es de euros).<\/li>\n<li>As inunda\u00e7\u00f5es e deslizamentos atingiram Sumatra do Norte, Sumatra Ocidental e Aceh h\u00e1 cerca de duas semanas.<\/li>\n<li>O Governo \u00e9 criticado por n\u00e3o ter declarado desastre nem pedido ajuda internacional; Sri Lanka pediu assist\u00eancia externa.<\/li>\n<li>O presidente Prabowo Subianto visitou as zonas afetadas, apontando avan\u00e7os na reabertura de estradas e dizendo que pontes j\u00e1 est\u00e3o operacionais em algumas \u00e1reas.<\/li>\n<\/ul>\n","protected":false},"author":2,"featured_media":72250,"comment_status":"closed","ping_status":"closed","sticky":false,"template":"","format":"standard","meta":{"footnotes":""},"categories":[1],"tags":[896,167,226,258,320,1221],"class_list":["post-72246","post","type-post","status-publish","format-standard","has-post-thumbnail","hentry","category-noticias","tag-aceh","tag-ambiente","tag-deslocados-internos","tag-infraestruturas","tag-protecao-civil","tag-servicos-publicos"],"yoast_head":"<!-- This site is optimized with the Yoast SEO plugin v27.2 - https:\/\/yoast.com\/product\/yoast-seo-wordpress\/ -->\n<title>Inunda\u00e7\u00f5es na Indon\u00e9sia j\u00e1 causaram mais de mil mortes - Portal Tela Portugal<\/title>\n<meta name=\"robots\" content=\"index, follow, max-snippet:-1, max-image-preview:large, max-video-preview:-1\" \/>\n<meta property=\"og:locale\" content=\"pt_PT\" \/>\n<meta property=\"og:type\" content=\"article\" \/>\n<meta property=\"og:title\" content=\"Inunda\u00e7\u00f5es na Indon\u00e9sia j\u00e1 causaram mais de mil mortes - Portal Tela Portugal\" \/>\n<meta property=\"og:description\" content=\"O n\u00famero de mortos subiu para 1.003, com 218 desaparecidos, mais de 5.400 feridos e 1,2 milh\u00f5es de pessoas ainda em abrigos tempor\u00e1rios. O custo de reconstru\u00e7\u00e3o \u00e9 estimado em 2,6 mil milh\u00f5es de euros (2,6 mil milh\u00f5es de euros). As inunda\u00e7\u00f5es e deslizamentos atingiram Sumatra do Norte, Sumatra Ocidental e Aceh h\u00e1 cerca de duas semanas. O Governo \u00e9 criticado por n\u00e3o ter declarado desastre nem pedido ajuda internacional; Sri Lanka pediu assist\u00eancia externa. O presidente Prabowo Subianto visitou as zonas afetadas, apontando avan\u00e7os na reabertura de estradas e dizendo que pontes j\u00e1 est\u00e3o operacionais em algumas \u00e1reas.\" \/>\n<meta property=\"og:url\" content=\"https:\/\/portaltela.pt\/noticias\/2025\/12\/13\/inundacoes-na-indonesia-ja-causaram-mais-de-mil-mortes\/\" \/>\n<meta property=\"og:site_name\" content=\"Portal Tela Portugal\" \/>\n<meta property=\"article:published_time\" content=\"2025-12-13T11:37:00+00:00\" \/>\n<meta name=\"author\" content=\"Telinha\" \/>\n<meta name=\"twitter:card\" content=\"summary_large_image\" \/>\n<meta name=\"twitter:label1\" content=\"Escrito por\" \/>\n\t<meta name=\"twitter:data1\" content=\"Telinha\" \/>\n\t<meta name=\"twitter:label2\" content=\"Tempo estimado de leitura\" \/>\n\t<meta name=\"twitter:data2\" content=\"1 minuto\" \/>\n<script type=\"application\/ld+json\" class=\"yoast-schema-graph\">{\"@context\":\"https:\/\/schema.org\",\"@graph\":[{\"@type\":\"Article\",\"@id\":\"https:\/\/portaltela.pt\/noticias\/2025\/12\/13\/inundacoes-na-indonesia-ja-causaram-mais-de-mil-mortes\/#article\",\"isPartOf\":{\"@id\":\"https:\/\/portaltela.pt\/noticias\/2025\/12\/13\/inundacoes-na-indonesia-ja-causaram-mais-de-mil-mortes\/\"},\"author\":{\"name\":\"Telinha\",\"@id\":\"https:\/\/portaltela.pt\/#\/schema\/person\/c4278d4a6028830caff9ee44b42d32ed\"},\"headline\":\"Inunda\u00e7\u00f5es na Indon\u00e9sia j\u00e1 causaram mais de mil mortes\",\"datePublished\":\"2025-12-13T11:37:00+00:00\",\"mainEntityOfPage\":{\"@id\":\"https:\/\/portaltela.pt\/noticias\/2025\/12\/13\/inundacoes-na-indonesia-ja-causaram-mais-de-mil-mortes\/\"},\"wordCount\":244,\"image\":{\"@id\":\"https:\/\/portaltela.pt\/noticias\/2025\/12\/13\/inundacoes-na-indonesia-ja-causaram-mais-de-mil-mortes\/#primaryimage\"},\"thumbnailUrl\":\"https:\/\/portaltela.pt\/s.01k8rhncp4jt1\/2025\/12\/46195017.jpg\",\"keywords\":[\"Aceh\",\"ambiente\",\"deslocados internos\",\"infraestruturas\",\"prote\u00e7\u00e3o civil\",\"servi\u00e7os p\u00fablicos\"],\"articleSection\":[\"Not\u00edcias\"],\"inLanguage\":\"pt-PT\"},{\"@type\":\"WebPage\",\"@id\":\"https:\/\/portaltela.pt\/noticias\/2025\/12\/13\/inundacoes-na-indonesia-ja-causaram-mais-de-mil-mortes\/\",\"url\":\"https:\/\/portaltela.pt\/noticias\/2025\/12\/13\/inundacoes-na-indonesia-ja-causaram-mais-de-mil-mortes\/\",\"name\":\"Inunda\u00e7\u00f5es na Indon\u00e9sia j\u00e1 causaram mais de mil mortes - Portal Tela Portugal\",\"isPartOf\":{\"@id\":\"https:\/\/portaltela.pt\/#website\"},\"primaryImageOfPage\":{\"@id\":\"https:\/\/portaltela.pt\/noticias\/2025\/12\/13\/inundacoes-na-indonesia-ja-causaram-mais-de-mil-mortes\/#primaryimage\"},\"image\":{\"@id\":\"https:\/\/portaltela.pt\/noticias\/2025\/12\/13\/inundacoes-na-indonesia-ja-causaram-mais-de-mil-mortes\/#primaryimage\"},\"thumbnailUrl\":\"https:\/\/portaltela.pt\/s.01k8rhncp4jt1\/2025\/12\/46195017.jpg\",\"datePublished\":\"2025-12-13T11:37:00+00:00\",\"author\":{\"@id\":\"https:\/\/portaltela.pt\/#\/schema\/person\/c4278d4a6028830caff9ee44b42d32ed\"},\"breadcrumb\":{\"@id\":\"https:\/\/portaltela.pt\/noticias\/2025\/12\/13\/inundacoes-na-indonesia-ja-causaram-mais-de-mil-mortes\/#breadcrumb\"},\"inLanguage\":\"pt-PT\",\"potentialAction\":[{\"@type\":\"ReadAction\",\"target\":[\"https:\/\/portaltela.pt\/noticias\/2025\/12\/13\/inundacoes-na-indonesia-ja-causaram-mais-de-mil-mortes\/\"]}]},{\"@type\":\"ImageObject\",\"inLanguage\":\"pt-PT\",\"@id\":\"https:\/\/portaltela.pt\/noticias\/2025\/12\/13\/inundacoes-na-indonesia-ja-causaram-mais-de-mil-mortes\/#primaryimage\",\"url\":\"https:\/\/portaltela.pt\/s.01k8rhncp4jt1\/2025\/12\/46195017.jpg\",\"contentUrl\":\"https:\/\/portaltela.pt\/s.01k8rhncp4jt1\/2025\/12\/46195017.jpg\",\"width\":796,\"height\":448,\"caption\":\"Photo\"},{\"@type\":\"BreadcrumbList\",\"@id\":\"https:\/\/portaltela.pt\/noticias\/2025\/12\/13\/inundacoes-na-indonesia-ja-causaram-mais-de-mil-mortes\/#breadcrumb\",\"itemListElement\":[{\"@type\":\"ListItem\",\"position\":1,\"name\":\"In\u00edcio\",\"item\":\"https:\/\/portaltela.pt\/\"},{\"@type\":\"ListItem\",\"position\":2,\"name\":\"Inunda\u00e7\u00f5es na Indon\u00e9sia j\u00e1 causaram mais de mil mortes\"}]},{\"@type\":\"WebSite\",\"@id\":\"https:\/\/portaltela.pt\/#website\",\"url\":\"https:\/\/portaltela.pt\/\",\"name\":\"Portal Tela Portugal\",\"description\":\"\",\"potentialAction\":[{\"@type\":\"SearchAction\",\"target\":{\"@type\":\"EntryPoint\",\"urlTemplate\":\"https:\/\/portaltela.pt\/?s={search_term_string}\"},\"query-input\":{\"@type\":\"PropertyValueSpecification\",\"valueRequired\":true,\"valueName\":\"search_term_string\"}}],\"inLanguage\":\"pt-PT\"},{\"@type\":\"Person\",\"@id\":\"https:\/\/portaltela.pt\/#\/schema\/person\/c4278d4a6028830caff9ee44b42d32ed\",\"name\":\"Telinha\",\"image\":{\"@type\":\"ImageObject\",\"inLanguage\":\"pt-PT\",\"@id\":\"https:\/\/portaltela.pt\/s.01k8rhncp4jt1\/2025\/11\/talking-bot-125x125.png\",\"url\":\"https:\/\/portaltela.pt\/s.01k8rhncp4jt1\/2025\/11\/talking-bot-125x125.png\",\"contentUrl\":\"https:\/\/portaltela.pt\/s.01k8rhncp4jt1\/2025\/11\/talking-bot-125x125.png\",\"caption\":\"Telinha\"},\"sameAs\":[\"https:\/\/portaltela.pt\/\"],\"url\":\"https:\/\/portaltela.pt\/por\/367410592786\/\"}]}<\/script>\n<!-- \/ Yoast SEO plugin. -->","yoast_head_json":{"title":"Inunda\u00e7\u00f5es na Indon\u00e9sia j\u00e1 causaram mais de mil mortes - Portal Tela Portugal","robots":{"index":"index","follow":"follow","max-snippet":"max-snippet:-1","max-image-preview":"max-image-preview:large","max-video-preview":"max-video-preview:-1"},"og_locale":"pt_PT","og_type":"article","og_title":"Inunda\u00e7\u00f5es na Indon\u00e9sia j\u00e1 causaram mais de mil mortes - Portal Tela Portugal","og_description":"O n\u00famero de mortos subiu para 1.003, com 218 desaparecidos, mais de 5.400 feridos e 1,2 milh\u00f5es de pessoas ainda em abrigos tempor\u00e1rios. O custo de reconstru\u00e7\u00e3o \u00e9 estimado em 2,6 mil milh\u00f5es de euros (2,6 mil milh\u00f5es de euros). As inunda\u00e7\u00f5es e deslizamentos atingiram Sumatra do Norte, Sumatra Ocidental e Aceh h\u00e1 cerca de duas semanas. O Governo \u00e9 criticado por n\u00e3o ter declarado desastre nem pedido ajuda internacional; Sri Lanka pediu assist\u00eancia externa. O presidente Prabowo Subianto visitou as zonas afetadas, apontando avan\u00e7os na reabertura de estradas e dizendo que pontes j\u00e1 est\u00e3o operacionais em algumas \u00e1reas.","og_url":"https:\/\/portaltela.pt\/noticias\/2025\/12\/13\/inundacoes-na-indonesia-ja-causaram-mais-de-mil-mortes\/","og_site_name":"Portal Tela Portugal","article_published_time":"2025-12-13T11:37:00+00:00","author":"Telinha","twitter_card":"summary_large_image","twitter_misc":{"Escrito por":"Telinha","Tempo estimado de leitura":"1 minuto"},"schema":{"@context":"https:\/\/schema.org","@graph":[{"@type":"Article","@id":"https:\/\/portaltela.pt\/noticias\/2025\/12\/13\/inundacoes-na-indonesia-ja-causaram-mais-de-mil-mortes\/#article","isPartOf":{"@id":"https:\/\/portaltela.pt\/noticias\/2025\/12\/13\/inundacoes-na-indonesia-ja-causaram-mais-de-mil-mortes\/"},"author":{"name":"Telinha","@id":"https:\/\/portaltela.pt\/#\/schema\/person\/c4278d4a6028830caff9ee44b42d32ed"},"headline":"Inunda\u00e7\u00f5es na Indon\u00e9sia j\u00e1 causaram mais de mil mortes","datePublished":"2025-12-13T11:37:00+00:00","mainEntityOfPage":{"@id":"https:\/\/portaltela.pt\/noticias\/2025\/12\/13\/inundacoes-na-indonesia-ja-causaram-mais-de-mil-mortes\/"},"wordCount":244,"image":{"@id":"https:\/\/portaltela.pt\/noticias\/2025\/12\/13\/inundacoes-na-indonesia-ja-causaram-mais-de-mil-mortes\/#primaryimage"},"thumbnailUrl":"https:\/\/portaltela.pt\/s.01k8rhncp4jt1\/2025\/12\/46195017.jpg","keywords":["Aceh","ambiente","deslocados internos","infraestruturas","prote\u00e7\u00e3o civil","servi\u00e7os p\u00fablicos"],"articleSection":["Not\u00edcias"],"inLanguage":"pt-PT"},{"@type":"WebPage","@id":"https:\/\/portaltela.pt\/noticias\/2025\/12\/13\/inundacoes-na-indonesia-ja-causaram-mais-de-mil-mortes\/","url":"https:\/\/portaltela.pt\/noticias\/2025\/12\/13\/inundacoes-na-indonesia-ja-causaram-mais-de-mil-mortes\/","name":"Inunda\u00e7\u00f5es na Indon\u00e9sia j\u00e1 causaram mais de mil mortes - Portal Tela Portugal","isPartOf":{"@id":"https:\/\/portaltela.pt\/#website"},"primaryImageOfPage":{"@id":"https:\/\/portaltela.pt\/noticias\/2025\/12\/13\/inundacoes-na-indonesia-ja-causaram-mais-de-mil-mortes\/#primaryimage"},"image":{"@id":"https:\/\/portaltela.pt\/noticias\/2025\/12\/13\/inundacoes-na-indonesia-ja-causaram-mais-de-mil-mortes\/#primaryimage"},"thumbnailUrl":"https:\/\/portaltela.pt\/s.01k8rhncp4jt1\/2025\/12\/46195017.jpg","datePublished":"2025-12-13T11:37:00+00:00","author":{"@id":"https:\/\/portaltela.pt\/#\/schema\/person\/c4278d4a6028830caff9ee44b42d32ed"},"breadcrumb":{"@id":"https:\/\/portaltela.pt\/noticias\/2025\/12\/13\/inundacoes-na-indonesia-ja-causaram-mais-de-mil-mortes\/#breadcrumb"},"inLanguage":"pt-PT","potentialAction":[{"@type":"ReadAction","target":["https:\/\/portaltela.pt\/noticias\/2025\/12\/13\/inundacoes-na-indonesia-ja-causaram-mais-de-mil-mortes\/"]}]},{"@type":"ImageObject","inLanguage":"pt-PT","@id":"https:\/\/portaltela.pt\/noticias\/2025\/12\/13\/inundacoes-na-indonesia-ja-causaram-mais-de-mil-mortes\/#primaryimage","url":"https:\/\/portaltela.pt\/s.01k8rhncp4jt1\/2025\/12\/46195017.jpg","contentUrl":"https:\/\/portaltela.pt\/s.01k8rhncp4jt1\/2025\/12\/46195017.jpg","width":796,"height":448,"caption":"Photo"},{"@type":"BreadcrumbList","@id":"https:\/\/portaltela.pt\/noticias\/2025\/12\/13\/inundacoes-na-indonesia-ja-causaram-mais-de-mil-mortes\/#breadcrumb","itemListElement":[{"@type":"ListItem","position":1,"name":"In\u00edcio","item":"https:\/\/portaltela.pt\/"},{"@type":"ListItem","position":2,"name":"Inunda\u00e7\u00f5es na Indon\u00e9sia j\u00e1 causaram mais de mil mortes"}]},{"@type":"WebSite","@id":"https:\/\/portaltela.pt\/#website","url":"https:\/\/portaltela.pt\/","name":"Portal Tela Portugal","description":"","potentialAction":[{"@type":"SearchAction","target":{"@type":"EntryPoint","urlTemplate":"https:\/\/portaltela.pt\/?s={search_term_string}"},"query-input":{"@type":"PropertyValueSpecification","valueRequired":true,"valueName":"search_term_string"}}],"inLanguage":"pt-PT"},{"@type":"Person","@id":"https:\/\/portaltela.pt\/#\/schema\/person\/c4278d4a6028830caff9ee44b42d32ed","name":"Telinha","image":{"@type":"ImageObject","inLanguage":"pt-PT","@id":"https:\/\/portaltela.pt\/s.01k8rhncp4jt1\/2025\/11\/talking-bot-125x125.png","url":"https:\/\/portaltela.pt\/s.01k8rhncp4jt1\/2025\/11\/talking-bot-125x125.png","contentUrl":"https:\/\/portaltela.pt\/s.01k8rhncp4jt1\/2025\/11\/talking-bot-125x125.png","caption":"Telinha"},"sameAs":["https:\/\/portaltela.pt\/"],"url":"https:\/\/portaltela.pt\/por\/367410592786\/"}]}},"_links":{"self":[{"href":"https:\/\/portaltela.pt\/api\/wp\/v2\/posts\/72246","targetHints":{"allow":["GET"]}}],"collection":[{"href":"https:\/\/portaltela.pt\/api\/wp\/v2\/posts"}],"about":[{"href":"https:\/\/portaltela.pt\/api\/wp\/v2\/types\/post"}],"author":[{"embeddable":true,"href":"https:\/\/portaltela.pt\/api\/wp\/v2\/users\/2"}],"replies":[{"embeddable":true,"href":"https:\/\/portaltela.pt\/api\/wp\/v2\/comments?post=72246"}],"version-history":[{"count":0,"href":"https:\/\/portaltela.pt\/api\/wp\/v2\/posts\/72246\/revisions"}],"wp:featuredmedia":[{"embeddable":true,"href":"https:\/\/portaltela.pt\/api\/wp\/v2\/media\/72250"}],"wp:attachment":[{"href":"https:\/\/portaltela.pt\/api\/wp\/v2\/media?parent=72246"}],"wp:term":[{"taxonomy":"category","embeddable":true,"href":"https:\/\/portaltela.pt\/api\/wp\/v2\/categories?post=72246"},{"taxonomy":"post_tag","embeddable":true,"href":"https:\/\/portaltela.pt\/api\/wp\/v2\/tags?post=72246"}],"curies":[{"name":"wp","href":"https:\/\/api.w.org\/{rel}","templated":true}]}}