{"id":70294,"date":"2025-12-11T21:00:00","date_gmt":"2025-12-12T00:00:00","guid":{"rendered":"https:\/\/portaltela.pt\/noticias\/2025\/12\/11\/cla-e-nininho-vaz-maia-animam-passagem-de-ano-na-avenida-dos-aliados\/"},"modified":"2025-12-11T21:00:00","modified_gmt":"2025-12-12T00:00:00","slug":"cla-e-nininho-vaz-maia-animam-passagem-de-ano-na-avenida-dos-aliados","status":"publish","type":"post","link":"https:\/\/portaltela.pt\/noticias\/2025\/12\/11\/cla-e-nininho-vaz-maia-animam-passagem-de-ano-na-avenida-dos-aliados\/","title":{"rendered":"Cl\u00e3 e Nininho Vaz Maia animam passagem de ano na Avenida dos Aliados"},"content":{"rendered":"<p>A Avenida dos Aliados, no Porto, volta a ser palco da passagem de ano com fogo de artif\u00edcio \u00e0 meia-noite. O programa inclui artistas locais e uma liga\u00e7\u00e3o hist\u00f3rica entre a C\u00e2mara Municipal e a identidade musical da cidade. A organiza\u00e7\u00e3o mant\u00e9m a tradi\u00e7\u00e3o de encerrar o ano com espet\u00e1culo pirot\u00e9cnico junto a programa\u00e7\u00e3o art\u00edstica.<\/p>\n<p>Para 2026, o protocolo tra\u00e7a uma noite com tr\u00eas atua\u00e7\u00f5es principais e uma componente multim\u00e9dia. Cl\u00e3 abre \u00e0s 22h, seguindo-se o espet\u00e1culo de fogo de artif\u00edcio com a apresenta\u00e7\u00e3o multim\u00e9dia Fluxo, criada pelo Grandpa&#8217;s Studio.<\/p>\n<p>\u00c0 meia-noite, o concerto retorna com Nininho Vaz Maia, que mistura flamenco, pop e tradi\u00e7\u00e3o cigana. O encerramento da noite fica a cargo do DJ set da dupla BeatBombers, \u00e0s 2h, formada por DJ Ride e Steressauro, j\u00e1 com impacto na famosa passagem de ano.<\/p>\n<p>No dia seguinte, o evento prossegue com o Concerto de Ano Novo, \u00e0s 16h, pela Banda Sinf\u00f3nica Portuguesa, mantendo a liga\u00e7\u00e3o entre a celebra\u00e7\u00e3o e a cidade ao longo do fim de semana.<\/p>\n<h3>Mudan\u00e7a de tema: detalhes do programa e liga\u00e7\u00e3o \u00e0 cidade<\/h3>\n<p>A autarquia pretende manter a aposta em artistas com liga\u00e7\u00e3o \u00e0 cidade, consolidando a programa\u00e7\u00e3o cultural de fim de ano. A componente multim\u00e9dia Fluxo visa ilustrar a passagem do tempo e a transforma\u00e7\u00e3o, inspirado no movimento de um rio.<\/p>\n<h3>Mudan\u00e7a de tema: contexto e prop\u00f3sito<\/h3>\n<p>A iniciativa refor\u00e7a a tradi\u00e7\u00e3o de ligar a celebra\u00e7\u00e3o ao patrim\u00f3nio musical local, com interven\u00e7\u00f5es ao longo da noite para atrair residentes e visitantes. As apresenta\u00e7\u00f5es cumprem o objetivo de dinamizar a Avenida dos Aliados.<\/p>\n","protected":false},"excerpt":{"rendered":"<ul>\n<li>Cl\u00e3 abre a festa de passagem de ano na Avenida dos Aliados, no Porto, \u00e0s 22h, com artistas locais ligados \u00e0 cidade.<\/li>\n<li>\u00c0 meia-noite ocorre o espet\u00e1culo de fogo de artif\u00edcio, com a componente multim\u00e9dia &#8220;Fluxo&#8221; criada pelo Grandpa\u2019s Studio.<\/li>\n<li>\u00c0 00h30 sobe ao palco Nininho Vaz Maia, que mistura flamenco, pop e tradi\u00e7\u00e3o cigana.<\/li>\n<li>\u00c0s 02h encerra a noite o duo BeatBombers, com um DJ set de DJ Ride e Steressauro.<\/li>\n<li>No dia seguinte, \u00e0s 16h, realiza-se o Concerto de Ano Novo pela Banda Sinf\u00f3nica Portuguesa.<\/li>\n<\/ul>\n","protected":false},"author":2,"featured_media":70306,"comment_status":"closed","ping_status":"closed","sticky":false,"template":"","format":"standard","meta":{"footnotes":""},"categories":[1],"tags":[1259,593,713,122,814,982],"class_list":["post-70294","post","type-post","status-publish","format-standard","has-post-thumbnail","hentry","category-noticias","tag-banda-sinfonica-portuguesa","tag-concertos","tag-fogos","tag-musica","tag-patrimonio","tag-porto"],"yoast_head":"<!-- This site is optimized with the Yoast SEO plugin v27.2 - https:\/\/yoast.com\/product\/yoast-seo-wordpress\/ -->\n<title>Cl\u00e3 e Nininho Vaz Maia animam passagem de ano na Avenida dos Aliados - Portal Tela Portugal<\/title>\n<meta name=\"robots\" content=\"index, follow, max-snippet:-1, max-image-preview:large, max-video-preview:-1\" \/>\n<meta property=\"og:locale\" content=\"pt_PT\" \/>\n<meta property=\"og:type\" content=\"article\" \/>\n<meta property=\"og:title\" content=\"Cl\u00e3 e Nininho Vaz Maia animam passagem de ano na Avenida dos Aliados - Portal Tela Portugal\" \/>\n<meta property=\"og:description\" content=\"Cl\u00e3 abre a festa de passagem de ano na Avenida dos Aliados, no Porto, \u00e0s 22h, com artistas locais ligados \u00e0 cidade. \u00c0 meia-noite ocorre o espet\u00e1culo de fogo de artif\u00edcio, com a componente multim\u00e9dia &quot;Fluxo&quot; criada pelo Grandpa\u2019s Studio. \u00c0 00h30 sobe ao palco Nininho Vaz Maia, que mistura flamenco, pop e tradi\u00e7\u00e3o cigana. \u00c0s 02h encerra a noite o duo BeatBombers, com um DJ set de DJ Ride e Steressauro. No dia seguinte, \u00e0s 16h, realiza-se o Concerto de Ano Novo pela Banda Sinf\u00f3nica Portuguesa.\" \/>\n<meta property=\"og:url\" content=\"https:\/\/portaltela.pt\/noticias\/2025\/12\/11\/cla-e-nininho-vaz-maia-animam-passagem-de-ano-na-avenida-dos-aliados\/\" \/>\n<meta property=\"og:site_name\" content=\"Portal Tela Portugal\" \/>\n<meta property=\"article:published_time\" content=\"2025-12-12T00:00:00+00:00\" \/>\n<meta name=\"author\" content=\"Telinha\" \/>\n<meta name=\"twitter:card\" content=\"summary_large_image\" \/>\n<meta name=\"twitter:label1\" content=\"Escrito por\" \/>\n\t<meta name=\"twitter:data1\" content=\"Telinha\" \/>\n\t<meta name=\"twitter:label2\" content=\"Tempo estimado de leitura\" \/>\n\t<meta name=\"twitter:data2\" content=\"1 minuto\" \/>\n<script type=\"application\/ld+json\" class=\"yoast-schema-graph\">{\"@context\":\"https:\/\/schema.org\",\"@graph\":[{\"@type\":\"Article\",\"@id\":\"https:\/\/portaltela.pt\/noticias\/2025\/12\/11\/cla-e-nininho-vaz-maia-animam-passagem-de-ano-na-avenida-dos-aliados\/#article\",\"isPartOf\":{\"@id\":\"https:\/\/portaltela.pt\/noticias\/2025\/12\/11\/cla-e-nininho-vaz-maia-animam-passagem-de-ano-na-avenida-dos-aliados\/\"},\"author\":{\"name\":\"Telinha\",\"@id\":\"https:\/\/portaltela.pt\/#\/schema\/person\/c4278d4a6028830caff9ee44b42d32ed\"},\"headline\":\"Cl\u00e3 e Nininho Vaz Maia animam passagem de ano na Avenida dos Aliados\",\"datePublished\":\"2025-12-12T00:00:00+00:00\",\"mainEntityOfPage\":{\"@id\":\"https:\/\/portaltela.pt\/noticias\/2025\/12\/11\/cla-e-nininho-vaz-maia-animam-passagem-de-ano-na-avenida-dos-aliados\/\"},\"wordCount\":304,\"image\":{\"@id\":\"https:\/\/portaltela.pt\/noticias\/2025\/12\/11\/cla-e-nininho-vaz-maia-animam-passagem-de-ano-na-avenida-dos-aliados\/#primaryimage\"},\"thumbnailUrl\":\"https:\/\/portaltela.pt\/s.01k8rhncp4jt1\/2025\/12\/image-386.jpg\",\"keywords\":[\"Banda Sinf\u00f3nica Portuguesa\",\"concertos\",\"fogos\",\"m\u00fasica\",\"patrim\u00f3nio\",\"Porto\"],\"articleSection\":[\"Not\u00edcias\"],\"inLanguage\":\"pt-PT\"},{\"@type\":\"WebPage\",\"@id\":\"https:\/\/portaltela.pt\/noticias\/2025\/12\/11\/cla-e-nininho-vaz-maia-animam-passagem-de-ano-na-avenida-dos-aliados\/\",\"url\":\"https:\/\/portaltela.pt\/noticias\/2025\/12\/11\/cla-e-nininho-vaz-maia-animam-passagem-de-ano-na-avenida-dos-aliados\/\",\"name\":\"Cl\u00e3 e Nininho Vaz Maia animam passagem de ano na Avenida dos Aliados - Portal Tela Portugal\",\"isPartOf\":{\"@id\":\"https:\/\/portaltela.pt\/#website\"},\"primaryImageOfPage\":{\"@id\":\"https:\/\/portaltela.pt\/noticias\/2025\/12\/11\/cla-e-nininho-vaz-maia-animam-passagem-de-ano-na-avenida-dos-aliados\/#primaryimage\"},\"image\":{\"@id\":\"https:\/\/portaltela.pt\/noticias\/2025\/12\/11\/cla-e-nininho-vaz-maia-animam-passagem-de-ano-na-avenida-dos-aliados\/#primaryimage\"},\"thumbnailUrl\":\"https:\/\/portaltela.pt\/s.01k8rhncp4jt1\/2025\/12\/image-386.jpg\",\"datePublished\":\"2025-12-12T00:00:00+00:00\",\"author\":{\"@id\":\"https:\/\/portaltela.pt\/#\/schema\/person\/c4278d4a6028830caff9ee44b42d32ed\"},\"breadcrumb\":{\"@id\":\"https:\/\/portaltela.pt\/noticias\/2025\/12\/11\/cla-e-nininho-vaz-maia-animam-passagem-de-ano-na-avenida-dos-aliados\/#breadcrumb\"},\"inLanguage\":\"pt-PT\",\"potentialAction\":[{\"@type\":\"ReadAction\",\"target\":[\"https:\/\/portaltela.pt\/noticias\/2025\/12\/11\/cla-e-nininho-vaz-maia-animam-passagem-de-ano-na-avenida-dos-aliados\/\"]}]},{\"@type\":\"ImageObject\",\"inLanguage\":\"pt-PT\",\"@id\":\"https:\/\/portaltela.pt\/noticias\/2025\/12\/11\/cla-e-nininho-vaz-maia-animam-passagem-de-ano-na-avenida-dos-aliados\/#primaryimage\",\"url\":\"https:\/\/portaltela.pt\/s.01k8rhncp4jt1\/2025\/12\/image-386.jpg\",\"contentUrl\":\"https:\/\/portaltela.pt\/s.01k8rhncp4jt1\/2025\/12\/image-386.jpg\",\"width\":796,\"height\":448,\"caption\":\"O m\u00fasico combina flamenco, pop e a tradi\u00e7\u00e3o cigana. Foto: Igor Martins\"},{\"@type\":\"BreadcrumbList\",\"@id\":\"https:\/\/portaltela.pt\/noticias\/2025\/12\/11\/cla-e-nininho-vaz-maia-animam-passagem-de-ano-na-avenida-dos-aliados\/#breadcrumb\",\"itemListElement\":[{\"@type\":\"ListItem\",\"position\":1,\"name\":\"In\u00edcio\",\"item\":\"https:\/\/portaltela.pt\/\"},{\"@type\":\"ListItem\",\"position\":2,\"name\":\"Cl\u00e3 e Nininho Vaz Maia animam passagem de ano na Avenida dos Aliados\"}]},{\"@type\":\"WebSite\",\"@id\":\"https:\/\/portaltela.pt\/#website\",\"url\":\"https:\/\/portaltela.pt\/\",\"name\":\"Portal Tela Portugal\",\"description\":\"\",\"potentialAction\":[{\"@type\":\"SearchAction\",\"target\":{\"@type\":\"EntryPoint\",\"urlTemplate\":\"https:\/\/portaltela.pt\/?s={search_term_string}\"},\"query-input\":{\"@type\":\"PropertyValueSpecification\",\"valueRequired\":true,\"valueName\":\"search_term_string\"}}],\"inLanguage\":\"pt-PT\"},{\"@type\":\"Person\",\"@id\":\"https:\/\/portaltela.pt\/#\/schema\/person\/c4278d4a6028830caff9ee44b42d32ed\",\"name\":\"Telinha\",\"image\":{\"@type\":\"ImageObject\",\"inLanguage\":\"pt-PT\",\"@id\":\"https:\/\/portaltela.pt\/s.01k8rhncp4jt1\/2025\/11\/talking-bot-125x125.png\",\"url\":\"https:\/\/portaltela.pt\/s.01k8rhncp4jt1\/2025\/11\/talking-bot-125x125.png\",\"contentUrl\":\"https:\/\/portaltela.pt\/s.01k8rhncp4jt1\/2025\/11\/talking-bot-125x125.png\",\"caption\":\"Telinha\"},\"sameAs\":[\"https:\/\/portaltela.pt\/\"],\"url\":\"https:\/\/portaltela.pt\/por\/367410592786\/\"}]}<\/script>\n<!-- \/ Yoast SEO plugin. -->","yoast_head_json":{"title":"Cl\u00e3 e Nininho Vaz Maia animam passagem de ano na Avenida dos Aliados - Portal Tela Portugal","robots":{"index":"index","follow":"follow","max-snippet":"max-snippet:-1","max-image-preview":"max-image-preview:large","max-video-preview":"max-video-preview:-1"},"og_locale":"pt_PT","og_type":"article","og_title":"Cl\u00e3 e Nininho Vaz Maia animam passagem de ano na Avenida dos Aliados - Portal Tela Portugal","og_description":"Cl\u00e3 abre a festa de passagem de ano na Avenida dos Aliados, no Porto, \u00e0s 22h, com artistas locais ligados \u00e0 cidade. \u00c0 meia-noite ocorre o espet\u00e1culo de fogo de artif\u00edcio, com a componente multim\u00e9dia \"Fluxo\" criada pelo Grandpa\u2019s Studio. \u00c0 00h30 sobe ao palco Nininho Vaz Maia, que mistura flamenco, pop e tradi\u00e7\u00e3o cigana. \u00c0s 02h encerra a noite o duo BeatBombers, com um DJ set de DJ Ride e Steressauro. No dia seguinte, \u00e0s 16h, realiza-se o Concerto de Ano Novo pela Banda Sinf\u00f3nica Portuguesa.","og_url":"https:\/\/portaltela.pt\/noticias\/2025\/12\/11\/cla-e-nininho-vaz-maia-animam-passagem-de-ano-na-avenida-dos-aliados\/","og_site_name":"Portal Tela Portugal","article_published_time":"2025-12-12T00:00:00+00:00","author":"Telinha","twitter_card":"summary_large_image","twitter_misc":{"Escrito por":"Telinha","Tempo estimado de leitura":"1 minuto"},"schema":{"@context":"https:\/\/schema.org","@graph":[{"@type":"Article","@id":"https:\/\/portaltela.pt\/noticias\/2025\/12\/11\/cla-e-nininho-vaz-maia-animam-passagem-de-ano-na-avenida-dos-aliados\/#article","isPartOf":{"@id":"https:\/\/portaltela.pt\/noticias\/2025\/12\/11\/cla-e-nininho-vaz-maia-animam-passagem-de-ano-na-avenida-dos-aliados\/"},"author":{"name":"Telinha","@id":"https:\/\/portaltela.pt\/#\/schema\/person\/c4278d4a6028830caff9ee44b42d32ed"},"headline":"Cl\u00e3 e Nininho Vaz Maia animam passagem de ano na Avenida dos Aliados","datePublished":"2025-12-12T00:00:00+00:00","mainEntityOfPage":{"@id":"https:\/\/portaltela.pt\/noticias\/2025\/12\/11\/cla-e-nininho-vaz-maia-animam-passagem-de-ano-na-avenida-dos-aliados\/"},"wordCount":304,"image":{"@id":"https:\/\/portaltela.pt\/noticias\/2025\/12\/11\/cla-e-nininho-vaz-maia-animam-passagem-de-ano-na-avenida-dos-aliados\/#primaryimage"},"thumbnailUrl":"https:\/\/portaltela.pt\/s.01k8rhncp4jt1\/2025\/12\/image-386.jpg","keywords":["Banda Sinf\u00f3nica Portuguesa","concertos","fogos","m\u00fasica","patrim\u00f3nio","Porto"],"articleSection":["Not\u00edcias"],"inLanguage":"pt-PT"},{"@type":"WebPage","@id":"https:\/\/portaltela.pt\/noticias\/2025\/12\/11\/cla-e-nininho-vaz-maia-animam-passagem-de-ano-na-avenida-dos-aliados\/","url":"https:\/\/portaltela.pt\/noticias\/2025\/12\/11\/cla-e-nininho-vaz-maia-animam-passagem-de-ano-na-avenida-dos-aliados\/","name":"Cl\u00e3 e Nininho Vaz Maia animam passagem de ano na Avenida dos Aliados - Portal Tela Portugal","isPartOf":{"@id":"https:\/\/portaltela.pt\/#website"},"primaryImageOfPage":{"@id":"https:\/\/portaltela.pt\/noticias\/2025\/12\/11\/cla-e-nininho-vaz-maia-animam-passagem-de-ano-na-avenida-dos-aliados\/#primaryimage"},"image":{"@id":"https:\/\/portaltela.pt\/noticias\/2025\/12\/11\/cla-e-nininho-vaz-maia-animam-passagem-de-ano-na-avenida-dos-aliados\/#primaryimage"},"thumbnailUrl":"https:\/\/portaltela.pt\/s.01k8rhncp4jt1\/2025\/12\/image-386.jpg","datePublished":"2025-12-12T00:00:00+00:00","author":{"@id":"https:\/\/portaltela.pt\/#\/schema\/person\/c4278d4a6028830caff9ee44b42d32ed"},"breadcrumb":{"@id":"https:\/\/portaltela.pt\/noticias\/2025\/12\/11\/cla-e-nininho-vaz-maia-animam-passagem-de-ano-na-avenida-dos-aliados\/#breadcrumb"},"inLanguage":"pt-PT","potentialAction":[{"@type":"ReadAction","target":["https:\/\/portaltela.pt\/noticias\/2025\/12\/11\/cla-e-nininho-vaz-maia-animam-passagem-de-ano-na-avenida-dos-aliados\/"]}]},{"@type":"ImageObject","inLanguage":"pt-PT","@id":"https:\/\/portaltela.pt\/noticias\/2025\/12\/11\/cla-e-nininho-vaz-maia-animam-passagem-de-ano-na-avenida-dos-aliados\/#primaryimage","url":"https:\/\/portaltela.pt\/s.01k8rhncp4jt1\/2025\/12\/image-386.jpg","contentUrl":"https:\/\/portaltela.pt\/s.01k8rhncp4jt1\/2025\/12\/image-386.jpg","width":796,"height":448,"caption":"O m\u00fasico combina flamenco, pop e a tradi\u00e7\u00e3o cigana. Foto: Igor Martins"},{"@type":"BreadcrumbList","@id":"https:\/\/portaltela.pt\/noticias\/2025\/12\/11\/cla-e-nininho-vaz-maia-animam-passagem-de-ano-na-avenida-dos-aliados\/#breadcrumb","itemListElement":[{"@type":"ListItem","position":1,"name":"In\u00edcio","item":"https:\/\/portaltela.pt\/"},{"@type":"ListItem","position":2,"name":"Cl\u00e3 e Nininho Vaz Maia animam passagem de ano na Avenida dos Aliados"}]},{"@type":"WebSite","@id":"https:\/\/portaltela.pt\/#website","url":"https:\/\/portaltela.pt\/","name":"Portal Tela Portugal","description":"","potentialAction":[{"@type":"SearchAction","target":{"@type":"EntryPoint","urlTemplate":"https:\/\/portaltela.pt\/?s={search_term_string}"},"query-input":{"@type":"PropertyValueSpecification","valueRequired":true,"valueName":"search_term_string"}}],"inLanguage":"pt-PT"},{"@type":"Person","@id":"https:\/\/portaltela.pt\/#\/schema\/person\/c4278d4a6028830caff9ee44b42d32ed","name":"Telinha","image":{"@type":"ImageObject","inLanguage":"pt-PT","@id":"https:\/\/portaltela.pt\/s.01k8rhncp4jt1\/2025\/11\/talking-bot-125x125.png","url":"https:\/\/portaltela.pt\/s.01k8rhncp4jt1\/2025\/11\/talking-bot-125x125.png","contentUrl":"https:\/\/portaltela.pt\/s.01k8rhncp4jt1\/2025\/11\/talking-bot-125x125.png","caption":"Telinha"},"sameAs":["https:\/\/portaltela.pt\/"],"url":"https:\/\/portaltela.pt\/por\/367410592786\/"}]}},"_links":{"self":[{"href":"https:\/\/portaltela.pt\/api\/wp\/v2\/posts\/70294","targetHints":{"allow":["GET"]}}],"collection":[{"href":"https:\/\/portaltela.pt\/api\/wp\/v2\/posts"}],"about":[{"href":"https:\/\/portaltela.pt\/api\/wp\/v2\/types\/post"}],"author":[{"embeddable":true,"href":"https:\/\/portaltela.pt\/api\/wp\/v2\/users\/2"}],"replies":[{"embeddable":true,"href":"https:\/\/portaltela.pt\/api\/wp\/v2\/comments?post=70294"}],"version-history":[{"count":0,"href":"https:\/\/portaltela.pt\/api\/wp\/v2\/posts\/70294\/revisions"}],"wp:featuredmedia":[{"embeddable":true,"href":"https:\/\/portaltela.pt\/api\/wp\/v2\/media\/70306"}],"wp:attachment":[{"href":"https:\/\/portaltela.pt\/api\/wp\/v2\/media?parent=70294"}],"wp:term":[{"taxonomy":"category","embeddable":true,"href":"https:\/\/portaltela.pt\/api\/wp\/v2\/categories?post=70294"},{"taxonomy":"post_tag","embeddable":true,"href":"https:\/\/portaltela.pt\/api\/wp\/v2\/tags?post=70294"}],"curies":[{"name":"wp","href":"https:\/\/api.w.org\/{rel}","templated":true}]}}