{"id":70131,"date":"2025-12-11T21:00:00","date_gmt":"2025-12-12T00:00:00","guid":{"rendered":"https:\/\/portaltela.pt\/noticias\/2025\/12\/11\/adolescente-condenado-a-14-anos-de-prisao-por-homicidio-de-jovem\/"},"modified":"2025-12-11T21:00:00","modified_gmt":"2025-12-12T00:00:00","slug":"adolescente-condenado-a-14-anos-de-prisao-por-homicidio-de-jovem","status":"publish","type":"post","link":"https:\/\/portaltela.pt\/noticias\/2025\/12\/11\/adolescente-condenado-a-14-anos-de-prisao-por-homicidio-de-jovem\/","title":{"rendered":"Adolescente condenado a 14 anos de pris\u00e3o por homic\u00eddio de jovem"},"content":{"rendered":"<p>O Tribunal de Faro condenou Azibo Gomes, de 17 anos, a uma pena de 14 anos e 8 meses de pris\u00e3o pelo homic\u00eddio de Renato Carlos, cometido com faca durante uma rixa entre jovens de Faro e Olh\u00e3o, decidida via redes sociais. A decis\u00e3o foi proferida na sexta-feira.<\/p>\n<p>Segundo a acusa\u00e7\u00e3o, o raptor envolveu dois grupos rivais de jovens, com planeamento atrav\u00e9s das redes sociais, e teve coa\u00e7\u00e3o agravada associada \u00e0s v\u00edtimas. O homic\u00eddio ocorreu em junho do ano passado, na cidade de Faro, com uso de arma branca.<\/p>\n<p>Azibo Gomes foi julgado por homic\u00eddio simples agravado pela faca e coa\u00e7\u00e3o agravada. O Minist\u00e9rio P\u00fablico tinha pedido a pena de 14 anos e 8 meses de pris\u00e3o, ajustando a senten\u00e7a ao enquadramento legal e aos termos do processo.<\/p>\n<p>Al\u00e9m da pena, o arguido tem de cumprir uma indemniza\u00e7\u00e3o de 145 mil euros \u00e0s fam\u00edlias da v\u00edtima, conforme decis\u00e3o do tribunal. A acusa\u00e7\u00e3o sustentou a gravidade dos factos e a participa\u00e7\u00e3o do jovem na coa\u00e7\u00e3o entre grupos rivais.<\/p>\n<p>O caso foi amplamente acompanhado pela imprensa, destacando a din\u00e2mica de rivalidade entre jovens de Faro e Olh\u00e3o, bem como o papel das redes sociais na organiza\u00e7\u00e3o da rixa que antecedeu o crime. A decis\u00e3o segue para os passos legais subsequentes.<\/p>\n","protected":false},"excerpt":{"rendered":"<ul>\n<li>O Tribunal de Faro condenou Azibo Gomes, 17 anos, a 14 anos e 8 meses de pris\u00e3o por homic\u00eddio simples agravado pela faca, com coa\u00e7\u00e3o agravada.<\/li>\n<li>O crime ocorreu em junho do ano passado, em Faro, numa rixa entre grupos rivais de Faro e Olh\u00e3o, combinada atrav\u00e9s das redes sociais.<\/li>\n<li>Renato Carlos, 18 anos, foi morto \u00e0 facada durante a persegui\u00e7\u00e3o entre os grupos.<\/li>\n<li>O arguido fica ainda obrigado a pagar uma indemniza\u00e7\u00e3o de 145 mil euros.<\/li>\n<li>O Minist\u00e9rio P\u00fablico tinha pedido uma pena de 14 anos e 8 meses.<\/li>\n<\/ul>\n","protected":false},"author":2,"featured_media":70136,"comment_status":"closed","ping_status":"closed","sticky":false,"template":"","format":"standard","meta":{"footnotes":""},"categories":[1],"tags":[992,1189,1014,88,52,696],"class_list":["post-70131","post","type-post","status-publish","format-standard","has-post-thumbnail","hentry","category-noticias","tag-faro","tag-homicidio-qualificado","tag-portugal","tag-redes-sociais","tag-tribunal","tag-violencia-agravada"],"yoast_head":"<!-- This site is optimized with the Yoast SEO plugin v27.2 - https:\/\/yoast.com\/product\/yoast-seo-wordpress\/ -->\n<title>Adolescente condenado a 14 anos de pris\u00e3o por homic\u00eddio de jovem - Portal Tela Portugal<\/title>\n<meta name=\"robots\" content=\"index, follow, max-snippet:-1, max-image-preview:large, max-video-preview:-1\" \/>\n<meta property=\"og:locale\" content=\"pt_PT\" \/>\n<meta property=\"og:type\" content=\"article\" \/>\n<meta property=\"og:title\" content=\"Adolescente condenado a 14 anos de pris\u00e3o por homic\u00eddio de jovem - Portal Tela Portugal\" \/>\n<meta property=\"og:description\" content=\"O Tribunal de Faro condenou Azibo Gomes, 17 anos, a 14 anos e 8 meses de pris\u00e3o por homic\u00eddio simples agravado pela faca, com coa\u00e7\u00e3o agravada. O crime ocorreu em junho do ano passado, em Faro, numa rixa entre grupos rivais de Faro e Olh\u00e3o, combinada atrav\u00e9s das redes sociais. Renato Carlos, 18 anos, foi morto \u00e0 facada durante a persegui\u00e7\u00e3o entre os grupos. O arguido fica ainda obrigado a pagar uma indemniza\u00e7\u00e3o de 145 mil euros. O Minist\u00e9rio P\u00fablico tinha pedido uma pena de 14 anos e 8 meses.\" \/>\n<meta property=\"og:url\" content=\"https:\/\/portaltela.pt\/noticias\/2025\/12\/11\/adolescente-condenado-a-14-anos-de-prisao-por-homicidio-de-jovem\/\" \/>\n<meta property=\"og:site_name\" content=\"Portal Tela Portugal\" \/>\n<meta property=\"article:published_time\" content=\"2025-12-12T00:00:00+00:00\" \/>\n<meta name=\"author\" content=\"Telinha\" \/>\n<meta name=\"twitter:card\" content=\"summary_large_image\" \/>\n<meta name=\"twitter:label1\" content=\"Escrito por\" \/>\n\t<meta name=\"twitter:data1\" content=\"Telinha\" \/>\n\t<meta name=\"twitter:label2\" content=\"Tempo estimado de leitura\" \/>\n\t<meta name=\"twitter:data2\" content=\"1 minuto\" \/>\n<script type=\"application\/ld+json\" class=\"yoast-schema-graph\">{\"@context\":\"https:\/\/schema.org\",\"@graph\":[{\"@type\":\"Article\",\"@id\":\"https:\/\/portaltela.pt\/noticias\/2025\/12\/11\/adolescente-condenado-a-14-anos-de-prisao-por-homicidio-de-jovem\/#article\",\"isPartOf\":{\"@id\":\"https:\/\/portaltela.pt\/noticias\/2025\/12\/11\/adolescente-condenado-a-14-anos-de-prisao-por-homicidio-de-jovem\/\"},\"author\":{\"name\":\"Telinha\",\"@id\":\"https:\/\/portaltela.pt\/#\/schema\/person\/c4278d4a6028830caff9ee44b42d32ed\"},\"headline\":\"Adolescente condenado a 14 anos de pris\u00e3o por homic\u00eddio de jovem\",\"datePublished\":\"2025-12-12T00:00:00+00:00\",\"mainEntityOfPage\":{\"@id\":\"https:\/\/portaltela.pt\/noticias\/2025\/12\/11\/adolescente-condenado-a-14-anos-de-prisao-por-homicidio-de-jovem\/\"},\"wordCount\":241,\"image\":{\"@id\":\"https:\/\/portaltela.pt\/noticias\/2025\/12\/11\/adolescente-condenado-a-14-anos-de-prisao-por-homicidio-de-jovem\/#primaryimage\"},\"thumbnailUrl\":\"https:\/\/portaltela.pt\/s.01k8rhncp4jt1\/2025\/12\/30bc1615-367f-4bf2-86a4-ac6fb422bc5a_1200x675.jpg\",\"keywords\":[\"Faro\",\"homic\u00eddio qualificado\",\"Portugal\",\"redes sociais\",\"tribunal\",\"viol\u00eancia agravada\"],\"articleSection\":[\"Not\u00edcias\"],\"inLanguage\":\"pt-PT\"},{\"@type\":\"WebPage\",\"@id\":\"https:\/\/portaltela.pt\/noticias\/2025\/12\/11\/adolescente-condenado-a-14-anos-de-prisao-por-homicidio-de-jovem\/\",\"url\":\"https:\/\/portaltela.pt\/noticias\/2025\/12\/11\/adolescente-condenado-a-14-anos-de-prisao-por-homicidio-de-jovem\/\",\"name\":\"Adolescente condenado a 14 anos de pris\u00e3o por homic\u00eddio de jovem - Portal Tela Portugal\",\"isPartOf\":{\"@id\":\"https:\/\/portaltela.pt\/#website\"},\"primaryImageOfPage\":{\"@id\":\"https:\/\/portaltela.pt\/noticias\/2025\/12\/11\/adolescente-condenado-a-14-anos-de-prisao-por-homicidio-de-jovem\/#primaryimage\"},\"image\":{\"@id\":\"https:\/\/portaltela.pt\/noticias\/2025\/12\/11\/adolescente-condenado-a-14-anos-de-prisao-por-homicidio-de-jovem\/#primaryimage\"},\"thumbnailUrl\":\"https:\/\/portaltela.pt\/s.01k8rhncp4jt1\/2025\/12\/30bc1615-367f-4bf2-86a4-ac6fb422bc5a_1200x675.jpg\",\"datePublished\":\"2025-12-12T00:00:00+00:00\",\"author\":{\"@id\":\"https:\/\/portaltela.pt\/#\/schema\/person\/c4278d4a6028830caff9ee44b42d32ed\"},\"breadcrumb\":{\"@id\":\"https:\/\/portaltela.pt\/noticias\/2025\/12\/11\/adolescente-condenado-a-14-anos-de-prisao-por-homicidio-de-jovem\/#breadcrumb\"},\"inLanguage\":\"pt-PT\",\"potentialAction\":[{\"@type\":\"ReadAction\",\"target\":[\"https:\/\/portaltela.pt\/noticias\/2025\/12\/11\/adolescente-condenado-a-14-anos-de-prisao-por-homicidio-de-jovem\/\"]}]},{\"@type\":\"ImageObject\",\"inLanguage\":\"pt-PT\",\"@id\":\"https:\/\/portaltela.pt\/noticias\/2025\/12\/11\/adolescente-condenado-a-14-anos-de-prisao-por-homicidio-de-jovem\/#primaryimage\",\"url\":\"https:\/\/portaltela.pt\/s.01k8rhncp4jt1\/2025\/12\/30bc1615-367f-4bf2-86a4-ac6fb422bc5a_1200x675.jpg\",\"contentUrl\":\"https:\/\/portaltela.pt\/s.01k8rhncp4jt1\/2025\/12\/30bc1615-367f-4bf2-86a4-ac6fb422bc5a_1200x675.jpg\",\"width\":796,\"height\":448,\"caption\":\"Tribunal de Faro deu crime de homic\u00eddio como provado. Foto: Algarvephotopress\"},{\"@type\":\"BreadcrumbList\",\"@id\":\"https:\/\/portaltela.pt\/noticias\/2025\/12\/11\/adolescente-condenado-a-14-anos-de-prisao-por-homicidio-de-jovem\/#breadcrumb\",\"itemListElement\":[{\"@type\":\"ListItem\",\"position\":1,\"name\":\"In\u00edcio\",\"item\":\"https:\/\/portaltela.pt\/\"},{\"@type\":\"ListItem\",\"position\":2,\"name\":\"Adolescente condenado a 14 anos de pris\u00e3o por homic\u00eddio de jovem\"}]},{\"@type\":\"WebSite\",\"@id\":\"https:\/\/portaltela.pt\/#website\",\"url\":\"https:\/\/portaltela.pt\/\",\"name\":\"Portal Tela Portugal\",\"description\":\"\",\"potentialAction\":[{\"@type\":\"SearchAction\",\"target\":{\"@type\":\"EntryPoint\",\"urlTemplate\":\"https:\/\/portaltela.pt\/?s={search_term_string}\"},\"query-input\":{\"@type\":\"PropertyValueSpecification\",\"valueRequired\":true,\"valueName\":\"search_term_string\"}}],\"inLanguage\":\"pt-PT\"},{\"@type\":\"Person\",\"@id\":\"https:\/\/portaltela.pt\/#\/schema\/person\/c4278d4a6028830caff9ee44b42d32ed\",\"name\":\"Telinha\",\"image\":{\"@type\":\"ImageObject\",\"inLanguage\":\"pt-PT\",\"@id\":\"https:\/\/portaltela.pt\/s.01k8rhncp4jt1\/2025\/11\/talking-bot-125x125.png\",\"url\":\"https:\/\/portaltela.pt\/s.01k8rhncp4jt1\/2025\/11\/talking-bot-125x125.png\",\"contentUrl\":\"https:\/\/portaltela.pt\/s.01k8rhncp4jt1\/2025\/11\/talking-bot-125x125.png\",\"caption\":\"Telinha\"},\"sameAs\":[\"https:\/\/portaltela.pt\/\"],\"url\":\"https:\/\/portaltela.pt\/por\/367410592786\/\"}]}<\/script>\n<!-- \/ Yoast SEO plugin. -->","yoast_head_json":{"title":"Adolescente condenado a 14 anos de pris\u00e3o por homic\u00eddio de jovem - Portal Tela Portugal","robots":{"index":"index","follow":"follow","max-snippet":"max-snippet:-1","max-image-preview":"max-image-preview:large","max-video-preview":"max-video-preview:-1"},"og_locale":"pt_PT","og_type":"article","og_title":"Adolescente condenado a 14 anos de pris\u00e3o por homic\u00eddio de jovem - Portal Tela Portugal","og_description":"O Tribunal de Faro condenou Azibo Gomes, 17 anos, a 14 anos e 8 meses de pris\u00e3o por homic\u00eddio simples agravado pela faca, com coa\u00e7\u00e3o agravada. O crime ocorreu em junho do ano passado, em Faro, numa rixa entre grupos rivais de Faro e Olh\u00e3o, combinada atrav\u00e9s das redes sociais. Renato Carlos, 18 anos, foi morto \u00e0 facada durante a persegui\u00e7\u00e3o entre os grupos. O arguido fica ainda obrigado a pagar uma indemniza\u00e7\u00e3o de 145 mil euros. O Minist\u00e9rio P\u00fablico tinha pedido uma pena de 14 anos e 8 meses.","og_url":"https:\/\/portaltela.pt\/noticias\/2025\/12\/11\/adolescente-condenado-a-14-anos-de-prisao-por-homicidio-de-jovem\/","og_site_name":"Portal Tela Portugal","article_published_time":"2025-12-12T00:00:00+00:00","author":"Telinha","twitter_card":"summary_large_image","twitter_misc":{"Escrito por":"Telinha","Tempo estimado de leitura":"1 minuto"},"schema":{"@context":"https:\/\/schema.org","@graph":[{"@type":"Article","@id":"https:\/\/portaltela.pt\/noticias\/2025\/12\/11\/adolescente-condenado-a-14-anos-de-prisao-por-homicidio-de-jovem\/#article","isPartOf":{"@id":"https:\/\/portaltela.pt\/noticias\/2025\/12\/11\/adolescente-condenado-a-14-anos-de-prisao-por-homicidio-de-jovem\/"},"author":{"name":"Telinha","@id":"https:\/\/portaltela.pt\/#\/schema\/person\/c4278d4a6028830caff9ee44b42d32ed"},"headline":"Adolescente condenado a 14 anos de pris\u00e3o por homic\u00eddio de jovem","datePublished":"2025-12-12T00:00:00+00:00","mainEntityOfPage":{"@id":"https:\/\/portaltela.pt\/noticias\/2025\/12\/11\/adolescente-condenado-a-14-anos-de-prisao-por-homicidio-de-jovem\/"},"wordCount":241,"image":{"@id":"https:\/\/portaltela.pt\/noticias\/2025\/12\/11\/adolescente-condenado-a-14-anos-de-prisao-por-homicidio-de-jovem\/#primaryimage"},"thumbnailUrl":"https:\/\/portaltela.pt\/s.01k8rhncp4jt1\/2025\/12\/30bc1615-367f-4bf2-86a4-ac6fb422bc5a_1200x675.jpg","keywords":["Faro","homic\u00eddio qualificado","Portugal","redes sociais","tribunal","viol\u00eancia agravada"],"articleSection":["Not\u00edcias"],"inLanguage":"pt-PT"},{"@type":"WebPage","@id":"https:\/\/portaltela.pt\/noticias\/2025\/12\/11\/adolescente-condenado-a-14-anos-de-prisao-por-homicidio-de-jovem\/","url":"https:\/\/portaltela.pt\/noticias\/2025\/12\/11\/adolescente-condenado-a-14-anos-de-prisao-por-homicidio-de-jovem\/","name":"Adolescente condenado a 14 anos de pris\u00e3o por homic\u00eddio de jovem - Portal Tela Portugal","isPartOf":{"@id":"https:\/\/portaltela.pt\/#website"},"primaryImageOfPage":{"@id":"https:\/\/portaltela.pt\/noticias\/2025\/12\/11\/adolescente-condenado-a-14-anos-de-prisao-por-homicidio-de-jovem\/#primaryimage"},"image":{"@id":"https:\/\/portaltela.pt\/noticias\/2025\/12\/11\/adolescente-condenado-a-14-anos-de-prisao-por-homicidio-de-jovem\/#primaryimage"},"thumbnailUrl":"https:\/\/portaltela.pt\/s.01k8rhncp4jt1\/2025\/12\/30bc1615-367f-4bf2-86a4-ac6fb422bc5a_1200x675.jpg","datePublished":"2025-12-12T00:00:00+00:00","author":{"@id":"https:\/\/portaltela.pt\/#\/schema\/person\/c4278d4a6028830caff9ee44b42d32ed"},"breadcrumb":{"@id":"https:\/\/portaltela.pt\/noticias\/2025\/12\/11\/adolescente-condenado-a-14-anos-de-prisao-por-homicidio-de-jovem\/#breadcrumb"},"inLanguage":"pt-PT","potentialAction":[{"@type":"ReadAction","target":["https:\/\/portaltela.pt\/noticias\/2025\/12\/11\/adolescente-condenado-a-14-anos-de-prisao-por-homicidio-de-jovem\/"]}]},{"@type":"ImageObject","inLanguage":"pt-PT","@id":"https:\/\/portaltela.pt\/noticias\/2025\/12\/11\/adolescente-condenado-a-14-anos-de-prisao-por-homicidio-de-jovem\/#primaryimage","url":"https:\/\/portaltela.pt\/s.01k8rhncp4jt1\/2025\/12\/30bc1615-367f-4bf2-86a4-ac6fb422bc5a_1200x675.jpg","contentUrl":"https:\/\/portaltela.pt\/s.01k8rhncp4jt1\/2025\/12\/30bc1615-367f-4bf2-86a4-ac6fb422bc5a_1200x675.jpg","width":796,"height":448,"caption":"Tribunal de Faro deu crime de homic\u00eddio como provado. Foto: Algarvephotopress"},{"@type":"BreadcrumbList","@id":"https:\/\/portaltela.pt\/noticias\/2025\/12\/11\/adolescente-condenado-a-14-anos-de-prisao-por-homicidio-de-jovem\/#breadcrumb","itemListElement":[{"@type":"ListItem","position":1,"name":"In\u00edcio","item":"https:\/\/portaltela.pt\/"},{"@type":"ListItem","position":2,"name":"Adolescente condenado a 14 anos de pris\u00e3o por homic\u00eddio de jovem"}]},{"@type":"WebSite","@id":"https:\/\/portaltela.pt\/#website","url":"https:\/\/portaltela.pt\/","name":"Portal Tela Portugal","description":"","potentialAction":[{"@type":"SearchAction","target":{"@type":"EntryPoint","urlTemplate":"https:\/\/portaltela.pt\/?s={search_term_string}"},"query-input":{"@type":"PropertyValueSpecification","valueRequired":true,"valueName":"search_term_string"}}],"inLanguage":"pt-PT"},{"@type":"Person","@id":"https:\/\/portaltela.pt\/#\/schema\/person\/c4278d4a6028830caff9ee44b42d32ed","name":"Telinha","image":{"@type":"ImageObject","inLanguage":"pt-PT","@id":"https:\/\/portaltela.pt\/s.01k8rhncp4jt1\/2025\/11\/talking-bot-125x125.png","url":"https:\/\/portaltela.pt\/s.01k8rhncp4jt1\/2025\/11\/talking-bot-125x125.png","contentUrl":"https:\/\/portaltela.pt\/s.01k8rhncp4jt1\/2025\/11\/talking-bot-125x125.png","caption":"Telinha"},"sameAs":["https:\/\/portaltela.pt\/"],"url":"https:\/\/portaltela.pt\/por\/367410592786\/"}]}},"_links":{"self":[{"href":"https:\/\/portaltela.pt\/api\/wp\/v2\/posts\/70131","targetHints":{"allow":["GET"]}}],"collection":[{"href":"https:\/\/portaltela.pt\/api\/wp\/v2\/posts"}],"about":[{"href":"https:\/\/portaltela.pt\/api\/wp\/v2\/types\/post"}],"author":[{"embeddable":true,"href":"https:\/\/portaltela.pt\/api\/wp\/v2\/users\/2"}],"replies":[{"embeddable":true,"href":"https:\/\/portaltela.pt\/api\/wp\/v2\/comments?post=70131"}],"version-history":[{"count":0,"href":"https:\/\/portaltela.pt\/api\/wp\/v2\/posts\/70131\/revisions"}],"wp:featuredmedia":[{"embeddable":true,"href":"https:\/\/portaltela.pt\/api\/wp\/v2\/media\/70136"}],"wp:attachment":[{"href":"https:\/\/portaltela.pt\/api\/wp\/v2\/media?parent=70131"}],"wp:term":[{"taxonomy":"category","embeddable":true,"href":"https:\/\/portaltela.pt\/api\/wp\/v2\/categories?post=70131"},{"taxonomy":"post_tag","embeddable":true,"href":"https:\/\/portaltela.pt\/api\/wp\/v2\/tags?post=70131"}],"curies":[{"name":"wp","href":"https:\/\/api.w.org\/{rel}","templated":true}]}}