{"id":69819,"date":"2025-12-12T10:06:00","date_gmt":"2025-12-12T13:06:00","guid":{"rendered":"https:\/\/portaltela.pt\/noticias\/2025\/12\/12\/influencers-vao-a-julgamento-nos-proximos-dias\/"},"modified":"2025-12-12T10:06:00","modified_gmt":"2025-12-12T13:06:00","slug":"influencers-vao-a-julgamento-nos-proximos-dias","status":"publish","type":"post","link":"https:\/\/portaltela.pt\/noticias\/2025\/12\/12\/influencers-vao-a-julgamento-nos-proximos-dias\/","title":{"rendered":"Influencers v\u00e3o a julgamento nos pr\u00f3ximos dias"},"content":{"rendered":"<p>Em Loures, uma investiga\u00e7\u00e3o sobre um caso ocorrido em fevereiro de 2025 aponta para a viola\u00e7\u00e3o em grupo de uma adolescente de 16 anos por parte de quatro jovens influenciadores do TikTok. O crime ter\u00e1 sido filmado e as imagens foram partilhadas nas redes sociais, gerando grande repercuss\u00e3o. A v\u00edtima recebeu assist\u00eancia m\u00e9dica no hospital Beatriz \u00c2ngelo.<\/p>\n<p>Entre mar\u00e7o e junho de 2025, tr\u00eas suspeitos, com idades entre 17 e 19 anos, foram detidos. Em junho foi detido o quarto elemento do grupo. A investiga\u00e7\u00e3o, que correu sob a al\u00e7ada do Departamento de Investiga\u00e7\u00e3o Penal de Loures, envolve 51 crimes, incluindo viola\u00e7\u00e3o, sequestro e pornografia de menores.<\/p>\n<p>O v\u00eddeo da alegada viola\u00e7\u00e3o teve mais de 32 mil visualiza\u00e7\u00f5es nas redes sociais, sem que autoridades tenham sido avisadas de imediato. De acordo com a PJ, o crime ter\u00e1 ocorrido junto \u00e0 casa da v\u00edtima, durante um encontro combinado com um rapaz conhecido de 16 anos, que \u00e9 um dos suspeitos.<\/p>\n<p>O Minist\u00e9rio P\u00fablico deduziu acusa\u00e7\u00e3o contra os quatro arguidos. O processo dever\u00e1 ir a julgamento em breve, conforme confirma\u00e7\u00e3o da Procuradoria-Geral da Rep\u00fablica ao Observador. A investiga\u00e7\u00e3o j\u00e1 estaria conclu\u00edda e a acusa\u00e7\u00e3o apresentada pelo MP, estando o caso pronto para o ju\u00edzo.<\/p>\n<p>Um dos jovens chegou a partilhar v\u00eddeos com declara\u00e7\u00f5es sobre o caso, depois, por momentos, ter desmentido informa\u00e7\u00f5es divulgadas pela Pol\u00edcia Judici\u00e1ria. O inqu\u00e9rito foi desafiado pela imprensa durante o processo, mas a PGR confirmou a sua decis\u00e3o de levar o caso a breve trecho.<\/p>\n","protected":false},"excerpt":{"rendered":"<ul>\n<li>Quatro jovens influencers do Tik Tok, suspeitos de ter violado em grupo uma rapariga de 16 anos em Loures, em fevereiro de 2025, e de partilhar o v\u00eddeo nas redes sociais, dever\u00e3o ser julgados em breve.<\/li>\n<li>O inqu\u00e9rito, conduzido pelo Departamento de Investiga\u00e7\u00e3o e Penal de Loures (DIAP), integrou um total de cinquenta e um crimes, incluindo viola\u00e7\u00e3o, sequestro e pornografia de menores.<\/li>\n<li>A v\u00edtima recebeu assist\u00eancia no Hospital Beatriz \u00c2ngelo, tendo as declara\u00e7\u00f5es sido ouvidas pelas autoridades e posteriormente usadas no processo.<\/li>\n<li>Inicialmente, tr\u00eas arguidos foram detidos entre mar\u00e7o e junho de 2025, com um quarto elemento detido em junho; a deten\u00e7\u00e3o ocorreu no \u00e2mbito de investiga\u00e7\u00f5es da Pol\u00edcia Judici\u00e1ria (PJ).<\/li>\n<li>O Minist\u00e9rio P\u00fablico deduziu acusa\u00e7\u00e3o contra os quatro suspeitos, e a Procuradoria-Geral da Rep\u00fablica informou que o caso ser\u00e1 remetido a breve trecho para julgamento, com a investiga\u00e7\u00e3o j\u00e1 conclu\u00edda.<\/li>\n<\/ul>\n","protected":false},"author":2,"featured_media":69822,"comment_status":"closed","ping_status":"closed","sticky":false,"template":"","format":"standard","meta":{"footnotes":""},"categories":[1],"tags":[217,1091,700,88,1170,1103],"class_list":["post-69819","post","type-post","status-publish","format-standard","has-post-thumbnail","hentry","category-noticias","tag-investigacao-criminal","tag-pornografia-de-menores-agravada","tag-producao-e-distribuicao-de-imagens-indecentes","tag-redes-sociais","tag-sequestro","tag-violacao-de-menor-dependente-ou-em-situacao-vulneravel"],"yoast_head":"<!-- This site is optimized with the Yoast SEO plugin v27.2 - https:\/\/yoast.com\/product\/yoast-seo-wordpress\/ -->\n<title>Influencers v\u00e3o a julgamento nos pr\u00f3ximos dias - Portal Tela Portugal<\/title>\n<meta name=\"robots\" content=\"index, follow, max-snippet:-1, max-image-preview:large, max-video-preview:-1\" \/>\n<meta property=\"og:locale\" content=\"pt_PT\" \/>\n<meta property=\"og:type\" content=\"article\" \/>\n<meta property=\"og:title\" content=\"Influencers v\u00e3o a julgamento nos pr\u00f3ximos dias - Portal Tela Portugal\" \/>\n<meta property=\"og:description\" content=\"Quatro jovens influencers do Tik Tok, suspeitos de ter violado em grupo uma rapariga de 16 anos em Loures, em fevereiro de 2025, e de partilhar o v\u00eddeo nas redes sociais, dever\u00e3o ser julgados em breve. O inqu\u00e9rito, conduzido pelo Departamento de Investiga\u00e7\u00e3o e Penal de Loures (DIAP), integrou um total de cinquenta e um crimes, incluindo viola\u00e7\u00e3o, sequestro e pornografia de menores. A v\u00edtima recebeu assist\u00eancia no Hospital Beatriz \u00c2ngelo, tendo as declara\u00e7\u00f5es sido ouvidas pelas autoridades e posteriormente usadas no processo. Inicialmente, tr\u00eas arguidos foram detidos entre mar\u00e7o e junho de 2025, com um quarto elemento detido em junho; a deten\u00e7\u00e3o ocorreu no \u00e2mbito de investiga\u00e7\u00f5es da Pol\u00edcia Judici\u00e1ria (PJ). O Minist\u00e9rio P\u00fablico deduziu acusa\u00e7\u00e3o contra os quatro suspeitos, e a Procuradoria-Geral da Rep\u00fablica informou que o caso ser\u00e1 remetido a breve trecho para julgamento, com a investiga\u00e7\u00e3o j\u00e1 conclu\u00edda.\" \/>\n<meta property=\"og:url\" content=\"https:\/\/portaltela.pt\/noticias\/2025\/12\/12\/influencers-vao-a-julgamento-nos-proximos-dias\/\" \/>\n<meta property=\"og:site_name\" content=\"Portal Tela Portugal\" \/>\n<meta property=\"article:published_time\" content=\"2025-12-12T13:06:00+00:00\" \/>\n<meta name=\"author\" content=\"Telinha\" \/>\n<meta name=\"twitter:card\" content=\"summary_large_image\" \/>\n<meta name=\"twitter:label1\" content=\"Escrito por\" \/>\n\t<meta name=\"twitter:data1\" content=\"Telinha\" \/>\n\t<meta name=\"twitter:label2\" content=\"Tempo estimado de leitura\" \/>\n\t<meta name=\"twitter:data2\" content=\"1 minuto\" \/>\n<script type=\"application\/ld+json\" class=\"yoast-schema-graph\">{\"@context\":\"https:\/\/schema.org\",\"@graph\":[{\"@type\":\"Article\",\"@id\":\"https:\/\/portaltela.pt\/noticias\/2025\/12\/12\/influencers-vao-a-julgamento-nos-proximos-dias\/#article\",\"isPartOf\":{\"@id\":\"https:\/\/portaltela.pt\/noticias\/2025\/12\/12\/influencers-vao-a-julgamento-nos-proximos-dias\/\"},\"author\":{\"name\":\"Telinha\",\"@id\":\"https:\/\/portaltela.pt\/#\/schema\/person\/c4278d4a6028830caff9ee44b42d32ed\"},\"headline\":\"Influencers v\u00e3o a julgamento nos pr\u00f3ximos dias\",\"datePublished\":\"2025-12-12T13:06:00+00:00\",\"mainEntityOfPage\":{\"@id\":\"https:\/\/portaltela.pt\/noticias\/2025\/12\/12\/influencers-vao-a-julgamento-nos-proximos-dias\/\"},\"wordCount\":278,\"image\":{\"@id\":\"https:\/\/portaltela.pt\/noticias\/2025\/12\/12\/influencers-vao-a-julgamento-nos-proximos-dias\/#primaryimage\"},\"thumbnailUrl\":\"https:\/\/portaltela.pt\/s.01k8rhncp4jt1\/2025\/12\/doc202504054472209020250405filipeamorim0901-scaled-1.jpg\",\"keywords\":[\"investiga\u00e7\u00e3o criminal\",\"pornografia de menores agravada\",\"produ\u00e7\u00e3o e distribui\u00e7\u00e3o de imagens indecentes\",\"redes sociais\",\"sequestro\",\"viola\u00e7\u00e3o de menor dependente ou em situa\u00e7\u00e3o vulner\u00e1vel\"],\"articleSection\":[\"Not\u00edcias\"],\"inLanguage\":\"pt-PT\"},{\"@type\":\"WebPage\",\"@id\":\"https:\/\/portaltela.pt\/noticias\/2025\/12\/12\/influencers-vao-a-julgamento-nos-proximos-dias\/\",\"url\":\"https:\/\/portaltela.pt\/noticias\/2025\/12\/12\/influencers-vao-a-julgamento-nos-proximos-dias\/\",\"name\":\"Influencers v\u00e3o a julgamento nos pr\u00f3ximos dias - Portal Tela Portugal\",\"isPartOf\":{\"@id\":\"https:\/\/portaltela.pt\/#website\"},\"primaryImageOfPage\":{\"@id\":\"https:\/\/portaltela.pt\/noticias\/2025\/12\/12\/influencers-vao-a-julgamento-nos-proximos-dias\/#primaryimage\"},\"image\":{\"@id\":\"https:\/\/portaltela.pt\/noticias\/2025\/12\/12\/influencers-vao-a-julgamento-nos-proximos-dias\/#primaryimage\"},\"thumbnailUrl\":\"https:\/\/portaltela.pt\/s.01k8rhncp4jt1\/2025\/12\/doc202504054472209020250405filipeamorim0901-scaled-1.jpg\",\"datePublished\":\"2025-12-12T13:06:00+00:00\",\"author\":{\"@id\":\"https:\/\/portaltela.pt\/#\/schema\/person\/c4278d4a6028830caff9ee44b42d32ed\"},\"breadcrumb\":{\"@id\":\"https:\/\/portaltela.pt\/noticias\/2025\/12\/12\/influencers-vao-a-julgamento-nos-proximos-dias\/#breadcrumb\"},\"inLanguage\":\"pt-PT\",\"potentialAction\":[{\"@type\":\"ReadAction\",\"target\":[\"https:\/\/portaltela.pt\/noticias\/2025\/12\/12\/influencers-vao-a-julgamento-nos-proximos-dias\/\"]}]},{\"@type\":\"ImageObject\",\"inLanguage\":\"pt-PT\",\"@id\":\"https:\/\/portaltela.pt\/noticias\/2025\/12\/12\/influencers-vao-a-julgamento-nos-proximos-dias\/#primaryimage\",\"url\":\"https:\/\/portaltela.pt\/s.01k8rhncp4jt1\/2025\/12\/doc202504054472209020250405filipeamorim0901-scaled-1.jpg\",\"contentUrl\":\"https:\/\/portaltela.pt\/s.01k8rhncp4jt1\/2025\/12\/doc202504054472209020250405filipeamorim0901-scaled-1.jpg\",\"width\":796,\"height\":448,\"caption\":\"Observador\"},{\"@type\":\"BreadcrumbList\",\"@id\":\"https:\/\/portaltela.pt\/noticias\/2025\/12\/12\/influencers-vao-a-julgamento-nos-proximos-dias\/#breadcrumb\",\"itemListElement\":[{\"@type\":\"ListItem\",\"position\":1,\"name\":\"In\u00edcio\",\"item\":\"https:\/\/portaltela.pt\/\"},{\"@type\":\"ListItem\",\"position\":2,\"name\":\"Influencers v\u00e3o a julgamento nos pr\u00f3ximos dias\"}]},{\"@type\":\"WebSite\",\"@id\":\"https:\/\/portaltela.pt\/#website\",\"url\":\"https:\/\/portaltela.pt\/\",\"name\":\"Portal Tela Portugal\",\"description\":\"\",\"potentialAction\":[{\"@type\":\"SearchAction\",\"target\":{\"@type\":\"EntryPoint\",\"urlTemplate\":\"https:\/\/portaltela.pt\/?s={search_term_string}\"},\"query-input\":{\"@type\":\"PropertyValueSpecification\",\"valueRequired\":true,\"valueName\":\"search_term_string\"}}],\"inLanguage\":\"pt-PT\"},{\"@type\":\"Person\",\"@id\":\"https:\/\/portaltela.pt\/#\/schema\/person\/c4278d4a6028830caff9ee44b42d32ed\",\"name\":\"Telinha\",\"image\":{\"@type\":\"ImageObject\",\"inLanguage\":\"pt-PT\",\"@id\":\"https:\/\/portaltela.pt\/s.01k8rhncp4jt1\/2025\/11\/talking-bot-125x125.png\",\"url\":\"https:\/\/portaltela.pt\/s.01k8rhncp4jt1\/2025\/11\/talking-bot-125x125.png\",\"contentUrl\":\"https:\/\/portaltela.pt\/s.01k8rhncp4jt1\/2025\/11\/talking-bot-125x125.png\",\"caption\":\"Telinha\"},\"sameAs\":[\"https:\/\/portaltela.pt\/\"],\"url\":\"https:\/\/portaltela.pt\/por\/367410592786\/\"}]}<\/script>\n<!-- \/ Yoast SEO plugin. -->","yoast_head_json":{"title":"Influencers v\u00e3o a julgamento nos pr\u00f3ximos dias - Portal Tela Portugal","robots":{"index":"index","follow":"follow","max-snippet":"max-snippet:-1","max-image-preview":"max-image-preview:large","max-video-preview":"max-video-preview:-1"},"og_locale":"pt_PT","og_type":"article","og_title":"Influencers v\u00e3o a julgamento nos pr\u00f3ximos dias - Portal Tela Portugal","og_description":"Quatro jovens influencers do Tik Tok, suspeitos de ter violado em grupo uma rapariga de 16 anos em Loures, em fevereiro de 2025, e de partilhar o v\u00eddeo nas redes sociais, dever\u00e3o ser julgados em breve. O inqu\u00e9rito, conduzido pelo Departamento de Investiga\u00e7\u00e3o e Penal de Loures (DIAP), integrou um total de cinquenta e um crimes, incluindo viola\u00e7\u00e3o, sequestro e pornografia de menores. A v\u00edtima recebeu assist\u00eancia no Hospital Beatriz \u00c2ngelo, tendo as declara\u00e7\u00f5es sido ouvidas pelas autoridades e posteriormente usadas no processo. Inicialmente, tr\u00eas arguidos foram detidos entre mar\u00e7o e junho de 2025, com um quarto elemento detido em junho; a deten\u00e7\u00e3o ocorreu no \u00e2mbito de investiga\u00e7\u00f5es da Pol\u00edcia Judici\u00e1ria (PJ). O Minist\u00e9rio P\u00fablico deduziu acusa\u00e7\u00e3o contra os quatro suspeitos, e a Procuradoria-Geral da Rep\u00fablica informou que o caso ser\u00e1 remetido a breve trecho para julgamento, com a investiga\u00e7\u00e3o j\u00e1 conclu\u00edda.","og_url":"https:\/\/portaltela.pt\/noticias\/2025\/12\/12\/influencers-vao-a-julgamento-nos-proximos-dias\/","og_site_name":"Portal Tela Portugal","article_published_time":"2025-12-12T13:06:00+00:00","author":"Telinha","twitter_card":"summary_large_image","twitter_misc":{"Escrito por":"Telinha","Tempo estimado de leitura":"1 minuto"},"schema":{"@context":"https:\/\/schema.org","@graph":[{"@type":"Article","@id":"https:\/\/portaltela.pt\/noticias\/2025\/12\/12\/influencers-vao-a-julgamento-nos-proximos-dias\/#article","isPartOf":{"@id":"https:\/\/portaltela.pt\/noticias\/2025\/12\/12\/influencers-vao-a-julgamento-nos-proximos-dias\/"},"author":{"name":"Telinha","@id":"https:\/\/portaltela.pt\/#\/schema\/person\/c4278d4a6028830caff9ee44b42d32ed"},"headline":"Influencers v\u00e3o a julgamento nos pr\u00f3ximos dias","datePublished":"2025-12-12T13:06:00+00:00","mainEntityOfPage":{"@id":"https:\/\/portaltela.pt\/noticias\/2025\/12\/12\/influencers-vao-a-julgamento-nos-proximos-dias\/"},"wordCount":278,"image":{"@id":"https:\/\/portaltela.pt\/noticias\/2025\/12\/12\/influencers-vao-a-julgamento-nos-proximos-dias\/#primaryimage"},"thumbnailUrl":"https:\/\/portaltela.pt\/s.01k8rhncp4jt1\/2025\/12\/doc202504054472209020250405filipeamorim0901-scaled-1.jpg","keywords":["investiga\u00e7\u00e3o criminal","pornografia de menores agravada","produ\u00e7\u00e3o e distribui\u00e7\u00e3o de imagens indecentes","redes sociais","sequestro","viola\u00e7\u00e3o de menor dependente ou em situa\u00e7\u00e3o vulner\u00e1vel"],"articleSection":["Not\u00edcias"],"inLanguage":"pt-PT"},{"@type":"WebPage","@id":"https:\/\/portaltela.pt\/noticias\/2025\/12\/12\/influencers-vao-a-julgamento-nos-proximos-dias\/","url":"https:\/\/portaltela.pt\/noticias\/2025\/12\/12\/influencers-vao-a-julgamento-nos-proximos-dias\/","name":"Influencers v\u00e3o a julgamento nos pr\u00f3ximos dias - Portal Tela Portugal","isPartOf":{"@id":"https:\/\/portaltela.pt\/#website"},"primaryImageOfPage":{"@id":"https:\/\/portaltela.pt\/noticias\/2025\/12\/12\/influencers-vao-a-julgamento-nos-proximos-dias\/#primaryimage"},"image":{"@id":"https:\/\/portaltela.pt\/noticias\/2025\/12\/12\/influencers-vao-a-julgamento-nos-proximos-dias\/#primaryimage"},"thumbnailUrl":"https:\/\/portaltela.pt\/s.01k8rhncp4jt1\/2025\/12\/doc202504054472209020250405filipeamorim0901-scaled-1.jpg","datePublished":"2025-12-12T13:06:00+00:00","author":{"@id":"https:\/\/portaltela.pt\/#\/schema\/person\/c4278d4a6028830caff9ee44b42d32ed"},"breadcrumb":{"@id":"https:\/\/portaltela.pt\/noticias\/2025\/12\/12\/influencers-vao-a-julgamento-nos-proximos-dias\/#breadcrumb"},"inLanguage":"pt-PT","potentialAction":[{"@type":"ReadAction","target":["https:\/\/portaltela.pt\/noticias\/2025\/12\/12\/influencers-vao-a-julgamento-nos-proximos-dias\/"]}]},{"@type":"ImageObject","inLanguage":"pt-PT","@id":"https:\/\/portaltela.pt\/noticias\/2025\/12\/12\/influencers-vao-a-julgamento-nos-proximos-dias\/#primaryimage","url":"https:\/\/portaltela.pt\/s.01k8rhncp4jt1\/2025\/12\/doc202504054472209020250405filipeamorim0901-scaled-1.jpg","contentUrl":"https:\/\/portaltela.pt\/s.01k8rhncp4jt1\/2025\/12\/doc202504054472209020250405filipeamorim0901-scaled-1.jpg","width":796,"height":448,"caption":"Observador"},{"@type":"BreadcrumbList","@id":"https:\/\/portaltela.pt\/noticias\/2025\/12\/12\/influencers-vao-a-julgamento-nos-proximos-dias\/#breadcrumb","itemListElement":[{"@type":"ListItem","position":1,"name":"In\u00edcio","item":"https:\/\/portaltela.pt\/"},{"@type":"ListItem","position":2,"name":"Influencers v\u00e3o a julgamento nos pr\u00f3ximos dias"}]},{"@type":"WebSite","@id":"https:\/\/portaltela.pt\/#website","url":"https:\/\/portaltela.pt\/","name":"Portal Tela Portugal","description":"","potentialAction":[{"@type":"SearchAction","target":{"@type":"EntryPoint","urlTemplate":"https:\/\/portaltela.pt\/?s={search_term_string}"},"query-input":{"@type":"PropertyValueSpecification","valueRequired":true,"valueName":"search_term_string"}}],"inLanguage":"pt-PT"},{"@type":"Person","@id":"https:\/\/portaltela.pt\/#\/schema\/person\/c4278d4a6028830caff9ee44b42d32ed","name":"Telinha","image":{"@type":"ImageObject","inLanguage":"pt-PT","@id":"https:\/\/portaltela.pt\/s.01k8rhncp4jt1\/2025\/11\/talking-bot-125x125.png","url":"https:\/\/portaltela.pt\/s.01k8rhncp4jt1\/2025\/11\/talking-bot-125x125.png","contentUrl":"https:\/\/portaltela.pt\/s.01k8rhncp4jt1\/2025\/11\/talking-bot-125x125.png","caption":"Telinha"},"sameAs":["https:\/\/portaltela.pt\/"],"url":"https:\/\/portaltela.pt\/por\/367410592786\/"}]}},"_links":{"self":[{"href":"https:\/\/portaltela.pt\/api\/wp\/v2\/posts\/69819","targetHints":{"allow":["GET"]}}],"collection":[{"href":"https:\/\/portaltela.pt\/api\/wp\/v2\/posts"}],"about":[{"href":"https:\/\/portaltela.pt\/api\/wp\/v2\/types\/post"}],"author":[{"embeddable":true,"href":"https:\/\/portaltela.pt\/api\/wp\/v2\/users\/2"}],"replies":[{"embeddable":true,"href":"https:\/\/portaltela.pt\/api\/wp\/v2\/comments?post=69819"}],"version-history":[{"count":0,"href":"https:\/\/portaltela.pt\/api\/wp\/v2\/posts\/69819\/revisions"}],"wp:featuredmedia":[{"embeddable":true,"href":"https:\/\/portaltela.pt\/api\/wp\/v2\/media\/69822"}],"wp:attachment":[{"href":"https:\/\/portaltela.pt\/api\/wp\/v2\/media?parent=69819"}],"wp:term":[{"taxonomy":"category","embeddable":true,"href":"https:\/\/portaltela.pt\/api\/wp\/v2\/categories?post=69819"},{"taxonomy":"post_tag","embeddable":true,"href":"https:\/\/portaltela.pt\/api\/wp\/v2\/tags?post=69819"}],"curies":[{"name":"wp","href":"https:\/\/api.w.org\/{rel}","templated":true}]}}