{"id":69135,"date":"2025-12-11T12:18:00","date_gmt":"2025-12-11T15:18:00","guid":{"rendered":"https:\/\/portaltela.pt\/noticias\/2025\/12\/11\/pavlidis-o-antijogo-em-portugal-e-os-100-milhoes-exigidos-pelo-benfica\/"},"modified":"2025-12-11T12:18:00","modified_gmt":"2025-12-11T15:18:00","slug":"pavlidis-o-antijogo-em-portugal-e-os-100-milhoes-exigidos-pelo-benfica","status":"publish","type":"post","link":"https:\/\/portaltela.pt\/desporto\/futebol\/2025\/12\/11\/pavlidis-o-antijogo-em-portugal-e-os-100-milhoes-exigidos-pelo-benfica\/","title":{"rendered":"Pavlidis, o antijogo em Portugal e os 100 milh\u00f5es exigidos pelo Benfica"},"content":{"rendered":"<p>Vangelis Pavlidis, avan\u00e7ado do Benfica, elogiou Mourinho numa entrevista e comparou a Liga holandesa com a portuguesa, recordando a passagem pelo AZ Alkmaar. A cl\u00e1usula de 100 milh\u00f5es gerou controv\u00e9rsia na altura em que foi mencionada.<\/p>\n<p>O jogador sustentou que a Liga holandesa est\u00e1 entre as mais t\u00e9cnicas, r\u00e1pidas e abertas do panorama europeu. Em Portugal, descreveu o campeonato como mais t\u00e1ctico, com blocos baixos e foco no resultado, ao contr\u00e1rio do estilo holand\u00eas.<\/p>\n<p>Sobre a cl\u00e1usula de rescis\u00e3o, Pavlidis considerou o valor excessivo e disse n\u00e3o entender como surgem tais n\u00fameros. Reiterou que n\u00e3o sabe o que o futuro reserva e que prefere manter o foco no presente.<\/p>\n<h3>Cl\u00e1usula de rescis\u00e3o<\/h3>\n<p>O atleta afirmou que valores assim n\u00e3o refletem o seu momento atual nem a perspetiva de continuidade no Benfica. Enquadrou o tema no \u00e2mbito de rumores frequentes no futebol moderno, sem entrar em pormenores de negocia\u00e7\u00f5es.<\/p>\n<h3>Futuro<\/h3>\n<p>Pavlidis reiterou a prioridade ao Benfica e \u00e0 presente \u00e9poca, sem confirmar nem negar situa\u00e7\u00f5es contratuais futuras. Enfatizou que tem a vantagem de desfrutar o momento e acreditar no que est\u00e1 por vir.<\/p>\n","protected":false},"excerpt":{"rendered":"<ul>\n<li>Pavlidis, avan\u00e7ado do Benfica, elogiou Jos\u00e9 Mourinho e comparou a Liga portuguesa \u00e0 holandesa, onde vestiu recentemente a camisola do AZ Alkmaar.<\/li>\n<li>Garantiu que a Liga holandesa \u00e9 de alto n\u00edvel, com t\u00e9cnica, velocidade e jogo mais aberto, contrastando com a abordagem t\u00e1tica e de bloco baixo da liga portuguesa.<\/li>\n<li>Comentou a cl\u00e1usula de rescis\u00e3o de 100 milh\u00f5es de euros para deixar o clube, dizendo que o valor \u00e9 \u201cexagero\u201d.<\/li>\n<li>Disse que n\u00e3o sabe o que o futuro reserva e que est\u00e1 a viver o momento no Benfica, mantendo-se atento ao destino.<\/li>\n<li>Admitiu que n\u00e3o entende a raz\u00e3o de not\u00edcias sobre transfer\u00eancias mostrarem esse montante.<\/li>\n<\/ul>\n","protected":false},"author":2,"featured_media":69136,"comment_status":"closed","ping_status":"closed","sticky":false,"template":"","format":"standard","meta":{"footnotes":""},"categories":[21,24],"tags":[1231,1125,32,184,457,1014],"class_list":["post-69135","post","type-post","status-publish","format-standard","has-post-thumbnail","hentry","category-desporto","category-futebol","tag-az-alkmaar","tag-contratos","tag-futebol","tag-futebolista","tag-liga-portugal","tag-portugal"],"yoast_head":"<!-- This site is optimized with the Yoast SEO plugin v27.2 - https:\/\/yoast.com\/product\/yoast-seo-wordpress\/ -->\n<title>Pavlidis, o antijogo em Portugal e os 100 milh\u00f5es exigidos pelo Benfica - Portal Tela Portugal<\/title>\n<meta name=\"robots\" content=\"index, follow, max-snippet:-1, max-image-preview:large, max-video-preview:-1\" \/>\n<meta property=\"og:locale\" content=\"pt_PT\" \/>\n<meta property=\"og:type\" content=\"article\" \/>\n<meta property=\"og:title\" content=\"Pavlidis, o antijogo em Portugal e os 100 milh\u00f5es exigidos pelo Benfica - Portal Tela Portugal\" \/>\n<meta property=\"og:description\" content=\"Pavlidis, avan\u00e7ado do Benfica, elogiou Jos\u00e9 Mourinho e comparou a Liga portuguesa \u00e0 holandesa, onde vestiu recentemente a camisola do AZ Alkmaar. Garantiu que a Liga holandesa \u00e9 de alto n\u00edvel, com t\u00e9cnica, velocidade e jogo mais aberto, contrastando com a abordagem t\u00e1tica e de bloco baixo da liga portuguesa. Comentou a cl\u00e1usula de rescis\u00e3o de 100 milh\u00f5es de euros para deixar o clube, dizendo que o valor \u00e9 \u201cexagero\u201d. Disse que n\u00e3o sabe o que o futuro reserva e que est\u00e1 a viver o momento no Benfica, mantendo-se atento ao destino. Admitiu que n\u00e3o entende a raz\u00e3o de not\u00edcias sobre transfer\u00eancias mostrarem esse montante.\" \/>\n<meta property=\"og:url\" content=\"https:\/\/portaltela.pt\/noticias\/2025\/12\/11\/pavlidis-o-antijogo-em-portugal-e-os-100-milhoes-exigidos-pelo-benfica\/\" \/>\n<meta property=\"og:site_name\" content=\"Portal Tela Portugal\" \/>\n<meta property=\"article:published_time\" content=\"2025-12-11T15:18:00+00:00\" \/>\n<meta name=\"author\" content=\"Telinha\" \/>\n<meta name=\"twitter:card\" content=\"summary_large_image\" \/>\n<meta name=\"twitter:label1\" content=\"Escrito por\" \/>\n\t<meta name=\"twitter:data1\" content=\"Telinha\" \/>\n\t<meta name=\"twitter:label2\" content=\"Tempo estimado de leitura\" \/>\n\t<meta name=\"twitter:data2\" content=\"1 minuto\" \/>\n<script type=\"application\/ld+json\" class=\"yoast-schema-graph\">{\"@context\":\"https:\/\/schema.org\",\"@graph\":[{\"@type\":\"Article\",\"@id\":\"https:\/\/portaltela.pt\/noticias\/2025\/12\/11\/pavlidis-o-antijogo-em-portugal-e-os-100-milhoes-exigidos-pelo-benfica\/#article\",\"isPartOf\":{\"@id\":\"https:\/\/portaltela.pt\/noticias\/2025\/12\/11\/pavlidis-o-antijogo-em-portugal-e-os-100-milhoes-exigidos-pelo-benfica\/\"},\"author\":{\"name\":\"Telinha\",\"@id\":\"https:\/\/portaltela.pt\/#\/schema\/person\/c4278d4a6028830caff9ee44b42d32ed\"},\"headline\":\"Pavlidis, o antijogo em Portugal e os 100 milh\u00f5es exigidos pelo Benfica\",\"datePublished\":\"2025-12-11T15:18:00+00:00\",\"mainEntityOfPage\":{\"@id\":\"https:\/\/portaltela.pt\/noticias\/2025\/12\/11\/pavlidis-o-antijogo-em-portugal-e-os-100-milhoes-exigidos-pelo-benfica\/\"},\"wordCount\":211,\"image\":{\"@id\":\"https:\/\/portaltela.pt\/noticias\/2025\/12\/11\/pavlidis-o-antijogo-em-portugal-e-os-100-milhoes-exigidos-pelo-benfica\/#primaryimage\"},\"thumbnailUrl\":\"https:\/\/portaltela.pt\/s.01k8rhncp4jt1\/2025\/12\/img_920x518uu2025-11-24-00-07-53-2404572-im-638995396918185175-2.jpg\",\"keywords\":[\"AZ Alkmaar\",\"contratos\",\"futebol\",\"futebolista\",\"Liga Portugal\",\"Portugal\"],\"articleSection\":[\"Desporto\",\"Futebol\"],\"inLanguage\":\"pt-PT\"},{\"@type\":\"WebPage\",\"@id\":\"https:\/\/portaltela.pt\/noticias\/2025\/12\/11\/pavlidis-o-antijogo-em-portugal-e-os-100-milhoes-exigidos-pelo-benfica\/\",\"url\":\"https:\/\/portaltela.pt\/noticias\/2025\/12\/11\/pavlidis-o-antijogo-em-portugal-e-os-100-milhoes-exigidos-pelo-benfica\/\",\"name\":\"Pavlidis, o antijogo em Portugal e os 100 milh\u00f5es exigidos pelo Benfica - Portal Tela Portugal\",\"isPartOf\":{\"@id\":\"https:\/\/portaltela.pt\/#website\"},\"primaryImageOfPage\":{\"@id\":\"https:\/\/portaltela.pt\/noticias\/2025\/12\/11\/pavlidis-o-antijogo-em-portugal-e-os-100-milhoes-exigidos-pelo-benfica\/#primaryimage\"},\"image\":{\"@id\":\"https:\/\/portaltela.pt\/noticias\/2025\/12\/11\/pavlidis-o-antijogo-em-portugal-e-os-100-milhoes-exigidos-pelo-benfica\/#primaryimage\"},\"thumbnailUrl\":\"https:\/\/portaltela.pt\/s.01k8rhncp4jt1\/2025\/12\/img_920x518uu2025-11-24-00-07-53-2404572-im-638995396918185175-2.jpg\",\"datePublished\":\"2025-12-11T15:18:00+00:00\",\"author\":{\"@id\":\"https:\/\/portaltela.pt\/#\/schema\/person\/c4278d4a6028830caff9ee44b42d32ed\"},\"breadcrumb\":{\"@id\":\"https:\/\/portaltela.pt\/noticias\/2025\/12\/11\/pavlidis-o-antijogo-em-portugal-e-os-100-milhoes-exigidos-pelo-benfica\/#breadcrumb\"},\"inLanguage\":\"pt-PT\",\"potentialAction\":[{\"@type\":\"ReadAction\",\"target\":[\"https:\/\/portaltela.pt\/noticias\/2025\/12\/11\/pavlidis-o-antijogo-em-portugal-e-os-100-milhoes-exigidos-pelo-benfica\/\"]}]},{\"@type\":\"ImageObject\",\"inLanguage\":\"pt-PT\",\"@id\":\"https:\/\/portaltela.pt\/noticias\/2025\/12\/11\/pavlidis-o-antijogo-em-portugal-e-os-100-milhoes-exigidos-pelo-benfica\/#primaryimage\",\"url\":\"https:\/\/portaltela.pt\/s.01k8rhncp4jt1\/2025\/12\/img_920x518uu2025-11-24-00-07-53-2404572-im-638995396918185175-2.jpg\",\"contentUrl\":\"https:\/\/portaltela.pt\/s.01k8rhncp4jt1\/2025\/12\/img_920x518uu2025-11-24-00-07-53-2404572-im-638995396918185175-2.jpg\",\"width\":796,\"height\":448,\"caption\":\"Pavlidis considera que os 100 milh\u00f5es da sua cl\u00e1usula de rescis\u00e3o s\u00e3o \\\"um exagero\\\"\"},{\"@type\":\"BreadcrumbList\",\"@id\":\"https:\/\/portaltela.pt\/noticias\/2025\/12\/11\/pavlidis-o-antijogo-em-portugal-e-os-100-milhoes-exigidos-pelo-benfica\/#breadcrumb\",\"itemListElement\":[{\"@type\":\"ListItem\",\"position\":1,\"name\":\"In\u00edcio\",\"item\":\"https:\/\/portaltela.pt\/\"},{\"@type\":\"ListItem\",\"position\":2,\"name\":\"Pavlidis, o antijogo em Portugal e os 100 milh\u00f5es exigidos pelo Benfica\"}]},{\"@type\":\"WebSite\",\"@id\":\"https:\/\/portaltela.pt\/#website\",\"url\":\"https:\/\/portaltela.pt\/\",\"name\":\"Portal Tela Portugal\",\"description\":\"\",\"potentialAction\":[{\"@type\":\"SearchAction\",\"target\":{\"@type\":\"EntryPoint\",\"urlTemplate\":\"https:\/\/portaltela.pt\/?s={search_term_string}\"},\"query-input\":{\"@type\":\"PropertyValueSpecification\",\"valueRequired\":true,\"valueName\":\"search_term_string\"}}],\"inLanguage\":\"pt-PT\"},{\"@type\":\"Person\",\"@id\":\"https:\/\/portaltela.pt\/#\/schema\/person\/c4278d4a6028830caff9ee44b42d32ed\",\"name\":\"Telinha\",\"image\":{\"@type\":\"ImageObject\",\"inLanguage\":\"pt-PT\",\"@id\":\"https:\/\/portaltela.pt\/s.01k8rhncp4jt1\/2025\/11\/talking-bot-125x125.png\",\"url\":\"https:\/\/portaltela.pt\/s.01k8rhncp4jt1\/2025\/11\/talking-bot-125x125.png\",\"contentUrl\":\"https:\/\/portaltela.pt\/s.01k8rhncp4jt1\/2025\/11\/talking-bot-125x125.png\",\"caption\":\"Telinha\"},\"sameAs\":[\"https:\/\/portaltela.pt\/\"],\"url\":\"https:\/\/portaltela.pt\/por\/367410592786\/\"}]}<\/script>\n<!-- \/ Yoast SEO plugin. -->","yoast_head_json":{"title":"Pavlidis, o antijogo em Portugal e os 100 milh\u00f5es exigidos pelo Benfica - Portal Tela Portugal","robots":{"index":"index","follow":"follow","max-snippet":"max-snippet:-1","max-image-preview":"max-image-preview:large","max-video-preview":"max-video-preview:-1"},"og_locale":"pt_PT","og_type":"article","og_title":"Pavlidis, o antijogo em Portugal e os 100 milh\u00f5es exigidos pelo Benfica - Portal Tela Portugal","og_description":"Pavlidis, avan\u00e7ado do Benfica, elogiou Jos\u00e9 Mourinho e comparou a Liga portuguesa \u00e0 holandesa, onde vestiu recentemente a camisola do AZ Alkmaar. Garantiu que a Liga holandesa \u00e9 de alto n\u00edvel, com t\u00e9cnica, velocidade e jogo mais aberto, contrastando com a abordagem t\u00e1tica e de bloco baixo da liga portuguesa. Comentou a cl\u00e1usula de rescis\u00e3o de 100 milh\u00f5es de euros para deixar o clube, dizendo que o valor \u00e9 \u201cexagero\u201d. Disse que n\u00e3o sabe o que o futuro reserva e que est\u00e1 a viver o momento no Benfica, mantendo-se atento ao destino. Admitiu que n\u00e3o entende a raz\u00e3o de not\u00edcias sobre transfer\u00eancias mostrarem esse montante.","og_url":"https:\/\/portaltela.pt\/noticias\/2025\/12\/11\/pavlidis-o-antijogo-em-portugal-e-os-100-milhoes-exigidos-pelo-benfica\/","og_site_name":"Portal Tela Portugal","article_published_time":"2025-12-11T15:18:00+00:00","author":"Telinha","twitter_card":"summary_large_image","twitter_misc":{"Escrito por":"Telinha","Tempo estimado de leitura":"1 minuto"},"schema":{"@context":"https:\/\/schema.org","@graph":[{"@type":"Article","@id":"https:\/\/portaltela.pt\/noticias\/2025\/12\/11\/pavlidis-o-antijogo-em-portugal-e-os-100-milhoes-exigidos-pelo-benfica\/#article","isPartOf":{"@id":"https:\/\/portaltela.pt\/noticias\/2025\/12\/11\/pavlidis-o-antijogo-em-portugal-e-os-100-milhoes-exigidos-pelo-benfica\/"},"author":{"name":"Telinha","@id":"https:\/\/portaltela.pt\/#\/schema\/person\/c4278d4a6028830caff9ee44b42d32ed"},"headline":"Pavlidis, o antijogo em Portugal e os 100 milh\u00f5es exigidos pelo Benfica","datePublished":"2025-12-11T15:18:00+00:00","mainEntityOfPage":{"@id":"https:\/\/portaltela.pt\/noticias\/2025\/12\/11\/pavlidis-o-antijogo-em-portugal-e-os-100-milhoes-exigidos-pelo-benfica\/"},"wordCount":211,"image":{"@id":"https:\/\/portaltela.pt\/noticias\/2025\/12\/11\/pavlidis-o-antijogo-em-portugal-e-os-100-milhoes-exigidos-pelo-benfica\/#primaryimage"},"thumbnailUrl":"https:\/\/portaltela.pt\/s.01k8rhncp4jt1\/2025\/12\/img_920x518uu2025-11-24-00-07-53-2404572-im-638995396918185175-2.jpg","keywords":["AZ Alkmaar","contratos","futebol","futebolista","Liga Portugal","Portugal"],"articleSection":["Desporto","Futebol"],"inLanguage":"pt-PT"},{"@type":"WebPage","@id":"https:\/\/portaltela.pt\/noticias\/2025\/12\/11\/pavlidis-o-antijogo-em-portugal-e-os-100-milhoes-exigidos-pelo-benfica\/","url":"https:\/\/portaltela.pt\/noticias\/2025\/12\/11\/pavlidis-o-antijogo-em-portugal-e-os-100-milhoes-exigidos-pelo-benfica\/","name":"Pavlidis, o antijogo em Portugal e os 100 milh\u00f5es exigidos pelo Benfica - Portal Tela Portugal","isPartOf":{"@id":"https:\/\/portaltela.pt\/#website"},"primaryImageOfPage":{"@id":"https:\/\/portaltela.pt\/noticias\/2025\/12\/11\/pavlidis-o-antijogo-em-portugal-e-os-100-milhoes-exigidos-pelo-benfica\/#primaryimage"},"image":{"@id":"https:\/\/portaltela.pt\/noticias\/2025\/12\/11\/pavlidis-o-antijogo-em-portugal-e-os-100-milhoes-exigidos-pelo-benfica\/#primaryimage"},"thumbnailUrl":"https:\/\/portaltela.pt\/s.01k8rhncp4jt1\/2025\/12\/img_920x518uu2025-11-24-00-07-53-2404572-im-638995396918185175-2.jpg","datePublished":"2025-12-11T15:18:00+00:00","author":{"@id":"https:\/\/portaltela.pt\/#\/schema\/person\/c4278d4a6028830caff9ee44b42d32ed"},"breadcrumb":{"@id":"https:\/\/portaltela.pt\/noticias\/2025\/12\/11\/pavlidis-o-antijogo-em-portugal-e-os-100-milhoes-exigidos-pelo-benfica\/#breadcrumb"},"inLanguage":"pt-PT","potentialAction":[{"@type":"ReadAction","target":["https:\/\/portaltela.pt\/noticias\/2025\/12\/11\/pavlidis-o-antijogo-em-portugal-e-os-100-milhoes-exigidos-pelo-benfica\/"]}]},{"@type":"ImageObject","inLanguage":"pt-PT","@id":"https:\/\/portaltela.pt\/noticias\/2025\/12\/11\/pavlidis-o-antijogo-em-portugal-e-os-100-milhoes-exigidos-pelo-benfica\/#primaryimage","url":"https:\/\/portaltela.pt\/s.01k8rhncp4jt1\/2025\/12\/img_920x518uu2025-11-24-00-07-53-2404572-im-638995396918185175-2.jpg","contentUrl":"https:\/\/portaltela.pt\/s.01k8rhncp4jt1\/2025\/12\/img_920x518uu2025-11-24-00-07-53-2404572-im-638995396918185175-2.jpg","width":796,"height":448,"caption":"Pavlidis considera que os 100 milh\u00f5es da sua cl\u00e1usula de rescis\u00e3o s\u00e3o \"um exagero\""},{"@type":"BreadcrumbList","@id":"https:\/\/portaltela.pt\/noticias\/2025\/12\/11\/pavlidis-o-antijogo-em-portugal-e-os-100-milhoes-exigidos-pelo-benfica\/#breadcrumb","itemListElement":[{"@type":"ListItem","position":1,"name":"In\u00edcio","item":"https:\/\/portaltela.pt\/"},{"@type":"ListItem","position":2,"name":"Pavlidis, o antijogo em Portugal e os 100 milh\u00f5es exigidos pelo Benfica"}]},{"@type":"WebSite","@id":"https:\/\/portaltela.pt\/#website","url":"https:\/\/portaltela.pt\/","name":"Portal Tela Portugal","description":"","potentialAction":[{"@type":"SearchAction","target":{"@type":"EntryPoint","urlTemplate":"https:\/\/portaltela.pt\/?s={search_term_string}"},"query-input":{"@type":"PropertyValueSpecification","valueRequired":true,"valueName":"search_term_string"}}],"inLanguage":"pt-PT"},{"@type":"Person","@id":"https:\/\/portaltela.pt\/#\/schema\/person\/c4278d4a6028830caff9ee44b42d32ed","name":"Telinha","image":{"@type":"ImageObject","inLanguage":"pt-PT","@id":"https:\/\/portaltela.pt\/s.01k8rhncp4jt1\/2025\/11\/talking-bot-125x125.png","url":"https:\/\/portaltela.pt\/s.01k8rhncp4jt1\/2025\/11\/talking-bot-125x125.png","contentUrl":"https:\/\/portaltela.pt\/s.01k8rhncp4jt1\/2025\/11\/talking-bot-125x125.png","caption":"Telinha"},"sameAs":["https:\/\/portaltela.pt\/"],"url":"https:\/\/portaltela.pt\/por\/367410592786\/"}]}},"_links":{"self":[{"href":"https:\/\/portaltela.pt\/api\/wp\/v2\/posts\/69135","targetHints":{"allow":["GET"]}}],"collection":[{"href":"https:\/\/portaltela.pt\/api\/wp\/v2\/posts"}],"about":[{"href":"https:\/\/portaltela.pt\/api\/wp\/v2\/types\/post"}],"author":[{"embeddable":true,"href":"https:\/\/portaltela.pt\/api\/wp\/v2\/users\/2"}],"replies":[{"embeddable":true,"href":"https:\/\/portaltela.pt\/api\/wp\/v2\/comments?post=69135"}],"version-history":[{"count":0,"href":"https:\/\/portaltela.pt\/api\/wp\/v2\/posts\/69135\/revisions"}],"wp:featuredmedia":[{"embeddable":true,"href":"https:\/\/portaltela.pt\/api\/wp\/v2\/media\/69136"}],"wp:attachment":[{"href":"https:\/\/portaltela.pt\/api\/wp\/v2\/media?parent=69135"}],"wp:term":[{"taxonomy":"category","embeddable":true,"href":"https:\/\/portaltela.pt\/api\/wp\/v2\/categories?post=69135"},{"taxonomy":"post_tag","embeddable":true,"href":"https:\/\/portaltela.pt\/api\/wp\/v2\/tags?post=69135"}],"curies":[{"name":"wp","href":"https:\/\/api.w.org\/{rel}","templated":true}]}}